{"id":8052,"date":"2024-12-06T17:00:31","date_gmt":"2024-12-06T16:00:31","guid":{"rendered":"https:\/\/medytec.eu\/?p=8052"},"modified":"2024-12-06T17:22:18","modified_gmt":"2024-12-06T16:22:18","slug":"voyage-presse-100-sante","status":"publish","type":"post","link":"https:\/\/medytec.eu\/fr\/2024\/12\/06\/voyage-presse-100-sante\/","title":{"rendered":"Voyage presse 100% Sant\u00e9"},"content":{"rendered":"\t\t<div data-elementor-type=\"wp-post\" data-elementor-id=\"8052\" class=\"elementor elementor-8052\" data-elementor-post-type=\"post\">\n\t\t\t\t\t\t<section class=\"elementor-section elementor-top-section elementor-element elementor-element-94b5a9c elementor-section-boxed elementor-section-height-default elementor-section-height-default\" data-id=\"94b5a9c\" data-element_type=\"section\" data-e-type=\"section\">\n\t\t\t\t\t\t<div class=\"elementor-container elementor-column-gap-default\">\n\t\t\t\t\t<div class=\"elementor-column elementor-col-50 elementor-top-column elementor-element elementor-element-30c3d8c\" data-id=\"30c3d8c\" data-element_type=\"column\" data-e-type=\"column\">\n\t\t\t<div class=\"elementor-widget-wrap elementor-element-populated\">\n\t\t\t\t\t\t<div class=\"elementor-element elementor-element-b8adde5 elementor-widget elementor-widget-image\" data-id=\"b8adde5\" data-element_type=\"widget\" data-e-type=\"widget\" data-widget_type=\"image.default\">\n\t\t\t\t<div class=\"elementor-widget-container\">\n\t\t\t\t\t\t\t\t\t\t\t\t\t\t\t<img decoding=\"async\" width=\"300\" height=\"117\" src=\"https:\/\/medytec.eu\/wp-content\/uploads\/2024\/12\/logo.png\" class=\"attachment-large size-large wp-image-8075\" alt=\"\" srcset=\"https:\/\/medytec.eu\/wp-content\/uploads\/2024\/12\/logo.png 300w, https:\/\/medytec.eu\/wp-content\/uploads\/2024\/12\/logo-18x7.png 18w\" sizes=\"(max-width: 300px) 100vw, 300px\" \/>\t\t\t\t\t\t\t\t\t\t\t\t\t\t\t<\/div>\n\t\t\t\t<\/div>\n\t\t\t\t\t<\/div>\n\t\t<\/div>\n\t\t\t\t<div class=\"elementor-column elementor-col-50 elementor-top-column elementor-element elementor-element-babd723\" data-id=\"babd723\" data-element_type=\"column\" data-e-type=\"column\">\n\t\t\t<div class=\"elementor-widget-wrap elementor-element-populated\">\n\t\t\t\t\t\t<div class=\"elementor-element elementor-element-dcf440a elementor-widget elementor-widget-text-editor\" data-id=\"dcf440a\" data-element_type=\"widget\" data-e-type=\"widget\" data-widget_type=\"text-editor.default\">\n\t\t\t\t<div class=\"elementor-widget-container\">\n\t\t\t\t\t\t\t\t\t<p>Dans le cadre de sa mission de promotion de l\u2019attractivit\u00e9 et du rayonnement du territoire Grenoble Alpes, l\u2019Agence Grenoble Alpes a organis\u00e9 une visite de l\u2019\u00e9cosyst\u00e8me sant\u00e9 grenoblois les 18, 19 et 20 novembre derniers. Ce programme exclusif a permis de d\u00e9couvrir les infrastructures de pointe qui font de ce e r\u00e9gion l\u2019un des territoires les plus dynamiques pour l\u2019innova on en ma \u00e8re de sant\u00e9 en France, avec des rencontres inspirantes aupr\u00e8s des acteurs publics et priv\u00e9s qui r\u00e9volutionnent la m\u00e9decine de demain.<\/p>\n<p>\u00a0<\/p>\t\t\t\t\t\t\t\t<\/div>\n\t\t\t\t<\/div>\n\t\t\t\t\t<\/div>\n\t\t<\/div>\n\t\t\t\t\t<\/div>\n\t\t<\/section>\n\t\t\t\t<section class=\"elementor-section elementor-top-section elementor-element elementor-element-92e9f2a elementor-section-boxed elementor-section-height-default elementor-section-height-default\" data-id=\"92e9f2a\" data-element_type=\"section\" data-e-type=\"section\">\n\t\t\t\t\t\t<div class=\"elementor-container elementor-column-gap-default\">\n\t\t\t\t\t<div class=\"elementor-column elementor-col-100 elementor-top-column elementor-element elementor-element-5cf3855\" data-id=\"5cf3855\" data-element_type=\"column\" data-e-type=\"column\">\n\t\t\t<div class=\"elementor-widget-wrap elementor-element-populated\">\n\t\t\t\t\t\t<div class=\"elementor-element elementor-element-0ed83b6 elementor-widget elementor-widget-heading\" data-id=\"0ed83b6\" data-element_type=\"widget\" data-e-type=\"widget\" data-widget_type=\"heading.default\">\n\t\t\t\t<div class=\"elementor-widget-container\">\n\t\t\t\t\t<h3 class=\"elementor-heading-title elementor-size-default\">Voyage Presse Sant\u00e9 : Immersion garantie au c\u0153ur de la fili\u00e8re sant\u00e9 du territoire !<\/h3>\t\t\t\t<\/div>\n\t\t\t\t<\/div>\n\t\t\t\t\t<\/div>\n\t\t<\/div>\n\t\t\t\t\t<\/div>\n\t\t<\/section>\n\t\t\t\t<section class=\"elementor-section elementor-top-section elementor-element elementor-element-5cc909e5 elementor-section-boxed elementor-section-height-default elementor-section-height-default\" data-id=\"5cc909e5\" data-element_type=\"section\" data-e-type=\"section\">\n\t\t\t\t\t\t<div class=\"elementor-container elementor-column-gap-default\">\n\t\t\t\t\t<div class=\"elementor-column elementor-col-100 elementor-top-column elementor-element elementor-element-2f558fc8\" data-id=\"2f558fc8\" data-element_type=\"column\" data-e-type=\"column\">\n\t\t\t<div class=\"elementor-widget-wrap elementor-element-populated\">\n\t\t\t\t\t\t<div class=\"elementor-element elementor-element-1f8f9f0c elementor-widget elementor-widget-text-editor\" data-id=\"1f8f9f0c\" data-element_type=\"widget\" data-e-type=\"widget\" data-widget_type=\"text-editor.default\">\n\t\t\t\t<div class=\"elementor-widget-container\">\n\t\t\t\t\t\t\t\t\t<h4>Du 18 au 20 novembre, 12 journalistes (nationaux et locaux) ont \u00e9t\u00e9 accueilli pour une immersion unique au c\u0153ur de l\u2019\u00e9cosyst\u00e8me sant\u00e9 de Grenoble Alpes. Trois jours intenses et passionnants \u00e0 la rencontre de celles et ceux qui fa\u00e7onnent la m\u00e9decine de demain.<\/h4><p>Objectifs du voyage presse :<\/p><ul><li>Montrer l\u2019excellence et les sp\u00e9cificit\u00e9s de la fili\u00e8re sant\u00e9 de Grenoble Alpes<\/li><li>Offrir un acc\u00e8s exclusif et privil\u00e9gi\u00e9 \u00e0 des sites d&rsquo;exception tels que l&rsquo;<a class=\"ZFQTSknODTIeQzLgnMgVRnPmEzzMcuj \" href=\"https:\/\/www.linkedin.com\/company\/esrf---european-radiation-synchrotron-facility\/\" target=\"_self\" data-test-app-aware-link=\"\">ESRF &#8211; The European Synchrotron<\/a> , <a class=\"ZFQTSknODTIeQzLgnMgVRnPmEzzMcuj \" href=\"https:\/\/www.linkedin.com\/company\/cea\/\" target=\"_self\" data-test-app-aware-link=\"\">CEA<\/a>, Clinatec, <a class=\"ZFQTSknODTIeQzLgnMgVRnPmEzzMcuj \" href=\"https:\/\/www.linkedin.com\/company\/medytecgrenoble\/\" target=\"_self\" data-test-app-aware-link=\"\">Medytec<\/a> et des entreprises phares telles que <a class=\"ZFQTSknODTIeQzLgnMgVRnPmEzzMcuj \" href=\"https:\/\/www.linkedin.com\/company\/stryker\/\" target=\"_self\" data-test-app-aware-link=\"\">Stryker<\/a>, <a class=\"ZFQTSknODTIeQzLgnMgVRnPmEzzMcuj \" href=\"https:\/\/www.linkedin.com\/company\/koelis\/\" target=\"_self\" data-test-app-aware-link=\"\">KOELIS<\/a> , <a class=\"ZFQTSknODTIeQzLgnMgVRnPmEzzMcuj \" href=\"https:\/\/www.linkedin.com\/company\/blue-ortho\/\" target=\"_self\" data-test-app-aware-link=\"\">Blue Ortho<\/a> et <a class=\"ZFQTSknODTIeQzLgnMgVRnPmEzzMcuj \" href=\"https:\/\/www.linkedin.com\/company\/bd1\/\" target=\"_self\" data-test-app-aware-link=\"\">BD<\/a><\/li><li>Faciliter les \u00e9changes avec 6 typologies d\u2019acteurs, allant des chercheurs aux entrepreneurs, en passant par les investisseurs et les professionnels de sant\u00e9<\/li><\/ul>\t\t\t\t\t\t\t\t<\/div>\n\t\t\t\t<\/div>\n\t\t\t\t<div class=\"elementor-element elementor-element-f28b3dc elementor-widget elementor-widget-heading\" data-id=\"f28b3dc\" data-element_type=\"widget\" data-e-type=\"widget\" data-widget_type=\"heading.default\">\n\t\t\t\t<div class=\"elementor-widget-container\">\n\t\t\t\t\t<h3 class=\"elementor-heading-title elementor-size-default\">Medytec lieu embl\u00e9matique du voyage presse Sant\u00e9<\/h3>\t\t\t\t<\/div>\n\t\t\t\t<\/div>\n\t\t\t\t<div class=\"elementor-element elementor-element-d962fd0 elementor-widget elementor-widget-text-editor\" data-id=\"d962fd0\" data-element_type=\"widget\" data-e-type=\"widget\" data-widget_type=\"text-editor.default\">\n\t\t\t\t<div class=\"elementor-widget-container\">\n\t\t\t\t\t\t\t\t\t<h4>Une demi-journ\u00e9e du voyage presse s&rsquo;est d\u00e9roul\u00e9e dans le showroom de Medytec, le lieu totem incontournable pour le rayonnement des innovations Sant\u00e9 de Grenoble Alpes \u00e0 l\u2019\u00e9chelle locale, nationale et internationale.<\/h4>\t\t\t\t\t\t\t\t<\/div>\n\t\t\t\t<\/div>\n\t\t\t\t<section class=\"elementor-section elementor-inner-section elementor-element elementor-element-14d9664 elementor-section-boxed elementor-section-height-default elementor-section-height-default\" data-id=\"14d9664\" data-element_type=\"section\" data-e-type=\"section\">\n\t\t\t\t\t\t<div class=\"elementor-container elementor-column-gap-default\">\n\t\t\t\t\t<div class=\"elementor-column elementor-col-50 elementor-inner-column elementor-element elementor-element-a2c8e13\" data-id=\"a2c8e13\" data-element_type=\"column\" data-e-type=\"column\">\n\t\t\t<div class=\"elementor-widget-wrap elementor-element-populated\">\n\t\t\t\t\t\t<div class=\"elementor-element elementor-element-d5b690a elementor-widget elementor-widget-image\" data-id=\"d5b690a\" data-element_type=\"widget\" data-e-type=\"widget\" data-widget_type=\"image.default\">\n\t\t\t\t<div class=\"elementor-widget-container\">\n\t\t\t\t\t\t\t\t\t\t\t\t\t\t\t<img fetchpriority=\"high\" decoding=\"async\" width=\"1024\" height=\"769\" src=\"https:\/\/medytec.eu\/wp-content\/uploads\/2024\/12\/Credit-Flavien-Etheve-Agence-Grenoble-Alpes-50-1024x769.jpg\" class=\"attachment-large size-large wp-image-8071\" alt=\"\" srcset=\"https:\/\/medytec.eu\/wp-content\/uploads\/2024\/12\/Credit-Flavien-Etheve-Agence-Grenoble-Alpes-50-1024x769.jpg 1024w, https:\/\/medytec.eu\/wp-content\/uploads\/2024\/12\/Credit-Flavien-Etheve-Agence-Grenoble-Alpes-50-300x225.jpg 300w, https:\/\/medytec.eu\/wp-content\/uploads\/2024\/12\/Credit-Flavien-Etheve-Agence-Grenoble-Alpes-50-768x577.jpg 768w, https:\/\/medytec.eu\/wp-content\/uploads\/2024\/12\/Credit-Flavien-Etheve-Agence-Grenoble-Alpes-50-1536x1153.jpg 1536w, https:\/\/medytec.eu\/wp-content\/uploads\/2024\/12\/Credit-Flavien-Etheve-Agence-Grenoble-Alpes-50-2048x1537.jpg 2048w, https:\/\/medytec.eu\/wp-content\/uploads\/2024\/12\/Credit-Flavien-Etheve-Agence-Grenoble-Alpes-50-16x12.jpg 16w\" sizes=\"(max-width: 1024px) 100vw, 1024px\" \/>\t\t\t\t\t\t\t\t\t\t\t\t\t\t\t<\/div>\n\t\t\t\t<\/div>\n\t\t\t\t\t<\/div>\n\t\t<\/div>\n\t\t\t\t<div class=\"elementor-column elementor-col-50 elementor-inner-column elementor-element elementor-element-ccfb137\" data-id=\"ccfb137\" data-element_type=\"column\" data-e-type=\"column\">\n\t\t\t<div class=\"elementor-widget-wrap elementor-element-populated\">\n\t\t\t\t\t\t<div class=\"elementor-element elementor-element-0b7279b elementor-widget elementor-widget-text-editor\" data-id=\"0b7279b\" data-element_type=\"widget\" data-e-type=\"widget\" data-widget_type=\"text-editor.default\">\n\t\t\t\t<div class=\"elementor-widget-container\">\n\t\t\t\t\t\t\t\t\t<p>Programme des \u00e9changes dans Medytec :<\/p>\n<ul>\n<li>Pr\u00e9sentation des enjeux de la fili\u00e8re sant\u00e9 \u00e0 Grenoble Alpes sur le site de Biopolis<\/li>\n<li>Rencontres avec des acteurs locaux<\/li>\n<li>Visite du showroom MedYtec<\/li>\n<li>Cocktail d\u00e9jeunatoire pour prolonger les \u00e9changes<\/li>\n<\/ul>\t\t\t\t\t\t\t\t<\/div>\n\t\t\t\t<\/div>\n\t\t\t\t\t<\/div>\n\t\t<\/div>\n\t\t\t\t\t<\/div>\n\t\t<\/section>\n\t\t\t\t<div class=\"elementor-element elementor-element-c19eed6 elementor-widget elementor-widget-spacer\" data-id=\"c19eed6\" data-element_type=\"widget\" data-e-type=\"widget\" data-widget_type=\"spacer.default\">\n\t\t\t\t<div class=\"elementor-widget-container\">\n\t\t\t\t\t\t\t<div class=\"elementor-spacer\">\n\t\t\t<div class=\"elementor-spacer-inner\"><\/div>\n\t\t<\/div>\n\t\t\t\t\t\t<\/div>\n\t\t\t\t<\/div>\n\t\t\t\t<div class=\"elementor-element elementor-element-40783a3 elementor-widget elementor-widget-heading\" data-id=\"40783a3\" data-element_type=\"widget\" data-e-type=\"widget\" data-widget_type=\"heading.default\">\n\t\t\t\t<div class=\"elementor-widget-container\">\n\t\t\t\t\t<h3 class=\"elementor-heading-title elementor-size-default\">Une mobilisation exceptionnelle de tout l\u2019\u00e9cosyst\u00e8me sant\u00e9 de Grenoble Alpes<\/h3>\t\t\t\t<\/div>\n\t\t\t\t<\/div>\n\t\t\t\t<div class=\"elementor-element elementor-element-fb4678d elementor-widget elementor-widget-text-editor\" data-id=\"fb4678d\" data-element_type=\"widget\" data-e-type=\"widget\" data-widget_type=\"text-editor.default\">\n\t\t\t\t<div class=\"elementor-widget-container\">\n\t\t\t\t\t\t\t\t\t<p><img decoding=\"async\" draggable=\"false\" role=\"img\" class=\"emoji\" alt=\"\ud83d\udcca\" src=\"https:\/\/s.w.org\/images\/core\/emoji\/15.0.3\/svg\/1f4ca.svg\"> Quelques chiffres cl\u00e9s sur l&rsquo;ensemble du voyage presse :<br><img decoding=\"async\" draggable=\"false\" role=\"img\" class=\"emoji\" alt=\"\u25fe\" src=\"https:\/\/s.w.org\/images\/core\/emoji\/15.0.3\/svg\/25fe.svg\"> 36 structures ayant r\u00e9pondu pr\u00e9sentes<br><img decoding=\"async\" draggable=\"false\" role=\"img\" class=\"emoji\" alt=\"\u25fe\" src=\"https:\/\/s.w.org\/images\/core\/emoji\/15.0.3\/svg\/25fe.svg\"> +60 personnes rencontr\u00e9es, illustrant un \u00e9cosyst\u00e8me vari\u00e9, compl\u00e9mentaire et unique<br><img decoding=\"async\" draggable=\"false\" role=\"img\" class=\"emoji\" alt=\"\u25fe\" src=\"https:\/\/s.w.org\/images\/core\/emoji\/15.0.3\/svg\/25fe.svg\"> 4 sites industriels et 2 centres de recherche publics visit\u00e9s<\/p>\n<p>Ce voyage de presse, soutenu par <a class=\"ZFQTSknODTIeQzLgnMgVRnPmEzzMcuj \" href=\"https:\/\/www.linkedin.com\/company\/medicalps\/\" target=\"_self\" data-test-app-aware-link=\"\">MEDICALPS<\/a>, <a class=\"ZFQTSknODTIeQzLgnMgVRnPmEzzMcuj \" href=\"https:\/\/www.linkedin.com\/company\/grenoble-alpes-metropole\/\" target=\"_self\" data-test-app-aware-link=\"\">Grenoble-Alpes M\u00e9tropole<\/a> et <a class=\"ZFQTSknODTIeQzLgnMgVRnPmEzzMcuj \" href=\"https:\/\/www.linkedin.com\/company\/inovallee\/\" target=\"_self\" data-test-app-aware-link=\"\">inovall\u00e9e, Grenoble Alpes Technopole<\/a>, illustre une mobilisation exceptionnelle de tout l\u2019\u00e9cosyst\u00e8me sant\u00e9 de Grenoble Alpes, qui s\u2019affirme comme un territoire d\u2019innovation et d\u2019excellence internationale.<\/p>\n<p><img decoding=\"async\" draggable=\"false\" role=\"img\" class=\"emoji\" alt=\"\ud83d\ude4f\" src=\"https:\/\/s.w.org\/images\/core\/emoji\/15.0.3\/svg\/1f64f.svg\"> Merci et bravo \u00e0 tous les acteurs qui se sont mobilis\u00e9s pour cet \u00e9v\u00e9nement !<\/p>\t\t\t\t\t\t\t\t<\/div>\n\t\t\t\t<\/div>\n\t\t\t\t<div class=\"elementor-element elementor-element-3f0c879 elementor-testimonial--skin-default elementor-testimonial--layout-image_inline elementor-testimonial--align-center elementor-arrows-yes elementor-pagination-type-bullets elementor-widget elementor-widget-testimonial-carousel\" data-id=\"3f0c879\" data-element_type=\"widget\" data-e-type=\"widget\" data-settings=\"{&quot;space_between&quot;:{&quot;unit&quot;:&quot;px&quot;,&quot;size&quot;:13,&quot;sizes&quot;:[]},&quot;show_arrows&quot;:&quot;yes&quot;,&quot;pagination&quot;:&quot;bullets&quot;,&quot;speed&quot;:500,&quot;autoplay&quot;:&quot;yes&quot;,&quot;autoplay_speed&quot;:5000,&quot;loop&quot;:&quot;yes&quot;,&quot;pause_on_hover&quot;:&quot;yes&quot;,&quot;pause_on_interaction&quot;:&quot;yes&quot;,&quot;space_between_tablet&quot;:{&quot;unit&quot;:&quot;px&quot;,&quot;size&quot;:10,&quot;sizes&quot;:[]},&quot;space_between_mobile&quot;:{&quot;unit&quot;:&quot;px&quot;,&quot;size&quot;:10,&quot;sizes&quot;:[]}}\" data-widget_type=\"testimonial-carousel.default\">\n\t\t\t\t<div class=\"elementor-widget-container\">\n\t\t\t\t\t\t\t\t\t<div class=\"elementor-swiper\">\n\t\t\t\t\t<div class=\"elementor-main-swiper swiper\" role=\"region\" aria-roledescription=\"carousel\" aria-label=\"Diapositives\">\n\t\t\t\t<div class=\"swiper-wrapper\">\n\t\t\t\t\t\t\t\t\t\t\t<div class=\"swiper-slide\" role=\"group\" aria-roledescription=\"slide\">\n\t\t\t\t\t\t\t\t\t<div class=\"elementor-testimonial\">\n\t\t\t\t\t\t\t<div class=\"elementor-testimonial__content\">\n\t\t\t\t\t<div class=\"elementor-testimonial__text\">\n\t\t\t\t\t\t\u00ab Ce fut un moment privil\u00e9gi\u00e9 que d'avoir plusieurs journalistes dont l'attention \u00e9tait totalement concentr\u00e9e sur notre \u00e9cosyst\u00e8me sant\u00e9. Bravo pour la qualit\u00e9 de l'organisation et pour avoir su faire de cet \u00e9v\u00e8nement un succ\u00e8s. [...] Cet investissement renforce le rayonnement de l\u2019arc alpin qui gagne indiscutablement \u00e0 \u00eatre connu. \u00bb\t\t\t\t\t<\/div>\n\t\t\t\t\t\t\t\t\t<\/div>\n\t\t\t\t\t\t<div class=\"elementor-testimonial__footer\">\n\t\t\t\t\t\t\t\t\t<div class=\"elementor-testimonial__image\">\n\t\t\t\t\t\t<img decoding=\"async\" src=\"https:\/\/medytec.eu\/wp-content\/plugins\/elementor\/assets\/images\/placeholder.png\" alt=\"Jacques Husser\">\n\t\t\t\t\t\t\t\t\t\t\t<\/div>\n\t\t\t\t\t\t\t\t<cite class=\"elementor-testimonial__cite\"><span class=\"elementor-testimonial__name\">Jacques Husser<\/span><span class=\"elementor-testimonial__title\">Pr\u00e9sident de Remedee Labs et du cluster MEDICALPS<\/span><\/cite>\t\t\t<\/div>\n\t\t<\/div>\n\t\t\t\t\t\t\t\t<\/div>\n\t\t\t\t\t\t\t\t\t<\/div>\n\t\t\t\t\t\t\t<\/div>\n\t\t\t\t<\/div>\n\t\t\t\t\t\t\t\t<\/div>\n\t\t\t\t<\/div>\n\t\t\t\t<div class=\"elementor-element elementor-element-2dfe8fe elementor-widget elementor-widget-gallery\" data-id=\"2dfe8fe\" data-element_type=\"widget\" data-e-type=\"widget\" data-settings=\"{&quot;columns&quot;:3,&quot;gap&quot;:{&quot;unit&quot;:&quot;px&quot;,&quot;size&quot;:14,&quot;sizes&quot;:[]},&quot;lazyload&quot;:&quot;yes&quot;,&quot;gallery_layout&quot;:&quot;grid&quot;,&quot;columns_tablet&quot;:2,&quot;columns_mobile&quot;:1,&quot;gap_tablet&quot;:{&quot;unit&quot;:&quot;px&quot;,&quot;size&quot;:10,&quot;sizes&quot;:[]},&quot;gap_mobile&quot;:{&quot;unit&quot;:&quot;px&quot;,&quot;size&quot;:10,&quot;sizes&quot;:[]},&quot;link_to&quot;:&quot;file&quot;,&quot;aspect_ratio&quot;:&quot;3:2&quot;,&quot;overlay_background&quot;:&quot;yes&quot;,&quot;content_hover_animation&quot;:&quot;fade-in&quot;}\" data-widget_type=\"gallery.default\">\n\t\t\t\t<div class=\"elementor-widget-container\">\n\t\t\t\t\t\t\t<div class=\"elementor-gallery__container\">\n\t\t\t\t\t\t\t<a class=\"e-gallery-item elementor-gallery-item elementor-animated-content\" href=\"https:\/\/medytec.eu\/wp-content\/uploads\/2024\/12\/DSC00664.jpg?ver=1748960063\" data-elementor-open-lightbox=\"yes\" data-elementor-lightbox-slideshow=\"2dfe8fe\" data-elementor-lightbox-title=\"DSC00664\" data-e-action-hash=\"#elementor-action%3Aaction%3Dlightbox%26settings%3DeyJpZCI6ODA2MywidXJsIjoiaHR0cHM6XC9cL21lZHl0ZWMuZXVcL3dwLWNvbnRlbnRcL3VwbG9hZHNcLzIwMjRcLzEyXC9EU0MwMDY2NC5qcGciLCJzbGlkZXNob3ciOiIyZGZlOGZlIn0%3D\">\n\t\t\t\t\t<div class=\"e-gallery-image elementor-gallery-item__image\" data-thumbnail=\"https:\/\/medytec.eu\/wp-content\/uploads\/2024\/12\/DSC00664-300x200.jpg?ver=1748960063\" data-width=\"300\" data-height=\"200\" aria-label=\"\" role=\"img\" ><\/div>\n\t\t\t\t\t\t\t\t\t\t\t<div class=\"elementor-gallery-item__overlay\"><\/div>\n\t\t\t\t\t\t\t\t\t\t\t\t\t\t<\/a>\n\t\t\t\t\t\t\t<a class=\"e-gallery-item elementor-gallery-item elementor-animated-content\" href=\"https:\/\/medytec.eu\/wp-content\/uploads\/2024\/12\/DSC00656.jpg?ver=1748960086\" data-elementor-open-lightbox=\"yes\" data-elementor-lightbox-slideshow=\"2dfe8fe\" data-elementor-lightbox-title=\"DSC00656\" data-e-action-hash=\"#elementor-action%3Aaction%3Dlightbox%26settings%3DeyJpZCI6ODA2MiwidXJsIjoiaHR0cHM6XC9cL21lZHl0ZWMuZXVcL3dwLWNvbnRlbnRcL3VwbG9hZHNcLzIwMjRcLzEyXC9EU0MwMDY1Ni5qcGciLCJzbGlkZXNob3ciOiIyZGZlOGZlIn0%3D\">\n\t\t\t\t\t<div class=\"e-gallery-image elementor-gallery-item__image\" data-thumbnail=\"https:\/\/medytec.eu\/wp-content\/uploads\/2024\/12\/DSC00656-300x200.jpg?ver=1748960086\" data-width=\"300\" data-height=\"200\" aria-label=\"\" role=\"img\" ><\/div>\n\t\t\t\t\t\t\t\t\t\t\t<div class=\"elementor-gallery-item__overlay\"><\/div>\n\t\t\t\t\t\t\t\t\t\t\t\t\t\t<\/a>\n\t\t\t\t\t\t\t<a class=\"e-gallery-item elementor-gallery-item elementor-animated-content\" href=\"https:\/\/medytec.eu\/wp-content\/uploads\/2024\/12\/DSC00648-2.jpg?ver=1748960081\" data-elementor-open-lightbox=\"yes\" data-elementor-lightbox-slideshow=\"2dfe8fe\" data-elementor-lightbox-title=\"DSC00648-2\" data-e-action-hash=\"#elementor-action%3Aaction%3Dlightbox%26settings%3DeyJpZCI6ODA2MSwidXJsIjoiaHR0cHM6XC9cL21lZHl0ZWMuZXVcL3dwLWNvbnRlbnRcL3VwbG9hZHNcLzIwMjRcLzEyXC9EU0MwMDY0OC0yLmpwZyIsInNsaWRlc2hvdyI6IjJkZmU4ZmUifQ%3D%3D\">\n\t\t\t\t\t<div class=\"e-gallery-image elementor-gallery-item__image\" data-thumbnail=\"https:\/\/medytec.eu\/wp-content\/uploads\/2024\/12\/DSC00648-2-300x200.jpg?ver=1748960081\" data-width=\"300\" data-height=\"200\" aria-label=\"\" role=\"img\" ><\/div>\n\t\t\t\t\t\t\t\t\t\t\t<div class=\"elementor-gallery-item__overlay\"><\/div>\n\t\t\t\t\t\t\t\t\t\t\t\t\t\t<\/a>\n\t\t\t\t\t\t\t<a class=\"e-gallery-item elementor-gallery-item elementor-animated-content\" href=\"https:\/\/medytec.eu\/wp-content\/uploads\/2024\/12\/20241119_095846-2.jpg\" data-elementor-open-lightbox=\"yes\" data-elementor-lightbox-slideshow=\"2dfe8fe\" data-elementor-lightbox-title=\"20241119_095846-2\" data-e-action-hash=\"#elementor-action%3Aaction%3Dlightbox%26settings%3DeyJpZCI6ODA2MCwidXJsIjoiaHR0cHM6XC9cL21lZHl0ZWMuZXVcL3dwLWNvbnRlbnRcL3VwbG9hZHNcLzIwMjRcLzEyXC8yMDI0MTExOV8wOTU4NDYtMi5qcGciLCJzbGlkZXNob3ciOiIyZGZlOGZlIn0%3D\">\n\t\t\t\t\t<div class=\"e-gallery-image elementor-gallery-item__image\" data-thumbnail=\"https:\/\/medytec.eu\/wp-content\/uploads\/2024\/12\/20241119_095846-2-300x225.jpg\" data-width=\"300\" data-height=\"225\" aria-label=\"\" role=\"img\" ><\/div>\n\t\t\t\t\t\t\t\t\t\t\t<div class=\"elementor-gallery-item__overlay\"><\/div>\n\t\t\t\t\t\t\t\t\t\t\t\t\t\t<\/a>\n\t\t\t\t\t\t\t<a class=\"e-gallery-item elementor-gallery-item elementor-animated-content\" href=\"https:\/\/medytec.eu\/wp-content\/uploads\/2024\/12\/DSC00831.jpg?ver=1748960125\" data-elementor-open-lightbox=\"yes\" data-elementor-lightbox-slideshow=\"2dfe8fe\" data-elementor-lightbox-title=\"DSC00831\" data-e-action-hash=\"#elementor-action%3Aaction%3Dlightbox%26settings%3DeyJpZCI6ODA1OSwidXJsIjoiaHR0cHM6XC9cL21lZHl0ZWMuZXVcL3dwLWNvbnRlbnRcL3VwbG9hZHNcLzIwMjRcLzEyXC9EU0MwMDgzMS5qcGciLCJzbGlkZXNob3ciOiIyZGZlOGZlIn0%3D\">\n\t\t\t\t\t<div class=\"e-gallery-image elementor-gallery-item__image\" data-thumbnail=\"https:\/\/medytec.eu\/wp-content\/uploads\/2024\/12\/DSC00831-300x200.jpg?ver=1748960125\" data-width=\"300\" data-height=\"200\" aria-label=\"\" role=\"img\" ><\/div>\n\t\t\t\t\t\t\t\t\t\t\t<div class=\"elementor-gallery-item__overlay\"><\/div>\n\t\t\t\t\t\t\t\t\t\t\t\t\t\t<\/a>\n\t\t\t\t\t<\/div>\n\t\t\t\t\t<\/div>\n\t\t\t\t<\/div>\n\t\t\t\t\t<\/div>\n\t\t<\/div>\n\t\t\t\t\t<\/div>\n\t\t<\/section>\n\t\t\t\t<section class=\"elementor-section elementor-top-section elementor-element elementor-element-8836237 elementor-section-boxed elementor-section-height-default elementor-section-height-default\" data-id=\"8836237\" data-element_type=\"section\" data-e-type=\"section\">\n\t\t\t\t\t\t<div class=\"elementor-container elementor-column-gap-default\">\n\t\t\t\t\t<div class=\"elementor-column elementor-col-100 elementor-top-column elementor-element elementor-element-29ad333\" data-id=\"29ad333\" data-element_type=\"column\" data-e-type=\"column\">\n\t\t\t<div class=\"elementor-widget-wrap elementor-element-populated\">\n\t\t\t\t\t\t<div class=\"elementor-element elementor-element-3184f32 elementor-align-center elementor-widget elementor-widget-button\" data-id=\"3184f32\" data-element_type=\"widget\" data-e-type=\"widget\" data-widget_type=\"button.default\">\n\t\t\t\t<div class=\"elementor-widget-container\">\n\t\t\t\t\t\t\t\t\t<div class=\"elementor-button-wrapper\">\n\t\t\t\t\t<a class=\"elementor-button elementor-button-link elementor-size-sm\" href=\"https:\/\/medytec.eu\/fr\/vos-evenements\/actualites-medytec\/\">\n\t\t\t\t\t\t<span class=\"elementor-button-content-wrapper\">\n\t\t\t\t\t\t\t\t\t<span class=\"elementor-button-text\">Toutes les actualit\u00e9s de Medytec<\/span>\n\t\t\t\t\t<\/span>\n\t\t\t\t\t<\/a>\n\t\t\t\t<\/div>\n\t\t\t\t\t\t\t\t<\/div>\n\t\t\t\t<\/div>\n\t\t\t\t\t<\/div>\n\t\t<\/div>\n\t\t\t\t\t<\/div>\n\t\t<\/section>\n\t\t\t\t<\/div>\n\t\t","protected":false},"excerpt":{"rendered":"<p>Dans le cadre de sa mission de promotion de l\u2019attractivit\u00e9 et du rayonnement du territoire Grenoble Alpes, l\u2019Agence Grenoble Alpes a organis\u00e9 une visite de l\u2019\u00e9cosyst\u00e8me sant\u00e9 grenoblois les 18, 19 et 20 novembre derniers. Ce programme exclusif a permis de d\u00e9couvrir les infrastructures de pointe qui font de ce e r\u00e9gion l\u2019un des territoires [&hellip;]<\/p>\n","protected":false},"author":4,"featured_media":8053,"comment_status":"closed","ping_status":"open","sticky":false,"template":"","format":"standard","meta":{"ocean_post_layout":"","ocean_both_sidebars_style":"","ocean_both_sidebars_content_width":0,"ocean_both_sidebars_sidebars_width":0,"ocean_sidebar":"0","ocean_second_sidebar":"0","ocean_disable_margins":"enable","ocean_add_body_class":"","ocean_shortcode_before_top_bar":"","ocean_shortcode_after_top_bar":"","ocean_shortcode_before_header":"","ocean_shortcode_after_header":"","ocean_has_shortcode":"","ocean_shortcode_after_title":"","ocean_shortcode_before_footer_widgets":"","ocean_shortcode_after_footer_widgets":"","ocean_shortcode_before_footer_bottom":"","ocean_shortcode_after_footer_bottom":"","ocean_display_top_bar":"off","ocean_display_header":"default","ocean_header_style":"","ocean_center_header_left_menu":"0","ocean_custom_header_template":"0","ocean_custom_logo":0,"ocean_custom_retina_logo":0,"ocean_custom_logo_max_width":0,"ocean_custom_logo_tablet_max_width":0,"ocean_custom_logo_mobile_max_width":0,"ocean_custom_logo_max_height":0,"ocean_custom_logo_tablet_max_height":0,"ocean_custom_logo_mobile_max_height":0,"ocean_header_custom_menu":"0","ocean_menu_typo_font_family":"0","ocean_menu_typo_font_subset":"","ocean_menu_typo_font_size":0,"ocean_menu_typo_font_size_tablet":0,"ocean_menu_typo_font_size_mobile":0,"ocean_menu_typo_font_size_unit":"px","ocean_menu_typo_font_weight":"","ocean_menu_typo_font_weight_tablet":"","ocean_menu_typo_font_weight_mobile":"","ocean_menu_typo_transform":"","ocean_menu_typo_transform_tablet":"","ocean_menu_typo_transform_mobile":"","ocean_menu_typo_line_height":0,"ocean_menu_typo_line_height_tablet":0,"ocean_menu_typo_line_height_mobile":0,"ocean_menu_typo_line_height_unit":"","ocean_menu_typo_spacing":0,"ocean_menu_typo_spacing_tablet":0,"ocean_menu_typo_spacing_mobile":0,"ocean_menu_typo_spacing_unit":"","ocean_menu_link_color":"","ocean_menu_link_color_hover":"","ocean_menu_link_color_active":"","ocean_menu_link_background":"","ocean_menu_link_hover_background":"","ocean_menu_link_active_background":"","ocean_menu_social_links_bg":"","ocean_menu_social_hover_links_bg":"","ocean_menu_social_links_color":"","ocean_menu_social_hover_links_color":"","ocean_disable_title":"default","ocean_disable_heading":"default","ocean_post_title":"","ocean_post_subheading":"","ocean_post_title_style":"","ocean_post_title_background_color":"","ocean_post_title_background":0,"ocean_post_title_bg_image_position":"","ocean_post_title_bg_image_attachment":"","ocean_post_title_bg_image_repeat":"","ocean_post_title_bg_image_size":"","ocean_post_title_height":0,"ocean_post_title_bg_overlay":0.5,"ocean_post_title_bg_overlay_color":"","ocean_disable_breadcrumbs":"default","ocean_breadcrumbs_color":"","ocean_breadcrumbs_separator_color":"","ocean_breadcrumbs_links_color":"","ocean_breadcrumbs_links_hover_color":"","ocean_display_footer_widgets":"default","ocean_display_footer_bottom":"default","ocean_custom_footer_template":"0","ocean_post_oembed":"","ocean_post_self_hosted_media":"","ocean_post_video_embed":"","ocean_link_format":"","ocean_link_format_target":"self","ocean_quote_format":"","ocean_quote_format_link":"post","ocean_gallery_link_images":"off","ocean_gallery_id":[],"footnotes":""},"categories":[70],"tags":[],"class_list":["post-8052","post","type-post","status-publish","format-standard","has-post-thumbnail","hentry","category-evenements","entry","has-media"],"yoast_head":"<!-- This site is optimized with the Yoast SEO plugin v27.5 - https:\/\/yoast.com\/product\/yoast-seo-wordpress\/ -->\n<title>Voyage presse 100% Sant\u00e9 - Medytec<\/title>\n<meta name=\"description\" content=\"12 journalistes nationaux et locaux ont \u00e9t\u00e9 re\u00e7us dans le cadre d&#039;un voyage presse 100% sant\u00e9 organis\u00e9 par l&#039;Agence Grenoble Alpes.\" \/>\n<meta name=\"robots\" content=\"index, follow, max-snippet:-1, max-image-preview:large, max-video-preview:-1\" \/>\n<link rel=\"canonical\" href=\"https:\/\/medytec.eu\/fr\/2024\/12\/06\/voyage-presse-100-sante\/\" \/>\n<meta property=\"og:locale\" content=\"fr_FR\" \/>\n<meta property=\"og:type\" content=\"article\" \/>\n<meta property=\"og:title\" content=\"Voyage presse 100% Sant\u00e9 - Medytec\" \/>\n<meta property=\"og:description\" content=\"12 journalistes nationaux et locaux ont \u00e9t\u00e9 re\u00e7us dans le cadre d&#039;un voyage presse 100% sant\u00e9 organis\u00e9 par l&#039;Agence Grenoble Alpes.\" \/>\n<meta property=\"og:url\" content=\"https:\/\/medytec.eu\/fr\/2024\/12\/06\/voyage-presse-100-sante\/\" \/>\n<meta property=\"og:site_name\" content=\"Medytec\" \/>\n<meta property=\"article:published_time\" content=\"2024-12-06T16:00:31+00:00\" \/>\n<meta property=\"article:modified_time\" content=\"2024-12-06T16:22:18+00:00\" \/>\n<meta property=\"og:image\" content=\"https:\/\/medytec.eu\/wp-content\/uploads\/2024\/12\/DSC00764-3-1024x683.jpg\" \/>\n\t<meta property=\"og:image:width\" content=\"1024\" \/>\n\t<meta property=\"og:image:height\" content=\"683\" \/>\n\t<meta property=\"og:image:type\" content=\"image\/jpeg\" \/>\n<meta name=\"author\" content=\"okparfait\" \/>\n<meta name=\"twitter:card\" content=\"summary_large_image\" \/>\n<meta name=\"twitter:description\" content=\"Jeudi 16 juillet, nous avons eu le plaisir de recevoir les membres fondateurs de Medytec pour une visite officielle du lieu.\" \/>\n<meta name=\"twitter:label1\" content=\"\u00c9crit par\" \/>\n\t<meta name=\"twitter:data1\" content=\"okparfait\" \/>\n\t<meta name=\"twitter:label2\" content=\"Dur\u00e9e de lecture estim\u00e9e\" \/>\n\t<meta name=\"twitter:data2\" content=\"4 minutes\" \/>\n<script type=\"application\/ld+json\" class=\"yoast-schema-graph\">{\"@context\":\"https:\\\/\\\/schema.org\",\"@graph\":[{\"@type\":\"Article\",\"@id\":\"https:\\\/\\\/medytec.eu\\\/fr\\\/2024\\\/12\\\/06\\\/voyage-presse-100-sante\\\/#article\",\"isPartOf\":{\"@id\":\"https:\\\/\\\/medytec.eu\\\/fr\\\/2024\\\/12\\\/06\\\/voyage-presse-100-sante\\\/\"},\"author\":{\"name\":\"okparfait\",\"@id\":\"https:\\\/\\\/medytec.eu\\\/#\\\/schema\\\/person\\\/52643406ade6747ec29f0a5ca286f5fe\"},\"headline\":\"Voyage presse 100% Sant\u00e9\",\"datePublished\":\"2024-12-06T16:00:31+00:00\",\"dateModified\":\"2024-12-06T16:22:18+00:00\",\"mainEntityOfPage\":{\"@id\":\"https:\\\/\\\/medytec.eu\\\/fr\\\/2024\\\/12\\\/06\\\/voyage-presse-100-sante\\\/\"},\"wordCount\":489,\"publisher\":{\"@id\":\"https:\\\/\\\/medytec.eu\\\/#organization\"},\"image\":{\"@id\":\"https:\\\/\\\/medytec.eu\\\/fr\\\/2024\\\/12\\\/06\\\/voyage-presse-100-sante\\\/#primaryimage\"},\"thumbnailUrl\":\"https:\\\/\\\/medytec.eu\\\/wp-content\\\/uploads\\\/2024\\\/12\\\/DSC00764-3.jpg?ver=1748960161\",\"articleSection\":[\"\u00c9v\u00e8nements\"],\"inLanguage\":\"fr-FR\"},{\"@type\":\"WebPage\",\"@id\":\"https:\\\/\\\/medytec.eu\\\/fr\\\/2024\\\/12\\\/06\\\/voyage-presse-100-sante\\\/\",\"url\":\"https:\\\/\\\/medytec.eu\\\/fr\\\/2024\\\/12\\\/06\\\/voyage-presse-100-sante\\\/\",\"name\":\"Voyage presse 100% Sant\u00e9 - Medytec\",\"isPartOf\":{\"@id\":\"https:\\\/\\\/medytec.eu\\\/#website\"},\"primaryImageOfPage\":{\"@id\":\"https:\\\/\\\/medytec.eu\\\/fr\\\/2024\\\/12\\\/06\\\/voyage-presse-100-sante\\\/#primaryimage\"},\"image\":{\"@id\":\"https:\\\/\\\/medytec.eu\\\/fr\\\/2024\\\/12\\\/06\\\/voyage-presse-100-sante\\\/#primaryimage\"},\"thumbnailUrl\":\"https:\\\/\\\/medytec.eu\\\/wp-content\\\/uploads\\\/2024\\\/12\\\/DSC00764-3.jpg?ver=1748960161\",\"datePublished\":\"2024-12-06T16:00:31+00:00\",\"dateModified\":\"2024-12-06T16:22:18+00:00\",\"description\":\"12 journalistes nationaux et locaux ont \u00e9t\u00e9 re\u00e7us dans le cadre d'un voyage presse 100% sant\u00e9 organis\u00e9 par l'Agence Grenoble Alpes.\",\"breadcrumb\":{\"@id\":\"https:\\\/\\\/medytec.eu\\\/fr\\\/2024\\\/12\\\/06\\\/voyage-presse-100-sante\\\/#breadcrumb\"},\"inLanguage\":\"fr-FR\",\"potentialAction\":[{\"@type\":\"ReadAction\",\"target\":[\"https:\\\/\\\/medytec.eu\\\/fr\\\/2024\\\/12\\\/06\\\/voyage-presse-100-sante\\\/\"]}]},{\"@type\":\"ImageObject\",\"inLanguage\":\"fr-FR\",\"@id\":\"https:\\\/\\\/medytec.eu\\\/fr\\\/2024\\\/12\\\/06\\\/voyage-presse-100-sante\\\/#primaryimage\",\"url\":\"https:\\\/\\\/medytec.eu\\\/wp-content\\\/uploads\\\/2024\\\/12\\\/DSC00764-3.jpg?ver=1748960161\",\"contentUrl\":\"https:\\\/\\\/medytec.eu\\\/wp-content\\\/uploads\\\/2024\\\/12\\\/DSC00764-3.jpg?ver=1748960161\",\"width\":1920,\"height\":1280},{\"@type\":\"BreadcrumbList\",\"@id\":\"https:\\\/\\\/medytec.eu\\\/fr\\\/2024\\\/12\\\/06\\\/voyage-presse-100-sante\\\/#breadcrumb\",\"itemListElement\":[{\"@type\":\"ListItem\",\"position\":1,\"name\":\"Accueil\",\"item\":\"https:\\\/\\\/medytec.eu\\\/\"},{\"@type\":\"ListItem\",\"position\":2,\"name\":\"Voyage presse 100% Sant\u00e9\"}]},{\"@type\":\"WebSite\",\"@id\":\"https:\\\/\\\/medytec.eu\\\/#website\",\"url\":\"https:\\\/\\\/medytec.eu\\\/\",\"name\":\"Medytec\",\"description\":\"Le hub des technologies de la sant\u00e9 de grenoble-Alpes\",\"publisher\":{\"@id\":\"https:\\\/\\\/medytec.eu\\\/#organization\"},\"potentialAction\":[{\"@type\":\"SearchAction\",\"target\":{\"@type\":\"EntryPoint\",\"urlTemplate\":\"https:\\\/\\\/medytec.eu\\\/?s={search_term_string}\"},\"query-input\":{\"@type\":\"PropertyValueSpecification\",\"valueRequired\":true,\"valueName\":\"search_term_string\"}}],\"inLanguage\":\"fr-FR\"},{\"@type\":\"Organization\",\"@id\":\"https:\\\/\\\/medytec.eu\\\/#organization\",\"name\":\"MedYtec\",\"url\":\"https:\\\/\\\/medytec.eu\\\/\",\"logo\":{\"@type\":\"ImageObject\",\"inLanguage\":\"fr-FR\",\"@id\":\"https:\\\/\\\/medytec.eu\\\/#\\\/schema\\\/logo\\\/image\\\/\",\"url\":\"https:\\\/\\\/medytec.eu\\\/wp-content\\\/uploads\\\/2020\\\/02\\\/logo-medytec.png\",\"contentUrl\":\"https:\\\/\\\/medytec.eu\\\/wp-content\\\/uploads\\\/2020\\\/02\\\/logo-medytec.png\",\"width\":426,\"height\":147,\"caption\":\"MedYtec\"},\"image\":{\"@id\":\"https:\\\/\\\/medytec.eu\\\/#\\\/schema\\\/logo\\\/image\\\/\"}},{\"@type\":\"Person\",\"@id\":\"https:\\\/\\\/medytec.eu\\\/#\\\/schema\\\/person\\\/52643406ade6747ec29f0a5ca286f5fe\",\"name\":\"okparfait\",\"url\":\"https:\\\/\\\/medytec.eu\\\/fr\\\/author\\\/e486db832ef7dcb5\\\/\"}]}<\/script>\n<!-- \/ Yoast SEO plugin. -->","yoast_head_json":{"title":"Voyage presse 100% Sant\u00e9 - Medytec","description":"12 journalistes nationaux et locaux ont \u00e9t\u00e9 re\u00e7us dans le cadre d'un voyage presse 100% sant\u00e9 organis\u00e9 par l'Agence Grenoble Alpes.","robots":{"index":"index","follow":"follow","max-snippet":"max-snippet:-1","max-image-preview":"max-image-preview:large","max-video-preview":"max-video-preview:-1"},"canonical":"https:\/\/medytec.eu\/fr\/2024\/12\/06\/voyage-presse-100-sante\/","og_locale":"fr_FR","og_type":"article","og_title":"Voyage presse 100% Sant\u00e9 - Medytec","og_description":"12 journalistes nationaux et locaux ont \u00e9t\u00e9 re\u00e7us dans le cadre d'un voyage presse 100% sant\u00e9 organis\u00e9 par l'Agence Grenoble Alpes.","og_url":"https:\/\/medytec.eu\/fr\/2024\/12\/06\/voyage-presse-100-sante\/","og_site_name":"Medytec","article_published_time":"2024-12-06T16:00:31+00:00","article_modified_time":"2024-12-06T16:22:18+00:00","og_image":[{"width":1024,"height":683,"url":"https:\/\/medytec.eu\/wp-content\/uploads\/2024\/12\/DSC00764-3-1024x683.jpg","type":"image\/jpeg"}],"author":"okparfait","twitter_card":"summary_large_image","twitter_description":"Jeudi 16 juillet, nous avons eu le plaisir de recevoir les membres fondateurs de Medytec pour une visite officielle du lieu.","twitter_misc":{"\u00c9crit par":"okparfait","Dur\u00e9e de lecture estim\u00e9e":"4 minutes"},"schema":{"@context":"https:\/\/schema.org","@graph":[{"@type":"Article","@id":"https:\/\/medytec.eu\/fr\/2024\/12\/06\/voyage-presse-100-sante\/#article","isPartOf":{"@id":"https:\/\/medytec.eu\/fr\/2024\/12\/06\/voyage-presse-100-sante\/"},"author":{"name":"okparfait","@id":"https:\/\/medytec.eu\/#\/schema\/person\/52643406ade6747ec29f0a5ca286f5fe"},"headline":"Voyage presse 100% Sant\u00e9","datePublished":"2024-12-06T16:00:31+00:00","dateModified":"2024-12-06T16:22:18+00:00","mainEntityOfPage":{"@id":"https:\/\/medytec.eu\/fr\/2024\/12\/06\/voyage-presse-100-sante\/"},"wordCount":489,"publisher":{"@id":"https:\/\/medytec.eu\/#organization"},"image":{"@id":"https:\/\/medytec.eu\/fr\/2024\/12\/06\/voyage-presse-100-sante\/#primaryimage"},"thumbnailUrl":"https:\/\/medytec.eu\/wp-content\/uploads\/2024\/12\/DSC00764-3.jpg?ver=1748960161","articleSection":["\u00c9v\u00e8nements"],"inLanguage":"fr-FR"},{"@type":"WebPage","@id":"https:\/\/medytec.eu\/fr\/2024\/12\/06\/voyage-presse-100-sante\/","url":"https:\/\/medytec.eu\/fr\/2024\/12\/06\/voyage-presse-100-sante\/","name":"Voyage presse 100% Sant\u00e9 - Medytec","isPartOf":{"@id":"https:\/\/medytec.eu\/#website"},"primaryImageOfPage":{"@id":"https:\/\/medytec.eu\/fr\/2024\/12\/06\/voyage-presse-100-sante\/#primaryimage"},"image":{"@id":"https:\/\/medytec.eu\/fr\/2024\/12\/06\/voyage-presse-100-sante\/#primaryimage"},"thumbnailUrl":"https:\/\/medytec.eu\/wp-content\/uploads\/2024\/12\/DSC00764-3.jpg?ver=1748960161","datePublished":"2024-12-06T16:00:31+00:00","dateModified":"2024-12-06T16:22:18+00:00","description":"12 journalistes nationaux et locaux ont \u00e9t\u00e9 re\u00e7us dans le cadre d'un voyage presse 100% sant\u00e9 organis\u00e9 par l'Agence Grenoble Alpes.","breadcrumb":{"@id":"https:\/\/medytec.eu\/fr\/2024\/12\/06\/voyage-presse-100-sante\/#breadcrumb"},"inLanguage":"fr-FR","potentialAction":[{"@type":"ReadAction","target":["https:\/\/medytec.eu\/fr\/2024\/12\/06\/voyage-presse-100-sante\/"]}]},{"@type":"ImageObject","inLanguage":"fr-FR","@id":"https:\/\/medytec.eu\/fr\/2024\/12\/06\/voyage-presse-100-sante\/#primaryimage","url":"https:\/\/medytec.eu\/wp-content\/uploads\/2024\/12\/DSC00764-3.jpg?ver=1748960161","contentUrl":"https:\/\/medytec.eu\/wp-content\/uploads\/2024\/12\/DSC00764-3.jpg?ver=1748960161","width":1920,"height":1280},{"@type":"BreadcrumbList","@id":"https:\/\/medytec.eu\/fr\/2024\/12\/06\/voyage-presse-100-sante\/#breadcrumb","itemListElement":[{"@type":"ListItem","position":1,"name":"Accueil","item":"https:\/\/medytec.eu\/"},{"@type":"ListItem","position":2,"name":"Voyage presse 100% Sant\u00e9"}]},{"@type":"WebSite","@id":"https:\/\/medytec.eu\/#website","url":"https:\/\/medytec.eu\/","name":"Medytec","description":"Le hub des technologies de la sant\u00e9 de grenoble-Alpes","publisher":{"@id":"https:\/\/medytec.eu\/#organization"},"potentialAction":[{"@type":"SearchAction","target":{"@type":"EntryPoint","urlTemplate":"https:\/\/medytec.eu\/?s={search_term_string}"},"query-input":{"@type":"PropertyValueSpecification","valueRequired":true,"valueName":"search_term_string"}}],"inLanguage":"fr-FR"},{"@type":"Organization","@id":"https:\/\/medytec.eu\/#organization","name":"MedYtec","url":"https:\/\/medytec.eu\/","logo":{"@type":"ImageObject","inLanguage":"fr-FR","@id":"https:\/\/medytec.eu\/#\/schema\/logo\/image\/","url":"https:\/\/medytec.eu\/wp-content\/uploads\/2020\/02\/logo-medytec.png","contentUrl":"https:\/\/medytec.eu\/wp-content\/uploads\/2020\/02\/logo-medytec.png","width":426,"height":147,"caption":"MedYtec"},"image":{"@id":"https:\/\/medytec.eu\/#\/schema\/logo\/image\/"}},{"@type":"Person","@id":"https:\/\/medytec.eu\/#\/schema\/person\/52643406ade6747ec29f0a5ca286f5fe","name":"okparfait","url":"https:\/\/medytec.eu\/fr\/author\/e486db832ef7dcb5\/"}]}},"_links":{"self":[{"href":"https:\/\/medytec.eu\/fr\/wp-json\/wp\/v2\/posts\/8052","targetHints":{"allow":["GET"]}}],"collection":[{"href":"https:\/\/medytec.eu\/fr\/wp-json\/wp\/v2\/posts"}],"about":[{"href":"https:\/\/medytec.eu\/fr\/wp-json\/wp\/v2\/types\/post"}],"author":[{"embeddable":true,"href":"https:\/\/medytec.eu\/fr\/wp-json\/wp\/v2\/users\/4"}],"replies":[{"embeddable":true,"href":"https:\/\/medytec.eu\/fr\/wp-json\/wp\/v2\/comments?post=8052"}],"version-history":[{"count":0,"href":"https:\/\/medytec.eu\/fr\/wp-json\/wp\/v2\/posts\/8052\/revisions"}],"wp:featuredmedia":[{"embeddable":true,"href":"https:\/\/medytec.eu\/fr\/wp-json\/wp\/v2\/media\/8053"}],"wp:attachment":[{"href":"https:\/\/medytec.eu\/fr\/wp-json\/wp\/v2\/media?parent=8052"}],"wp:term":[{"taxonomy":"category","embeddable":true,"href":"https:\/\/medytec.eu\/fr\/wp-json\/wp\/v2\/categories?post=8052"},{"taxonomy":"post_tag","embeddable":true,"href":"https:\/\/medytec.eu\/fr\/wp-json\/wp\/v2\/tags?post=8052"}],"curies":[{"name":"wp","href":"https:\/\/api.w.org\/{rel}","templated":true}]}}