{"id":7867,"date":"2024-09-27T11:03:24","date_gmt":"2024-09-27T09:03:24","guid":{"rendered":"https:\/\/medytec.eu\/?p=7867"},"modified":"2024-09-27T11:09:25","modified_gmt":"2024-09-27T09:09:25","slug":"70-acteurs-de-lecosysteme-presents-a-levenement-the-healthtech-hub-in-the-alps-2024","status":"publish","type":"post","link":"https:\/\/medytec.eu\/fr\/2024\/09\/27\/70-acteurs-de-lecosysteme-presents-a-levenement-the-healthtech-hub-in-the-alps-2024\/","title":{"rendered":"70 acteurs de l&rsquo;\u00e9cosyst\u00e8me pr\u00e9sents \u00e0 l&rsquo;\u00e9v\u00e9nement \u00ab\u00a0The Healthtech Hub in the Alps 2024\u00a0\u00bb"},"content":{"rendered":"\t\t<div data-elementor-type=\"wp-post\" data-elementor-id=\"7867\" class=\"elementor elementor-7867\" data-elementor-post-type=\"post\">\n\t\t\t\t\t\t<section class=\"elementor-section elementor-top-section elementor-element elementor-element-92e9f2a elementor-section-boxed elementor-section-height-default elementor-section-height-default\" data-id=\"92e9f2a\" data-element_type=\"section\" data-e-type=\"section\">\n\t\t\t\t\t\t<div class=\"elementor-container elementor-column-gap-default\">\n\t\t\t\t\t<div class=\"elementor-column elementor-col-100 elementor-top-column elementor-element elementor-element-5cf3855\" data-id=\"5cf3855\" data-element_type=\"column\" data-e-type=\"column\">\n\t\t\t<div class=\"elementor-widget-wrap elementor-element-populated\">\n\t\t\t\t\t\t<div class=\"elementor-element elementor-element-0ed83b6 elementor-widget elementor-widget-heading\" data-id=\"0ed83b6\" data-element_type=\"widget\" data-e-type=\"widget\" data-widget_type=\"heading.default\">\n\t\t\t\t<div class=\"elementor-widget-container\">\n\t\t\t\t\t<h3 class=\"elementor-heading-title elementor-size-default\">\ud83d\udce3 Le rendez-vous des entrepreneurs et des acteurs de la sant\u00e9 \u00e0 Grenoble\u200b<\/h3>\t\t\t\t<\/div>\n\t\t\t\t<\/div>\n\t\t\t\t\t<\/div>\n\t\t<\/div>\n\t\t\t\t\t<\/div>\n\t\t<\/section>\n\t\t\t\t<section class=\"elementor-section elementor-top-section elementor-element elementor-element-53eb68c elementor-section-boxed elementor-section-height-default elementor-section-height-default\" data-id=\"53eb68c\" data-element_type=\"section\" data-e-type=\"section\">\n\t\t\t\t\t\t<div class=\"elementor-container elementor-column-gap-default\">\n\t\t\t\t\t<div class=\"elementor-column elementor-col-100 elementor-top-column elementor-element elementor-element-ade196e\" data-id=\"ade196e\" data-element_type=\"column\" data-e-type=\"column\">\n\t\t\t<div class=\"elementor-widget-wrap elementor-element-populated\">\n\t\t\t\t\t\t<div class=\"elementor-element elementor-element-88c801c elementor-widget elementor-widget-heading\" data-id=\"88c801c\" data-element_type=\"widget\" data-e-type=\"widget\" data-widget_type=\"heading.default\">\n\t\t\t\t<div class=\"elementor-widget-container\">\n\t\t\t\t\t<h4 class=\"elementor-heading-title elementor-size-default\">26 SEPTEMBRE<\/h4>\t\t\t\t<\/div>\n\t\t\t\t<\/div>\n\t\t\t\t\t<\/div>\n\t\t<\/div>\n\t\t\t\t\t<\/div>\n\t\t<\/section>\n\t\t\t\t<section class=\"elementor-section elementor-top-section elementor-element elementor-element-5cc909e5 elementor-section-boxed elementor-section-height-default elementor-section-height-default\" data-id=\"5cc909e5\" data-element_type=\"section\" data-e-type=\"section\">\n\t\t\t\t\t\t<div class=\"elementor-container elementor-column-gap-default\">\n\t\t\t\t\t<div class=\"elementor-column elementor-col-100 elementor-top-column elementor-element elementor-element-2f558fc8\" data-id=\"2f558fc8\" data-element_type=\"column\" data-e-type=\"column\">\n\t\t\t<div class=\"elementor-widget-wrap elementor-element-populated\">\n\t\t\t\t\t\t<div class=\"elementor-element elementor-element-1f8f9f0c elementor-widget elementor-widget-text-editor\" data-id=\"1f8f9f0c\" data-element_type=\"widget\" data-e-type=\"widget\" data-widget_type=\"text-editor.default\">\n\t\t\t\t<div class=\"elementor-widget-container\">\n\t\t\t\t\t\t\t\t\t<p style=\"font-variant-ligatures: normal; font-variant-caps: normal; font-family: CeraPro, sans-serif; font-size: 17px; font-style: normal; font-weight: 400;\"><strong>70 acteurs de l\u2019\u00e9cosyst\u00e8me #Healthtech r\u00e9gional \u00e9taient r\u00e9unis \u00e0 Medytec pour d\u00e9crypter les derni\u00e8res solutions de financements publics et priv\u00e9s et les bons tips pour acc\u00e9l\u00e9rer sa croissance.<\/strong><\/p><p style=\"font-variant-ligatures: normal; font-variant-caps: normal; font-family: CeraPro, sans-serif; font-size: 17px; font-style: normal; font-weight: 400;\">Des \u00e9changes passionnants sur les appels \u00e0 projets th\u00e9matiques, les financements dilutifs et non dilutifs ; mais aussi des retours d\u2019exp\u00e9riences sur l\u2019acc\u00e8s au march\u00e9 et le d\u00e9veloppement \u00e0 l\u2019international.\u00a0\u00a0L&rsquo;\u00e9v\u00e9nement a \u00e9t\u00e9 marqu\u00e9 par l&rsquo;intervention en direct de Montr\u00e9al Canada par <a id=\"ember201\" class=\"ember-view\" href=\"https:\/\/www.linkedin.com\/in\/helenerenault\/\">H\u00e9l\u00e8ne RENAULT<\/a> : Quelles opportunit\u00e9s pour les HealthTech fran\u00e7aises ?\u00a0\u00bb.\u00a0<\/p><p style=\"font-variant-ligatures: normal; font-variant-caps: normal; font-family: CeraPro, sans-serif; font-size: 17px; font-style: normal; font-weight: 400;\">Un \u00e9v\u00e9nement enrichissant organis\u00e9 par des experts du secteur : Bpifrance &amp; La French Care, soutenus par CIC Innovation, Forvis Mazars Group et Dynergie.<\/p><p style=\"font-variant-ligatures: normal; font-variant-caps: normal; font-family: CeraPro, sans-serif; font-size: 17px; font-style: normal; font-weight: 400;\"><span style=\"font-size: 17px; text-decoration-line: underline;\">Retour sur le Programme <\/span>:<\/p><ul style=\"font-variant-ligatures: normal; font-variant-caps: normal; font-family: CeraPro, sans-serif; font-size: 17px; font-style: normal; font-weight: 400;\"><li style=\"font-size: 17px;\">17h30 :\u00a0<span style=\"font-size: 17px; font-weight: 600;\">Introduction par S\u00e9bastien Weisbuch<\/span>,<i style=\"font-size: 17px;\">\u00a0Ambassadeur Auvergne-R\u00f4nes-Alpes de La French Care\u00a0<\/i><\/li><li style=\"font-size: 17px;\">18h :\u00a0<span style=\"font-size: 17px; font-weight: 600;\">Tendances de financements publics et priv\u00e9s du secteur Sant\u00e9<\/span><br \/><em style=\"font-size: 17px;\">Dynergie, Alice Peysson \u2013 Bpifrance, Charline Marchica<\/em>\u00a0<\/li><li style=\"font-size: 17px;\"><span style=\"font-size: 17px; font-weight: 600;\">\u00a0Retours d&rsquo;exp\u00e9rience<\/span>\u00a0:\u00a0 Banque + Equity : Financer sa croissance<br \/><em style=\"font-size: 17px;\">Uromems, Hamid Lamraoui &#8211; Cr\u00e9dit Mutuel Innovation, J\u00e9r\u00f4me Feraud \u2013 CIC, S\u00e9bastien Ardevol<\/em><\/li><li style=\"font-size: 17px;\">R\u00f4le de l&rsquo;expert-comptable dans le d\u00e9veloppement<br \/><em style=\"font-size: 17px;\">Aryballe Technologies, Tristan Rousselle \u2013 Mazars, Bertrand Celse<\/em><\/li><li style=\"font-size: 17px;\"><span style=\"font-size: 17px; font-weight: 600;\">Canada : Quelles opportunit\u00e9s pour les HealthTech fran\u00e7aises ?<\/span><br \/><i style=\"font-size: 17px;\">Intervention en direct de Montr\u00e9al par CIC MONTR\u00c9AL<\/i><\/li><li style=\"font-size: 17px;\">19h30 :\u00a0<span style=\"font-size: 17px; font-weight: bold;\">C<\/span><span style=\"font-size: 17px; font-weight: 600;\">ocktail networking<\/span><\/li><\/ul>\t\t\t\t\t\t\t\t<\/div>\n\t\t\t\t<\/div>\n\t\t\t\t<div class=\"elementor-element elementor-element-310ad21 elementor-skin-carousel elementor-arrows-yes elementor-pagination-type-bullets elementor-pagination-position-outside elementor-widget elementor-widget-media-carousel\" data-id=\"310ad21\" data-element_type=\"widget\" data-e-type=\"widget\" data-settings=\"{&quot;slides_per_view&quot;:&quot;3&quot;,&quot;skin&quot;:&quot;carousel&quot;,&quot;effect&quot;:&quot;slide&quot;,&quot;show_arrows&quot;:&quot;yes&quot;,&quot;pagination&quot;:&quot;bullets&quot;,&quot;speed&quot;:500,&quot;autoplay&quot;:&quot;yes&quot;,&quot;autoplay_speed&quot;:5000,&quot;loop&quot;:&quot;yes&quot;,&quot;pause_on_hover&quot;:&quot;yes&quot;,&quot;pause_on_interaction&quot;:&quot;yes&quot;,&quot;space_between&quot;:{&quot;unit&quot;:&quot;px&quot;,&quot;size&quot;:10,&quot;sizes&quot;:[]},&quot;space_between_tablet&quot;:{&quot;unit&quot;:&quot;px&quot;,&quot;size&quot;:10,&quot;sizes&quot;:[]},&quot;space_between_mobile&quot;:{&quot;unit&quot;:&quot;px&quot;,&quot;size&quot;:10,&quot;sizes&quot;:[]}}\" data-widget_type=\"media-carousel.default\">\n\t\t\t\t<div class=\"elementor-widget-container\">\n\t\t\t\t\t\t\t\t\t<div class=\"elementor-swiper\">\n\t\t\t\t\t<div class=\"elementor-main-swiper swiper\" role=\"region\" aria-roledescription=\"carousel\" aria-label=\"Diapositives\">\n\t\t\t\t<div class=\"swiper-wrapper\">\n\t\t\t\t\t\t\t\t\t\t\t<div class=\"swiper-slide\" role=\"group\" aria-roledescription=\"slide\">\n\t\t\t\t\t\t\t\t\t<div class=\"elementor-carousel-image\" role=\"img\" aria-label=\"1727384903073\" style=\"background-image: url(&#039;https:\/\/medytec.eu\/wp-content\/uploads\/2024\/09\/1727384903073.jpeg&#039;)\">\n\n\t\t\t\n\t\t\t\t\t<\/div>\n\t\t\t\t\t\t\t\t<\/div>\n\t\t\t\t\t\t\t\t\t\t\t<div class=\"swiper-slide\" role=\"group\" aria-roledescription=\"slide\">\n\t\t\t\t\t\t\t\t\t<div class=\"elementor-carousel-image\" role=\"img\" aria-label=\"The Healthtech Hub in the Alps 2024 (1)\" style=\"background-image: url(&#039;https:\/\/medytec.eu\/wp-content\/uploads\/2024\/09\/The-Healthtech-Hub-in-the-Alps-2024-1-1-e1727429821872.jpg&#039;)\">\n\n\t\t\t\n\t\t\t\t\t<\/div>\n\t\t\t\t\t\t\t\t<\/div>\n\t\t\t\t\t\t\t\t\t\t\t<div class=\"swiper-slide\" role=\"group\" aria-roledescription=\"slide\">\n\t\t\t\t\t\t\t\t\t<div class=\"elementor-carousel-image\" role=\"img\" aria-label=\"The Healthtech Hub in the Alps 2024 (1)\" style=\"background-image: url(&#039;https:\/\/medytec.eu\/wp-content\/uploads\/2024\/09\/The-Healthtech-Hub-in-the-Alps-2024-1.jpeg&#039;)\">\n\n\t\t\t\n\t\t\t\t\t<\/div>\n\t\t\t\t\t\t\t\t<\/div>\n\t\t\t\t\t\t\t\t\t\t\t<div class=\"swiper-slide\" role=\"group\" aria-roledescription=\"slide\">\n\t\t\t\t\t\t\t\t\t<div class=\"elementor-carousel-image\" role=\"img\" aria-label=\"The Healthtech Hub in the Alps 2024 (7)\" style=\"background-image: url(&#039;https:\/\/medytec.eu\/wp-content\/uploads\/2024\/09\/The-Healthtech-Hub-in-the-Alps-2024-7.jpg&#039;)\">\n\n\t\t\t\n\t\t\t\t\t<\/div>\n\t\t\t\t\t\t\t\t<\/div>\n\t\t\t\t\t\t\t\t\t<\/div>\n\t\t\t\t\t\t\t\t\t\t\t\t\t\t\t<div class=\"elementor-swiper-button elementor-swiper-button-prev\" role=\"button\" tabindex=\"0\" aria-label=\"Pr\u00e9c\u00e9dent\">\n\t\t\t\t\t\t\t<i aria-hidden=\"true\" class=\"eicon-chevron-left\"><\/i>\t\t\t\t\t\t<\/div>\n\t\t\t\t\t\t<div class=\"elementor-swiper-button elementor-swiper-button-next\" role=\"button\" tabindex=\"0\" aria-label=\"Suivant\">\n\t\t\t\t\t\t\t<i aria-hidden=\"true\" class=\"eicon-chevron-right\"><\/i>\t\t\t\t\t\t<\/div>\n\t\t\t\t\t\t\t\t\t\t\t\t\t\t\t\t<div class=\"swiper-pagination\"><\/div>\n\t\t\t\t\t\t\t\t\t\t\t\t<\/div>\n\t\t\t\t<\/div>\n\t\t\t\t\t\t\t\t<\/div>\n\t\t\t\t<\/div>\n\t\t\t\t\t<\/div>\n\t\t<\/div>\n\t\t\t\t\t<\/div>\n\t\t<\/section>\n\t\t\t\t<section class=\"elementor-section elementor-top-section elementor-element elementor-element-8836237 elementor-section-boxed elementor-section-height-default elementor-section-height-default\" data-id=\"8836237\" data-element_type=\"section\" data-e-type=\"section\">\n\t\t\t\t\t\t<div class=\"elementor-container elementor-column-gap-default\">\n\t\t\t\t\t<div class=\"elementor-column elementor-col-100 elementor-top-column elementor-element elementor-element-29ad333\" data-id=\"29ad333\" data-element_type=\"column\" data-e-type=\"column\">\n\t\t\t<div class=\"elementor-widget-wrap elementor-element-populated\">\n\t\t\t\t\t\t<div class=\"elementor-element elementor-element-3184f32 elementor-align-center elementor-widget elementor-widget-button\" data-id=\"3184f32\" data-element_type=\"widget\" data-e-type=\"widget\" data-widget_type=\"button.default\">\n\t\t\t\t<div class=\"elementor-widget-container\">\n\t\t\t\t\t\t\t\t\t<div class=\"elementor-button-wrapper\">\n\t\t\t\t\t<a class=\"elementor-button elementor-button-link elementor-size-sm\" href=\"https:\/\/medytec.eu\/fr\/vos-evenements\/actualites-medytec\/\">\n\t\t\t\t\t\t<span class=\"elementor-button-content-wrapper\">\n\t\t\t\t\t\t\t\t\t<span class=\"elementor-button-text\">Toutes les actualit\u00e9s de Medytec<\/span>\n\t\t\t\t\t<\/span>\n\t\t\t\t\t<\/a>\n\t\t\t\t<\/div>\n\t\t\t\t\t\t\t\t<\/div>\n\t\t\t\t<\/div>\n\t\t\t\t\t<\/div>\n\t\t<\/div>\n\t\t\t\t\t<\/div>\n\t\t<\/section>\n\t\t\t\t<\/div>\n\t\t","protected":false},"excerpt":{"rendered":"<p>\ud83d\udce3 Le rendez-vous des entrepreneurs et des acteurs de la sant\u00e9 \u00e0 Grenoble\u200b 26 SEPTEMBRE 70 acteurs de l\u2019\u00e9cosyst\u00e8me #Healthtech r\u00e9gional \u00e9taient r\u00e9unis \u00e0 Medytec pour d\u00e9crypter les derni\u00e8res solutions de financements publics et priv\u00e9s et les bons tips pour acc\u00e9l\u00e9rer sa croissance. Des \u00e9changes passionnants sur les appels \u00e0 projets th\u00e9matiques, les financements dilutifs [&hellip;]<\/p>\n","protected":false},"author":4,"featured_media":7869,"comment_status":"closed","ping_status":"open","sticky":false,"template":"","format":"standard","meta":{"ocean_post_layout":"","ocean_both_sidebars_style":"","ocean_both_sidebars_content_width":0,"ocean_both_sidebars_sidebars_width":0,"ocean_sidebar":"0","ocean_second_sidebar":"0","ocean_disable_margins":"enable","ocean_add_body_class":"","ocean_shortcode_before_top_bar":"","ocean_shortcode_after_top_bar":"","ocean_shortcode_before_header":"","ocean_shortcode_after_header":"","ocean_has_shortcode":"","ocean_shortcode_after_title":"","ocean_shortcode_before_footer_widgets":"","ocean_shortcode_after_footer_widgets":"","ocean_shortcode_before_footer_bottom":"","ocean_shortcode_after_footer_bottom":"","ocean_display_top_bar":"off","ocean_display_header":"default","ocean_header_style":"","ocean_center_header_left_menu":"0","ocean_custom_header_template":"0","ocean_custom_logo":0,"ocean_custom_retina_logo":0,"ocean_custom_logo_max_width":0,"ocean_custom_logo_tablet_max_width":0,"ocean_custom_logo_mobile_max_width":0,"ocean_custom_logo_max_height":0,"ocean_custom_logo_tablet_max_height":0,"ocean_custom_logo_mobile_max_height":0,"ocean_header_custom_menu":"0","ocean_menu_typo_font_family":"0","ocean_menu_typo_font_subset":"","ocean_menu_typo_font_size":0,"ocean_menu_typo_font_size_tablet":0,"ocean_menu_typo_font_size_mobile":0,"ocean_menu_typo_font_size_unit":"px","ocean_menu_typo_font_weight":"","ocean_menu_typo_font_weight_tablet":"","ocean_menu_typo_font_weight_mobile":"","ocean_menu_typo_transform":"","ocean_menu_typo_transform_tablet":"","ocean_menu_typo_transform_mobile":"","ocean_menu_typo_line_height":0,"ocean_menu_typo_line_height_tablet":0,"ocean_menu_typo_line_height_mobile":0,"ocean_menu_typo_line_height_unit":"","ocean_menu_typo_spacing":0,"ocean_menu_typo_spacing_tablet":0,"ocean_menu_typo_spacing_mobile":0,"ocean_menu_typo_spacing_unit":"","ocean_menu_link_color":"","ocean_menu_link_color_hover":"","ocean_menu_link_color_active":"","ocean_menu_link_background":"","ocean_menu_link_hover_background":"","ocean_menu_link_active_background":"","ocean_menu_social_links_bg":"","ocean_menu_social_hover_links_bg":"","ocean_menu_social_links_color":"","ocean_menu_social_hover_links_color":"","ocean_disable_title":"default","ocean_disable_heading":"default","ocean_post_title":"","ocean_post_subheading":"","ocean_post_title_style":"","ocean_post_title_background_color":"","ocean_post_title_background":0,"ocean_post_title_bg_image_position":"","ocean_post_title_bg_image_attachment":"","ocean_post_title_bg_image_repeat":"","ocean_post_title_bg_image_size":"","ocean_post_title_height":0,"ocean_post_title_bg_overlay":0.5,"ocean_post_title_bg_overlay_color":"","ocean_disable_breadcrumbs":"default","ocean_breadcrumbs_color":"","ocean_breadcrumbs_separator_color":"","ocean_breadcrumbs_links_color":"","ocean_breadcrumbs_links_hover_color":"","ocean_display_footer_widgets":"default","ocean_display_footer_bottom":"default","ocean_custom_footer_template":"0","ocean_post_oembed":"","ocean_post_self_hosted_media":"","ocean_post_video_embed":"","ocean_link_format":"","ocean_link_format_target":"self","ocean_quote_format":"","ocean_quote_format_link":"post","ocean_gallery_link_images":"off","ocean_gallery_id":[],"footnotes":""},"categories":[70],"tags":[],"class_list":["post-7867","post","type-post","status-publish","format-standard","has-post-thumbnail","hentry","category-evenements","entry","has-media"],"yoast_head":"<!-- This site is optimized with the Yoast SEO plugin v27.5 - https:\/\/yoast.com\/product\/yoast-seo-wordpress\/ -->\n<title>70 acteurs de l&#039;\u00e9cosyst\u00e8me pr\u00e9sents \u00e0 l&#039;\u00e9v\u00e9nement &quot;The Healthtech Hub in the Alps 2024&quot; - Medytec<\/title>\n<meta name=\"description\" content=\"Le rendez-vous des entrepreneurs et des acteurs de la sant\u00e9 de Grenoble Alpes a eu lieu le 26 septembre dernier \u00e0 Medytec.\" \/>\n<meta name=\"robots\" content=\"index, follow, max-snippet:-1, max-image-preview:large, max-video-preview:-1\" \/>\n<link rel=\"canonical\" href=\"https:\/\/medytec.eu\/fr\/2024\/09\/27\/70-acteurs-de-lecosysteme-presents-a-levenement-the-healthtech-hub-in-the-alps-2024\/\" \/>\n<meta property=\"og:locale\" content=\"fr_FR\" \/>\n<meta property=\"og:type\" content=\"article\" \/>\n<meta property=\"og:title\" content=\"70 acteurs de l&#039;\u00e9cosyst\u00e8me pr\u00e9sents \u00e0 l&#039;\u00e9v\u00e9nement &quot;The Healthtech Hub in the Alps 2024&quot; - Medytec\" \/>\n<meta property=\"og:description\" content=\"Le rendez-vous des entrepreneurs et des acteurs de la sant\u00e9 de Grenoble Alpes a eu lieu le 26 septembre dernier \u00e0 Medytec.\" \/>\n<meta property=\"og:url\" content=\"https:\/\/medytec.eu\/fr\/2024\/09\/27\/70-acteurs-de-lecosysteme-presents-a-levenement-the-healthtech-hub-in-the-alps-2024\/\" \/>\n<meta property=\"og:site_name\" content=\"Medytec\" \/>\n<meta property=\"article:published_time\" content=\"2024-09-27T09:03:24+00:00\" \/>\n<meta property=\"article:modified_time\" content=\"2024-09-27T09:09:25+00:00\" \/>\n<meta property=\"og:image\" content=\"https:\/\/medytec.eu\/wp-content\/uploads\/2024\/09\/The-Healthtech-Hub-in-the-Alps-2024-1.jpg\" \/>\n\t<meta property=\"og:image:width\" content=\"998\" \/>\n\t<meta property=\"og:image:height\" content=\"914\" \/>\n\t<meta property=\"og:image:type\" content=\"image\/jpeg\" \/>\n<meta name=\"author\" content=\"okparfait\" \/>\n<meta name=\"twitter:card\" content=\"summary_large_image\" \/>\n<meta name=\"twitter:description\" content=\"Jeudi 16 juillet, nous avons eu le plaisir de recevoir les membres fondateurs de Medytec pour une visite officielle du lieu.\" \/>\n<meta name=\"twitter:label1\" content=\"\u00c9crit par\" \/>\n\t<meta name=\"twitter:data1\" content=\"okparfait\" \/>\n\t<meta name=\"twitter:label2\" content=\"Dur\u00e9e de lecture estim\u00e9e\" \/>\n\t<meta name=\"twitter:data2\" content=\"2 minutes\" \/>\n<script type=\"application\/ld+json\" class=\"yoast-schema-graph\">{\"@context\":\"https:\\\/\\\/schema.org\",\"@graph\":[{\"@type\":\"Article\",\"@id\":\"https:\\\/\\\/medytec.eu\\\/2024\\\/09\\\/27\\\/70-acteurs-de-lecosysteme-presents-a-levenement-the-healthtech-hub-in-the-alps-2024\\\/#article\",\"isPartOf\":{\"@id\":\"https:\\\/\\\/medytec.eu\\\/2024\\\/09\\\/27\\\/70-acteurs-de-lecosysteme-presents-a-levenement-the-healthtech-hub-in-the-alps-2024\\\/\"},\"author\":{\"name\":\"okparfait\",\"@id\":\"https:\\\/\\\/medytec.eu\\\/#\\\/schema\\\/person\\\/52643406ade6747ec29f0a5ca286f5fe\"},\"headline\":\"70 acteurs de l&rsquo;\u00e9cosyst\u00e8me pr\u00e9sents \u00e0 l&rsquo;\u00e9v\u00e9nement \u00ab\u00a0The Healthtech Hub in the Alps 2024\u00a0\u00bb\",\"datePublished\":\"2024-09-27T09:03:24+00:00\",\"dateModified\":\"2024-09-27T09:09:25+00:00\",\"mainEntityOfPage\":{\"@id\":\"https:\\\/\\\/medytec.eu\\\/2024\\\/09\\\/27\\\/70-acteurs-de-lecosysteme-presents-a-levenement-the-healthtech-hub-in-the-alps-2024\\\/\"},\"wordCount\":256,\"publisher\":{\"@id\":\"https:\\\/\\\/medytec.eu\\\/#organization\"},\"image\":{\"@id\":\"https:\\\/\\\/medytec.eu\\\/2024\\\/09\\\/27\\\/70-acteurs-de-lecosysteme-presents-a-levenement-the-healthtech-hub-in-the-alps-2024\\\/#primaryimage\"},\"thumbnailUrl\":\"https:\\\/\\\/medytec.eu\\\/wp-content\\\/uploads\\\/2024\\\/09\\\/The-Healthtech-Hub-in-the-Alps-2024-1.jpg\",\"articleSection\":[\"\u00c9v\u00e8nements\"],\"inLanguage\":\"fr-FR\"},{\"@type\":\"WebPage\",\"@id\":\"https:\\\/\\\/medytec.eu\\\/2024\\\/09\\\/27\\\/70-acteurs-de-lecosysteme-presents-a-levenement-the-healthtech-hub-in-the-alps-2024\\\/\",\"url\":\"https:\\\/\\\/medytec.eu\\\/2024\\\/09\\\/27\\\/70-acteurs-de-lecosysteme-presents-a-levenement-the-healthtech-hub-in-the-alps-2024\\\/\",\"name\":\"70 acteurs de l'\u00e9cosyst\u00e8me pr\u00e9sents \u00e0 l'\u00e9v\u00e9nement \\\"The Healthtech Hub in the Alps 2024\\\" - Medytec\",\"isPartOf\":{\"@id\":\"https:\\\/\\\/medytec.eu\\\/#website\"},\"primaryImageOfPage\":{\"@id\":\"https:\\\/\\\/medytec.eu\\\/2024\\\/09\\\/27\\\/70-acteurs-de-lecosysteme-presents-a-levenement-the-healthtech-hub-in-the-alps-2024\\\/#primaryimage\"},\"image\":{\"@id\":\"https:\\\/\\\/medytec.eu\\\/2024\\\/09\\\/27\\\/70-acteurs-de-lecosysteme-presents-a-levenement-the-healthtech-hub-in-the-alps-2024\\\/#primaryimage\"},\"thumbnailUrl\":\"https:\\\/\\\/medytec.eu\\\/wp-content\\\/uploads\\\/2024\\\/09\\\/The-Healthtech-Hub-in-the-Alps-2024-1.jpg\",\"datePublished\":\"2024-09-27T09:03:24+00:00\",\"dateModified\":\"2024-09-27T09:09:25+00:00\",\"description\":\"Le rendez-vous des entrepreneurs et des acteurs de la sant\u00e9 de Grenoble Alpes a eu lieu le 26 septembre dernier \u00e0 Medytec.\",\"breadcrumb\":{\"@id\":\"https:\\\/\\\/medytec.eu\\\/2024\\\/09\\\/27\\\/70-acteurs-de-lecosysteme-presents-a-levenement-the-healthtech-hub-in-the-alps-2024\\\/#breadcrumb\"},\"inLanguage\":\"fr-FR\",\"potentialAction\":[{\"@type\":\"ReadAction\",\"target\":[\"https:\\\/\\\/medytec.eu\\\/2024\\\/09\\\/27\\\/70-acteurs-de-lecosysteme-presents-a-levenement-the-healthtech-hub-in-the-alps-2024\\\/\"]}]},{\"@type\":\"ImageObject\",\"inLanguage\":\"fr-FR\",\"@id\":\"https:\\\/\\\/medytec.eu\\\/2024\\\/09\\\/27\\\/70-acteurs-de-lecosysteme-presents-a-levenement-the-healthtech-hub-in-the-alps-2024\\\/#primaryimage\",\"url\":\"https:\\\/\\\/medytec.eu\\\/wp-content\\\/uploads\\\/2024\\\/09\\\/The-Healthtech-Hub-in-the-Alps-2024-1.jpg\",\"contentUrl\":\"https:\\\/\\\/medytec.eu\\\/wp-content\\\/uploads\\\/2024\\\/09\\\/The-Healthtech-Hub-in-the-Alps-2024-1.jpg\",\"width\":998,\"height\":914},{\"@type\":\"BreadcrumbList\",\"@id\":\"https:\\\/\\\/medytec.eu\\\/2024\\\/09\\\/27\\\/70-acteurs-de-lecosysteme-presents-a-levenement-the-healthtech-hub-in-the-alps-2024\\\/#breadcrumb\",\"itemListElement\":[{\"@type\":\"ListItem\",\"position\":1,\"name\":\"Accueil\",\"item\":\"https:\\\/\\\/medytec.eu\\\/\"},{\"@type\":\"ListItem\",\"position\":2,\"name\":\"70 acteurs de l&rsquo;\u00e9cosyst\u00e8me pr\u00e9sents \u00e0 l&rsquo;\u00e9v\u00e9nement \u00ab\u00a0The Healthtech Hub in the Alps 2024\u00a0\u00bb\"}]},{\"@type\":\"WebSite\",\"@id\":\"https:\\\/\\\/medytec.eu\\\/#website\",\"url\":\"https:\\\/\\\/medytec.eu\\\/\",\"name\":\"Medytec\",\"description\":\"Le hub des technologies de la sant\u00e9 de grenoble-Alpes\",\"publisher\":{\"@id\":\"https:\\\/\\\/medytec.eu\\\/#organization\"},\"potentialAction\":[{\"@type\":\"SearchAction\",\"target\":{\"@type\":\"EntryPoint\",\"urlTemplate\":\"https:\\\/\\\/medytec.eu\\\/?s={search_term_string}\"},\"query-input\":{\"@type\":\"PropertyValueSpecification\",\"valueRequired\":true,\"valueName\":\"search_term_string\"}}],\"inLanguage\":\"fr-FR\"},{\"@type\":\"Organization\",\"@id\":\"https:\\\/\\\/medytec.eu\\\/#organization\",\"name\":\"MedYtec\",\"url\":\"https:\\\/\\\/medytec.eu\\\/\",\"logo\":{\"@type\":\"ImageObject\",\"inLanguage\":\"fr-FR\",\"@id\":\"https:\\\/\\\/medytec.eu\\\/#\\\/schema\\\/logo\\\/image\\\/\",\"url\":\"https:\\\/\\\/medytec.eu\\\/wp-content\\\/uploads\\\/2020\\\/02\\\/logo-medytec.png\",\"contentUrl\":\"https:\\\/\\\/medytec.eu\\\/wp-content\\\/uploads\\\/2020\\\/02\\\/logo-medytec.png\",\"width\":426,\"height\":147,\"caption\":\"MedYtec\"},\"image\":{\"@id\":\"https:\\\/\\\/medytec.eu\\\/#\\\/schema\\\/logo\\\/image\\\/\"}},{\"@type\":\"Person\",\"@id\":\"https:\\\/\\\/medytec.eu\\\/#\\\/schema\\\/person\\\/52643406ade6747ec29f0a5ca286f5fe\",\"name\":\"okparfait\",\"url\":\"https:\\\/\\\/medytec.eu\\\/fr\\\/author\\\/e486db832ef7dcb5\\\/\"}]}<\/script>\n<!-- \/ Yoast SEO plugin. -->","yoast_head_json":{"title":"70 acteurs de l'\u00e9cosyst\u00e8me pr\u00e9sents \u00e0 l'\u00e9v\u00e9nement \"The Healthtech Hub in the Alps 2024\" - Medytec","description":"Le rendez-vous des entrepreneurs et des acteurs de la sant\u00e9 de Grenoble Alpes a eu lieu le 26 septembre dernier \u00e0 Medytec.","robots":{"index":"index","follow":"follow","max-snippet":"max-snippet:-1","max-image-preview":"max-image-preview:large","max-video-preview":"max-video-preview:-1"},"canonical":"https:\/\/medytec.eu\/fr\/2024\/09\/27\/70-acteurs-de-lecosysteme-presents-a-levenement-the-healthtech-hub-in-the-alps-2024\/","og_locale":"fr_FR","og_type":"article","og_title":"70 acteurs de l'\u00e9cosyst\u00e8me pr\u00e9sents \u00e0 l'\u00e9v\u00e9nement \"The Healthtech Hub in the Alps 2024\" - Medytec","og_description":"Le rendez-vous des entrepreneurs et des acteurs de la sant\u00e9 de Grenoble Alpes a eu lieu le 26 septembre dernier \u00e0 Medytec.","og_url":"https:\/\/medytec.eu\/fr\/2024\/09\/27\/70-acteurs-de-lecosysteme-presents-a-levenement-the-healthtech-hub-in-the-alps-2024\/","og_site_name":"Medytec","article_published_time":"2024-09-27T09:03:24+00:00","article_modified_time":"2024-09-27T09:09:25+00:00","og_image":[{"width":998,"height":914,"url":"https:\/\/medytec.eu\/wp-content\/uploads\/2024\/09\/The-Healthtech-Hub-in-the-Alps-2024-1.jpg","type":"image\/jpeg"}],"author":"okparfait","twitter_card":"summary_large_image","twitter_description":"Jeudi 16 juillet, nous avons eu le plaisir de recevoir les membres fondateurs de Medytec pour une visite officielle du lieu.","twitter_misc":{"\u00c9crit par":"okparfait","Dur\u00e9e de lecture estim\u00e9e":"2 minutes"},"schema":{"@context":"https:\/\/schema.org","@graph":[{"@type":"Article","@id":"https:\/\/medytec.eu\/2024\/09\/27\/70-acteurs-de-lecosysteme-presents-a-levenement-the-healthtech-hub-in-the-alps-2024\/#article","isPartOf":{"@id":"https:\/\/medytec.eu\/2024\/09\/27\/70-acteurs-de-lecosysteme-presents-a-levenement-the-healthtech-hub-in-the-alps-2024\/"},"author":{"name":"okparfait","@id":"https:\/\/medytec.eu\/#\/schema\/person\/52643406ade6747ec29f0a5ca286f5fe"},"headline":"70 acteurs de l&rsquo;\u00e9cosyst\u00e8me pr\u00e9sents \u00e0 l&rsquo;\u00e9v\u00e9nement \u00ab\u00a0The Healthtech Hub in the Alps 2024\u00a0\u00bb","datePublished":"2024-09-27T09:03:24+00:00","dateModified":"2024-09-27T09:09:25+00:00","mainEntityOfPage":{"@id":"https:\/\/medytec.eu\/2024\/09\/27\/70-acteurs-de-lecosysteme-presents-a-levenement-the-healthtech-hub-in-the-alps-2024\/"},"wordCount":256,"publisher":{"@id":"https:\/\/medytec.eu\/#organization"},"image":{"@id":"https:\/\/medytec.eu\/2024\/09\/27\/70-acteurs-de-lecosysteme-presents-a-levenement-the-healthtech-hub-in-the-alps-2024\/#primaryimage"},"thumbnailUrl":"https:\/\/medytec.eu\/wp-content\/uploads\/2024\/09\/The-Healthtech-Hub-in-the-Alps-2024-1.jpg","articleSection":["\u00c9v\u00e8nements"],"inLanguage":"fr-FR"},{"@type":"WebPage","@id":"https:\/\/medytec.eu\/2024\/09\/27\/70-acteurs-de-lecosysteme-presents-a-levenement-the-healthtech-hub-in-the-alps-2024\/","url":"https:\/\/medytec.eu\/2024\/09\/27\/70-acteurs-de-lecosysteme-presents-a-levenement-the-healthtech-hub-in-the-alps-2024\/","name":"70 acteurs de l'\u00e9cosyst\u00e8me pr\u00e9sents \u00e0 l'\u00e9v\u00e9nement \"The Healthtech Hub in the Alps 2024\" - Medytec","isPartOf":{"@id":"https:\/\/medytec.eu\/#website"},"primaryImageOfPage":{"@id":"https:\/\/medytec.eu\/2024\/09\/27\/70-acteurs-de-lecosysteme-presents-a-levenement-the-healthtech-hub-in-the-alps-2024\/#primaryimage"},"image":{"@id":"https:\/\/medytec.eu\/2024\/09\/27\/70-acteurs-de-lecosysteme-presents-a-levenement-the-healthtech-hub-in-the-alps-2024\/#primaryimage"},"thumbnailUrl":"https:\/\/medytec.eu\/wp-content\/uploads\/2024\/09\/The-Healthtech-Hub-in-the-Alps-2024-1.jpg","datePublished":"2024-09-27T09:03:24+00:00","dateModified":"2024-09-27T09:09:25+00:00","description":"Le rendez-vous des entrepreneurs et des acteurs de la sant\u00e9 de Grenoble Alpes a eu lieu le 26 septembre dernier \u00e0 Medytec.","breadcrumb":{"@id":"https:\/\/medytec.eu\/2024\/09\/27\/70-acteurs-de-lecosysteme-presents-a-levenement-the-healthtech-hub-in-the-alps-2024\/#breadcrumb"},"inLanguage":"fr-FR","potentialAction":[{"@type":"ReadAction","target":["https:\/\/medytec.eu\/2024\/09\/27\/70-acteurs-de-lecosysteme-presents-a-levenement-the-healthtech-hub-in-the-alps-2024\/"]}]},{"@type":"ImageObject","inLanguage":"fr-FR","@id":"https:\/\/medytec.eu\/2024\/09\/27\/70-acteurs-de-lecosysteme-presents-a-levenement-the-healthtech-hub-in-the-alps-2024\/#primaryimage","url":"https:\/\/medytec.eu\/wp-content\/uploads\/2024\/09\/The-Healthtech-Hub-in-the-Alps-2024-1.jpg","contentUrl":"https:\/\/medytec.eu\/wp-content\/uploads\/2024\/09\/The-Healthtech-Hub-in-the-Alps-2024-1.jpg","width":998,"height":914},{"@type":"BreadcrumbList","@id":"https:\/\/medytec.eu\/2024\/09\/27\/70-acteurs-de-lecosysteme-presents-a-levenement-the-healthtech-hub-in-the-alps-2024\/#breadcrumb","itemListElement":[{"@type":"ListItem","position":1,"name":"Accueil","item":"https:\/\/medytec.eu\/"},{"@type":"ListItem","position":2,"name":"70 acteurs de l&rsquo;\u00e9cosyst\u00e8me pr\u00e9sents \u00e0 l&rsquo;\u00e9v\u00e9nement \u00ab\u00a0The Healthtech Hub in the Alps 2024\u00a0\u00bb"}]},{"@type":"WebSite","@id":"https:\/\/medytec.eu\/#website","url":"https:\/\/medytec.eu\/","name":"Medytec","description":"Le hub des technologies de la sant\u00e9 de grenoble-Alpes","publisher":{"@id":"https:\/\/medytec.eu\/#organization"},"potentialAction":[{"@type":"SearchAction","target":{"@type":"EntryPoint","urlTemplate":"https:\/\/medytec.eu\/?s={search_term_string}"},"query-input":{"@type":"PropertyValueSpecification","valueRequired":true,"valueName":"search_term_string"}}],"inLanguage":"fr-FR"},{"@type":"Organization","@id":"https:\/\/medytec.eu\/#organization","name":"MedYtec","url":"https:\/\/medytec.eu\/","logo":{"@type":"ImageObject","inLanguage":"fr-FR","@id":"https:\/\/medytec.eu\/#\/schema\/logo\/image\/","url":"https:\/\/medytec.eu\/wp-content\/uploads\/2020\/02\/logo-medytec.png","contentUrl":"https:\/\/medytec.eu\/wp-content\/uploads\/2020\/02\/logo-medytec.png","width":426,"height":147,"caption":"MedYtec"},"image":{"@id":"https:\/\/medytec.eu\/#\/schema\/logo\/image\/"}},{"@type":"Person","@id":"https:\/\/medytec.eu\/#\/schema\/person\/52643406ade6747ec29f0a5ca286f5fe","name":"okparfait","url":"https:\/\/medytec.eu\/fr\/author\/e486db832ef7dcb5\/"}]}},"_links":{"self":[{"href":"https:\/\/medytec.eu\/fr\/wp-json\/wp\/v2\/posts\/7867","targetHints":{"allow":["GET"]}}],"collection":[{"href":"https:\/\/medytec.eu\/fr\/wp-json\/wp\/v2\/posts"}],"about":[{"href":"https:\/\/medytec.eu\/fr\/wp-json\/wp\/v2\/types\/post"}],"author":[{"embeddable":true,"href":"https:\/\/medytec.eu\/fr\/wp-json\/wp\/v2\/users\/4"}],"replies":[{"embeddable":true,"href":"https:\/\/medytec.eu\/fr\/wp-json\/wp\/v2\/comments?post=7867"}],"version-history":[{"count":0,"href":"https:\/\/medytec.eu\/fr\/wp-json\/wp\/v2\/posts\/7867\/revisions"}],"wp:featuredmedia":[{"embeddable":true,"href":"https:\/\/medytec.eu\/fr\/wp-json\/wp\/v2\/media\/7869"}],"wp:attachment":[{"href":"https:\/\/medytec.eu\/fr\/wp-json\/wp\/v2\/media?parent=7867"}],"wp:term":[{"taxonomy":"category","embeddable":true,"href":"https:\/\/medytec.eu\/fr\/wp-json\/wp\/v2\/categories?post=7867"},{"taxonomy":"post_tag","embeddable":true,"href":"https:\/\/medytec.eu\/fr\/wp-json\/wp\/v2\/tags?post=7867"}],"curies":[{"name":"wp","href":"https:\/\/api.w.org\/{rel}","templated":true}]}}