{"id":7838,"date":"2024-09-24T15:26:59","date_gmt":"2024-09-24T13:26:59","guid":{"rendered":"https:\/\/medytec.eu\/?p=7838"},"modified":"2025-02-12T10:39:06","modified_gmt":"2025-02-12T09:39:06","slug":"zoom-sur-les-innovations-sante-marquantes-madeingrenoblealpes","status":"publish","type":"post","link":"https:\/\/medytec.eu\/fr\/2024\/09\/24\/zoom-sur-les-innovations-sante-marquantes-madeingrenoblealpes\/","title":{"rendered":"ZOOM sur les Innovations Sant\u00e9 marquantes #madeinGrenobleAlpes !"},"content":{"rendered":"\t\t<div data-elementor-type=\"wp-post\" data-elementor-id=\"7838\" class=\"elementor elementor-7838\" data-elementor-post-type=\"post\">\n\t\t\t\t\t\t<section class=\"elementor-section elementor-top-section elementor-element elementor-element-e9e72b5 elementor-section-boxed elementor-section-height-default elementor-section-height-default\" data-id=\"e9e72b5\" data-element_type=\"section\" data-e-type=\"section\">\n\t\t\t\t\t\t<div class=\"elementor-container elementor-column-gap-default\">\n\t\t\t\t\t<div class=\"elementor-column elementor-col-100 elementor-top-column elementor-element elementor-element-6c66c2c\" data-id=\"6c66c2c\" data-element_type=\"column\" data-e-type=\"column\">\n\t\t\t<div class=\"elementor-widget-wrap elementor-element-populated\">\n\t\t\t\t\t\t<div class=\"elementor-element elementor-element-18908c2 elementor-widget elementor-widget-text-editor\" data-id=\"18908c2\" data-element_type=\"widget\" data-e-type=\"widget\" data-widget_type=\"text-editor.default\">\n\t\t\t\t<div class=\"elementor-widget-container\">\n\t\t\t\t\t\t\t\t\t<p><strong>Depuis les ann\u00e9es 1950, notre territoire a \u00e9t\u00e9 le berceau de grandes Premi\u00e8res mondiales et fran\u00e7aises dans le domaine de la sant<\/strong>\u00e9. Des innovations qui ont marqu\u00e9 l&rsquo;histoire et qui participent \u00e0 l&rsquo;am\u00e9lioration des soins au quotidien, en pla\u00e7ant le patient au c\u0153ur des progr\u00e8s.<\/p><p>En tant que lieu totem \u00e0 Grenoble Alpes pour la fili\u00e8re Innovation Sant\u00e9, Medytec est fier de mettre en lumi\u00e8re ces innovations. La multidisciplinarit\u00e9 et la qualit\u00e9 de l\u2019\u00e9cosyst\u00e8me font de cette fili\u00e8re innovante un pionnier d\u2019excellence du secteur.<\/p>\t\t\t\t\t\t\t\t<\/div>\n\t\t\t\t<\/div>\n\t\t\t\t<div class=\"elementor-element elementor-element-cb2ef37 elementor-toc--minimized-on-tablet elementor-widget elementor-widget-table-of-contents\" data-id=\"cb2ef37\" data-element_type=\"widget\" data-e-type=\"widget\" data-settings=\"{&quot;headings_by_tags&quot;:[&quot;h2&quot;,&quot;h3&quot;],&quot;exclude_headings_by_selector&quot;:[],&quot;marker_view&quot;:&quot;bullets&quot;,&quot;collapse_subitems&quot;:&quot;yes&quot;,&quot;no_headings_message&quot;:&quot;Aucun titre n\\u2019a \\u00e9t\\u00e9 trouv\\u00e9 sur cette page.&quot;,&quot;icon&quot;:{&quot;value&quot;:&quot;fas fa-circle&quot;,&quot;library&quot;:&quot;fa-solid&quot;},&quot;minimize_box&quot;:&quot;yes&quot;,&quot;minimized_on&quot;:&quot;tablet&quot;,&quot;hierarchical_view&quot;:&quot;yes&quot;,&quot;min_height&quot;:{&quot;unit&quot;:&quot;px&quot;,&quot;size&quot;:&quot;&quot;,&quot;sizes&quot;:[]},&quot;min_height_tablet&quot;:{&quot;unit&quot;:&quot;px&quot;,&quot;size&quot;:&quot;&quot;,&quot;sizes&quot;:[]},&quot;min_height_mobile&quot;:{&quot;unit&quot;:&quot;px&quot;,&quot;size&quot;:&quot;&quot;,&quot;sizes&quot;:[]}}\" data-widget_type=\"table-of-contents.default\">\n\t\t\t\t<div class=\"elementor-widget-container\">\n\t\t\t\t\t\t\t\t\t<div class=\"elementor-toc__header\">\n\t\t\t\t\t\t<h4 class=\"elementor-toc__header-title\">\n\t\t\t\tPremi\u00e8res mondiales et fran\u00e7aises dans le domaine de la sant\u00e9 depuis 1950\t\t\t<\/h4>\n\t\t\t\t\t\t\t\t\t\t<div class=\"elementor-toc__toggle-button elementor-toc__toggle-button--expand\" role=\"button\" tabindex=\"0\" aria-controls=\"elementor-toc__cb2ef37\" aria-expanded=\"true\" aria-label=\"Ouvrir la table des mati\u00e8res\"><i aria-hidden=\"true\" class=\"fas fa-chevron-down\"><\/i><\/div>\n\t\t\t\t<div class=\"elementor-toc__toggle-button elementor-toc__toggle-button--collapse\" role=\"button\" tabindex=\"0\" aria-controls=\"elementor-toc__cb2ef37\" aria-expanded=\"true\" aria-label=\"Fermer la table des mati\u00e8res\"><i aria-hidden=\"true\" class=\"fas fa-chevron-up\"><\/i><\/div>\n\t\t\t\t\t<\/div>\n\t\t\t\t<div id=\"elementor-toc__cb2ef37\" class=\"elementor-toc__body elementor-toc__list-items--collapsible\">\n\t\t\t<div class=\"elementor-toc__spinner-container\">\n\t\t\t\t<i class=\"elementor-toc__spinner eicon-animation-spin eicon-loading\" aria-hidden=\"true\"><\/i>\t\t\t<\/div>\n\t\t<\/div>\n\t\t\t\t\t\t<\/div>\n\t\t\t\t<\/div>\n\t\t\t\t<div class=\"elementor-element elementor-element-e961486 elementor-widget elementor-widget-heading\" data-id=\"e961486\" data-element_type=\"widget\" data-e-type=\"widget\" data-widget_type=\"heading.default\">\n\t\t\t\t<div class=\"elementor-widget-container\">\n\t\t\t\t\t<h3 class=\"elementor-heading-title elementor-size-default\">1957 : Invention de la seringue pr\u00e9-remplissable st\u00e9rile<\/h3>\t\t\t\t<\/div>\n\t\t\t\t<\/div>\n\t\t\t\t<section class=\"elementor-section elementor-inner-section elementor-element elementor-element-3ae4137 elementor-section-boxed elementor-section-height-default elementor-section-height-default\" data-id=\"3ae4137\" data-element_type=\"section\" data-e-type=\"section\">\n\t\t\t\t\t\t<div class=\"elementor-container elementor-column-gap-default\">\n\t\t\t\t\t<div class=\"elementor-column elementor-col-50 elementor-inner-column elementor-element elementor-element-5521423\" data-id=\"5521423\" data-element_type=\"column\" data-e-type=\"column\">\n\t\t\t<div class=\"elementor-widget-wrap elementor-element-populated\">\n\t\t\t\t\t\t<div class=\"elementor-element elementor-element-807a815 elementor-widget elementor-widget-text-editor\" data-id=\"807a815\" data-element_type=\"widget\" data-e-type=\"widget\" data-widget_type=\"text-editor.default\">\n\t\t\t\t<div class=\"elementor-widget-container\">\n\t\t\t\t\t\t\t\t\t<p><strong>Saviez-vous que plus de 1 million de seringues en verre pr\u00eates \u00e0 remplir sont produites chaque jour dans l&rsquo;usine de Pont de Claix ?<\/strong><\/p>\t\t\t\t\t\t\t\t<\/div>\n\t\t\t\t<\/div>\n\t\t\t\t<div class=\"elementor-element elementor-element-562e497 elementor-widget elementor-widget-text-editor\" data-id=\"562e497\" data-element_type=\"widget\" data-e-type=\"widget\" data-widget_type=\"text-editor.default\">\n\t\t\t\t<div class=\"elementor-widget-container\">\n\t\t\t\t\t\t\t\t\t<p>Depuis sa cr\u00e9ation en 1897, <a class=\"app-aware-link \" href=\"https:\/\/www.linkedin.com\/company\/bd1\/\" target=\"_self\" data-test-app-aware-link=\"\">BD<\/a> n&rsquo;a cess\u00e9 d&rsquo;innover pour devenir un des cinq plus gros acteurs mondiaux des technologies m\u00e9dicales.<br \/>Implant\u00e9 en Is\u00e8re depuis presque 70 ans, le site de BD \u00e0 Pont-de-Claix repr\u00e9sente le si\u00e8ge de BD Medical Pharmaceutical Systems et le site industriel mondial o\u00f9 sont fabriqu\u00e9es les seringues destin\u00e9es \u00e0 l&rsquo;industrie pharmaceutique.<\/p>\t\t\t\t\t\t\t\t<\/div>\n\t\t\t\t<\/div>\n\t\t\t\t\t<\/div>\n\t\t<\/div>\n\t\t\t\t<div class=\"elementor-column elementor-col-50 elementor-inner-column elementor-element elementor-element-b412275\" data-id=\"b412275\" data-element_type=\"column\" data-e-type=\"column\">\n\t\t\t<div class=\"elementor-widget-wrap elementor-element-populated\">\n\t\t\t\t\t\t<div class=\"elementor-element elementor-element-bc39060 elementor-widget__width-inherit elementor-widget elementor-widget-image\" data-id=\"bc39060\" data-element_type=\"widget\" data-e-type=\"widget\" data-widget_type=\"image.default\">\n\t\t\t\t<div class=\"elementor-widget-container\">\n\t\t\t\t\t\t\t\t\t\t\t\t\t\t\t<img fetchpriority=\"high\" decoding=\"async\" width=\"744\" height=\"501\" src=\"https:\/\/medytec.eu\/wp-content\/uploads\/2024\/09\/invention01.png\" class=\"attachment-large size-large wp-image-7846\" alt=\"\" srcset=\"https:\/\/medytec.eu\/wp-content\/uploads\/2024\/09\/invention01.png 744w, https:\/\/medytec.eu\/wp-content\/uploads\/2024\/09\/invention01-300x202.png 300w, https:\/\/medytec.eu\/wp-content\/uploads\/2024\/09\/invention01-18x12.png 18w\" sizes=\"(max-width: 744px) 100vw, 744px\" \/>\t\t\t\t\t\t\t\t\t\t\t\t\t\t\t<\/div>\n\t\t\t\t<\/div>\n\t\t\t\t\t<\/div>\n\t\t<\/div>\n\t\t\t\t\t<\/div>\n\t\t<\/section>\n\t\t\t\t<div class=\"elementor-element elementor-element-ba2f28f elementor-widget elementor-widget-text-editor\" data-id=\"ba2f28f\" data-element_type=\"widget\" data-e-type=\"widget\" data-widget_type=\"text-editor.default\">\n\t\t\t\t<div class=\"elementor-widget-container\">\n\t\t\t\t\t\t\t\t\t<p><b>Un peu d&rsquo;histoire&#8230;<\/b><br>C&rsquo;est \u00e0 Pont-de-Claix \u00e0 partir de 1958 que BD commence \u00e0 fabriquer des seringues en verre avec le proc\u00e9d\u00e9 con\u00e7u aux Etats-Unis par la maison m\u00e8re. A partir de 1962, de nombreuses optimisations du proc\u00e9d\u00e9 de production sont apport\u00e9es et permettent de quintupler la production d&rsquo;aiguilles. Toutes ces am\u00e9liorations sont presque toujours dues \u00e0 des d\u00e9veloppements internes r\u00e9alis\u00e9es sur le site du territoire de Grenoble Alpes. Pont-de-Claix devient alors une base industrielle strat\u00e9gique pour BD, gr\u00e2ce \u00e0 un haut niveau de R&amp;D et d&rsquo;ing\u00e9nierie, tant dans la technologie que les proc\u00e9d\u00e9s de fabrication.<br>En 1975, les \u00e9quipes de R&amp;D locales d\u00e9pose un brevet pour la conception d&rsquo;une seringue pr\u00eate \u00e0 rempli pour l&rsquo;injection d&rsquo;h\u00e9parine et c&rsquo;est en 1981 que BD s&rsquo;agrandit avec une nouvelle usine d\u00e9di\u00e9e \u00e0 la production de seringues en verre \u00e0 usine unique, pr\u00eates \u00e0 \u00eatre remplies par l&rsquo;industrie pharmaceutique sous la marque BD Hypak\u2122.<\/p>\t\t\t\t\t\t\t\t<\/div>\n\t\t\t\t<\/div>\n\t\t\t\t<div class=\"elementor-element elementor-element-b4ca009 elementor-widget elementor-widget-heading\" data-id=\"b4ca009\" data-element_type=\"widget\" data-e-type=\"widget\" data-widget_type=\"heading.default\">\n\t\t\t\t<div class=\"elementor-widget-container\">\n\t\t\t\t\t<h3 class=\"elementor-heading-title elementor-size-default\">1976 : Installation du premier scanner \u00e0 rayons X du corps entier en France<\/h3>\t\t\t\t<\/div>\n\t\t\t\t<\/div>\n\t\t\t\t<section class=\"elementor-section elementor-inner-section elementor-element elementor-element-aecbad7 elementor-section-boxed elementor-section-height-default elementor-section-height-default\" data-id=\"aecbad7\" data-element_type=\"section\" data-e-type=\"section\">\n\t\t\t\t\t\t<div class=\"elementor-container elementor-column-gap-default\">\n\t\t\t\t\t<div class=\"elementor-column elementor-col-50 elementor-inner-column elementor-element elementor-element-25df56e\" data-id=\"25df56e\" data-element_type=\"column\" data-e-type=\"column\">\n\t\t\t<div class=\"elementor-widget-wrap elementor-element-populated\">\n\t\t\t\t\t\t<div class=\"elementor-element elementor-element-d95696a elementor-widget elementor-widget-text-editor\" data-id=\"d95696a\" data-element_type=\"widget\" data-e-type=\"widget\" data-widget_type=\"text-editor.default\">\n\t\t\t\t<div class=\"elementor-widget-container\">\n\t\t\t\t\t\t\t\t\t<p>Le CEA-Leti livre au CHU de Grenoble Alpes le tout premier scanner \u00e0 rayons X fran\u00e7ais, directement issu de ses travaux<\/p>\t\t\t\t\t\t\t\t<\/div>\n\t\t\t\t<\/div>\n\t\t\t\t<div class=\"elementor-element elementor-element-5304555 elementor-widget elementor-widget-text-editor\" data-id=\"5304555\" data-element_type=\"widget\" data-e-type=\"widget\" data-widget_type=\"text-editor.default\">\n\t\t\t\t<div class=\"elementor-widget-container\">\n\t\t\t\t\t\t\t\t\t<p>Le scanner X, encore appel\u00e9 \u00ab tomodensitom\u00e9trie \u00bb (TDM), est une technique d\u2019imagerie m\u00e9dicale qui consiste \u00e0 mesurer l\u2019absorption des rayons X par les tissus du patient, et \u00e0 reconstituer des images 2D et 3D des structures anatomiques.<\/p><p>Une \u00e9tape fondatrice tr\u00e8s importante pour la visibilit\u00e9 de Grenoble Alpes dans le domaine de l&rsquo;Imagerie M\u00e9dicale qui sera suivie par l\u2019installation et l \u00e9valuation au CHU de Grenoble du 1er \u00e9quipement IRM (corps entier 0, 5 tesla) construit par la Compagnie g\u00e9n\u00e9rale de radiologie (CGR).<\/p>\t\t\t\t\t\t\t\t<\/div>\n\t\t\t\t<\/div>\n\t\t\t\t\t<\/div>\n\t\t<\/div>\n\t\t\t\t<div class=\"elementor-column elementor-col-50 elementor-inner-column elementor-element elementor-element-96b73e3\" data-id=\"96b73e3\" data-element_type=\"column\" data-e-type=\"column\">\n\t\t\t<div class=\"elementor-widget-wrap elementor-element-populated\">\n\t\t\t\t\t\t<div class=\"elementor-element elementor-element-7a21db7 elementor-widget__width-inherit elementor-widget elementor-widget-image\" data-id=\"7a21db7\" data-element_type=\"widget\" data-e-type=\"widget\" data-widget_type=\"image.default\">\n\t\t\t\t<div class=\"elementor-widget-container\">\n\t\t\t\t\t\t\t\t\t\t\t\t\t\t\t<img decoding=\"async\" width=\"1024\" height=\"665\" src=\"https:\/\/medytec.eu\/wp-content\/uploads\/2024\/09\/Scanner-corps-entier-Centre-hospitalier-universitaire-de-Grenoble-1978-9-1024x665.jpg\" class=\"attachment-large size-large wp-image-7847\" alt=\"\" srcset=\"https:\/\/medytec.eu\/wp-content\/uploads\/2024\/09\/Scanner-corps-entier-Centre-hospitalier-universitaire-de-Grenoble-1978-9-1024x665.jpg 1024w, https:\/\/medytec.eu\/wp-content\/uploads\/2024\/09\/Scanner-corps-entier-Centre-hospitalier-universitaire-de-Grenoble-1978-9-300x195.jpg 300w, https:\/\/medytec.eu\/wp-content\/uploads\/2024\/09\/Scanner-corps-entier-Centre-hospitalier-universitaire-de-Grenoble-1978-9-768x499.jpg 768w, https:\/\/medytec.eu\/wp-content\/uploads\/2024\/09\/Scanner-corps-entier-Centre-hospitalier-universitaire-de-Grenoble-1978-9-1536x997.jpg 1536w, https:\/\/medytec.eu\/wp-content\/uploads\/2024\/09\/Scanner-corps-entier-Centre-hospitalier-universitaire-de-Grenoble-1978-9-18x12.jpg 18w, https:\/\/medytec.eu\/wp-content\/uploads\/2024\/09\/Scanner-corps-entier-Centre-hospitalier-universitaire-de-Grenoble-1978-9.jpg 1622w\" sizes=\"(max-width: 1024px) 100vw, 1024px\" \/>\t\t\t\t\t\t\t\t\t\t\t\t\t\t\t<\/div>\n\t\t\t\t<\/div>\n\t\t\t\t<div class=\"elementor-element elementor-element-f9d5b2b elementor-widget elementor-widget-text-editor\" data-id=\"f9d5b2b\" data-element_type=\"widget\" data-e-type=\"widget\" data-widget_type=\"text-editor.default\">\n\t\t\t\t<div class=\"elementor-widget-container\">\n\t\t\t\t\t\t\t\t\t<p><em>@Edmond Tournier , Roger Gariod, Michel Geindre, Jean Fran\u00e7ois Le Bas, CEA Leti, CHUGA, <\/em><em>CGR -France (Compagnie g\u00e9n\u00e9rale de radiologie)<\/em><\/p>\t\t\t\t\t\t\t\t<\/div>\n\t\t\t\t<\/div>\n\t\t\t\t\t<\/div>\n\t\t<\/div>\n\t\t\t\t\t<\/div>\n\t\t<\/section>\n\t\t\t\t<div class=\"elementor-element elementor-element-76aef02 elementor-widget elementor-widget-heading\" data-id=\"76aef02\" data-element_type=\"widget\" data-e-type=\"widget\" data-widget_type=\"heading.default\">\n\t\t\t\t<div class=\"elementor-widget-container\">\n\t\t\t\t\t<h3 class=\"elementor-heading-title elementor-size-default\">1982 : D\u00e9veloppements d\u2019\u00e9quipements innovants d\u2019imagerie de Tomographie par Positons<\/h3>\t\t\t\t<\/div>\n\t\t\t\t<\/div>\n\t\t\t\t<section class=\"elementor-section elementor-inner-section elementor-element elementor-element-19e586f elementor-section-boxed elementor-section-height-default elementor-section-height-default\" data-id=\"19e586f\" data-element_type=\"section\" data-e-type=\"section\">\n\t\t\t\t\t\t<div class=\"elementor-container elementor-column-gap-default\">\n\t\t\t\t\t<div class=\"elementor-column elementor-col-50 elementor-inner-column elementor-element elementor-element-c790dee\" data-id=\"c790dee\" data-element_type=\"column\" data-e-type=\"column\">\n\t\t\t<div class=\"elementor-widget-wrap elementor-element-populated\">\n\t\t\t\t\t\t<div class=\"elementor-element elementor-element-daf4600 elementor-widget elementor-widget-text-editor\" data-id=\"daf4600\" data-element_type=\"widget\" data-e-type=\"widget\" data-widget_type=\"text-editor.default\">\n\t\t\t\t<div class=\"elementor-widget-container\">\n\t\t\t\t\t\t\t\t\t<p>La mesure du \u00ab temps de vol \u00bb d\u2019un rayonnement y, vaudra au <a class=\"app-aware-link \" href=\"https:\/\/www.linkedin.com\/company\/cea-leti\/\" target=\"_self\" data-test-app-aware-link=\"\">CEA-Leti<\/a> un prix international en 1982.<\/p>\t\t\t\t\t\t\t\t<\/div>\n\t\t\t\t<\/div>\n\t\t\t\t<div class=\"elementor-element elementor-element-1df39e0 elementor-widget elementor-widget-text-editor\" data-id=\"1df39e0\" data-element_type=\"widget\" data-e-type=\"widget\" data-widget_type=\"text-editor.default\">\n\t\t\t\t<div class=\"elementor-widget-container\">\n\t\t\t\t\t\t\t\t\t<p>Les premiers \u00e9quipements TEP clinique int\u00e9grant une mesure par \u00ab temps de vol \u00bb sont r\u00e9alis\u00e9s par le LETI d\u00e8s (1981-1985), dans le cadre d\u2019un projet financ\u00e9 par un CPER (Contrat de Plan Etat-R\u00e9gion associant Rh\u00f4ne Alpes, la Normandie, l\u2019Ile de France et le CEA). Ces 3 \u00e9quipements seront install\u00e9s dans des Centres de recherche clinique \u00e0 Orsay, Lyon et Caen. La technologie mise en place pour les d\u00e9tecteurs re\u00e7oit un prix international pour l\u2019instrumentation de M\u00e9decine Nucl\u00e9aire (Prix Hevesy) en 1982.<\/p><p><br \/>L\u2019\u00e9quipement install\u00e9 \u00e0 Lyon pr\u00e9sida \u00e0 la Cr\u00e9ation du CERMEP, plateforme de recherche pr\u00e9clinique et clinique, en lien avec l\u2019Universit\u00e9 Claude Bernard, les <a class=\"app-aware-link \" href=\"https:\/\/www.linkedin.com\/company\/hospices-civils-de-lyon\/\" target=\"_self\" data-test-app-aware-link=\"\">Hospices Civils de Lyon &#8211; HCL<\/a> , <a class=\"app-aware-link \" href=\"https:\/\/www.linkedin.com\/company\/inserm\/\" target=\"_self\" data-test-app-aware-link=\"\">Inserm<\/a> et d\u2019autres acteurs de la <a class=\"app-aware-link \" href=\"https:\/\/www.linkedin.com\/company\/auvergne-rhone-alpes\/\" target=\"_self\" data-test-app-aware-link=\"\">R\u00e9gion Auvergne-Rh\u00f4ne-Alpes<\/a>.<\/p>\t\t\t\t\t\t\t\t<\/div>\n\t\t\t\t<\/div>\n\t\t\t\t\t<\/div>\n\t\t<\/div>\n\t\t\t\t<div class=\"elementor-column elementor-col-50 elementor-inner-column elementor-element elementor-element-cf38b41\" data-id=\"cf38b41\" data-element_type=\"column\" data-e-type=\"column\">\n\t\t\t<div class=\"elementor-widget-wrap elementor-element-populated\">\n\t\t\t\t\t\t<div class=\"elementor-element elementor-element-28b103f elementor-widget__width-inherit elementor-widget elementor-widget-image\" data-id=\"28b103f\" data-element_type=\"widget\" data-e-type=\"widget\" data-widget_type=\"image.default\">\n\t\t\t\t<div class=\"elementor-widget-container\">\n\t\t\t\t\t\t\t\t\t\t\t\t\t\t\t<img decoding=\"async\" width=\"300\" height=\"300\" src=\"https:\/\/medytec.eu\/wp-content\/uploads\/2024\/09\/x-ray-300x300.jpg\" class=\"attachment-thumblist size-thumblist wp-image-7909\" alt=\"\" srcset=\"https:\/\/medytec.eu\/wp-content\/uploads\/2024\/09\/x-ray-300x300.jpg 300w, https:\/\/medytec.eu\/wp-content\/uploads\/2024\/09\/x-ray-150x150.jpg 150w, https:\/\/medytec.eu\/wp-content\/uploads\/2024\/09\/x-ray-11x12.jpg 11w, https:\/\/medytec.eu\/wp-content\/uploads\/2024\/09\/x-ray-600x600.jpg 600w\" sizes=\"(max-width: 300px) 100vw, 300px\" \/>\t\t\t\t\t\t\t\t\t\t\t\t\t\t\t<\/div>\n\t\t\t\t<\/div>\n\t\t\t\t<div class=\"elementor-element elementor-element-12e1c7e elementor-widget elementor-widget-text-editor\" data-id=\"12e1c7e\" data-element_type=\"widget\" data-e-type=\"widget\" data-widget_type=\"text-editor.default\">\n\t\t\t\t<div class=\"elementor-widget-container\">\n\t\t\t\t\t\t\t\t\t<p><em>@Robert Allemand @Edmond Tournier @Jean Louis Lecomte @Michel Laval<\/em><\/p>\t\t\t\t\t\t\t\t<\/div>\n\t\t\t\t<\/div>\n\t\t\t\t\t<\/div>\n\t\t<\/div>\n\t\t\t\t\t<\/div>\n\t\t<\/section>\n\t\t\t\t<div class=\"elementor-element elementor-element-38e76bd elementor-widget elementor-widget-heading\" data-id=\"38e76bd\" data-element_type=\"widget\" data-e-type=\"widget\" data-widget_type=\"heading.default\">\n\t\t\t\t<div class=\"elementor-widget-container\">\n\t\t\t\t\t<h3 class=\"elementor-heading-title elementor-size-default\">1987 : 1\u00e8re stimulation profonde du cerveau pour traiter la maladie de Parkinson<\/h3>\t\t\t\t<\/div>\n\t\t\t\t<\/div>\n\t\t\t\t<section class=\"elementor-section elementor-inner-section elementor-element elementor-element-7e116d2 elementor-section-boxed elementor-section-height-default elementor-section-height-default\" data-id=\"7e116d2\" data-element_type=\"section\" data-e-type=\"section\">\n\t\t\t\t\t\t<div class=\"elementor-container elementor-column-gap-default\">\n\t\t\t\t\t<div class=\"elementor-column elementor-col-50 elementor-inner-column elementor-element elementor-element-3c0de6b\" data-id=\"3c0de6b\" data-element_type=\"column\" data-e-type=\"column\">\n\t\t\t<div class=\"elementor-widget-wrap elementor-element-populated\">\n\t\t\t\t\t\t<div class=\"elementor-element elementor-element-55b84c2 elementor-widget elementor-widget-text-editor\" data-id=\"55b84c2\" data-element_type=\"widget\" data-e-type=\"widget\" data-widget_type=\"text-editor.default\">\n\t\t\t\t<div class=\"elementor-widget-container\">\n\t\t\t\t\t\t\t\t\t<p>Une avanc\u00e9e majeure r\u00e9alis\u00e9e ici, \u00e0 Grenoble Alpes : la stimulation c\u00e9r\u00e9brale profonde (SCP) \u00e0 haute fr\u00e9quence, d\u00e9velopp\u00e9e par le professeur <a id=\"ember2357\" class=\"ember-view\" href=\"https:\/\/www.linkedin.com\/in\/alim-louis-benabid-890564203\/\">Alim Louis Benabid<\/a>, fondateur de Clinatec.<\/p>\t\t\t\t\t\t\t\t<\/div>\n\t\t\t\t<\/div>\n\t\t\t\t<div class=\"elementor-element elementor-element-7d272e2 elementor-widget elementor-widget-text-editor\" data-id=\"7d272e2\" data-element_type=\"widget\" data-e-type=\"widget\" data-widget_type=\"text-editor.default\">\n\t\t\t\t<div class=\"elementor-widget-container\">\n\t\t\t\t\t\t\t\t\t<p>C&rsquo;est en 1987 qu&rsquo;est r\u00e9alis\u00e9 la 1\u00e8re stimulation profonde du cerveau pour traiter la maladie de Parkinson.<\/p><p>&#8211;&gt; En 2016, le neurochirurgien et physicien fran\u00e7ais a \u00e9t\u00e9 honor\u00e9 par le <strong><span style=\"color: #00ccff;\"><a style=\"color: #00ccff;\" href=\"https:\/\/fonds-clinatec.fr\/combattre-parkinson-avec-la-stimulation-cerebrale-profonde-alim-louis-benabid-fondateur-de-clinatec-remporte-le-prix-de-linventeur-europeen-2016\/\">Prix de l\u2019Inventeur Europ\u00e9en<\/a><\/span><\/strong> dans la cat\u00e9gorie \u00ab Recherche \u00bb d\u00e9cern\u00e9 par l\u2019<span style=\"color: #00ccff;\"><strong><a class=\"app-aware-link \" style=\"color: #00ccff;\" href=\"https:\/\/www.linkedin.com\/company\/european-patent-office\/\" target=\"_self\" data-test-app-aware-link=\"\">European Patent Office<\/a><\/strong><\/span> (OEB). Beno\u00eet Battistelli, Pr\u00e9sident de l\u2019OEB : \u00ab La m\u00e9thode d\u2019Alim-Louis Benabid est devenue le traitement standard dans les h\u00f4pitaux et a d\u00e9j\u00e0 permis d\u2019am\u00e9liorer la vie de 150 000 personnes \u00e0 travers le monde. \u00bb<\/p>\t\t\t\t\t\t\t\t<\/div>\n\t\t\t\t<\/div>\n\t\t\t\t\t<\/div>\n\t\t<\/div>\n\t\t\t\t<div class=\"elementor-column elementor-col-50 elementor-inner-column elementor-element elementor-element-525010f\" data-id=\"525010f\" data-element_type=\"column\" data-e-type=\"column\">\n\t\t\t<div class=\"elementor-widget-wrap elementor-element-populated\">\n\t\t\t\t\t\t<div class=\"elementor-element elementor-element-8154215 elementor-widget__width-inherit elementor-widget elementor-widget-image\" data-id=\"8154215\" data-element_type=\"widget\" data-e-type=\"widget\" data-widget_type=\"image.default\">\n\t\t\t\t<div class=\"elementor-widget-container\">\n\t\t\t\t\t\t\t\t\t\t\t\t\t\t\t<img loading=\"lazy\" decoding=\"async\" width=\"300\" height=\"300\" src=\"https:\/\/medytec.eu\/wp-content\/uploads\/2024\/09\/2.3-stimulation-cerveau-300x300.jpg\" class=\"attachment-medium size-medium wp-image-7933\" alt=\"\" srcset=\"https:\/\/medytec.eu\/wp-content\/uploads\/2024\/09\/2.3-stimulation-cerveau-300x300.jpg 300w, https:\/\/medytec.eu\/wp-content\/uploads\/2024\/09\/2.3-stimulation-cerveau-1024x1024.jpg 1024w, https:\/\/medytec.eu\/wp-content\/uploads\/2024\/09\/2.3-stimulation-cerveau-150x150.jpg 150w, https:\/\/medytec.eu\/wp-content\/uploads\/2024\/09\/2.3-stimulation-cerveau-768x769.jpg 768w, https:\/\/medytec.eu\/wp-content\/uploads\/2024\/09\/2.3-stimulation-cerveau-12x12.jpg 12w, https:\/\/medytec.eu\/wp-content\/uploads\/2024\/09\/2.3-stimulation-cerveau-600x600.jpg 600w, https:\/\/medytec.eu\/wp-content\/uploads\/2024\/09\/2.3-stimulation-cerveau.jpg 1442w\" sizes=\"(max-width: 300px) 100vw, 300px\" \/>\t\t\t\t\t\t\t\t\t\t\t\t\t\t\t<\/div>\n\t\t\t\t<\/div>\n\t\t\t\t<div class=\"elementor-element elementor-element-f154304 elementor-widget elementor-widget-text-editor\" data-id=\"f154304\" data-element_type=\"widget\" data-e-type=\"widget\" data-widget_type=\"text-editor.default\">\n\t\t\t\t<div class=\"elementor-widget-container\">\n\t\t\t\t\t\t\t\t\t<p><em>@Alim Louis Benabid, @Universit\u00e9 Grenoble Alpes, @CHU Grenoble Alpes, @Medtronic, @Fonds Clinatec, @Inserm<\/em><\/p>\t\t\t\t\t\t\t\t<\/div>\n\t\t\t\t<\/div>\n\t\t\t\t\t<\/div>\n\t\t<\/div>\n\t\t\t\t\t<\/div>\n\t\t<\/section>\n\t\t\t\t<div class=\"elementor-element elementor-element-b3ebc94 elementor-widget elementor-widget-heading\" data-id=\"b3ebc94\" data-element_type=\"widget\" data-e-type=\"widget\" data-widget_type=\"heading.default\">\n\t\t\t\t<div class=\"elementor-widget-container\">\n\t\t\t\t\t<h3 class=\"elementor-heading-title elementor-size-default\">1989 : cr\u00e9ation du premier robot chirurgical  en neurologie en France<\/h3>\t\t\t\t<\/div>\n\t\t\t\t<\/div>\n\t\t\t\t<section class=\"elementor-section elementor-inner-section elementor-element elementor-element-67bc179 elementor-section-boxed elementor-section-height-default elementor-section-height-default\" data-id=\"67bc179\" data-element_type=\"section\" data-e-type=\"section\">\n\t\t\t\t\t\t<div class=\"elementor-container elementor-column-gap-default\">\n\t\t\t\t\t<div class=\"elementor-column elementor-col-50 elementor-inner-column elementor-element elementor-element-9a37dea\" data-id=\"9a37dea\" data-element_type=\"column\" data-e-type=\"column\">\n\t\t\t<div class=\"elementor-widget-wrap elementor-element-populated\">\n\t\t\t\t\t\t<div class=\"elementor-element elementor-element-9e3206c elementor-widget elementor-widget-text-editor\" data-id=\"9e3206c\" data-element_type=\"widget\" data-e-type=\"widget\" data-widget_type=\"text-editor.default\">\n\t\t\t\t<div class=\"elementor-widget-container\">\n\t\t\t\t\t\t\t\t\t<p>\u00c0 Grenoble, le premier robot chirurgical fran\u00e7ais, d\u00e9velopp\u00e9 par l&rsquo;\u00e9quipe GMCAO de TIMC (Jacques Demongeot) en collaboration avec celle de Neurochirurgie (Alim-Louis Benabid) pour la neurochirurgie st\u00e9r\u00e9otaxique a \u00e9t\u00e9 utilis\u00e9 sur patient pour la premi\u00e8re fois en 1989.<\/p>\t\t\t\t\t\t\t\t<\/div>\n\t\t\t\t<\/div>\n\t\t\t\t<div class=\"elementor-element elementor-element-fa753df elementor-widget elementor-widget-text-editor\" data-id=\"fa753df\" data-element_type=\"widget\" data-e-type=\"widget\" data-widget_type=\"text-editor.default\">\n\t\t\t\t<div class=\"elementor-widget-container\">\n\t\t\t\t\t\t\t\t\t<p>La th\u00e8se de Stephane Lavall\u00e9e (dirig\u00e9e par Pr Philippe Cinquin) men\u00e9e sur ce sujet \u00e0 l\u2019Universit\u00e9 Grenoble Alpes \u00e9tait la premi\u00e8re th\u00e8se en Robotique Chirurgicale sur le plan mondial. <br \/>Cette op\u00e9ration sera la premi\u00e8re de plusieurs centaines d\u2019autres op\u00e9rations r\u00e9alis\u00e9es gr\u00e2ce \u00e0 l\u2019assistance de ce prototype qui donnera lieu ensuite \u00e0 plusieurs produits industrialis\u00e9s.<\/p><p>&#8211;&gt; A propos : Le laboratoire TIMC (UMR 5525 UGA\/ CNRS) a con\u00e7u \u00e0 partir de 1984 le concept de Gestes M\u00e9dico-Chirurgicaux Assit\u00e9s par Ordinateur (GMCAO). Dans le cadre d\u2019un partenariat tr\u00e8s \u00e9troit avec plusieurs services du CHU Grenoble Alpes, et \u00e0 partir de 2003 avec le Centre d\u2019Investigation Clinique \u2013 Innovation Technologique, plusieurs concepts innovants ont \u00e9t\u00e9 propos\u00e9s, qui ont \u00e9t\u00e9 mis en \u0153uvre cliniquement gr\u00e2ce \u00e0 la cr\u00e9ation de nombreuses startups et \u00e0 des partenariats avec des grands groupes. Plusieurs des dispositifs m\u00e9dicaux ainsi con\u00e7us ont b\u00e9n\u00e9fici\u00e9 de par le monde \u00e0 plusieurs centaines de milliers de patients.<\/p>\t\t\t\t\t\t\t\t<\/div>\n\t\t\t\t<\/div>\n\t\t\t\t\t<\/div>\n\t\t<\/div>\n\t\t\t\t<div class=\"elementor-column elementor-col-50 elementor-inner-column elementor-element elementor-element-a862b19\" data-id=\"a862b19\" data-element_type=\"column\" data-e-type=\"column\">\n\t\t\t<div class=\"elementor-widget-wrap elementor-element-populated\">\n\t\t\t\t\t\t<div class=\"elementor-element elementor-element-c4d93d2 elementor-widget__width-inherit elementor-widget elementor-widget-image\" data-id=\"c4d93d2\" data-element_type=\"widget\" data-e-type=\"widget\" data-widget_type=\"image.default\">\n\t\t\t\t<div class=\"elementor-widget-container\">\n\t\t\t\t\t\t\t\t\t\t\t\t\t\t\t<img loading=\"lazy\" decoding=\"async\" width=\"768\" height=\"425\" src=\"https:\/\/medytec.eu\/wp-content\/uploads\/2024\/09\/Template-grandes-premieres-5-768x425.png\" class=\"attachment-medium_large size-medium_large wp-image-7953\" alt=\"\" srcset=\"https:\/\/medytec.eu\/wp-content\/uploads\/2024\/09\/Template-grandes-premieres-5-768x425.png 768w, https:\/\/medytec.eu\/wp-content\/uploads\/2024\/09\/Template-grandes-premieres-5-300x166.png 300w, https:\/\/medytec.eu\/wp-content\/uploads\/2024\/09\/Template-grandes-premieres-5-1024x567.png 1024w, https:\/\/medytec.eu\/wp-content\/uploads\/2024\/09\/Template-grandes-premieres-5-18x10.png 18w, https:\/\/medytec.eu\/wp-content\/uploads\/2024\/09\/Template-grandes-premieres-5.png 1194w\" sizes=\"(max-width: 768px) 100vw, 768px\" \/>\t\t\t\t\t\t\t\t\t\t\t\t\t\t\t<\/div>\n\t\t\t\t<\/div>\n\t\t\t\t<div class=\"elementor-element elementor-element-9e4e4be elementor-widget elementor-widget-text-editor\" data-id=\"9e4e4be\" data-element_type=\"widget\" data-e-type=\"widget\" data-widget_type=\"text-editor.default\">\n\t\t\t\t<div class=\"elementor-widget-container\">\n\t\t\t\t\t\t\t\t\t<p>\u00a0@ Alim-Louis Benabid, St\u00e9phane Lavall\u00e9e, Jacques Demongeot, Philippe Cinquin , Jocelyne Troccaz, CHUGA, TiMC , UGA<\/p>\t\t\t\t\t\t\t\t<\/div>\n\t\t\t\t<\/div>\n\t\t\t\t\t<\/div>\n\t\t<\/div>\n\t\t\t\t\t<\/div>\n\t\t<\/section>\n\t\t\t\t<div class=\"elementor-element elementor-element-b056160 elementor-widget elementor-widget-heading\" data-id=\"b056160\" data-element_type=\"widget\" data-e-type=\"widget\" data-widget_type=\"heading.default\">\n\t\t\t\t<div class=\"elementor-widget-container\">\n\t\t\t\t\t<h3 class=\"elementor-heading-title elementor-size-default\">1994 : 1\u00e8re mondiale, op\u00e9ration chirurgicale du ligament crois\u00e9 du genou assist\u00e9e par ordinateur<\/h3>\t\t\t\t<\/div>\n\t\t\t\t<\/div>\n\t\t\t\t<section class=\"elementor-section elementor-inner-section elementor-element elementor-element-f27ba00 elementor-section-boxed elementor-section-height-default elementor-section-height-default\" data-id=\"f27ba00\" data-element_type=\"section\" data-e-type=\"section\">\n\t\t\t\t\t\t<div class=\"elementor-container elementor-column-gap-default\">\n\t\t\t\t\t<div class=\"elementor-column elementor-col-50 elementor-inner-column elementor-element elementor-element-46fe3bb\" data-id=\"46fe3bb\" data-element_type=\"column\" data-e-type=\"column\">\n\t\t\t<div class=\"elementor-widget-wrap elementor-element-populated\">\n\t\t\t\t\t\t<div class=\"elementor-element elementor-element-74a64d8 elementor-widget elementor-widget-text-editor\" data-id=\"74a64d8\" data-element_type=\"widget\" data-e-type=\"widget\" data-widget_type=\"text-editor.default\">\n\t\t\t\t<div class=\"elementor-widget-container\">\n\t\t\t\t\t\t\t\t\t<p>La premi\u00e8re chirurgie au monde du ligament crois\u00e9 ant\u00e9rieur du genou assist\u00e9e par ordinateur a lieu \u00e0 Grenoble en 1994 \u00e0 la Clinique Mutualiste de Grenoble avec le Dr R\u00e9mi Julliard.<\/p>\t\t\t\t\t\t\t\t<\/div>\n\t\t\t\t<\/div>\n\t\t\t\t<div class=\"elementor-element elementor-element-f96bcf9 elementor-widget elementor-widget-text-editor\" data-id=\"f96bcf9\" data-element_type=\"widget\" data-e-type=\"widget\" data-widget_type=\"text-editor.default\">\n\t\t\t\t<div class=\"elementor-widget-container\">\n\t\t\t\t\t\t\t\t\t<p>Une nouvelle approche est d\u00e9velopp\u00e9e au laboratoire TIMC (Universit\u00e9 Grenoble Alpes) pour guider le geste du chirurgien ; il s\u2019agit de reconstruire l\u2019anatomie du patient en 3D avec des points de surface collect\u00e9s pendant la chirurgie, sans imagerie pr\u00e9-op\u00e9ratoire. A l\u2019aide de ces donn\u00e9es des crit\u00e8res g\u00e9om\u00e9triques sont optimis\u00e9s pour chaque patient de fa\u00e7on \u00e0 d\u00e9finir le point d\u2019ancrage id\u00e9al du nouveau ligament. Il s&rsquo;agit de la premi\u00e8re op\u00e9ration chirurgicale r\u00e9alis\u00e9e avec ce syst\u00e8me de \u00ab\u00a0navigation\u00a0\u00bb assist\u00e9 par ordinateur qui va donner suite \u00e0 d&rsquo;autres Premi\u00e8res.<\/p>\t\t\t\t\t\t\t\t<\/div>\n\t\t\t\t<\/div>\n\t\t\t\t\t<\/div>\n\t\t<\/div>\n\t\t\t\t<div class=\"elementor-column elementor-col-50 elementor-inner-column elementor-element elementor-element-bca3e26\" data-id=\"bca3e26\" data-element_type=\"column\" data-e-type=\"column\">\n\t\t\t<div class=\"elementor-widget-wrap elementor-element-populated\">\n\t\t\t\t\t\t<div class=\"elementor-element elementor-element-1526baa elementor-widget__width-inherit elementor-widget elementor-widget-image\" data-id=\"1526baa\" data-element_type=\"widget\" data-e-type=\"widget\" data-widget_type=\"image.default\">\n\t\t\t\t<div class=\"elementor-widget-container\">\n\t\t\t\t\t\t\t\t\t\t\t\t\t\t\t<img loading=\"lazy\" decoding=\"async\" width=\"768\" height=\"482\" src=\"https:\/\/medytec.eu\/wp-content\/uploads\/2024\/09\/Template-grandes-premieres-6-768x482.png\" class=\"attachment-medium_large size-medium_large wp-image-7954\" alt=\"\" srcset=\"https:\/\/medytec.eu\/wp-content\/uploads\/2024\/09\/Template-grandes-premieres-6-768x482.png 768w, https:\/\/medytec.eu\/wp-content\/uploads\/2024\/09\/Template-grandes-premieres-6-300x188.png 300w, https:\/\/medytec.eu\/wp-content\/uploads\/2024\/09\/Template-grandes-premieres-6-1024x642.png 1024w, https:\/\/medytec.eu\/wp-content\/uploads\/2024\/09\/Template-grandes-premieres-6-18x12.png 18w, https:\/\/medytec.eu\/wp-content\/uploads\/2024\/09\/Template-grandes-premieres-6.png 1194w\" sizes=\"(max-width: 768px) 100vw, 768px\" \/>\t\t\t\t\t\t\t\t\t\t\t\t\t\t\t<\/div>\n\t\t\t\t<\/div>\n\t\t\t\t<div class=\"elementor-element elementor-element-0128095 elementor-widget elementor-widget-text-editor\" data-id=\"0128095\" data-element_type=\"widget\" data-e-type=\"widget\" data-widget_type=\"text-editor.default\">\n\t\t\t\t<div class=\"elementor-widget-container\">\n\t\t\t\t\t\t\t\t\t<p>\u00a0@ Remi Julliard, S. Plaweski, Stephane Lavall\u00e9e, Philippe Cinquin, Jocelyne Troccaz, TIMC, Clinique Mutualiste de Grenoble<\/p>\t\t\t\t\t\t\t\t<\/div>\n\t\t\t\t<\/div>\n\t\t\t\t\t<\/div>\n\t\t<\/div>\n\t\t\t\t\t<\/div>\n\t\t<\/section>\n\t\t\t\t<div class=\"elementor-element elementor-element-89bdd38 elementor-widget elementor-widget-heading\" data-id=\"89bdd38\" data-element_type=\"widget\" data-e-type=\"widget\" data-widget_type=\"heading.default\">\n\t\t\t\t<div class=\"elementor-widget-container\">\n\t\t\t\t\t<h3 class=\"elementor-heading-title elementor-size-default\">1995 : 1\u00e8re op\u00e9ration chirurgicale du monde assist\u00e9e par ordinateur utilisant les images du CT-scanner<\/h3>\t\t\t\t<\/div>\n\t\t\t\t<\/div>\n\t\t\t\t<section class=\"elementor-section elementor-inner-section elementor-element elementor-element-70f11f1 elementor-section-boxed elementor-section-height-default elementor-section-height-default\" data-id=\"70f11f1\" data-element_type=\"section\" data-e-type=\"section\">\n\t\t\t\t\t\t<div class=\"elementor-container elementor-column-gap-default\">\n\t\t\t\t\t<div class=\"elementor-column elementor-col-50 elementor-inner-column elementor-element elementor-element-6d7a958\" data-id=\"6d7a958\" data-element_type=\"column\" data-e-type=\"column\">\n\t\t\t<div class=\"elementor-widget-wrap elementor-element-populated\">\n\t\t\t\t\t\t<div class=\"elementor-element elementor-element-2b01c86 elementor-widget elementor-widget-text-editor\" data-id=\"2b01c86\" data-element_type=\"widget\" data-e-type=\"widget\" data-widget_type=\"text-editor.default\">\n\t\t\t\t<div class=\"elementor-widget-container\">\n\t\t\t\t\t\t\t\t\t<p>La premi\u00e8re chirurgie au monde du rachis assist\u00e9e par ordinateur utilisant les images du CT-scanner avec un recalage de surfaces au CHU Grenoble Alpes avec Philippe Merloz, Pascal Sautot et St\u00e9phane Lavallee, Philippe Cinquin.<\/p>\t\t\t\t\t\t\t\t<\/div>\n\t\t\t\t<\/div>\n\t\t\t\t<div class=\"elementor-element elementor-element-dc78b73 elementor-widget elementor-widget-text-editor\" data-id=\"dc78b73\" data-element_type=\"widget\" data-e-type=\"widget\" data-widget_type=\"text-editor.default\">\n\t\t\t\t<div class=\"elementor-widget-container\">\n\t\t\t\t\t\t\t\t\t<p>Une nouvelle approche d\u00e9velopp\u00e9e au laboratoire TIMC Lab (Universit\u00e9 Grenoble Alpes) pour guider le geste du #chirurgien ; il s&rsquo;agissait de visualiser en temps r\u00e9el un geste en train de s&rsquo;ex\u00e9cuter par rapport \u00e0 une cartographie 3D du patient venant d&rsquo;un examen scanner pr\u00e9alable en utilisant une m\u00e9thode de recalage de surfaces. C&rsquo;\u00e9tait la naissance de la \u00ab\u00a0<span style=\"color: #00ccff;\"><strong><a style=\"color: #00ccff;\" href=\"https:\/\/www.sofcot.fr\/sites\/www.sofcot.fr\/files\/medias\/documents\/5%20chirurgie%20guid%C3%A9e%20....pdf\">Surgical Navigation using surface-based registration<\/a><\/strong><\/span> \u00ab\u00a0.<\/p>\t\t\t\t\t\t\t\t<\/div>\n\t\t\t\t<\/div>\n\t\t\t\t\t<\/div>\n\t\t<\/div>\n\t\t\t\t<div class=\"elementor-column elementor-col-50 elementor-inner-column elementor-element elementor-element-58dfa35\" data-id=\"58dfa35\" data-element_type=\"column\" data-e-type=\"column\">\n\t\t\t<div class=\"elementor-widget-wrap elementor-element-populated\">\n\t\t\t\t\t\t<div class=\"elementor-element elementor-element-48eb479 elementor-widget__width-inherit elementor-widget elementor-widget-image\" data-id=\"48eb479\" data-element_type=\"widget\" data-e-type=\"widget\" data-widget_type=\"image.default\">\n\t\t\t\t<div class=\"elementor-widget-container\">\n\t\t\t\t\t\t\t\t\t\t\t\t\t\t\t<img loading=\"lazy\" decoding=\"async\" width=\"768\" height=\"512\" src=\"https:\/\/medytec.eu\/wp-content\/uploads\/2024\/09\/2.3-1995-vertebre-768x512.jpg\" class=\"attachment-medium_large size-medium_large wp-image-7955\" alt=\"\" srcset=\"https:\/\/medytec.eu\/wp-content\/uploads\/2024\/09\/2.3-1995-vertebre-768x512.jpg 768w, https:\/\/medytec.eu\/wp-content\/uploads\/2024\/09\/2.3-1995-vertebre-300x200.jpg 300w, https:\/\/medytec.eu\/wp-content\/uploads\/2024\/09\/2.3-1995-vertebre-1024x683.jpg 1024w, https:\/\/medytec.eu\/wp-content\/uploads\/2024\/09\/2.3-1995-vertebre-391x260.jpg 391w, https:\/\/medytec.eu\/wp-content\/uploads\/2024\/09\/2.3-1995-vertebre-18x12.jpg 18w, https:\/\/medytec.eu\/wp-content\/uploads\/2024\/09\/2.3-1995-vertebre.jpg 1239w\" sizes=\"(max-width: 768px) 100vw, 768px\" \/>\t\t\t\t\t\t\t\t\t\t\t\t\t\t\t<\/div>\n\t\t\t\t<\/div>\n\t\t\t\t<div class=\"elementor-element elementor-element-e08cc1e elementor-widget elementor-widget-text-editor\" data-id=\"e08cc1e\" data-element_type=\"widget\" data-e-type=\"widget\" data-widget_type=\"text-editor.default\">\n\t\t\t\t<div class=\"elementor-widget-container\">\n\t\t\t\t\t\t\t\t\t<p>\u00a0@ Philippe Merloz, Pascal Sautot, Stephane Lavall\u00e9e, Philippe Cinquin,\u00a0 TIMC, CHUGA<\/p>\t\t\t\t\t\t\t\t<\/div>\n\t\t\t\t<\/div>\n\t\t\t\t\t<\/div>\n\t\t<\/div>\n\t\t\t\t\t<\/div>\n\t\t<\/section>\n\t\t\t\t<div class=\"elementor-element elementor-element-f4827dc elementor-widget elementor-widget-text-editor\" data-id=\"f4827dc\" data-element_type=\"widget\" data-e-type=\"widget\" data-widget_type=\"text-editor.default\">\n\t\t\t\t<div class=\"elementor-widget-container\">\n\t\t\t\t\t\t\t\t\t<p>Cette premi\u00e8re mondiale marque une avanc\u00e9e historique qui a ouvert la voie \u00e0 de nombreuses autres premi\u00e8res s&rsquo;appuyant sur la m\u00eame technique : <\/p><ul><li>1995: \u00ab Navigation \u00bb de la chirurgie orthognathique (B. Rapha\u00ebl, G. Bettega, S. Lavall\u00e9e, P. Cinquin)<\/li><li>1997: \u00ab Navigation \u00bb des proth\u00e8ses totales de genou (D. Saragaglia, F. Picard, S. Lavall\u00e9e, P. Cinquin)<\/li><li>1997 : \u00ab Navigation \u00bb de la chirurgie endonasale (E. Reyt, S. Schmerber, S. Lavall\u00e9e)<\/li><li>2000 : \u00ab Navigation \u00bb de la vis\u00e9e sacro-iliaque percutan\u00e9e (J. Tonetti, S. Lavall\u00e9e, J. Troccaz)<\/li><li>2002 : \u00ab Navigation \u00bb de la ponction de p\u00e9ricarde (D. Blin, O. Chavanon, J. Troccaz)<\/li><\/ul><p>Cette liste ne s&rsquo;arr\u00eate pas la et n&rsquo;est que le t\u00e9moignage du d\u00e9but fulgurant de ces travaux, mettant les \u00e9quipes cliniques, scientifiques et industrielles locales aux tout premiers rangs au niveau mondial.<\/p>\t\t\t\t\t\t\t\t<\/div>\n\t\t\t\t<\/div>\n\t\t\t\t<div class=\"elementor-element elementor-element-600c559 elementor-widget elementor-widget-heading\" data-id=\"600c559\" data-element_type=\"widget\" data-e-type=\"widget\" data-widget_type=\"heading.default\">\n\t\t\t\t<div class=\"elementor-widget-container\">\n\t\t\t\t\t<h3 class=\"elementor-heading-title elementor-size-default\">2000 : fabrication du 1er d\u00e9tecteur num\u00e9rique de rayons X pour la radiographie<\/h3>\t\t\t\t<\/div>\n\t\t\t\t<\/div>\n\t\t\t\t<section class=\"elementor-section elementor-inner-section elementor-element elementor-element-c3e4cba elementor-section-boxed elementor-section-height-default elementor-section-height-default\" data-id=\"c3e4cba\" data-element_type=\"section\" data-e-type=\"section\">\n\t\t\t\t\t\t<div class=\"elementor-container elementor-column-gap-default\">\n\t\t\t\t\t<div class=\"elementor-column elementor-col-50 elementor-inner-column elementor-element elementor-element-b3e5fbb\" data-id=\"b3e5fbb\" data-element_type=\"column\" data-e-type=\"column\">\n\t\t\t<div class=\"elementor-widget-wrap elementor-element-populated\">\n\t\t\t\t\t\t<div class=\"elementor-element elementor-element-d1b9f94 elementor-widget elementor-widget-text-editor\" data-id=\"d1b9f94\" data-element_type=\"widget\" data-e-type=\"widget\" data-widget_type=\"text-editor.default\">\n\t\t\t\t<div class=\"elementor-widget-container\">\n\t\t\t\t\t\t\t\t\t<p>La soci\u00e9t\u00e9 Trixell a d\u00e9velopp\u00e9 et lanc\u00e9 en fabrication d\u00e8s l\u2019an 2000 le 1er d\u00e9tecteur num\u00e9rique de rayons X pour la radiographie.<\/p>\t\t\t\t\t\t\t\t<\/div>\n\t\t\t\t<\/div>\n\t\t\t\t<div class=\"elementor-element elementor-element-c91b415 elementor-widget elementor-widget-text-editor\" data-id=\"c91b415\" data-element_type=\"widget\" data-e-type=\"widget\" data-widget_type=\"text-editor.default\">\n\t\t\t\t<div class=\"elementor-widget-container\">\n\t\t\t\t\t\t\t\t\t<p>Cette innovation utilise un capteur num\u00e9rique grand format pour obtenir directement et instantan\u00e9ment une image digitale. Ce d\u00e9tecteur compact est int\u00e9gr\u00e9 dans un syst\u00e8me de radiographie install\u00e9 dans l\u2019h\u00f4pital.<\/p><p>Avec plus de 20000 d\u00e9tecteurs vendus dans le monde entier, la soci\u00e9t\u00e9 contribue \u00e0 l\u2019am\u00e9lioration du diagnostic m\u00e9dical gr\u00e2ce \u00e0 :<\/p><ul><li>l\u2019affichage en quelques secondes des clich\u00e9s radiographiques sur un \u00e9cran\u00a0<\/li><li>une dose de rayonnement re\u00e7ue par le patient r\u00e9duit de 30% pour une qualit\u00e9 d&rsquo;image am\u00e9lior\u00e9e<\/li><li>la transmission des images r\u00e9alis\u00e9es directement sur le r\u00e9seau de l&rsquo;h\u00f4pital<\/li><\/ul>\t\t\t\t\t\t\t\t<\/div>\n\t\t\t\t<\/div>\n\t\t\t\t\t<\/div>\n\t\t<\/div>\n\t\t\t\t<div class=\"elementor-column elementor-col-50 elementor-inner-column elementor-element elementor-element-2989092\" data-id=\"2989092\" data-element_type=\"column\" data-e-type=\"column\">\n\t\t\t<div class=\"elementor-widget-wrap elementor-element-populated\">\n\t\t\t\t\t\t<div class=\"elementor-element elementor-element-d5900c8 elementor-widget__width-inherit elementor-widget elementor-widget-image\" data-id=\"d5900c8\" data-element_type=\"widget\" data-e-type=\"widget\" data-widget_type=\"image.default\">\n\t\t\t\t<div class=\"elementor-widget-container\">\n\t\t\t\t\t\t\t\t\t\t\t\t\t\t\t<img loading=\"lazy\" decoding=\"async\" width=\"697\" height=\"436\" src=\"https:\/\/medytec.eu\/wp-content\/uploads\/2024\/09\/2.png\" class=\"attachment-medium_large size-medium_large wp-image-7956\" alt=\"\" srcset=\"https:\/\/medytec.eu\/wp-content\/uploads\/2024\/09\/2.png 697w, https:\/\/medytec.eu\/wp-content\/uploads\/2024\/09\/2-300x188.png 300w, https:\/\/medytec.eu\/wp-content\/uploads\/2024\/09\/2-18x12.png 18w\" sizes=\"(max-width: 697px) 100vw, 697px\" \/>\t\t\t\t\t\t\t\t\t\t\t\t\t\t\t<\/div>\n\t\t\t\t<\/div>\n\t\t\t\t<div class=\"elementor-element elementor-element-bc05b08 elementor-widget elementor-widget-text-editor\" data-id=\"bc05b08\" data-element_type=\"widget\" data-e-type=\"widget\" data-widget_type=\"text-editor.default\">\n\t\t\t\t<div class=\"elementor-widget-container\">\n\t\t\t\t\t\t\t\t\t<p>\u00a0@ Jean Chabbal, Christophe Chaussat, Thierry Ducourant<\/p>\t\t\t\t\t\t\t\t<\/div>\n\t\t\t\t<\/div>\n\t\t\t\t\t<\/div>\n\t\t<\/div>\n\t\t\t\t\t<\/div>\n\t\t<\/section>\n\t\t\t\t<div class=\"elementor-element elementor-element-dcff455 elementor-widget elementor-widget-heading\" data-id=\"dcff455\" data-element_type=\"widget\" data-e-type=\"widget\" data-widget_type=\"heading.default\">\n\t\t\t\t<div class=\"elementor-widget-container\">\n\t\t\t\t\t<h3 class=\"elementor-heading-title elementor-size-default\">2009 : Prix Nobel pour avoir montr\u00e9 la structure et le fonctionnement des ribosomes au synchrotron<\/h3>\t\t\t\t<\/div>\n\t\t\t\t<\/div>\n\t\t\t\t<section class=\"elementor-section elementor-inner-section elementor-element elementor-element-6173010 elementor-section-boxed elementor-section-height-default elementor-section-height-default\" data-id=\"6173010\" data-element_type=\"section\" data-e-type=\"section\">\n\t\t\t\t\t\t<div class=\"elementor-container elementor-column-gap-default\">\n\t\t\t\t\t<div class=\"elementor-column elementor-col-50 elementor-inner-column elementor-element elementor-element-7a97559\" data-id=\"7a97559\" data-element_type=\"column\" data-e-type=\"column\">\n\t\t\t<div class=\"elementor-widget-wrap elementor-element-populated\">\n\t\t\t\t\t\t<div class=\"elementor-element elementor-element-112fc21 elementor-widget elementor-widget-text-editor\" data-id=\"112fc21\" data-element_type=\"widget\" data-e-type=\"widget\" data-widget_type=\"text-editor.default\">\n\t\t\t\t<div class=\"elementor-widget-container\">\n\t\t\t\t\t\t\t\t\t<p>Le Prix Nobel de Chimie 2009 a \u00e9t\u00e9 attribu\u00e9 \u00e0 Venkatraman Ramakrishnan, Thomas A. Steitz et Ada E. Yonath pour l&rsquo;\u00e9tude de la structure des ribosomes et leur fonctionnement \u00e0 l&rsquo;\u00e9chelle atomique.<\/p>\t\t\t\t\t\t\t\t<\/div>\n\t\t\t\t<\/div>\n\t\t\t\t<div class=\"elementor-element elementor-element-603eaa1 elementor-widget elementor-widget-text-editor\" data-id=\"603eaa1\" data-element_type=\"widget\" data-e-type=\"widget\" data-widget_type=\"text-editor.default\">\n\t\t\t\t<div class=\"elementor-widget-container\">\n\t\t\t\t\t\t\t\t\t<p>Un espoir pour la recherche de nouveaux antibiotiques qui inhiberaient sp\u00e9cifiquement le ribosome bact\u00e9rien, et traiteraient les infections dues \u00e0 des bact\u00e9ries qui d\u00e9veloppent de plus en plus de r\u00e9sistance aux antibiotiques usuels.<\/p><p>Professeure de biologie structurale \u00e0 l\u2019Institut Weizmann, Rehovot, Isra\u00ebl, Ada Yonath est pionni\u00e8re dans l\u2019\u00e9tude et la compr\u00e9hension des ribosomes, en analysant leur structure par cristallographie, notamment sur le synchrotron de l\u2019ESRF, \u00e0 Grenoble. Elle a re\u00e7u un nombre important de prix et honneurs, dont le prix l\u2019Or\u00e9al-UNESCO pour les femmes et la science en 2008.<\/p>\t\t\t\t\t\t\t\t<\/div>\n\t\t\t\t<\/div>\n\t\t\t\t\t<\/div>\n\t\t<\/div>\n\t\t\t\t<div class=\"elementor-column elementor-col-50 elementor-inner-column elementor-element elementor-element-4d2e327\" data-id=\"4d2e327\" data-element_type=\"column\" data-e-type=\"column\">\n\t\t\t<div class=\"elementor-widget-wrap elementor-element-populated\">\n\t\t\t\t\t\t<div class=\"elementor-element elementor-element-aa965f0 elementor-widget__width-inherit elementor-widget elementor-widget-image\" data-id=\"aa965f0\" data-element_type=\"widget\" data-e-type=\"widget\" data-widget_type=\"image.default\">\n\t\t\t\t<div class=\"elementor-widget-container\">\n\t\t\t\t\t\t\t\t\t\t\t\t\t\t\t<img loading=\"lazy\" decoding=\"async\" width=\"768\" height=\"510\" src=\"https:\/\/medytec.eu\/wp-content\/uploads\/2024\/09\/2.3Photo-of-Venki-and-Ada-Yonath_CreditsVenki-768x510.jpg\" class=\"attachment-medium_large size-medium_large wp-image-8000\" alt=\"\" srcset=\"https:\/\/medytec.eu\/wp-content\/uploads\/2024\/09\/2.3Photo-of-Venki-and-Ada-Yonath_CreditsVenki-768x510.jpg 768w, https:\/\/medytec.eu\/wp-content\/uploads\/2024\/09\/2.3Photo-of-Venki-and-Ada-Yonath_CreditsVenki-300x199.jpg 300w, https:\/\/medytec.eu\/wp-content\/uploads\/2024\/09\/2.3Photo-of-Venki-and-Ada-Yonath_CreditsVenki-1024x680.jpg 1024w, https:\/\/medytec.eu\/wp-content\/uploads\/2024\/09\/2.3Photo-of-Venki-and-Ada-Yonath_CreditsVenki-391x260.jpg 391w, https:\/\/medytec.eu\/wp-content\/uploads\/2024\/09\/2.3Photo-of-Venki-and-Ada-Yonath_CreditsVenki-1536x1020.jpg 1536w, https:\/\/medytec.eu\/wp-content\/uploads\/2024\/09\/2.3Photo-of-Venki-and-Ada-Yonath_CreditsVenki-2048x1360.jpg 2048w, https:\/\/medytec.eu\/wp-content\/uploads\/2024\/09\/2.3Photo-of-Venki-and-Ada-Yonath_CreditsVenki-18x12.jpg 18w\" sizes=\"(max-width: 768px) 100vw, 768px\" \/>\t\t\t\t\t\t\t\t\t\t\t\t\t\t\t<\/div>\n\t\t\t\t<\/div>\n\t\t\t\t\t<\/div>\n\t\t<\/div>\n\t\t\t\t\t<\/div>\n\t\t<\/section>\n\t\t\t\t<div class=\"elementor-element elementor-element-dba2532 elementor-widget elementor-widget-heading\" data-id=\"dba2532\" data-element_type=\"widget\" data-e-type=\"widget\" data-widget_type=\"heading.default\">\n\t\t\t\t<div class=\"elementor-widget-container\">\n\t\t\t\t\t<h3 class=\"elementor-heading-title elementor-size-default\">2017 : 1ere cam\u00e9ra en technologie CMOS embarqu\u00e9e dans un syst\u00e8me pour d\u2019OCT (Optical coherence tomography) dans l'ophtalmologie<\/h3>\t\t\t\t<\/div>\n\t\t\t\t<\/div>\n\t\t\t\t<section class=\"elementor-section elementor-inner-section elementor-element elementor-element-0d6f059 elementor-section-boxed elementor-section-height-default elementor-section-height-default\" data-id=\"0d6f059\" data-element_type=\"section\" data-e-type=\"section\">\n\t\t\t\t\t\t<div class=\"elementor-container elementor-column-gap-default\">\n\t\t\t\t\t<div class=\"elementor-column elementor-col-50 elementor-inner-column elementor-element elementor-element-9c3afec\" data-id=\"9c3afec\" data-element_type=\"column\" data-e-type=\"column\">\n\t\t\t<div class=\"elementor-widget-wrap elementor-element-populated\">\n\t\t\t\t\t\t<div class=\"elementor-element elementor-element-7d6f6a1 elementor-widget elementor-widget-text-editor\" data-id=\"7d6f6a1\" data-element_type=\"widget\" data-e-type=\"widget\" data-widget_type=\"text-editor.default\">\n\t\t\t\t<div class=\"elementor-widget-container\">\n\t\t\t\t\t\t\t\t\t<p>Teledyne e2v Grenoble a d\u00e9velopp\u00e9 une technologie brevet\u00e9 embarqu\u00e9e dans ses cam\u00e9ras pour l\u2019ophtalmologie permettant d\u2019am\u00e9liorer la qualit\u00e9 de l\u2019image pour les examens OCT et ainsi d\u00e9tecter de tr\u00e8s petites anomalies (5\u00b5m) au plus t\u00f4t pouvant \u00e0 terme alt\u00e9rer la vision. Ces cam\u00e9ras sont aussi tr\u00e8s utilis\u00e9es pour de la recherche avanc\u00e9e liant les changements en profondeur de l\u2019\u0153il et les maladies tel qu\u2019Alzheimer.<\/p>\t\t\t\t\t\t\t\t<\/div>\n\t\t\t\t<\/div>\n\t\t\t\t\t<\/div>\n\t\t<\/div>\n\t\t\t\t<div class=\"elementor-column elementor-col-50 elementor-inner-column elementor-element elementor-element-1f5dd71\" data-id=\"1f5dd71\" data-element_type=\"column\" data-e-type=\"column\">\n\t\t\t<div class=\"elementor-widget-wrap elementor-element-populated\">\n\t\t\t\t\t\t<div class=\"elementor-element elementor-element-be6ee9b elementor-widget__width-inherit elementor-widget elementor-widget-image\" data-id=\"be6ee9b\" data-element_type=\"widget\" data-e-type=\"widget\" data-widget_type=\"image.default\">\n\t\t\t\t<div class=\"elementor-widget-container\">\n\t\t\t\t\t\t\t\t\t\t\t\t\t\t\t<img loading=\"lazy\" decoding=\"async\" width=\"768\" height=\"510\" src=\"https:\/\/medytec.eu\/wp-content\/uploads\/2024\/09\/iStock-508192454-768x510.jpg\" class=\"attachment-medium_large size-medium_large wp-image-8002\" alt=\"\" srcset=\"https:\/\/medytec.eu\/wp-content\/uploads\/2024\/09\/iStock-508192454-768x510.jpg 768w, https:\/\/medytec.eu\/wp-content\/uploads\/2024\/09\/iStock-508192454-300x199.jpg 300w, https:\/\/medytec.eu\/wp-content\/uploads\/2024\/09\/iStock-508192454-1024x681.jpg 1024w, https:\/\/medytec.eu\/wp-content\/uploads\/2024\/09\/iStock-508192454-391x260.jpg 391w, https:\/\/medytec.eu\/wp-content\/uploads\/2024\/09\/iStock-508192454-1536x1021.jpg 1536w, https:\/\/medytec.eu\/wp-content\/uploads\/2024\/09\/iStock-508192454-2048x1361.jpg 2048w, https:\/\/medytec.eu\/wp-content\/uploads\/2024\/09\/iStock-508192454-18x12.jpg 18w\" sizes=\"(max-width: 768px) 100vw, 768px\" \/>\t\t\t\t\t\t\t\t\t\t\t\t\t\t\t<\/div>\n\t\t\t\t<\/div>\n\t\t\t\t\t<\/div>\n\t\t<\/div>\n\t\t\t\t\t<\/div>\n\t\t<\/section>\n\t\t\t\t<div class=\"elementor-element elementor-element-194c29a elementor-widget elementor-widget-heading\" data-id=\"194c29a\" data-element_type=\"widget\" data-e-type=\"widget\" data-widget_type=\"heading.default\">\n\t\t\t\t<div class=\"elementor-widget-container\">\n\t\t\t\t\t<h3 class=\"elementor-heading-title elementor-size-default\">2017 : 1\u00e8re vert\u00e9broplastie int\u00e9grant imagerie 3D et navigation chirurgicale en temps r\u00e9el<\/h3>\t\t\t\t<\/div>\n\t\t\t\t<\/div>\n\t\t\t\t<section class=\"elementor-section elementor-inner-section elementor-element elementor-element-03e600c elementor-section-boxed elementor-section-height-default elementor-section-height-default\" data-id=\"03e600c\" data-element_type=\"section\" data-e-type=\"section\">\n\t\t\t\t\t\t<div class=\"elementor-container elementor-column-gap-default\">\n\t\t\t\t\t<div class=\"elementor-column elementor-col-50 elementor-inner-column elementor-element elementor-element-249a487\" data-id=\"249a487\" data-element_type=\"column\" data-e-type=\"column\">\n\t\t\t<div class=\"elementor-widget-wrap elementor-element-populated\">\n\t\t\t\t\t\t<div class=\"elementor-element elementor-element-a58c5b0 elementor-widget elementor-widget-text-editor\" data-id=\"a58c5b0\" data-element_type=\"widget\" data-e-type=\"widget\" data-widget_type=\"text-editor.default\">\n\t\t\t\t<div class=\"elementor-widget-container\">\n\t\t\t\t\t\t\t\t\t<p>En 2017, le @CHU Grenoble Alpes a r\u00e9alis\u00e9 la premi\u00e8re vert\u00e9broplastie mondiale en utilisant le syst\u00e8me Surgivisio, une innovation d\u00e9velopp\u00e9e par @Ecential Robotics.<\/p>\t\t\t\t\t\t\t\t<\/div>\n\t\t\t\t<\/div>\n\t\t\t\t<div class=\"elementor-element elementor-element-c2581e8 elementor-widget elementor-widget-text-editor\" data-id=\"c2581e8\" data-element_type=\"widget\" data-e-type=\"widget\" data-widget_type=\"text-editor.default\">\n\t\t\t\t<div class=\"elementor-widget-container\">\n\t\t\t\t\t\t\t\t\t<p>Ce syst\u00e8me int\u00e8gre imagerie 3D et navigation chirurgicale en temps r\u00e9el, permettant des interventions mini-invasives plus pr\u00e9cises et rapides. Cette technologie a marqu\u00e9 un tournant dans la chirurgie vert\u00e9brale, renfor\u00e7ant la position de Grenoble Alpes comme un leader mondial en innovation m\u00e9dicale.<\/p>\t\t\t\t\t\t\t\t<\/div>\n\t\t\t\t<\/div>\n\t\t\t\t<div class=\"elementor-element elementor-element-2944644 elementor-view-default elementor-widget elementor-widget-icon\" data-id=\"2944644\" data-element_type=\"widget\" data-e-type=\"widget\" data-widget_type=\"icon.default\">\n\t\t\t\t<div class=\"elementor-widget-container\">\n\t\t\t\t\t\t\t<div class=\"elementor-icon-wrapper\">\n\t\t\t<a class=\"elementor-icon\" href=\"https:\/\/france3-regions.francetvinfo.fr\/auvergne-rhone-alpes\/isere\/grenoble\/direct-video-chirurgie-3d-colonne-vertebrale-1ere-mondiale-au-chu-grenoble-1384619.html\">\n\t\t\t<i aria-hidden=\"true\" class=\"fas fa-video\"><\/i>\t\t\t<\/a>\n\t\t<\/div>\n\t\t\t\t\t\t<\/div>\n\t\t\t\t<\/div>\n\t\t\t\t\t<\/div>\n\t\t<\/div>\n\t\t\t\t<div class=\"elementor-column elementor-col-50 elementor-inner-column elementor-element elementor-element-3405eea\" data-id=\"3405eea\" data-element_type=\"column\" data-e-type=\"column\">\n\t\t\t<div class=\"elementor-widget-wrap elementor-element-populated\">\n\t\t\t\t\t\t<div class=\"elementor-element elementor-element-16cc63c elementor-widget__width-inherit elementor-widget elementor-widget-image\" data-id=\"16cc63c\" data-element_type=\"widget\" data-e-type=\"widget\" data-widget_type=\"image.default\">\n\t\t\t\t<div class=\"elementor-widget-container\">\n\t\t\t\t\t\t\t\t\t\t\t\t\t\t\t<img loading=\"lazy\" decoding=\"async\" width=\"768\" height=\"574\" src=\"https:\/\/medytec.eu\/wp-content\/uploads\/2024\/09\/2.3-ecential-768x574.jpg\" class=\"attachment-medium_large size-medium_large wp-image-8003\" alt=\"\" srcset=\"https:\/\/medytec.eu\/wp-content\/uploads\/2024\/09\/2.3-ecential-768x574.jpg 768w, https:\/\/medytec.eu\/wp-content\/uploads\/2024\/09\/2.3-ecential-300x224.jpg 300w, https:\/\/medytec.eu\/wp-content\/uploads\/2024\/09\/2.3-ecential-1024x765.jpg 1024w, https:\/\/medytec.eu\/wp-content\/uploads\/2024\/09\/2.3-ecential-16x12.jpg 16w, https:\/\/medytec.eu\/wp-content\/uploads\/2024\/09\/2.3-ecential.jpg 1318w\" sizes=\"(max-width: 768px) 100vw, 768px\" \/>\t\t\t\t\t\t\t\t\t\t\t\t\t\t\t<\/div>\n\t\t\t\t<\/div>\n\t\t\t\t<div class=\"elementor-element elementor-element-fc4f21b elementor-widget elementor-widget-text-editor\" data-id=\"fc4f21b\" data-element_type=\"widget\" data-e-type=\"widget\" data-widget_type=\"text-editor.default\">\n\t\t\t\t<div class=\"elementor-widget-container\">\n\t\t\t\t\t\t\t\t\t<p>@Stephane Lavall\u00e9e, David Armand, Cl\u00e9ment Vidal, Pr J\u00e9r\u00f4me Tonetti, Laurence Chabanas Ecential Robotics, CHUGA, @R\u00e9gion AURA @UGA<\/p>\t\t\t\t\t\t\t\t<\/div>\n\t\t\t\t<\/div>\n\t\t\t\t\t<\/div>\n\t\t<\/div>\n\t\t\t\t\t<\/div>\n\t\t<\/section>\n\t\t\t\t<div class=\"elementor-element elementor-element-ad5a903 elementor-widget elementor-widget-heading\" data-id=\"ad5a903\" data-element_type=\"widget\" data-e-type=\"widget\" data-widget_type=\"heading.default\">\n\t\t\t\t<div class=\"elementor-widget-container\">\n\t\t\t\t\t<h3 class=\"elementor-heading-title elementor-size-default\">2018 : Autorisation du 1er \u00abpancr\u00e9as artificiel\u00bb en France pour la gestion du diab\u00e8te de type 1<\/h3>\t\t\t\t<\/div>\n\t\t\t\t<\/div>\n\t\t\t\t<section class=\"elementor-section elementor-inner-section elementor-element elementor-element-106c503 elementor-section-boxed elementor-section-height-default elementor-section-height-default\" data-id=\"106c503\" data-element_type=\"section\" data-e-type=\"section\">\n\t\t\t\t\t\t<div class=\"elementor-container elementor-column-gap-default\">\n\t\t\t\t\t<div class=\"elementor-column elementor-col-50 elementor-inner-column elementor-element elementor-element-49ab092\" data-id=\"49ab092\" data-element_type=\"column\" data-e-type=\"column\">\n\t\t\t<div class=\"elementor-widget-wrap elementor-element-populated\">\n\t\t\t\t\t\t<div class=\"elementor-element elementor-element-a19939f elementor-widget elementor-widget-text-editor\" data-id=\"a19939f\" data-element_type=\"widget\" data-e-type=\"widget\" data-widget_type=\"text-editor.default\">\n\t\t\t\t<div class=\"elementor-widget-container\">\n\t\t\t\t\t\t\t\t\t<p>2018 Marquage CE du 1er \u00ab pancr\u00e9as artificiel \u00bb en France pour la gestion du diab\u00e8te de type 1. Cette technologie innovante, d\u00e9velopp\u00e9e par @Diabeloop, en collaboration avec le @CEA-Leti simule les fonctions du pancr\u00e9as en ajustant automatiquement le niveau d&rsquo;insuline d\u00e9livr\u00e9 par une pompe en temps r\u00e9el.<\/p>\t\t\t\t\t\t\t\t<\/div>\n\t\t\t\t<\/div>\n\t\t\t\t<div class=\"elementor-element elementor-element-c845fe4 elementor-widget elementor-widget-text-editor\" data-id=\"c845fe4\" data-element_type=\"widget\" data-e-type=\"widget\" data-widget_type=\"text-editor.default\">\n\t\t\t\t<div class=\"elementor-widget-container\">\n\t\t\t\t\t\t\t\t\t<p>Le dispositif offre une meilleure gestion de la glyc\u00e9mie, r\u00e9duisant ainsi les risques et la charge mentale associ\u00e9s \u00e0 cette maladie auto-immune chronique. <br \/>Aujourd&rsquo;hui en 2024, Diabeloop rassemble plus de 100 collaborateurs et son dispositif est port\u00e9 par plus de 10 000 patients en Europe. Cette avanc\u00e9e souligne l&rsquo;engagement de Grenoble Alpes \u00e0 rester \u00e0 la pointe de l&rsquo;innovation m\u00e9dicale.<\/p>\t\t\t\t\t\t\t\t<\/div>\n\t\t\t\t<\/div>\n\t\t\t\t\t<\/div>\n\t\t<\/div>\n\t\t\t\t<div class=\"elementor-column elementor-col-50 elementor-inner-column elementor-element elementor-element-e099a11\" data-id=\"e099a11\" data-element_type=\"column\" data-e-type=\"column\">\n\t\t\t<div class=\"elementor-widget-wrap elementor-element-populated\">\n\t\t\t\t\t\t<div class=\"elementor-element elementor-element-5b81d6e elementor-widget__width-inherit elementor-widget elementor-widget-image\" data-id=\"5b81d6e\" data-element_type=\"widget\" data-e-type=\"widget\" data-widget_type=\"image.default\">\n\t\t\t\t<div class=\"elementor-widget-container\">\n\t\t\t\t\t\t\t\t\t\t\t\t\t\t\t<img loading=\"lazy\" decoding=\"async\" width=\"225\" height=\"300\" src=\"https:\/\/medytec.eu\/wp-content\/uploads\/2024\/09\/DBLG1System-2-LD-225x300.png\" class=\"attachment-medium size-medium wp-image-8008\" alt=\"\" srcset=\"https:\/\/medytec.eu\/wp-content\/uploads\/2024\/09\/DBLG1System-2-LD-225x300.png 225w, https:\/\/medytec.eu\/wp-content\/uploads\/2024\/09\/DBLG1System-2-LD-768x1024.png 768w, https:\/\/medytec.eu\/wp-content\/uploads\/2024\/09\/DBLG1System-2-LD-300x400.png 300w, https:\/\/medytec.eu\/wp-content\/uploads\/2024\/09\/DBLG1System-2-LD-1152x1536.png 1152w, https:\/\/medytec.eu\/wp-content\/uploads\/2024\/09\/DBLG1System-2-LD-1536x2048.png 1536w, https:\/\/medytec.eu\/wp-content\/uploads\/2024\/09\/DBLG1System-2-LD-9x12.png 9w, https:\/\/medytec.eu\/wp-content\/uploads\/2024\/09\/DBLG1System-2-LD.png 1800w\" sizes=\"(max-width: 225px) 100vw, 225px\" \/>\t\t\t\t\t\t\t\t\t\t\t\t\t\t\t<\/div>\n\t\t\t\t<\/div>\n\t\t\t\t<div class=\"elementor-element elementor-element-f4bc049 elementor-widget elementor-widget-text-editor\" data-id=\"f4bc049\" data-element_type=\"widget\" data-e-type=\"widget\" data-widget_type=\"text-editor.default\">\n\t\t\t\t<div class=\"elementor-widget-container\">\n\t\t\t\t\t\t\t\t\t<p>\u00a0@Pr Pierre-Yves Benhamou @Pr Sandrine Lablanche, @Diabeloop, @CEA-Leti, CHUGA<\/p>\t\t\t\t\t\t\t\t<\/div>\n\t\t\t\t<\/div>\n\t\t\t\t\t<\/div>\n\t\t<\/div>\n\t\t\t\t\t<\/div>\n\t\t<\/section>\n\t\t\t\t<div class=\"elementor-element elementor-element-4b2f45c elementor-widget elementor-widget-heading\" data-id=\"4b2f45c\" data-element_type=\"widget\" data-e-type=\"widget\" data-widget_type=\"heading.default\">\n\t\t\t\t<div class=\"elementor-widget-container\">\n\t\t\t\t\t<h3 class=\"elementor-heading-title elementor-size-default\">2019 : 1er prototype d'un exosquelette connect\u00e9 au cerveau d'un patient t\u00e9trapl\u00e9gique<\/h3>\t\t\t\t<\/div>\n\t\t\t\t<\/div>\n\t\t\t\t<section class=\"elementor-section elementor-inner-section elementor-element elementor-element-3cbe5a8 elementor-section-boxed elementor-section-height-default elementor-section-height-default\" data-id=\"3cbe5a8\" data-element_type=\"section\" data-e-type=\"section\">\n\t\t\t\t\t\t<div class=\"elementor-container elementor-column-gap-default\">\n\t\t\t\t\t<div class=\"elementor-column elementor-col-50 elementor-inner-column elementor-element elementor-element-0d05204\" data-id=\"0d05204\" data-element_type=\"column\" data-e-type=\"column\">\n\t\t\t<div class=\"elementor-widget-wrap elementor-element-populated\">\n\t\t\t\t\t\t<div class=\"elementor-element elementor-element-34e3e00 elementor-widget elementor-widget-text-editor\" data-id=\"34e3e00\" data-element_type=\"widget\" data-e-type=\"widget\" data-widget_type=\"text-editor.default\">\n\t\t\t\t<div class=\"elementor-widget-container\">\n\t\t\t\t\t\t\t\t\t<p>Pour la premi\u00e8re fois, un patient t\u00e9trapl\u00e9gique a pu se d\u00e9placer et contr\u00f4ler ses deux membres sup\u00e9rieurs gr\u00e2ce \u00e0 une neuroproth\u00e8se, qui recueille, transmet et d\u00e9code en temps r\u00e9el les signaux c\u00e9r\u00e9braux pour contr\u00f4ler un exosquelette.<\/p>\t\t\t\t\t\t\t\t<\/div>\n\t\t\t\t<\/div>\n\t\t\t\t<div class=\"elementor-element elementor-element-24fc823 elementor-widget elementor-widget-text-editor\" data-id=\"24fc823\" data-element_type=\"widget\" data-e-type=\"widget\" data-widget_type=\"text-editor.default\">\n\t\t\t\t<div class=\"elementor-widget-container\">\n\t\t\t\t\t\t\t\t\t<p>Publi\u00e9s en 2019 dans la revue The Lancet Neurology, les r\u00e9sultats de l\u2019\u00e9tude clinique du projet Brain Computer Interface (BCI), r\u00e9alis\u00e9e au CEA de Grenoble au sein du centre de recherche biom\u00e9dicale @Clinatec, associant le @CEA, le @Fonds Clinatec, le @CHUGA et l\u2019@UGA, valident la preuve de concept du pilotage d\u2019un exosquelette 4 membres sp\u00e9cifique. Ce pilotage est permis par l\u2019implantation long-terme d\u2019un dispositif m\u00e9dical semi-invasif de mesure de l\u2019activit\u00e9 c\u00e9r\u00e9brale, d\u00e9velopp\u00e9 au CEA. Cette technologie est destin\u00e9e, \u00e0 terme, \u00e0 donner une plus grande mobilit\u00e9 aux personnes en situation de handicap moteur.<\/p>\t\t\t\t\t\t\t\t<\/div>\n\t\t\t\t<\/div>\n\t\t\t\t<div class=\"elementor-element elementor-element-45d4894 elementor-view-default elementor-widget elementor-widget-icon\" data-id=\"45d4894\" data-element_type=\"widget\" data-e-type=\"widget\" data-widget_type=\"icon.default\">\n\t\t\t\t<div class=\"elementor-widget-container\">\n\t\t\t\t\t\t\t<div class=\"elementor-icon-wrapper\">\n\t\t\t<a class=\"elementor-icon\" href=\"https:\/\/france3-regions.francetvinfo.fr\/auvergne-rhone-alpes\/isere\/grenoble-chercheurs-du-cea-permettent-patient-tetraplegique-bouger-exosquelette-1731787.html\">\n\t\t\t<i aria-hidden=\"true\" class=\"fas fa-video\"><\/i>\t\t\t<\/a>\n\t\t<\/div>\n\t\t\t\t\t\t<\/div>\n\t\t\t\t<\/div>\n\t\t\t\t\t<\/div>\n\t\t<\/div>\n\t\t\t\t<div class=\"elementor-column elementor-col-50 elementor-inner-column elementor-element elementor-element-a38c2b6\" data-id=\"a38c2b6\" data-element_type=\"column\" data-e-type=\"column\">\n\t\t\t<div class=\"elementor-widget-wrap elementor-element-populated\">\n\t\t\t\t\t\t<div class=\"elementor-element elementor-element-0c21031 elementor-widget__width-inherit elementor-widget elementor-widget-image\" data-id=\"0c21031\" data-element_type=\"widget\" data-e-type=\"widget\" data-widget_type=\"image.default\">\n\t\t\t\t<div class=\"elementor-widget-container\">\n\t\t\t\t\t\t\t\t\t\t\t\t\t\t\t<img loading=\"lazy\" decoding=\"async\" width=\"768\" height=\"511\" src=\"https:\/\/medytec.eu\/wp-content\/uploads\/2024\/09\/2.3Clinatec-_-Juliette-Treillet-34-768x511.jpg\" class=\"attachment-medium_large size-medium_large wp-image-8097\" alt=\"\" srcset=\"https:\/\/medytec.eu\/wp-content\/uploads\/2024\/09\/2.3Clinatec-_-Juliette-Treillet-34-768x511.jpg 768w, https:\/\/medytec.eu\/wp-content\/uploads\/2024\/09\/2.3Clinatec-_-Juliette-Treillet-34-300x200.jpg 300w, https:\/\/medytec.eu\/wp-content\/uploads\/2024\/09\/2.3Clinatec-_-Juliette-Treillet-34-1024x681.jpg 1024w, https:\/\/medytec.eu\/wp-content\/uploads\/2024\/09\/2.3Clinatec-_-Juliette-Treillet-34-391x260.jpg 391w, https:\/\/medytec.eu\/wp-content\/uploads\/2024\/09\/2.3Clinatec-_-Juliette-Treillet-34-1536x1022.jpg 1536w, https:\/\/medytec.eu\/wp-content\/uploads\/2024\/09\/2.3Clinatec-_-Juliette-Treillet-34-2048x1363.jpg 2048w, https:\/\/medytec.eu\/wp-content\/uploads\/2024\/09\/2.3Clinatec-_-Juliette-Treillet-34-18x12.jpg 18w\" sizes=\"(max-width: 768px) 100vw, 768px\" \/>\t\t\t\t\t\t\t\t\t\t\t\t\t\t\t<\/div>\n\t\t\t\t<\/div>\n\t\t\t\t<div class=\"elementor-element elementor-element-8f811e4 elementor-widget elementor-widget-text-editor\" data-id=\"8f811e4\" data-element_type=\"widget\" data-e-type=\"widget\" data-widget_type=\"text-editor.default\">\n\t\t\t\t<div class=\"elementor-widget-container\">\n\t\t\t\t\t\t\t\t\t<p>\u00a0@Alim-Louis Benabid @Stephan Chabardes @Guillaume Charvet<\/p>\t\t\t\t\t\t\t\t<\/div>\n\t\t\t\t<\/div>\n\t\t\t\t\t<\/div>\n\t\t<\/div>\n\t\t\t\t\t<\/div>\n\t\t<\/section>\n\t\t\t\t<div class=\"elementor-element elementor-element-b6f60fd elementor-widget elementor-widget-heading\" data-id=\"b6f60fd\" data-element_type=\"widget\" data-e-type=\"widget\" data-widget_type=\"heading.default\">\n\t\t\t\t<div class=\"elementor-widget-container\">\n\t\t\t\t\t<h3 class=\"elementor-heading-title elementor-size-default\">2022 : Premi\u00e8re mondiale dans le domaine des organo\u00efdes-sur-puce<\/h3>\t\t\t\t<\/div>\n\t\t\t\t<\/div>\n\t\t\t\t<section class=\"elementor-section elementor-inner-section elementor-element elementor-element-a163a6d elementor-section-boxed elementor-section-height-default elementor-section-height-default\" data-id=\"a163a6d\" data-element_type=\"section\" data-e-type=\"section\">\n\t\t\t\t\t\t<div class=\"elementor-container elementor-column-gap-default\">\n\t\t\t\t\t<div class=\"elementor-column elementor-col-50 elementor-inner-column elementor-element elementor-element-4c165fd\" data-id=\"4c165fd\" data-element_type=\"column\" data-e-type=\"column\">\n\t\t\t<div class=\"elementor-widget-wrap elementor-element-populated\">\n\t\t\t\t\t\t<div class=\"elementor-element elementor-element-0248dbd elementor-widget elementor-widget-text-editor\" data-id=\"0248dbd\" data-element_type=\"widget\" data-e-type=\"widget\" data-widget_type=\"text-editor.default\">\n\t\t\t\t<div class=\"elementor-widget-container\">\n\t\t\t\t\t\t\t\t\t<p>En 2022, le CEA a maintenu en vie sur puce pendant un mois des \u00eelots de Langerhans, qui contribuent au sein du pancr\u00e9as \u00e0 la r\u00e9gulation du taux de glucose dans le sang en lib\u00e9rant de l\u2019insuline.<\/p>\t\t\t\t\t\t\t\t<\/div>\n\t\t\t\t<\/div>\n\t\t\t\t<div class=\"elementor-element elementor-element-ea9c9d4 elementor-widget elementor-widget-text-editor\" data-id=\"ea9c9d4\" data-element_type=\"widget\" data-e-type=\"widget\" data-widget_type=\"text-editor.default\">\n\t\t\t\t<div class=\"elementor-widget-container\">\n\t\t\t\t\t\t\t\t\t<p>Les organo\u00efdes-sur-puce sont des dispositifs microfluidiques avec assemblages cellulaires pour mod\u00e9liser la physiologie humaine, les pathologies et anticiper la m\u00e9decine de pr\u00e9cision. En 2022, le CEA a maintenu en vie sur puce pendant un mois des \u00eelots de Langerhans, qui contribuent au sein du pancr\u00e9as \u00e0 la r\u00e9gulation du taux de glucose dans le sang en lib\u00e9rant de l\u2019insuline. De plus, la production individuelle d\u2019insuline des \u00eelots a \u00e9t\u00e9 quantifi\u00e9e pour d\u00e9terminer les plus \u00ab performants \u00bb. Une premi\u00e8re qui un jour, permettra peut-\u00eatre d\u2019am\u00e9liorer l\u2019efficacit\u00e9 des greffes d\u2019\u00eelots pratiqu\u00e9es sur certains patients diab\u00e9tiques.<\/p>\t\t\t\t\t\t\t\t<\/div>\n\t\t\t\t<\/div>\n\t\t\t\t<div class=\"elementor-element elementor-element-11cf286 elementor-view-default elementor-widget elementor-widget-icon\" data-id=\"11cf286\" data-element_type=\"widget\" data-e-type=\"widget\" data-widget_type=\"icon.default\">\n\t\t\t\t<div class=\"elementor-widget-container\">\n\t\t\t\t\t\t\t<div class=\"elementor-icon-wrapper\">\n\t\t\t<a class=\"elementor-icon\" href=\"https:\/\/www.youtube.com\/watch?v=I4JLs9T2qqI&#038;embeds_referring_euri=https%3A%2F%2Fwww.leti-cea.fr%2F&#038;source_ve_path=Mjg2NjY\">\n\t\t\t<i aria-hidden=\"true\" class=\"fas fa-video\"><\/i>\t\t\t<\/a>\n\t\t<\/div>\n\t\t\t\t\t\t<\/div>\n\t\t\t\t<\/div>\n\t\t\t\t\t<\/div>\n\t\t<\/div>\n\t\t\t\t<div class=\"elementor-column elementor-col-50 elementor-inner-column elementor-element elementor-element-bb527aa\" data-id=\"bb527aa\" data-element_type=\"column\" data-e-type=\"column\">\n\t\t\t<div class=\"elementor-widget-wrap elementor-element-populated\">\n\t\t\t\t\t\t<div class=\"elementor-element elementor-element-8b4effb elementor-widget__width-inherit elementor-widget elementor-widget-image\" data-id=\"8b4effb\" data-element_type=\"widget\" data-e-type=\"widget\" data-widget_type=\"image.default\">\n\t\t\t\t<div class=\"elementor-widget-container\">\n\t\t\t\t\t\t\t\t\t\t\t\t\t\t\t<img loading=\"lazy\" decoding=\"async\" width=\"768\" height=\"512\" src=\"https:\/\/medytec.eu\/wp-content\/uploads\/2024\/09\/CEA025209_CEAHD-2-768x512.jpg\" class=\"attachment-medium_large size-medium_large wp-image-8098\" alt=\"\" srcset=\"https:\/\/medytec.eu\/wp-content\/uploads\/2024\/09\/CEA025209_CEAHD-2-768x512.jpg 768w, https:\/\/medytec.eu\/wp-content\/uploads\/2024\/09\/CEA025209_CEAHD-2-300x200.jpg 300w, https:\/\/medytec.eu\/wp-content\/uploads\/2024\/09\/CEA025209_CEAHD-2-1024x683.jpg 1024w, https:\/\/medytec.eu\/wp-content\/uploads\/2024\/09\/CEA025209_CEAHD-2-391x260.jpg 391w, https:\/\/medytec.eu\/wp-content\/uploads\/2024\/09\/CEA025209_CEAHD-2-1536x1024.jpg 1536w, https:\/\/medytec.eu\/wp-content\/uploads\/2024\/09\/CEA025209_CEAHD-2-2048x1365.jpg 2048w, https:\/\/medytec.eu\/wp-content\/uploads\/2024\/09\/CEA025209_CEAHD-2-18x12.jpg 18w\" sizes=\"(max-width: 768px) 100vw, 768px\" \/>\t\t\t\t\t\t\t\t\t\t\t\t\t\t\t<\/div>\n\t\t\t\t<\/div>\n\t\t\t\t<div class=\"elementor-element elementor-element-ff05b59 elementor-widget elementor-widget-text-editor\" data-id=\"ff05b59\" data-element_type=\"widget\" data-e-type=\"widget\" data-widget_type=\"text-editor.default\">\n\t\t\t\t<div class=\"elementor-widget-container\">\n\t\t\t\t\t\t\t\t\t<p>@Fabrice Navarro, @Xavier Gidrol, @Yann De Boysson<\/p>\t\t\t\t\t\t\t\t<\/div>\n\t\t\t\t<\/div>\n\t\t\t\t\t<\/div>\n\t\t<\/div>\n\t\t\t\t\t<\/div>\n\t\t<\/section>\n\t\t\t\t<div class=\"elementor-element elementor-element-934d829 elementor-widget elementor-widget-heading\" data-id=\"934d829\" data-element_type=\"widget\" data-e-type=\"widget\" data-widget_type=\"heading.default\">\n\t\t\t\t<div class=\"elementor-widget-container\">\n\t\t\t\t\t<h3 class=\"elementor-heading-title elementor-size-default\">2022 : 1er mod\u00e8le de pr\u00e9diction des incompatibilit\u00e9s physico-chimiques m\u00e9dicamenteuses<\/h3>\t\t\t\t<\/div>\n\t\t\t\t<\/div>\n\t\t\t\t<section class=\"elementor-section elementor-inner-section elementor-element elementor-element-c62a5ec elementor-section-boxed elementor-section-height-default elementor-section-height-default\" data-id=\"c62a5ec\" data-element_type=\"section\" data-e-type=\"section\">\n\t\t\t\t\t\t<div class=\"elementor-container elementor-column-gap-default\">\n\t\t\t\t\t<div class=\"elementor-column elementor-col-50 elementor-inner-column elementor-element elementor-element-a04c942\" data-id=\"a04c942\" data-element_type=\"column\" data-e-type=\"column\">\n\t\t\t<div class=\"elementor-widget-wrap elementor-element-populated\">\n\t\t\t\t\t\t<div class=\"elementor-element elementor-element-76796c2 elementor-widget elementor-widget-text-editor\" data-id=\"76796c2\" data-element_type=\"widget\" data-e-type=\"widget\" data-widget_type=\"text-editor.default\">\n\t\t\t\t<div class=\"elementor-widget-container\">\n\t\t\t\t\t\t\t\t\t<p>Saviez-vous qu&rsquo;en France, 900 risques de d\u00e9c\u00e8s par jour sont due aux incompatibilit\u00e9s m\u00e9dicamenteuses?<\/p>\t\t\t\t\t\t\t\t<\/div>\n\t\t\t\t<\/div>\n\t\t\t\t<div class=\"elementor-element elementor-element-b2072ec elementor-widget elementor-widget-text-editor\" data-id=\"b2072ec\" data-element_type=\"widget\" data-e-type=\"widget\" data-widget_type=\"text-editor.default\">\n\t\t\t\t<div class=\"elementor-widget-container\">\n\t\t\t\t\t\t\t\t\t<p>2022 1er mod\u00e8le de pr\u00e9diction des incompatibilit\u00e9s physico-chimiques m\u00e9dicamenteuses. Cette innovation d\u00e9velopp\u00e9 par la soci\u00e9t\u00e9 @DrugOptimal a multipli\u00e9 par 12 l&rsquo;\u00e9tat des connaissances acquis en 100 ans d&rsquo;exp\u00e9riences laboratoires et permet aux soignants d&rsquo;anticiper la compatibilit\u00e9 des m\u00e9langes de m\u00e9dicaments pour r\u00e9duire les risques.\u00a0<\/p><p>Cette innovation permet de r\u00e9duire les incompatibilit\u00e9s physico-chimiques, et diminuer de 26% le complications potentiellement l\u00e9tales.<\/p>\t\t\t\t\t\t\t\t<\/div>\n\t\t\t\t<\/div>\n\t\t\t\t<div class=\"elementor-element elementor-element-89910cf elementor-view-default elementor-widget elementor-widget-icon\" data-id=\"89910cf\" data-element_type=\"widget\" data-e-type=\"widget\" data-widget_type=\"icon.default\">\n\t\t\t\t<div class=\"elementor-widget-container\">\n\t\t\t\t\t\t\t<div class=\"elementor-icon-wrapper\">\n\t\t\t<a class=\"elementor-icon\" href=\"https:\/\/lnkd.in\/d3yqteQn\">\n\t\t\t<i aria-hidden=\"true\" class=\"fas fa-video\"><\/i>\t\t\t<\/a>\n\t\t<\/div>\n\t\t\t\t\t\t<\/div>\n\t\t\t\t<\/div>\n\t\t\t\t\t<\/div>\n\t\t<\/div>\n\t\t\t\t<div class=\"elementor-column elementor-col-50 elementor-inner-column elementor-element elementor-element-255e93c\" data-id=\"255e93c\" data-element_type=\"column\" data-e-type=\"column\">\n\t\t\t<div class=\"elementor-widget-wrap elementor-element-populated\">\n\t\t\t\t\t\t<div class=\"elementor-element elementor-element-74e5803 elementor-widget elementor-widget-image\" data-id=\"74e5803\" data-element_type=\"widget\" data-e-type=\"widget\" data-widget_type=\"image.default\">\n\t\t\t\t<div class=\"elementor-widget-container\">\n\t\t\t\t\t\t\t\t\t\t\t\t\t\t\t<img loading=\"lazy\" decoding=\"async\" width=\"1024\" height=\"576\" src=\"https:\/\/medytec.eu\/wp-content\/uploads\/2024\/09\/V1.-Deploiement-dune-solution-de-e-sante-Societe-DRUGOPTIMAL-1-1024x576.png\" class=\"attachment-large size-large wp-image-8203\" alt=\"\" srcset=\"https:\/\/medytec.eu\/wp-content\/uploads\/2024\/09\/V1.-Deploiement-dune-solution-de-e-sante-Societe-DRUGOPTIMAL-1-1024x576.png 1024w, https:\/\/medytec.eu\/wp-content\/uploads\/2024\/09\/V1.-Deploiement-dune-solution-de-e-sante-Societe-DRUGOPTIMAL-1-300x169.png 300w, https:\/\/medytec.eu\/wp-content\/uploads\/2024\/09\/V1.-Deploiement-dune-solution-de-e-sante-Societe-DRUGOPTIMAL-1-768x432.png 768w, https:\/\/medytec.eu\/wp-content\/uploads\/2024\/09\/V1.-Deploiement-dune-solution-de-e-sante-Societe-DRUGOPTIMAL-1-1536x864.png 1536w, https:\/\/medytec.eu\/wp-content\/uploads\/2024\/09\/V1.-Deploiement-dune-solution-de-e-sante-Societe-DRUGOPTIMAL-1-2048x1152.png 2048w, https:\/\/medytec.eu\/wp-content\/uploads\/2024\/09\/V1.-Deploiement-dune-solution-de-e-sante-Societe-DRUGOPTIMAL-1-18x10.png 18w, https:\/\/medytec.eu\/wp-content\/uploads\/2024\/09\/V1.-Deploiement-dune-solution-de-e-sante-Societe-DRUGOPTIMAL-1-800x450.png 800w\" sizes=\"(max-width: 1024px) 100vw, 1024px\" \/>\t\t\t\t\t\t\t\t\t\t\t\t\t\t\t<\/div>\n\t\t\t\t<\/div>\n\t\t\t\t<div class=\"elementor-element elementor-element-8e8591b elementor-widget elementor-widget-text-editor\" data-id=\"8e8591b\" data-element_type=\"widget\" data-e-type=\"widget\" data-widget_type=\"text-editor.default\">\n\t\t\t\t<div class=\"elementor-widget-container\">\n\t\t\t\t\t\t\t\t\t<p>@Lugan Flacher (docteur en pharmacie) ; Bruno Zoppis (docteur en IA) ; Thomas Bachelart (docteur en chimie)<\/p>\t\t\t\t\t\t\t\t<\/div>\n\t\t\t\t<\/div>\n\t\t\t\t\t<\/div>\n\t\t<\/div>\n\t\t\t\t\t<\/div>\n\t\t<\/section>\n\t\t\t\t<div class=\"elementor-element elementor-element-7d871d8 elementor-widget elementor-widget-heading\" data-id=\"7d871d8\" data-element_type=\"widget\" data-e-type=\"widget\" data-widget_type=\"heading.default\">\n\t\t\t\t<div class=\"elementor-widget-container\">\n\t\t\t\t\t<h3 class=\"elementor-heading-title elementor-size-default\">2023 : 1\u00e8re mondiale : une interface cerveau-machine permet \u00e0 une personne parapl\u00e9gique de contr\u00f4ler sa marche par la pens\u00e9e<\/h3>\t\t\t\t<\/div>\n\t\t\t\t<\/div>\n\t\t\t\t<section class=\"elementor-section elementor-inner-section elementor-element elementor-element-e3d7843 elementor-section-boxed elementor-section-height-default elementor-section-height-default\" data-id=\"e3d7843\" data-element_type=\"section\" data-e-type=\"section\">\n\t\t\t\t\t\t<div class=\"elementor-container elementor-column-gap-default\">\n\t\t\t\t\t<div class=\"elementor-column elementor-col-50 elementor-inner-column elementor-element elementor-element-d1e48e8\" data-id=\"d1e48e8\" data-element_type=\"column\" data-e-type=\"column\">\n\t\t\t<div class=\"elementor-widget-wrap elementor-element-populated\">\n\t\t\t\t\t\t<div class=\"elementor-element elementor-element-88ef8b7 elementor-widget elementor-widget-text-editor\" data-id=\"88ef8b7\" data-element_type=\"widget\" data-e-type=\"widget\" data-widget_type=\"text-editor.default\">\n\t\t\t\t<div class=\"elementor-widget-container\">\n\t\t\t\t\t\t\t\t\t<p class=\"MsoNormal\"><span style=\"color: #323e4f; mso-themecolor: text2; mso-themeshade: 191;\">C\u2019est un tr\u00e8s bel espoir pour les personnes paralys\u00e9es ! Pour la premi\u00e8re fois, une personne parapl\u00e9gique a pu remarcher de mani\u00e8re naturelle gr\u00e2ce \u00e0 une Interface cerveau &#8211; moelle \u00e9pini\u00e8re.\u00a0<\/span><\/p>\t\t\t\t\t\t\t\t<\/div>\n\t\t\t\t<\/div>\n\t\t\t\t<div class=\"elementor-element elementor-element-9358419 elementor-widget elementor-widget-text-editor\" data-id=\"9358419\" data-element_type=\"widget\" data-e-type=\"widget\" data-widget_type=\"text-editor.default\">\n\t\t\t\t<div class=\"elementor-widget-container\">\n\t\t\t\t\t\t\t\t\t<p>Cette r\u00e9ussite est le fruit du travail commun des \u00e9quipes du CEA (au sein du centre de recherche biom\u00e9dicale Clinatec, \u00e0 Grenoble, associant le CEA\/Fonds Clinatec\/CHUGA\/UGA), associ\u00e9es \u00e0 celles de l\u2019EPFL, du CHUV et de l\u2019UNIL, en Suisse. Ensemble, elles ont con\u00e7u un \u00ab pont digital \u00bb qui restaure la communication entre le cerveau\u00a0 et la r\u00e9gion de la moelle \u00e9pini\u00e8re gr\u00e2ce \u00e0 la technologie BCI WIMAGINE associ\u00e9e \u00e0 la technologie de stimulation de la moelle \u00e9pini\u00e8re permettant ainsi le contr\u00f4le par la pens\u00e9e du mouvement des jambes.<\/p>\t\t\t\t\t\t\t\t<\/div>\n\t\t\t\t<\/div>\n\t\t\t\t\t<\/div>\n\t\t<\/div>\n\t\t\t\t<div class=\"elementor-column elementor-col-50 elementor-inner-column elementor-element elementor-element-8f38dca\" data-id=\"8f38dca\" data-element_type=\"column\" data-e-type=\"column\">\n\t\t\t<div class=\"elementor-widget-wrap elementor-element-populated\">\n\t\t\t\t\t\t<div class=\"elementor-element elementor-element-8e4d9d5 elementor-widget elementor-widget-image\" data-id=\"8e4d9d5\" data-element_type=\"widget\" data-e-type=\"widget\" data-widget_type=\"image.default\">\n\t\t\t\t<div class=\"elementor-widget-container\">\n\t\t\t\t\t\t\t\t\t\t\t\t\t\t\t<img loading=\"lazy\" decoding=\"async\" width=\"1024\" height=\"576\" src=\"https:\/\/medytec.eu\/wp-content\/uploads\/2024\/09\/Gert-Jan-walking-with-digital-bridge_cEPFL-Jimmy-Ravier_1-1024x576.png\" class=\"attachment-large size-large wp-image-8204\" alt=\"\" srcset=\"https:\/\/medytec.eu\/wp-content\/uploads\/2024\/09\/Gert-Jan-walking-with-digital-bridge_cEPFL-Jimmy-Ravier_1-1024x576.png 1024w, https:\/\/medytec.eu\/wp-content\/uploads\/2024\/09\/Gert-Jan-walking-with-digital-bridge_cEPFL-Jimmy-Ravier_1-300x169.png 300w, https:\/\/medytec.eu\/wp-content\/uploads\/2024\/09\/Gert-Jan-walking-with-digital-bridge_cEPFL-Jimmy-Ravier_1-768x432.png 768w, https:\/\/medytec.eu\/wp-content\/uploads\/2024\/09\/Gert-Jan-walking-with-digital-bridge_cEPFL-Jimmy-Ravier_1-1536x864.png 1536w, https:\/\/medytec.eu\/wp-content\/uploads\/2024\/09\/Gert-Jan-walking-with-digital-bridge_cEPFL-Jimmy-Ravier_1-18x10.png 18w, https:\/\/medytec.eu\/wp-content\/uploads\/2024\/09\/Gert-Jan-walking-with-digital-bridge_cEPFL-Jimmy-Ravier_1-800x450.png 800w, https:\/\/medytec.eu\/wp-content\/uploads\/2024\/09\/Gert-Jan-walking-with-digital-bridge_cEPFL-Jimmy-Ravier_1.png 1920w\" sizes=\"(max-width: 1024px) 100vw, 1024px\" \/>\t\t\t\t\t\t\t\t\t\t\t\t\t\t\t<\/div>\n\t\t\t\t<\/div>\n\t\t\t\t<div class=\"elementor-element elementor-element-54d0e4d elementor-widget elementor-widget-text-editor\" data-id=\"54d0e4d\" data-element_type=\"widget\" data-e-type=\"widget\" data-widget_type=\"text-editor.default\">\n\t\t\t\t<div class=\"elementor-widget-container\">\n\t\t\t\t\t\t\t\t\t<p>\u00a0@CEA @EPFL @CHUV @UNIL @CHU Grenoble alpes @UGA @Fonds Clinatec<\/p>\t\t\t\t\t\t\t\t<\/div>\n\t\t\t\t<\/div>\n\t\t\t\t\t<\/div>\n\t\t<\/div>\n\t\t\t\t\t<\/div>\n\t\t<\/section>\n\t\t\t\t<div class=\"elementor-element elementor-element-4fc93b2 elementor-widget elementor-widget-heading\" data-id=\"4fc93b2\" data-element_type=\"widget\" data-e-type=\"widget\" data-widget_type=\"heading.default\">\n\t\t\t\t<div class=\"elementor-widget-container\">\n\t\t\t\t\t<h3 class=\"elementor-heading-title elementor-size-default\">2024 - Premier dispositif m\u00e9dical certifi\u00e9 en Europe pour soulager les sympt\u00f4mes de la fibromyalgie<\/h3>\t\t\t\t<\/div>\n\t\t\t\t<\/div>\n\t\t\t\t<section class=\"elementor-section elementor-inner-section elementor-element elementor-element-e0a4468 elementor-section-boxed elementor-section-height-default elementor-section-height-default\" data-id=\"e0a4468\" data-element_type=\"section\" data-e-type=\"section\">\n\t\t\t\t\t\t<div class=\"elementor-container elementor-column-gap-default\">\n\t\t\t\t\t<div class=\"elementor-column elementor-col-50 elementor-inner-column elementor-element elementor-element-83b4424\" data-id=\"83b4424\" data-element_type=\"column\" data-e-type=\"column\">\n\t\t\t<div class=\"elementor-widget-wrap elementor-element-populated\">\n\t\t\t\t\t\t<div class=\"elementor-element elementor-element-f578ab2 elementor-widget elementor-widget-text-editor\" data-id=\"f578ab2\" data-element_type=\"widget\" data-e-type=\"widget\" data-widget_type=\"text-editor.default\">\n\t\t\t\t<div class=\"elementor-widget-container\">\n\t\t\t\t\t\t\t\t\t<p class=\"MsoNormal\"><span style=\"color: #323e4f;\">Saviez-vous que la fibromyalgie toucherait entre 1,4 et 2,2 % de la population fran\u00e7aise dont tr\u00e8s majoritairement femmes?<\/span><\/p>\t\t\t\t\t\t\t\t<\/div>\n\t\t\t\t<\/div>\n\t\t\t\t<div class=\"elementor-element elementor-element-e849bb3 elementor-widget elementor-widget-text-editor\" data-id=\"e849bb3\" data-element_type=\"widget\" data-e-type=\"widget\" data-widget_type=\"text-editor.default\">\n\t\t\t\t<div class=\"elementor-widget-container\">\n\t\t\t\t\t\t\t\t\t<p><span style=\"font-size: 16px; color: var( --e-global-color-text );\">Grenoble, le 10 septembre 2024, Remedee Labs, startup fran\u00e7aise de la healthtech sp\u00e9cialis\u00e9e dans la prise en charge non m\u00e9dicamenteuse de la douleur chronique, annonce avoir obtenu le statut de dispositif m\u00e9dical pour son bracelet stimulateur d\u2019endorphines par \u00e9mission d\u2019ondes millim\u00e9triques. Cette avanc\u00e9e marque un tournant dans la prise en charge des millions de personnes atteintes de fibromyalgie.<\/span><\/p><p>La fibromyalgie est une pathologie caract\u00e9ris\u00e9e par une douleur chronique diffuse, des troubles du sommeil, de la fatigue et plus d&rsquo;une centaine de manifestations alt\u00e9rant gravement la qualit\u00e9 de vie des patients.<\/p>\t\t\t\t\t\t\t\t<\/div>\n\t\t\t\t<\/div>\n\t\t\t\t\t<\/div>\n\t\t<\/div>\n\t\t\t\t<div class=\"elementor-column elementor-col-50 elementor-inner-column elementor-element elementor-element-3afbb24\" data-id=\"3afbb24\" data-element_type=\"column\" data-e-type=\"column\">\n\t\t\t<div class=\"elementor-widget-wrap elementor-element-populated\">\n\t\t\t\t\t\t<div class=\"elementor-element elementor-element-47e2302 elementor-widget elementor-widget-image\" data-id=\"47e2302\" data-element_type=\"widget\" data-e-type=\"widget\" data-widget_type=\"image.default\">\n\t\t\t\t<div class=\"elementor-widget-container\">\n\t\t\t\t\t\t\t\t\t\t\t\t\t\t\t<img loading=\"lazy\" decoding=\"async\" width=\"1024\" height=\"544\" src=\"https:\/\/medytec.eu\/wp-content\/uploads\/2024\/09\/14-v-1024x544.png\" class=\"attachment-large size-large wp-image-8205\" alt=\"\" srcset=\"https:\/\/medytec.eu\/wp-content\/uploads\/2024\/09\/14-v-1024x544.png 1024w, https:\/\/medytec.eu\/wp-content\/uploads\/2024\/09\/14-v-300x159.png 300w, https:\/\/medytec.eu\/wp-content\/uploads\/2024\/09\/14-v-768x408.png 768w, https:\/\/medytec.eu\/wp-content\/uploads\/2024\/09\/14-v-1536x815.png 1536w, https:\/\/medytec.eu\/wp-content\/uploads\/2024\/09\/14-v-18x10.png 18w, https:\/\/medytec.eu\/wp-content\/uploads\/2024\/09\/14-v.png 1731w\" sizes=\"(max-width: 1024px) 100vw, 1024px\" \/>\t\t\t\t\t\t\t\t\t\t\t\t\t\t\t<\/div>\n\t\t\t\t<\/div>\n\t\t\t\t<div class=\"elementor-element elementor-element-c4b83ca elementor-view-default elementor-widget elementor-widget-icon\" data-id=\"c4b83ca\" data-element_type=\"widget\" data-e-type=\"widget\" data-widget_type=\"icon.default\">\n\t\t\t\t<div class=\"elementor-widget-container\">\n\t\t\t\t\t\t\t<div class=\"elementor-icon-wrapper\">\n\t\t\t<a class=\"elementor-icon\" href=\"https:\/\/www.youtube.com\/watch?v=_yfCSV0qor4\">\n\t\t\t<i aria-hidden=\"true\" class=\"fas fa-video\"><\/i>\t\t\t<\/a>\n\t\t<\/div>\n\t\t\t\t\t\t<\/div>\n\t\t\t\t<\/div>\n\t\t\t\t\t<\/div>\n\t\t<\/div>\n\t\t\t\t\t<\/div>\n\t\t<\/section>\n\t\t\t\t<div class=\"elementor-element elementor-element-5a2bd26 elementor-widget elementor-widget-heading\" data-id=\"5a2bd26\" data-element_type=\"widget\" data-e-type=\"widget\" data-widget_type=\"heading.default\">\n\t\t\t\t<div class=\"elementor-widget-container\">\n\t\t\t\t\t<h3 class=\"elementor-heading-title elementor-size-default\">2024  - 1\u00e8re implantation d\u2019un pacemaker sans sonde double chambre : une r\u00e9volution pour la sant\u00e9 cardiaque <\/h3>\t\t\t\t<\/div>\n\t\t\t\t<\/div>\n\t\t\t\t<section class=\"elementor-section elementor-inner-section elementor-element elementor-element-c185ccc elementor-section-boxed elementor-section-height-default elementor-section-height-default\" data-id=\"c185ccc\" data-element_type=\"section\" data-e-type=\"section\">\n\t\t\t\t\t\t<div class=\"elementor-container elementor-column-gap-default\">\n\t\t\t\t\t<div class=\"elementor-column elementor-col-50 elementor-inner-column elementor-element elementor-element-f4cde96\" data-id=\"f4cde96\" data-element_type=\"column\" data-e-type=\"column\">\n\t\t\t<div class=\"elementor-widget-wrap elementor-element-populated\">\n\t\t\t\t\t\t<div class=\"elementor-element elementor-element-488eaef elementor-widget elementor-widget-text-editor\" data-id=\"488eaef\" data-element_type=\"widget\" data-e-type=\"widget\" data-widget_type=\"text-editor.default\">\n\t\t\t\t<div class=\"elementor-widget-container\">\n\t\t\t\t\t\t\t\t\t<p class=\"MsoNormal\"><span style=\"color: #323e4f;\">Saviez-vous qu\u2019en France, pr\u00e8s de 700 000 personnes d\u00e9pendent d\u2019un pacemaker pour r\u00e9guler leur rythme cardiaque ?<\/span><\/p>\t\t\t\t\t\t\t\t<\/div>\n\t\t\t\t<\/div>\n\t\t\t\t<div class=\"elementor-element elementor-element-638a0fb elementor-widget elementor-widget-text-editor\" data-id=\"638a0fb\" data-element_type=\"widget\" data-e-type=\"widget\" data-widget_type=\"text-editor.default\">\n\t\t\t\t<div class=\"elementor-widget-container\">\n\t\t\t\t\t\t\t\t\t<p>Le 4 novembre 2024, pour la premi\u00e8re fois en France, un stimulateur cardiaque sans sonde \u00e0 double chambre a \u00e9t\u00e9 implant\u00e9 en soins courants au CHU Grenoble Alpes. Port\u00e9 par le Pr Pascal Defaye et son \u00e9quipe et d\u00e9velopp\u00e9 par Abbott, ce stimulateur affiche un taux de r\u00e9ussite de 98,3 %.<\/p><p>Ce dispositif innovant, plus petit qu\u2019une pile AAA, synchronise les deux chambres du c\u0153ur pour une meilleure coordination de battements. Outre des r\u00e9sultats d\u2019\u00e9tudes cliniques tr\u00e8s significatifs, le stimulateur sans sonde double chambre offre de nombreux b\u00e9n\u00e9fices pour le patient tels qu\u2019une intervention sans cicatrice, une libert\u00e9 de mouvement retrouv\u00e9e et une facilit\u00e9 d\u2019adaptation en fonction de l\u2019\u00e9volution de la maladie.<\/p><p>Une belle avanc\u00e9e pour la sant\u00e9 cardiaque, port\u00e9e par l\u2019excellence m\u00e9dicale de notre r\u00e9gion !<\/p>\t\t\t\t\t\t\t\t<\/div>\n\t\t\t\t<\/div>\n\t\t\t\t\t<\/div>\n\t\t<\/div>\n\t\t\t\t<div class=\"elementor-column elementor-col-50 elementor-inner-column elementor-element elementor-element-8671055\" data-id=\"8671055\" data-element_type=\"column\" data-e-type=\"column\">\n\t\t\t<div class=\"elementor-widget-wrap elementor-element-populated\">\n\t\t\t\t\t\t<div class=\"elementor-element elementor-element-d9f3197 elementor-widget elementor-widget-image\" data-id=\"d9f3197\" data-element_type=\"widget\" data-e-type=\"widget\" data-widget_type=\"image.default\">\n\t\t\t\t<div class=\"elementor-widget-container\">\n\t\t\t\t\t\t\t\t\t\t\t\t\t\t\t<img loading=\"lazy\" decoding=\"async\" width=\"244\" height=\"300\" src=\"https:\/\/medytec.eu\/wp-content\/uploads\/2024\/09\/2024-CHUGA-244x300.png\" class=\"attachment-medium size-medium wp-image-8206\" alt=\"\" srcset=\"https:\/\/medytec.eu\/wp-content\/uploads\/2024\/09\/2024-CHUGA-244x300.png 244w, https:\/\/medytec.eu\/wp-content\/uploads\/2024\/09\/2024-CHUGA-10x12.png 10w, https:\/\/medytec.eu\/wp-content\/uploads\/2024\/09\/2024-CHUGA.png 535w\" sizes=\"(max-width: 244px) 100vw, 244px\" \/>\t\t\t\t\t\t\t\t\t\t\t\t\t\t\t<\/div>\n\t\t\t\t<\/div>\n\t\t\t\t<div class=\"elementor-element elementor-element-4bd6715 elementor-widget elementor-widget-text-editor\" data-id=\"4bd6715\" data-element_type=\"widget\" data-e-type=\"widget\" data-widget_type=\"text-editor.default\">\n\t\t\t\t<div class=\"elementor-widget-container\">\n\t\t\t\t\t\t\t\t\t<p>@Pr Pascal DEFAYE, @Abbott, @CHUGA<\/p>\t\t\t\t\t\t\t\t<\/div>\n\t\t\t\t<\/div>\n\t\t\t\t\t<\/div>\n\t\t<\/div>\n\t\t\t\t\t<\/div>\n\t\t<\/section>\n\t\t\t\t<div class=\"elementor-element elementor-element-35a60e1 elementor-widget elementor-widget-heading\" data-id=\"35a60e1\" data-element_type=\"widget\" data-e-type=\"widget\" data-widget_type=\"heading.default\">\n\t\t\t\t<div class=\"elementor-widget-container\">\n\t\t\t\t\t<h3 class=\"elementor-heading-title elementor-size-default\">2024- Premi\u00e8re navigation mondiale chirurgicale pour la proth\u00e8se de cheville<\/h3>\t\t\t\t<\/div>\n\t\t\t\t<\/div>\n\t\t\t\t<section class=\"elementor-section elementor-inner-section elementor-element elementor-element-b127092 elementor-section-boxed elementor-section-height-default elementor-section-height-default\" data-id=\"b127092\" data-element_type=\"section\" data-e-type=\"section\">\n\t\t\t\t\t\t<div class=\"elementor-container elementor-column-gap-default\">\n\t\t\t\t\t<div class=\"elementor-column elementor-col-50 elementor-inner-column elementor-element elementor-element-a4c7193\" data-id=\"a4c7193\" data-element_type=\"column\" data-e-type=\"column\">\n\t\t\t<div class=\"elementor-widget-wrap elementor-element-populated\">\n\t\t\t\t\t\t<div class=\"elementor-element elementor-element-feae8fd elementor-widget elementor-widget-text-editor\" data-id=\"feae8fd\" data-element_type=\"widget\" data-e-type=\"widget\" data-widget_type=\"text-editor.default\">\n\t\t\t\t<div class=\"elementor-widget-container\">\n\t\t\t\t\t\t\t\t\t<p class=\"MsoNormal\">@Blue Ortho, bas\u00e9e \u00e0 Meylan, filiale d\u2019@Exactech Inc., d\u00e9veloppe et produit des syst\u00e8mes de chirurgie assist\u00e9e par ordinateur pour la pose de proth\u00e8ses. <\/p>\t\t\t\t\t\t\t\t<\/div>\n\t\t\t\t<\/div>\n\t\t\t\t<div class=\"elementor-element elementor-element-ad0f41e elementor-widget elementor-widget-text-editor\" data-id=\"ad0f41e\" data-element_type=\"widget\" data-e-type=\"widget\" data-widget_type=\"text-editor.default\">\n\t\t\t\t<div class=\"elementor-widget-container\">\n\t\t\t\t\t\t\t\t\t<p>Apr\u00e8s un premier produit pour naviguer la proth\u00e8se de genou en 2010 et la premi\u00e8re navigation de proth\u00e8se d\u2019\u00e9paule au monde, en 2017, voici \u00e0 nouveau une premi\u00e8re mondiale, avec la navigation d\u2019une <span style=\"color: #00ccff;\"><strong><a style=\"color: #00ccff;\" href=\"#https:\/\/www.exac.com\/exactech-announces-first-surgeries-with-the-worlds-first-surgical-navigation-for-total-ankle-replacement\/\">pose de proth\u00e8se de cheville<\/a><\/strong><\/span>, en novembre 2024. <br \/>D\u00e9velopp\u00e9e depuis 4 ans en partenariat avec une \u00e9quipe de chirurgiens internationale, les ambitions de ce produit sont de <br \/>&#8211; Personnaliser au mieux la position de l\u2019implant pour chaque patient<br \/>&#8211; R\u00e9duire l\u2019utilisation de rayons X au bloc op\u00e9ratoire <br \/>&#8211; Faciliter la pose tout en gagnant en pr\u00e9cision<\/p>\t\t\t\t\t\t\t\t<\/div>\n\t\t\t\t<\/div>\n\t\t\t\t\t<\/div>\n\t\t<\/div>\n\t\t\t\t<div class=\"elementor-column elementor-col-50 elementor-inner-column elementor-element elementor-element-5ea5d01\" data-id=\"5ea5d01\" data-element_type=\"column\" data-e-type=\"column\">\n\t\t\t<div class=\"elementor-widget-wrap elementor-element-populated\">\n\t\t\t\t\t\t<div class=\"elementor-element elementor-element-c13ed26 elementor-widget elementor-widget-image\" data-id=\"c13ed26\" data-element_type=\"widget\" data-e-type=\"widget\" data-widget_type=\"image.default\">\n\t\t\t\t<div class=\"elementor-widget-container\">\n\t\t\t\t\t\t\t\t\t\t\t\t\t\t\t<img loading=\"lazy\" decoding=\"async\" width=\"1024\" height=\"683\" src=\"https:\/\/medytec.eu\/wp-content\/uploads\/2024\/09\/Exactech-Announces-First-Surgeries-with-the-Worlds--1024x683.jpg\" class=\"attachment-large size-large wp-image-8212\" alt=\"\" srcset=\"https:\/\/medytec.eu\/wp-content\/uploads\/2024\/09\/Exactech-Announces-First-Surgeries-with-the-Worlds--1024x683.jpg 1024w, https:\/\/medytec.eu\/wp-content\/uploads\/2024\/09\/Exactech-Announces-First-Surgeries-with-the-Worlds--300x200.jpg 300w, https:\/\/medytec.eu\/wp-content\/uploads\/2024\/09\/Exactech-Announces-First-Surgeries-with-the-Worlds--768x512.jpg 768w, https:\/\/medytec.eu\/wp-content\/uploads\/2024\/09\/Exactech-Announces-First-Surgeries-with-the-Worlds--391x260.jpg 391w, https:\/\/medytec.eu\/wp-content\/uploads\/2024\/09\/Exactech-Announces-First-Surgeries-with-the-Worlds--1536x1024.jpg 1536w, https:\/\/medytec.eu\/wp-content\/uploads\/2024\/09\/Exactech-Announces-First-Surgeries-with-the-Worlds--18x12.jpg 18w, https:\/\/medytec.eu\/wp-content\/uploads\/2024\/09\/Exactech-Announces-First-Surgeries-with-the-Worlds-.jpg 1920w\" sizes=\"(max-width: 1024px) 100vw, 1024px\" \/>\t\t\t\t\t\t\t\t\t\t\t\t\t\t\t<\/div>\n\t\t\t\t<\/div>\n\t\t\t\t<div class=\"elementor-element elementor-element-e4ecbaf elementor-widget elementor-widget-text-editor\" data-id=\"e4ecbaf\" data-element_type=\"widget\" data-e-type=\"widget\" data-widget_type=\"text-editor.default\">\n\t\t\t\t<div class=\"elementor-widget-container\">\n\t\t\t\t\t\t\t\t\t<p>\u00a0@ Blue Ortho, Exactech<\/p>\t\t\t\t\t\t\t\t<\/div>\n\t\t\t\t<\/div>\n\t\t\t\t\t<\/div>\n\t\t<\/div>\n\t\t\t\t\t<\/div>\n\t\t<\/section>\n\t\t\t\t<div class=\"elementor-element elementor-element-3e30faf elementor-widget-divider--view-line elementor-widget elementor-widget-divider\" data-id=\"3e30faf\" data-element_type=\"widget\" data-e-type=\"widget\" data-widget_type=\"divider.default\">\n\t\t\t\t<div class=\"elementor-widget-container\">\n\t\t\t\t\t\t\t<div class=\"elementor-divider\">\n\t\t\t<span class=\"elementor-divider-separator\">\n\t\t\t\t\t\t<\/span>\n\t\t<\/div>\n\t\t\t\t\t\t<\/div>\n\t\t\t\t<\/div>\n\t\t\t\t<div class=\"elementor-element elementor-element-602149d elementor-widget elementor-widget-text-editor\" data-id=\"602149d\" data-element_type=\"widget\" data-e-type=\"widget\" data-widget_type=\"text-editor.default\">\n\t\t\t\t<div class=\"elementor-widget-container\">\n\t\t\t\t\t\t\t\t\t<section data-id=\"be815c8\" data-element_type=\"section\"><div><div data-id=\"d2e58fc\" data-element_type=\"column\"><div><div data-id=\"004f750\" data-element_type=\"widget\" data-widget_type=\"text-editor.default\"><div><p>H\u00e2te de d\u00e9couvrir d\u2019autres inventions locales qui ont marqu\u00e9 l\u2019histoire de la sant\u00e9?<\/p><p>Restez connect\u00e9s et rendez-vous la semaine prochaine pour plus de grandes premi\u00e8res !<\/p><\/div><\/div><\/div><\/div><\/div><\/section>\t\t\t\t\t\t\t\t<\/div>\n\t\t\t\t<\/div>\n\t\t\t\t<div class=\"elementor-element elementor-element-f89a523 elementor-arrows-position-inside elementor-pagination-position-outside elementor-widget elementor-widget-image-carousel\" data-id=\"f89a523\" data-element_type=\"widget\" data-e-type=\"widget\" data-settings=\"{&quot;slides_to_show&quot;:&quot;1&quot;,&quot;navigation&quot;:&quot;both&quot;,&quot;autoplay&quot;:&quot;yes&quot;,&quot;pause_on_hover&quot;:&quot;yes&quot;,&quot;pause_on_interaction&quot;:&quot;yes&quot;,&quot;autoplay_speed&quot;:5000,&quot;infinite&quot;:&quot;yes&quot;,&quot;effect&quot;:&quot;slide&quot;,&quot;speed&quot;:500}\" data-widget_type=\"image-carousel.default\">\n\t\t\t\t<div class=\"elementor-widget-container\">\n\t\t\t\t\t\t\t<div class=\"elementor-image-carousel-wrapper swiper\" role=\"region\" aria-roledescription=\"carousel\" aria-label=\"Carrousel d\u2019images\" dir=\"ltr\">\n\t\t\t<div class=\"elementor-image-carousel swiper-wrapper\" aria-live=\"off\">\n\t\t\t\t\t\t\t\t<div class=\"swiper-slide\" role=\"group\" aria-roledescription=\"slide\" aria-label=\"1 sur 19\"><figure class=\"swiper-slide-inner\"><img decoding=\"async\" class=\"swiper-slide-image\" src=\"https:\/\/medytec.eu\/wp-content\/uploads\/elementor\/thumbs\/3-qul2z2ziyxbzciyoscwyf9zei3lz0o4qzjoalegb50.png\" alt=\"1957 : Invention de la seringue pr\u00e9-remplissable st\u00e9rile\" \/><\/figure><\/div><div class=\"swiper-slide\" role=\"group\" aria-roledescription=\"slide\" aria-label=\"2 sur 19\"><figure class=\"swiper-slide-inner\"><img decoding=\"async\" class=\"swiper-slide-image\" src=\"https:\/\/medytec.eu\/wp-content\/uploads\/elementor\/thumbs\/5-qul2z6qvq9h4myt86ejgp918vn3fvgjoc2a8iiaqg4.png\" alt=\"1976 : Installation du premier scanner \u00e0 rayons X du corps entier en France\" \/><\/figure><\/div><div class=\"swiper-slide\" role=\"group\" aria-roledescription=\"slide\" aria-label=\"3 sur 19\"><figure class=\"swiper-slide-inner\"><img decoding=\"async\" class=\"swiper-slide-image\" src=\"https:\/\/medytec.eu\/wp-content\/uploads\/elementor\/thumbs\/Template-grandes-premieres-2-qv0r2ooooswrf11cnfjkvq2y9u0rk5wnouiuy861r8.png\" alt=\"1982 D\u00e9veloppements d\u2019\u00e9quipements innovants  d\u2019imagerie de Tomographie par Positons\" \/><\/figure><\/div><div class=\"swiper-slide\" role=\"group\" aria-roledescription=\"slide\" aria-label=\"4 sur 19\"><figure class=\"swiper-slide-inner\"><img decoding=\"async\" class=\"swiper-slide-image\" src=\"https:\/\/medytec.eu\/wp-content\/uploads\/elementor\/thumbs\/Template-grandes-premieres-3-qv91j6a2cpazem2gdsnsie1p1nsxygs694nt3h7gx0.png\" alt=\"1987 : 1\u00e8re stimulation profonde du cerveau pour traiter la maladie de Parkinson\" \/><\/figure><\/div><div class=\"swiper-slide\" role=\"group\" aria-roledescription=\"slide\" aria-label=\"5 sur 19\"><figure class=\"swiper-slide-inner\"><img decoding=\"async\" class=\"swiper-slide-image\" src=\"https:\/\/medytec.eu\/wp-content\/uploads\/elementor\/thumbs\/9-qwk7l6wq3jouzjb20kyxjfyempq8ewpq6mgupv4d44.png\" alt=\"1989 : cr\u00e9ation du premier robot chirurgical  en neurologie en France\" \/><\/figure><\/div><div class=\"swiper-slide\" role=\"group\" aria-roledescription=\"slide\" aria-label=\"6 sur 19\"><figure class=\"swiper-slide-inner\"><img decoding=\"async\" class=\"swiper-slide-image\" src=\"https:\/\/medytec.eu\/wp-content\/uploads\/elementor\/thumbs\/12-qwk7lao2uvu09z5lemlftf09097p9p4nj52smyysf8.png\" alt=\"1994 : 1\u00e8re mondiale, op\u00e9ration chirurgicale du ligament crois\u00e9 du genou assist\u00e9e par ordinateur\" \/><\/figure><\/div><div class=\"swiper-slide\" role=\"group\" aria-roledescription=\"slide\" aria-label=\"7 sur 19\"><figure class=\"swiper-slide-inner\"><img decoding=\"async\" class=\"swiper-slide-image\" src=\"https:\/\/medytec.eu\/wp-content\/uploads\/elementor\/thumbs\/13-qwk7lcjr8jwkx72v3neoyej670yfp3c47edrliw02s.png\" alt=\"1995 : 1\u00e8re op\u00e9ration chirurgicale du monde assist\u00e9e par ordinateur utilisant les images du CT-scanner\" \/><\/figure><\/div><div class=\"swiper-slide\" role=\"group\" aria-roledescription=\"slide\" aria-label=\"8 sur 19\"><figure class=\"swiper-slide-inner\"><img decoding=\"async\" class=\"swiper-slide-image\" src=\"https:\/\/medytec.eu\/wp-content\/uploads\/elementor\/thumbs\/Template-grandes-premieres-4-qwk7nji76mwo0fw6aljcrulw3e59no1ki96jwrmxk4.png\" alt=\"2000 : fabrication du 1er d\u00e9tecteur num\u00e9rique de rayons X pour la radiographie\" \/><\/figure><\/div><div class=\"swiper-slide\" role=\"group\" aria-roledescription=\"slide\" aria-label=\"9 sur 19\"><figure class=\"swiper-slide-inner\"><img decoding=\"async\" class=\"swiper-slide-image\" src=\"https:\/\/medytec.eu\/wp-content\/uploads\/elementor\/thumbs\/17-qy0jq9eppgkmsxsrw2jxz0hw5svn9pf2hci8fsa7vo.png\" alt=\"2009 : Prix Nobel pour avoir montr\u00e9 la structure et le fonctionnement des ribosomes au synchrotron\" \/><\/figure><\/div><div class=\"swiper-slide\" role=\"group\" aria-roledescription=\"slide\" aria-label=\"10 sur 19\"><figure class=\"swiper-slide-inner\"><img decoding=\"async\" class=\"swiper-slide-image\" src=\"https:\/\/medytec.eu\/wp-content\/uploads\/elementor\/thumbs\/18-qy0jqs7hi5ad951guaohcvr41iazjnhp7xjy1bicf8.png\" alt=\"2017 : 1ere cam\u00e9ra en technologie CMOS embarqu\u00e9e dans un syst\u00e8me pour d\u2019OCT (Optical coherence tomography) dans l&#039;ophtalmologie\" \/><\/figure><\/div><div class=\"swiper-slide\" role=\"group\" aria-roledescription=\"slide\" aria-label=\"11 sur 19\"><figure class=\"swiper-slide-inner\"><img decoding=\"async\" class=\"swiper-slide-image\" src=\"https:\/\/medytec.eu\/wp-content\/uploads\/elementor\/thumbs\/19-qy0jqzq70tknu0qjmdxhwtussl9x98bjwyrtvj771g.png\" alt=\"2017 : 1\u00e8re vert\u00e9broplastie int\u00e9grant imagerie 3D et navigation chirurgicale en temps r\u00e9el.\" \/><\/figure><\/div><div class=\"swiper-slide\" role=\"group\" aria-roledescription=\"slide\" aria-label=\"12 sur 19\"><figure class=\"swiper-slide-inner\"><img decoding=\"async\" class=\"swiper-slide-image\" src=\"https:\/\/medytec.eu\/wp-content\/uploads\/elementor\/thumbs\/20-qy0jr5d85tsdroicpgd9bsfkcwi4jexxxqoqr6yu04.png\" alt=\"2018 : Autorisation du 1er \u00abpancr\u00e9as artificiel\u00bb en France pour la gestion du diab\u00e8te de type 1\" \/><\/figure><\/div><div class=\"swiper-slide\" role=\"group\" aria-roledescription=\"slide\" aria-label=\"13 sur 19\"><figure class=\"swiper-slide-inner\"><img decoding=\"async\" class=\"swiper-slide-image\" src=\"https:\/\/medytec.eu\/wp-content\/uploads\/elementor\/thumbs\/22-qylaait77s5cjaj3ehdkxvs99b7if4b8yhma8al084.png\" alt=\"2019 1er prototype d&#039;un exosquelette connect\u00e9 au cerveau d&#039;un patient t\u00e9trapl\u00e9gique\" \/><\/figure><\/div><div class=\"swiper-slide\" role=\"group\" aria-roledescription=\"slide\" aria-label=\"14 sur 19\"><figure class=\"swiper-slide-inner\"><img decoding=\"async\" class=\"swiper-slide-image\" src=\"https:\/\/medytec.eu\/wp-content\/uploads\/elementor\/thumbs\/24-qylaagxiu42rw2ltpgkbsw9c2jgrzq3sa8bb9qnskk.png\" alt=\"2022 - Premi\u00e8re mondiale dans le domaine des organo\u00efdes-sur-puce\" \/><\/figure><\/div><div class=\"swiper-slide\" role=\"group\" aria-roledescription=\"slide\" aria-label=\"15 sur 19\"><figure class=\"swiper-slide-inner\"><img decoding=\"async\" class=\"swiper-slide-image\" src=\"https:\/\/medytec.eu\/wp-content\/uploads\/elementor\/thumbs\/2022-1er-modele-de-prediction-des-incompatibilites-chimiques-medicamenteuses-r1e6bok70rd7nw9qs96xhs0xt5izcvajujk11dkj1g.png\" alt=\"2022 1er mod\u00e8le de pr\u00e9diction des incompatibilit\u00e9s chimiques m\u00e9dicamenteuses\" \/><\/figure><\/div><div class=\"swiper-slide\" role=\"group\" aria-roledescription=\"slide\" aria-label=\"16 sur 19\"><figure class=\"swiper-slide-inner\"><img decoding=\"async\" class=\"swiper-slide-image\" src=\"https:\/\/medytec.eu\/wp-content\/uploads\/elementor\/thumbs\/2023-1ere-interface-cerveau-machine-permet-a-une-personne-paraplegique-de-controler-sa-marche-par-la-pensee-r1e69yiuhp0admruuidjx7oilq0r8ug9m0hzd44ig4.png\" alt=\"2023 1\u00e8re interface cerveau-machine permet \u00e0 une personne parapl\u00e9gique de contr\u00f4ler sa marche par la pens\u00e9e\" \/><\/figure><\/div><div class=\"swiper-slide\" role=\"group\" aria-roledescription=\"slide\" aria-label=\"17 sur 19\"><figure class=\"swiper-slide-inner\"><img decoding=\"async\" class=\"swiper-slide-image\" src=\"https:\/\/medytec.eu\/wp-content\/uploads\/elementor\/thumbs\/2024-Premiere-navigation-mondiale-chirurgicale-pour-la-prothese-de-cheville-r1e58zjdoae9psh6qj1tujjtg490hfocj0qftaxz6s.png\" alt=\"2024- Premi\u00e8re navigation mondiale chirurgicale pour la proth\u00e8se de cheville\" \/><\/figure><\/div><div class=\"swiper-slide\" role=\"group\" aria-roledescription=\"slide\" aria-label=\"18 sur 19\"><figure class=\"swiper-slide-inner\"><img decoding=\"async\" class=\"swiper-slide-image\" src=\"https:\/\/medytec.eu\/wp-content\/uploads\/elementor\/thumbs\/2024-1ere-implantation-dun-pacemaker-sans-sonde-double-chambre-une-revolution-pour-la-sante-cardiaque\u200b-r1e597236yokao69imauehni777y70i781ybnimtt0.png\" alt=\"2024 - 1\u00e8re implantation d\u2019un pacemaker sans sonde double chambre une r\u00e9volution pour la sant\u00e9 cardiaque\u200b\" \/><\/figure><\/div><div class=\"swiper-slide\" role=\"group\" aria-roledescription=\"slide\" aria-label=\"19 sur 19\"><figure class=\"swiper-slide-inner\"><img decoding=\"async\" class=\"swiper-slide-image\" src=\"https:\/\/medytec.eu\/wp-content\/uploads\/elementor\/thumbs\/2024-1er-dispositif-medical-certifie-en-Europe-pour-soulager-les-symptomes-de-la-fibromyalgie-r1e66gkh1w7v5vut9zxjn3gr039klek8gp2x21b9lw.png\" alt=\"2024 1er dispositif m\u00e9dical certifi\u00e9 en Europe pour soulager les sympt\u00f4mes de la fibromyalgie\" \/><\/figure><\/div>\t\t\t<\/div>\n\t\t\t\t\t\t\t\t\t\t\t\t<div class=\"elementor-swiper-button elementor-swiper-button-prev\" role=\"button\" tabindex=\"0\">\n\t\t\t\t\t\t<i aria-hidden=\"true\" class=\"eicon-chevron-left\"><\/i>\t\t\t\t\t<\/div>\n\t\t\t\t\t<div class=\"elementor-swiper-button elementor-swiper-button-next\" role=\"button\" tabindex=\"0\">\n\t\t\t\t\t\t<i aria-hidden=\"true\" class=\"eicon-chevron-right\"><\/i>\t\t\t\t\t<\/div>\n\t\t\t\t\n\t\t\t\t\t\t\t\t\t<div class=\"swiper-pagination\"><\/div>\n\t\t\t\t\t\t\t\t\t<\/div>\n\t\t\t\t\t\t<\/div>\n\t\t\t\t<\/div>\n\t\t\t\t\t<\/div>\n\t\t<\/div>\n\t\t\t\t\t<\/div>\n\t\t<\/section>\n\t\t\t\t<\/div>\n\t\t","protected":false},"excerpt":{"rendered":"<p>Depuis les ann\u00e9es 1950, notre territoire a \u00e9t\u00e9 le berceau de grandes Premi\u00e8res mondiales et fran\u00e7aises dans le domaine de la sant\u00e9. Des innovations qui ont marqu\u00e9 l&rsquo;histoire et qui participent \u00e0 l&rsquo;am\u00e9lioration des soins au quotidien, en pla\u00e7ant le patient au c\u0153ur des progr\u00e8s. En tant que lieu totem \u00e0 Grenoble Alpes pour la [&hellip;]<\/p>\n","protected":false},"author":4,"featured_media":7839,"comment_status":"closed","ping_status":"open","sticky":false,"template":"","format":"standard","meta":{"ocean_post_layout":"","ocean_both_sidebars_style":"","ocean_both_sidebars_content_width":0,"ocean_both_sidebars_sidebars_width":0,"ocean_sidebar":"","ocean_second_sidebar":"","ocean_disable_margins":"enable","ocean_add_body_class":"","ocean_shortcode_before_top_bar":"","ocean_shortcode_after_top_bar":"","ocean_shortcode_before_header":"","ocean_shortcode_after_header":"","ocean_has_shortcode":"","ocean_shortcode_after_title":"","ocean_shortcode_before_footer_widgets":"","ocean_shortcode_after_footer_widgets":"","ocean_shortcode_before_footer_bottom":"","ocean_shortcode_after_footer_bottom":"","ocean_display_top_bar":"default","ocean_display_header":"default","ocean_header_style":"","ocean_center_header_left_menu":"","ocean_custom_header_template":"","ocean_custom_logo":0,"ocean_custom_retina_logo":0,"ocean_custom_logo_max_width":0,"ocean_custom_logo_tablet_max_width":0,"ocean_custom_logo_mobile_max_width":0,"ocean_custom_logo_max_height":0,"ocean_custom_logo_tablet_max_height":0,"ocean_custom_logo_mobile_max_height":0,"ocean_header_custom_menu":"","ocean_menu_typo_font_family":"","ocean_menu_typo_font_subset":"","ocean_menu_typo_font_size":0,"ocean_menu_typo_font_size_tablet":0,"ocean_menu_typo_font_size_mobile":0,"ocean_menu_typo_font_size_unit":"px","ocean_menu_typo_font_weight":"","ocean_menu_typo_font_weight_tablet":"","ocean_menu_typo_font_weight_mobile":"","ocean_menu_typo_transform":"","ocean_menu_typo_transform_tablet":"","ocean_menu_typo_transform_mobile":"","ocean_menu_typo_line_height":0,"ocean_menu_typo_line_height_tablet":0,"ocean_menu_typo_line_height_mobile":0,"ocean_menu_typo_line_height_unit":"","ocean_menu_typo_spacing":0,"ocean_menu_typo_spacing_tablet":0,"ocean_menu_typo_spacing_mobile":0,"ocean_menu_typo_spacing_unit":"","ocean_menu_link_color":"","ocean_menu_link_color_hover":"","ocean_menu_link_color_active":"","ocean_menu_link_background":"","ocean_menu_link_hover_background":"","ocean_menu_link_active_background":"","ocean_menu_social_links_bg":"","ocean_menu_social_hover_links_bg":"","ocean_menu_social_links_color":"","ocean_menu_social_hover_links_color":"","ocean_disable_title":"default","ocean_disable_heading":"default","ocean_post_title":"","ocean_post_subheading":"","ocean_post_title_style":"","ocean_post_title_background_color":"","ocean_post_title_background":0,"ocean_post_title_bg_image_position":"","ocean_post_title_bg_image_attachment":"","ocean_post_title_bg_image_repeat":"","ocean_post_title_bg_image_size":"","ocean_post_title_height":0,"ocean_post_title_bg_overlay":0.5,"ocean_post_title_bg_overlay_color":"","ocean_disable_breadcrumbs":"default","ocean_breadcrumbs_color":"","ocean_breadcrumbs_separator_color":"","ocean_breadcrumbs_links_color":"","ocean_breadcrumbs_links_hover_color":"","ocean_display_footer_widgets":"default","ocean_display_footer_bottom":"default","ocean_custom_footer_template":"","ocean_post_oembed":"","ocean_post_self_hosted_media":"","ocean_post_video_embed":"","ocean_link_format":"","ocean_link_format_target":"self","ocean_quote_format":"","ocean_quote_format_link":"post","ocean_gallery_link_images":"on","ocean_gallery_id":[],"footnotes":""},"categories":[55],"tags":[],"class_list":["post-7838","post","type-post","status-publish","format-standard","has-post-thumbnail","hentry","category-innovations-en-sante","entry","has-media"],"yoast_head":"<!-- This site is optimized with the Yoast SEO plugin v27.5 - https:\/\/yoast.com\/product\/yoast-seo-wordpress\/ -->\n<title>ZOOM sur les Innovations Sant\u00e9 marquantes #madeinGrenobleAlpes ! - Medytec<\/title>\n<meta name=\"description\" content=\"Medytec est fier de mettre en lumi\u00e8re les grandes premi\u00e8res mondiales et fran\u00e7aises dans le domaine de la sant\u00e9.\" \/>\n<meta name=\"robots\" content=\"index, follow, max-snippet:-1, max-image-preview:large, max-video-preview:-1\" \/>\n<link rel=\"canonical\" href=\"https:\/\/medytec.eu\/fr\/2024\/09\/24\/zoom-sur-les-innovations-sante-marquantes-madeingrenoblealpes\/\" \/>\n<meta property=\"og:locale\" content=\"fr_FR\" \/>\n<meta property=\"og:type\" content=\"article\" \/>\n<meta property=\"og:title\" content=\"ZOOM sur les Innovations Sant\u00e9 marquantes #madeinGrenobleAlpes ! - Medytec\" \/>\n<meta property=\"og:description\" content=\"Medytec est fier de mettre en lumi\u00e8re les grandes premi\u00e8res mondiales et fran\u00e7aises dans le domaine de la sant\u00e9.\" \/>\n<meta property=\"og:url\" content=\"https:\/\/medytec.eu\/fr\/2024\/09\/24\/zoom-sur-les-innovations-sante-marquantes-madeingrenoblealpes\/\" \/>\n<meta property=\"og:site_name\" content=\"Medytec\" \/>\n<meta property=\"article:published_time\" content=\"2024-09-24T13:26:59+00:00\" \/>\n<meta property=\"article:modified_time\" content=\"2025-02-12T09:39:06+00:00\" \/>\n<meta property=\"og:image\" content=\"https:\/\/medytec.eu\/wp-content\/uploads\/2024\/09\/Template-grandes-premieres-2.jpg\" \/>\n\t<meta property=\"og:image:width\" content=\"1920\" \/>\n\t<meta property=\"og:image:height\" content=\"1080\" \/>\n\t<meta property=\"og:image:type\" content=\"image\/jpeg\" \/>\n<meta name=\"author\" content=\"okparfait\" \/>\n<meta name=\"twitter:card\" content=\"summary_large_image\" \/>\n<meta name=\"twitter:label1\" content=\"\u00c9crit par\" \/>\n\t<meta name=\"twitter:data1\" content=\"okparfait\" \/>\n\t<meta name=\"twitter:label2\" content=\"Dur\u00e9e de lecture estim\u00e9e\" \/>\n\t<meta name=\"twitter:data2\" content=\"24 minutes\" \/>\n<script type=\"application\/ld+json\" class=\"yoast-schema-graph\">{\"@context\":\"https:\\\/\\\/schema.org\",\"@graph\":[{\"@type\":\"Article\",\"@id\":\"https:\\\/\\\/medytec.eu\\\/2024\\\/09\\\/24\\\/zoom-sur-les-innovations-sante-marquantes-madeingrenoblealpes\\\/#article\",\"isPartOf\":{\"@id\":\"https:\\\/\\\/medytec.eu\\\/2024\\\/09\\\/24\\\/zoom-sur-les-innovations-sante-marquantes-madeingrenoblealpes\\\/\"},\"author\":{\"name\":\"okparfait\",\"@id\":\"https:\\\/\\\/medytec.eu\\\/#\\\/schema\\\/person\\\/52643406ade6747ec29f0a5ca286f5fe\"},\"headline\":\"ZOOM sur les Innovations Sant\u00e9 marquantes #madeinGrenobleAlpes !\",\"datePublished\":\"2024-09-24T13:26:59+00:00\",\"dateModified\":\"2025-02-12T09:39:06+00:00\",\"mainEntityOfPage\":{\"@id\":\"https:\\\/\\\/medytec.eu\\\/2024\\\/09\\\/24\\\/zoom-sur-les-innovations-sante-marquantes-madeingrenoblealpes\\\/\"},\"wordCount\":3271,\"publisher\":{\"@id\":\"https:\\\/\\\/medytec.eu\\\/#organization\"},\"image\":{\"@id\":\"https:\\\/\\\/medytec.eu\\\/2024\\\/09\\\/24\\\/zoom-sur-les-innovations-sante-marquantes-madeingrenoblealpes\\\/#primaryimage\"},\"thumbnailUrl\":\"https:\\\/\\\/medytec.eu\\\/wp-content\\\/uploads\\\/2024\\\/09\\\/Template-grandes-premieres-2.jpg\",\"articleSection\":[\"Innovations en sant\u00e9\"],\"inLanguage\":\"fr-FR\"},{\"@type\":\"WebPage\",\"@id\":\"https:\\\/\\\/medytec.eu\\\/2024\\\/09\\\/24\\\/zoom-sur-les-innovations-sante-marquantes-madeingrenoblealpes\\\/\",\"url\":\"https:\\\/\\\/medytec.eu\\\/2024\\\/09\\\/24\\\/zoom-sur-les-innovations-sante-marquantes-madeingrenoblealpes\\\/\",\"name\":\"ZOOM sur les Innovations Sant\u00e9 marquantes #madeinGrenobleAlpes ! - Medytec\",\"isPartOf\":{\"@id\":\"https:\\\/\\\/medytec.eu\\\/#website\"},\"primaryImageOfPage\":{\"@id\":\"https:\\\/\\\/medytec.eu\\\/2024\\\/09\\\/24\\\/zoom-sur-les-innovations-sante-marquantes-madeingrenoblealpes\\\/#primaryimage\"},\"image\":{\"@id\":\"https:\\\/\\\/medytec.eu\\\/2024\\\/09\\\/24\\\/zoom-sur-les-innovations-sante-marquantes-madeingrenoblealpes\\\/#primaryimage\"},\"thumbnailUrl\":\"https:\\\/\\\/medytec.eu\\\/wp-content\\\/uploads\\\/2024\\\/09\\\/Template-grandes-premieres-2.jpg\",\"datePublished\":\"2024-09-24T13:26:59+00:00\",\"dateModified\":\"2025-02-12T09:39:06+00:00\",\"description\":\"Medytec est fier de mettre en lumi\u00e8re les grandes premi\u00e8res mondiales et fran\u00e7aises dans le domaine de la sant\u00e9.\",\"breadcrumb\":{\"@id\":\"https:\\\/\\\/medytec.eu\\\/2024\\\/09\\\/24\\\/zoom-sur-les-innovations-sante-marquantes-madeingrenoblealpes\\\/#breadcrumb\"},\"inLanguage\":\"fr-FR\",\"potentialAction\":[{\"@type\":\"ReadAction\",\"target\":[\"https:\\\/\\\/medytec.eu\\\/2024\\\/09\\\/24\\\/zoom-sur-les-innovations-sante-marquantes-madeingrenoblealpes\\\/\"]}]},{\"@type\":\"ImageObject\",\"inLanguage\":\"fr-FR\",\"@id\":\"https:\\\/\\\/medytec.eu\\\/2024\\\/09\\\/24\\\/zoom-sur-les-innovations-sante-marquantes-madeingrenoblealpes\\\/#primaryimage\",\"url\":\"https:\\\/\\\/medytec.eu\\\/wp-content\\\/uploads\\\/2024\\\/09\\\/Template-grandes-premieres-2.jpg\",\"contentUrl\":\"https:\\\/\\\/medytec.eu\\\/wp-content\\\/uploads\\\/2024\\\/09\\\/Template-grandes-premieres-2.jpg\",\"width\":1920,\"height\":1080},{\"@type\":\"BreadcrumbList\",\"@id\":\"https:\\\/\\\/medytec.eu\\\/2024\\\/09\\\/24\\\/zoom-sur-les-innovations-sante-marquantes-madeingrenoblealpes\\\/#breadcrumb\",\"itemListElement\":[{\"@type\":\"ListItem\",\"position\":1,\"name\":\"Accueil\",\"item\":\"https:\\\/\\\/medytec.eu\\\/\"},{\"@type\":\"ListItem\",\"position\":2,\"name\":\"ZOOM sur les Innovations Sant\u00e9 marquantes #madeinGrenobleAlpes !\"}]},{\"@type\":\"WebSite\",\"@id\":\"https:\\\/\\\/medytec.eu\\\/#website\",\"url\":\"https:\\\/\\\/medytec.eu\\\/\",\"name\":\"Medytec\",\"description\":\"Le hub des technologies de la sant\u00e9 de grenoble-Alpes\",\"publisher\":{\"@id\":\"https:\\\/\\\/medytec.eu\\\/#organization\"},\"potentialAction\":[{\"@type\":\"SearchAction\",\"target\":{\"@type\":\"EntryPoint\",\"urlTemplate\":\"https:\\\/\\\/medytec.eu\\\/?s={search_term_string}\"},\"query-input\":{\"@type\":\"PropertyValueSpecification\",\"valueRequired\":true,\"valueName\":\"search_term_string\"}}],\"inLanguage\":\"fr-FR\"},{\"@type\":\"Organization\",\"@id\":\"https:\\\/\\\/medytec.eu\\\/#organization\",\"name\":\"MedYtec\",\"url\":\"https:\\\/\\\/medytec.eu\\\/\",\"logo\":{\"@type\":\"ImageObject\",\"inLanguage\":\"fr-FR\",\"@id\":\"https:\\\/\\\/medytec.eu\\\/#\\\/schema\\\/logo\\\/image\\\/\",\"url\":\"https:\\\/\\\/medytec.eu\\\/wp-content\\\/uploads\\\/2020\\\/02\\\/logo-medytec.png\",\"contentUrl\":\"https:\\\/\\\/medytec.eu\\\/wp-content\\\/uploads\\\/2020\\\/02\\\/logo-medytec.png\",\"width\":426,\"height\":147,\"caption\":\"MedYtec\"},\"image\":{\"@id\":\"https:\\\/\\\/medytec.eu\\\/#\\\/schema\\\/logo\\\/image\\\/\"}},{\"@type\":\"Person\",\"@id\":\"https:\\\/\\\/medytec.eu\\\/#\\\/schema\\\/person\\\/52643406ade6747ec29f0a5ca286f5fe\",\"name\":\"okparfait\",\"url\":\"https:\\\/\\\/medytec.eu\\\/fr\\\/author\\\/e486db832ef7dcb5\\\/\"}]}<\/script>\n<!-- \/ Yoast SEO plugin. -->","yoast_head_json":{"title":"ZOOM sur les Innovations Sant\u00e9 marquantes #madeinGrenobleAlpes ! - Medytec","description":"Medytec est fier de mettre en lumi\u00e8re les grandes premi\u00e8res mondiales et fran\u00e7aises dans le domaine de la sant\u00e9.","robots":{"index":"index","follow":"follow","max-snippet":"max-snippet:-1","max-image-preview":"max-image-preview:large","max-video-preview":"max-video-preview:-1"},"canonical":"https:\/\/medytec.eu\/fr\/2024\/09\/24\/zoom-sur-les-innovations-sante-marquantes-madeingrenoblealpes\/","og_locale":"fr_FR","og_type":"article","og_title":"ZOOM sur les Innovations Sant\u00e9 marquantes #madeinGrenobleAlpes ! - Medytec","og_description":"Medytec est fier de mettre en lumi\u00e8re les grandes premi\u00e8res mondiales et fran\u00e7aises dans le domaine de la sant\u00e9.","og_url":"https:\/\/medytec.eu\/fr\/2024\/09\/24\/zoom-sur-les-innovations-sante-marquantes-madeingrenoblealpes\/","og_site_name":"Medytec","article_published_time":"2024-09-24T13:26:59+00:00","article_modified_time":"2025-02-12T09:39:06+00:00","og_image":[{"width":1920,"height":1080,"url":"https:\/\/medytec.eu\/wp-content\/uploads\/2024\/09\/Template-grandes-premieres-2.jpg","type":"image\/jpeg"}],"author":"okparfait","twitter_card":"summary_large_image","twitter_misc":{"\u00c9crit par":"okparfait","Dur\u00e9e de lecture estim\u00e9e":"24 minutes"},"schema":{"@context":"https:\/\/schema.org","@graph":[{"@type":"Article","@id":"https:\/\/medytec.eu\/2024\/09\/24\/zoom-sur-les-innovations-sante-marquantes-madeingrenoblealpes\/#article","isPartOf":{"@id":"https:\/\/medytec.eu\/2024\/09\/24\/zoom-sur-les-innovations-sante-marquantes-madeingrenoblealpes\/"},"author":{"name":"okparfait","@id":"https:\/\/medytec.eu\/#\/schema\/person\/52643406ade6747ec29f0a5ca286f5fe"},"headline":"ZOOM sur les Innovations Sant\u00e9 marquantes #madeinGrenobleAlpes !","datePublished":"2024-09-24T13:26:59+00:00","dateModified":"2025-02-12T09:39:06+00:00","mainEntityOfPage":{"@id":"https:\/\/medytec.eu\/2024\/09\/24\/zoom-sur-les-innovations-sante-marquantes-madeingrenoblealpes\/"},"wordCount":3271,"publisher":{"@id":"https:\/\/medytec.eu\/#organization"},"image":{"@id":"https:\/\/medytec.eu\/2024\/09\/24\/zoom-sur-les-innovations-sante-marquantes-madeingrenoblealpes\/#primaryimage"},"thumbnailUrl":"https:\/\/medytec.eu\/wp-content\/uploads\/2024\/09\/Template-grandes-premieres-2.jpg","articleSection":["Innovations en sant\u00e9"],"inLanguage":"fr-FR"},{"@type":"WebPage","@id":"https:\/\/medytec.eu\/2024\/09\/24\/zoom-sur-les-innovations-sante-marquantes-madeingrenoblealpes\/","url":"https:\/\/medytec.eu\/2024\/09\/24\/zoom-sur-les-innovations-sante-marquantes-madeingrenoblealpes\/","name":"ZOOM sur les Innovations Sant\u00e9 marquantes #madeinGrenobleAlpes ! - Medytec","isPartOf":{"@id":"https:\/\/medytec.eu\/#website"},"primaryImageOfPage":{"@id":"https:\/\/medytec.eu\/2024\/09\/24\/zoom-sur-les-innovations-sante-marquantes-madeingrenoblealpes\/#primaryimage"},"image":{"@id":"https:\/\/medytec.eu\/2024\/09\/24\/zoom-sur-les-innovations-sante-marquantes-madeingrenoblealpes\/#primaryimage"},"thumbnailUrl":"https:\/\/medytec.eu\/wp-content\/uploads\/2024\/09\/Template-grandes-premieres-2.jpg","datePublished":"2024-09-24T13:26:59+00:00","dateModified":"2025-02-12T09:39:06+00:00","description":"Medytec est fier de mettre en lumi\u00e8re les grandes premi\u00e8res mondiales et fran\u00e7aises dans le domaine de la sant\u00e9.","breadcrumb":{"@id":"https:\/\/medytec.eu\/2024\/09\/24\/zoom-sur-les-innovations-sante-marquantes-madeingrenoblealpes\/#breadcrumb"},"inLanguage":"fr-FR","potentialAction":[{"@type":"ReadAction","target":["https:\/\/medytec.eu\/2024\/09\/24\/zoom-sur-les-innovations-sante-marquantes-madeingrenoblealpes\/"]}]},{"@type":"ImageObject","inLanguage":"fr-FR","@id":"https:\/\/medytec.eu\/2024\/09\/24\/zoom-sur-les-innovations-sante-marquantes-madeingrenoblealpes\/#primaryimage","url":"https:\/\/medytec.eu\/wp-content\/uploads\/2024\/09\/Template-grandes-premieres-2.jpg","contentUrl":"https:\/\/medytec.eu\/wp-content\/uploads\/2024\/09\/Template-grandes-premieres-2.jpg","width":1920,"height":1080},{"@type":"BreadcrumbList","@id":"https:\/\/medytec.eu\/2024\/09\/24\/zoom-sur-les-innovations-sante-marquantes-madeingrenoblealpes\/#breadcrumb","itemListElement":[{"@type":"ListItem","position":1,"name":"Accueil","item":"https:\/\/medytec.eu\/"},{"@type":"ListItem","position":2,"name":"ZOOM sur les Innovations Sant\u00e9 marquantes #madeinGrenobleAlpes !"}]},{"@type":"WebSite","@id":"https:\/\/medytec.eu\/#website","url":"https:\/\/medytec.eu\/","name":"Medytec","description":"Le hub des technologies de la sant\u00e9 de grenoble-Alpes","publisher":{"@id":"https:\/\/medytec.eu\/#organization"},"potentialAction":[{"@type":"SearchAction","target":{"@type":"EntryPoint","urlTemplate":"https:\/\/medytec.eu\/?s={search_term_string}"},"query-input":{"@type":"PropertyValueSpecification","valueRequired":true,"valueName":"search_term_string"}}],"inLanguage":"fr-FR"},{"@type":"Organization","@id":"https:\/\/medytec.eu\/#organization","name":"MedYtec","url":"https:\/\/medytec.eu\/","logo":{"@type":"ImageObject","inLanguage":"fr-FR","@id":"https:\/\/medytec.eu\/#\/schema\/logo\/image\/","url":"https:\/\/medytec.eu\/wp-content\/uploads\/2020\/02\/logo-medytec.png","contentUrl":"https:\/\/medytec.eu\/wp-content\/uploads\/2020\/02\/logo-medytec.png","width":426,"height":147,"caption":"MedYtec"},"image":{"@id":"https:\/\/medytec.eu\/#\/schema\/logo\/image\/"}},{"@type":"Person","@id":"https:\/\/medytec.eu\/#\/schema\/person\/52643406ade6747ec29f0a5ca286f5fe","name":"okparfait","url":"https:\/\/medytec.eu\/fr\/author\/e486db832ef7dcb5\/"}]}},"_links":{"self":[{"href":"https:\/\/medytec.eu\/fr\/wp-json\/wp\/v2\/posts\/7838","targetHints":{"allow":["GET"]}}],"collection":[{"href":"https:\/\/medytec.eu\/fr\/wp-json\/wp\/v2\/posts"}],"about":[{"href":"https:\/\/medytec.eu\/fr\/wp-json\/wp\/v2\/types\/post"}],"author":[{"embeddable":true,"href":"https:\/\/medytec.eu\/fr\/wp-json\/wp\/v2\/users\/4"}],"replies":[{"embeddable":true,"href":"https:\/\/medytec.eu\/fr\/wp-json\/wp\/v2\/comments?post=7838"}],"version-history":[{"count":0,"href":"https:\/\/medytec.eu\/fr\/wp-json\/wp\/v2\/posts\/7838\/revisions"}],"wp:featuredmedia":[{"embeddable":true,"href":"https:\/\/medytec.eu\/fr\/wp-json\/wp\/v2\/media\/7839"}],"wp:attachment":[{"href":"https:\/\/medytec.eu\/fr\/wp-json\/wp\/v2\/media?parent=7838"}],"wp:term":[{"taxonomy":"category","embeddable":true,"href":"https:\/\/medytec.eu\/fr\/wp-json\/wp\/v2\/categories?post=7838"},{"taxonomy":"post_tag","embeddable":true,"href":"https:\/\/medytec.eu\/fr\/wp-json\/wp\/v2\/tags?post=7838"}],"curies":[{"name":"wp","href":"https:\/\/api.w.org\/{rel}","templated":true}]}}