{"id":7642,"date":"2024-06-14T10:35:34","date_gmt":"2024-06-14T08:35:34","guid":{"rendered":"https:\/\/medytec.eu\/?p=7642"},"modified":"2024-06-18T11:20:42","modified_gmt":"2024-06-18T09:20:42","slug":"sensibilisation-entrepreneuriat-oncostartupper-2024","status":"publish","type":"post","link":"https:\/\/medytec.eu\/fr\/2024\/06\/14\/sensibilisation-entrepreneuriat-oncostartupper-2024\/","title":{"rendered":"1\u00e8re journ\u00e9e sur l\u2019entrepreneuriat en oncologie \u00e0 Medytec!"},"content":{"rendered":"\t\t<div data-elementor-type=\"wp-post\" data-elementor-id=\"7642\" class=\"elementor elementor-7642\" data-elementor-post-type=\"post\">\n\t\t\t\t\t\t<section class=\"elementor-section elementor-top-section elementor-element elementor-element-5cc909e5 elementor-section-boxed elementor-section-height-default elementor-section-height-default\" data-id=\"5cc909e5\" data-element_type=\"section\" data-e-type=\"section\">\n\t\t\t\t\t\t<div class=\"elementor-container elementor-column-gap-default\">\n\t\t\t\t\t<div class=\"elementor-column elementor-col-100 elementor-top-column elementor-element elementor-element-2f558fc8\" data-id=\"2f558fc8\" data-element_type=\"column\" data-e-type=\"column\">\n\t\t\t<div class=\"elementor-widget-wrap elementor-element-populated\">\n\t\t\t\t\t\t<div class=\"elementor-element elementor-element-377aace elementor-widget elementor-widget-text-editor\" data-id=\"377aace\" data-element_type=\"widget\" data-e-type=\"widget\" data-widget_type=\"text-editor.default\">\n\t\t\t\t<div class=\"elementor-widget-container\">\n\t\t\t\t\t\t\t\t\t<p>Le 14 juin 2024, le CLARA et OncoSTART ont organis\u00e9 leur premi\u00e8re journ\u00e9e OncoSTARTUPPER dans les locaux de Medytec \u00e0 Grenoble. Cet \u00e9v\u00e9nement, ax\u00e9 sur la <strong>sensibilisation \u00e0 l\u2019entrepreneuriat en oncologie, avait pour objectif de pr\u00e9senter les acteurs de l&rsquo;entrepreneuriat de la r\u00e9gion afin de permettre une meilleure connaissance du r\u00e9seau local.<\/strong><\/p>\t\t\t\t\t\t\t\t<\/div>\n\t\t\t\t<\/div>\n\t\t\t\t\t<\/div>\n\t\t<\/div>\n\t\t\t\t\t<\/div>\n\t\t<\/section>\n\t\t\t\t<section class=\"elementor-section elementor-top-section elementor-element elementor-element-ae696b5 elementor-section-boxed elementor-section-height-default elementor-section-height-default\" data-id=\"ae696b5\" data-element_type=\"section\" data-e-type=\"section\">\n\t\t\t\t\t\t<div class=\"elementor-container elementor-column-gap-default\">\n\t\t\t\t\t<div class=\"elementor-column elementor-col-100 elementor-top-column elementor-element elementor-element-c46db08\" data-id=\"c46db08\" data-element_type=\"column\" data-e-type=\"column\">\n\t\t\t<div class=\"elementor-widget-wrap elementor-element-populated\">\n\t\t\t\t\t\t<div class=\"elementor-element elementor-element-75d08a0 elementor-widget elementor-widget-heading\" data-id=\"75d08a0\" data-element_type=\"widget\" data-e-type=\"widget\" data-widget_type=\"heading.default\">\n\t\t\t\t<div class=\"elementor-widget-container\">\n\t\t\t\t\t<h3 class=\"elementor-heading-title elementor-size-default\">30 participants r\u00e9unit autour de l\u2019entrepreneuriat en oncologie<\/h3>\t\t\t\t<\/div>\n\t\t\t\t<\/div>\n\t\t\t\t<div class=\"elementor-element elementor-element-c1ef9a1 elementor-widget elementor-widget-text-editor\" data-id=\"c1ef9a1\" data-element_type=\"widget\" data-e-type=\"widget\" data-widget_type=\"text-editor.default\">\n\t\t\t\t<div class=\"elementor-widget-container\">\n\t\t\t\t\t\t\t\t\t<p>La journ\u00e9e OncoSTARTUPPER visait \u00e0 r\u00e9unir experts, chercheurs et entrepreneurs pour partager leurs exp\u00e9riences et discuter des avanc\u00e9es dans la lutte contre le cancer. Cet \u00e9v\u00e9nement grenoblois a permis de mettre en lumi\u00e8re les diff\u00e9rentes initiatives et les collaborations possibles dans le domaine de l\u2019oncologie.<\/p><h4>Programme de la Journ\u00e9e<\/h4><ul><li>Pr\u00e9sentation de l\u2019\u00e9cosyst\u00e8me local de l\u2019innovation et de l\u2019entrepreneuriat en canc\u00e9rologie<\/li><li>Table-ronde success stories, t\u00e9moignages<\/li><li>Session de pitchs<\/li><li>Buffet d\u00e9jeunatoire \/ networking<\/li><\/ul><p>Pendant une demi-journ\u00e9e, les participants ont assist\u00e9 \u00e0 des pr\u00e9sentations et des discussions men\u00e9es par des experts du domaine. Les sujets abord\u00e9s comprenaient les derni\u00e8res avanc\u00e9es technologiques, les d\u00e9fis de l&rsquo;entrepreneuriat en oncologie, et les opportunit\u00e9s de collaboration entre les diff\u00e9rents acteurs du secteur.<\/p><h4>Conclusion<\/h4><p>La premi\u00e8re journ\u00e9e OncoSTARTUPPER a \u00e9t\u00e9 un succ\u00e8s en r\u00e9unissant la communaut\u00e9 locale autour d&rsquo;un objectif commun : l\u2019innovation et l\u2019am\u00e9lioration des soins en oncologie. Cet \u00e9v\u00e9nement a non seulement renforc\u00e9 le r\u00e9seau local mais a \u00e9galement inspir\u00e9 de nouvelles collaborations et initiatives pour le futur.<\/p><p>Grenoble continue de se positionner comme un leader dans la recherche et l&rsquo;innovation en canc\u00e9rologie, gr\u00e2ce \u00e0 ses chercheurs d\u00e9vou\u00e9s et ses institutions de renomm\u00e9e mondiale.<\/p>\t\t\t\t\t\t\t\t<\/div>\n\t\t\t\t<\/div>\n\t\t\t\t\t<\/div>\n\t\t<\/div>\n\t\t\t\t\t<\/div>\n\t\t<\/section>\n\t\t\t\t<section class=\"elementor-section elementor-top-section elementor-element elementor-element-fb02660 elementor-section-boxed elementor-section-height-default elementor-section-height-default\" data-id=\"fb02660\" data-element_type=\"section\" data-e-type=\"section\">\n\t\t\t\t\t\t<div class=\"elementor-container elementor-column-gap-default\">\n\t\t\t\t\t<div class=\"elementor-column elementor-col-100 elementor-top-column elementor-element elementor-element-f71b639\" data-id=\"f71b639\" data-element_type=\"column\" data-e-type=\"column\">\n\t\t\t<div class=\"elementor-widget-wrap elementor-element-populated\">\n\t\t\t\t\t\t<div class=\"elementor-element elementor-element-2e118c4 elementor-widget elementor-widget-heading\" data-id=\"2e118c4\" data-element_type=\"widget\" data-e-type=\"widget\" data-widget_type=\"heading.default\">\n\t\t\t\t<div class=\"elementor-widget-container\">\n\t\t\t\t\t<h3 class=\"elementor-heading-title elementor-size-default\"><h4 style=\"font-family: Roboto, sans-serif;font-style: normal;text-align: justify\"><span style=\"color: var( --e-global-color-primary );font-family: var( --e-global-typography-primary-font-family ), Sans-serif;font-size: 30px;font-weight: var( --e-global-typography-primary-font-weight )\">D\u00e9couverte des innovations Sant\u00e9 en oncologie \u00e0 Grenoble Alpes<\/span><span style=\"color: var( --e-global-color-primary );font-family: var( --e-global-typography-primary-font-family ), Sans-serif;font-size: 30px;font-weight: var( --e-global-typography-primary-font-weight )\"><\/span><br><\/h4><\/h3>\t\t\t\t<\/div>\n\t\t\t\t<\/div>\n\t\t\t\t<div class=\"elementor-element elementor-element-84fbbeb elementor-widget elementor-widget-text-editor\" data-id=\"84fbbeb\" data-element_type=\"widget\" data-e-type=\"widget\" data-widget_type=\"text-editor.default\">\n\t\t\t\t<div class=\"elementor-widget-container\">\n\t\t\t\t\t\t\t\t\t<h4>L&rsquo;\u00e9v\u00e9nement s&rsquo;est cl\u00f4tur\u00e9 par une visite du showroom de Medytec, permettant de mettre en avant le territoire de Grenoble Alpes reconnu pour ses avanc\u00e9es dans les technologies de la sant\u00e9, notamment en oncologie.<\/h4>\t\t\t\t\t\t\t\t<\/div>\n\t\t\t\t<\/div>\n\t\t\t\t<div class=\"elementor-element elementor-element-e92d102 elementor-widget elementor-widget-text-editor\" data-id=\"e92d102\" data-element_type=\"widget\" data-e-type=\"widget\" data-widget_type=\"text-editor.default\">\n\t\t\t\t<div class=\"elementor-widget-container\">\n\t\t\t\t\t\t\t\t\t<p>Avec plus de 850 chercheurs d\u00e9di\u00e9s \u00e0 la canc\u00e9rologie, la r\u00e9gion se positionne comme un p\u00f4le majeur de la recherche en oncologie. Des institutions prestigieuses telles que l&rsquo;Universit\u00e9 Grenoble Alpes et le CHU Grenoble Alpes jouent un r\u00f4le essentiel, repr\u00e9sentant 25% de la recherche r\u00e9gionale dans ce domaine. Cette concentration exceptionnelle de talents et de ressources fait de Grenoble un lieu strat\u00e9gique pour les innovations en canc\u00e9rologie, permettant de d\u00e9velopper de nouvelles approches et traitements contre le cancer.<\/p>\t\t\t\t\t\t\t\t<\/div>\n\t\t\t\t<\/div>\n\t\t\t\t\t<\/div>\n\t\t<\/div>\n\t\t\t\t\t<\/div>\n\t\t<\/section>\n\t\t\t\t<section class=\"elementor-section elementor-top-section elementor-element elementor-element-2e8e909 elementor-section-boxed elementor-section-height-default elementor-section-height-default\" data-id=\"2e8e909\" data-element_type=\"section\" data-e-type=\"section\">\n\t\t\t\t\t\t<div class=\"elementor-container elementor-column-gap-default\">\n\t\t\t\t\t<div class=\"elementor-column elementor-col-100 elementor-top-column elementor-element elementor-element-e2bd5e8\" data-id=\"e2bd5e8\" data-element_type=\"column\" data-e-type=\"column\">\n\t\t\t<div class=\"elementor-widget-wrap elementor-element-populated\">\n\t\t\t\t\t\t<div class=\"elementor-element elementor-element-76b44f7 elementor-widget elementor-widget-heading\" data-id=\"76b44f7\" data-element_type=\"widget\" data-e-type=\"widget\" data-widget_type=\"heading.default\">\n\t\t\t\t<div class=\"elementor-widget-container\">\n\t\t\t\t\t<h3 class=\"elementor-heading-title elementor-size-default\">OncoSTARTUPPER en image<\/h3>\t\t\t\t<\/div>\n\t\t\t\t<\/div>\n\t\t\t\t<div class=\"elementor-element elementor-element-8183ab3 elementor-widget elementor-widget-video\" data-id=\"8183ab3\" data-element_type=\"widget\" data-e-type=\"widget\" data-settings=\"{&quot;youtube_url&quot;:&quot;https:\\\/\\\/www.youtube.com\\\/watch?v=-6QFIy0jDvo&amp;embeds_referring_euri=https%3A%2F%2Foncostart.fr%2F&amp;embeds_referring_origin=https%3A%2F%2Foncostart.fr&amp;feature=emb_imp_woyt&quot;,&quot;video_type&quot;:&quot;youtube&quot;,&quot;controls&quot;:&quot;yes&quot;}\" data-widget_type=\"video.default\">\n\t\t\t\t<div class=\"elementor-widget-container\">\n\t\t\t\t\t\t\t<div class=\"elementor-wrapper elementor-open-inline\">\n\t\t\t<div class=\"elementor-video\"><\/div>\t\t<\/div>\n\t\t\t\t\t\t<\/div>\n\t\t\t\t<\/div>\n\t\t\t\t<div class=\"elementor-element elementor-element-d535ab1 elementor-widget elementor-widget-spacer\" data-id=\"d535ab1\" data-element_type=\"widget\" data-e-type=\"widget\" data-widget_type=\"spacer.default\">\n\t\t\t\t<div class=\"elementor-widget-container\">\n\t\t\t\t\t\t\t<div class=\"elementor-spacer\">\n\t\t\t<div class=\"elementor-spacer-inner\"><\/div>\n\t\t<\/div>\n\t\t\t\t\t\t<\/div>\n\t\t\t\t<\/div>\n\t\t\t\t<div class=\"elementor-element elementor-element-7fd574d elementor-widget elementor-widget-heading\" data-id=\"7fd574d\" data-element_type=\"widget\" data-e-type=\"widget\" data-widget_type=\"heading.default\">\n\t\t\t\t<div class=\"elementor-widget-container\">\n\t\t\t\t\t<h3 class=\"elementor-heading-title elementor-size-default\">A propos de OncoSTART\n<\/h3>\t\t\t\t<\/div>\n\t\t\t\t<\/div>\n\t\t\t\t\t<\/div>\n\t\t<\/div>\n\t\t\t\t\t<\/div>\n\t\t<\/section>\n\t\t\t\t<section class=\"elementor-section elementor-top-section elementor-element elementor-element-10b830c elementor-section-boxed elementor-section-height-default elementor-section-height-default\" data-id=\"10b830c\" data-element_type=\"section\" data-e-type=\"section\">\n\t\t\t\t\t\t<div class=\"elementor-container elementor-column-gap-default\">\n\t\t\t\t\t<div class=\"elementor-column elementor-col-50 elementor-top-column elementor-element elementor-element-506a1d6\" data-id=\"506a1d6\" data-element_type=\"column\" data-e-type=\"column\">\n\t\t\t<div class=\"elementor-widget-wrap elementor-element-populated\">\n\t\t\t\t\t\t<div class=\"elementor-element elementor-element-c42eaa1 elementor-widget elementor-widget-image\" data-id=\"c42eaa1\" data-element_type=\"widget\" data-e-type=\"widget\" data-widget_type=\"image.default\">\n\t\t\t\t<div class=\"elementor-widget-container\">\n\t\t\t\t\t\t\t\t\t\t\t\t\t\t\t<img fetchpriority=\"high\" decoding=\"async\" width=\"500\" height=\"230\" src=\"https:\/\/medytec.eu\/wp-content\/uploads\/2024\/06\/oncostart-creation-entrepriseluttre-contre-cancer.png\" class=\"attachment-large size-large wp-image-7662\" alt=\"\" srcset=\"https:\/\/medytec.eu\/wp-content\/uploads\/2024\/06\/oncostart-creation-entrepriseluttre-contre-cancer.png 500w, https:\/\/medytec.eu\/wp-content\/uploads\/2024\/06\/oncostart-creation-entrepriseluttre-contre-cancer-300x138.png 300w, https:\/\/medytec.eu\/wp-content\/uploads\/2024\/06\/oncostart-creation-entrepriseluttre-contre-cancer-18x8.png 18w\" sizes=\"(max-width: 500px) 100vw, 500px\" \/>\t\t\t\t\t\t\t\t\t\t\t\t\t\t\t<\/div>\n\t\t\t\t<\/div>\n\t\t\t\t\t<\/div>\n\t\t<\/div>\n\t\t\t\t<div class=\"elementor-column elementor-col-50 elementor-top-column elementor-element elementor-element-79de4c3\" data-id=\"79de4c3\" data-element_type=\"column\" data-e-type=\"column\">\n\t\t\t<div class=\"elementor-widget-wrap elementor-element-populated\">\n\t\t\t\t\t\t<div class=\"elementor-element elementor-element-5e1441d elementor-widget elementor-widget-text-editor\" data-id=\"5e1441d\" data-element_type=\"widget\" data-e-type=\"widget\" data-widget_type=\"text-editor.default\">\n\t\t\t\t<div class=\"elementor-widget-container\">\n\t\t\t\t\t\t\t\t\t<p>Le consortium OncoSTART regroupe aujourd\u2019hui un r\u00e9seau de 14 acteurs clefs engag\u00e9s dans la recherche et l\u2019innovation contre les cancers, qui assemblent leurs forces pour promouvoir et soutenir l\u2019entrepreneuriat fran\u00e7ais en oncologie. OncoSTART agit en interaction \u00e9troite avec l\u2019ensemble des acteurs de l\u2019\u00e9cosyst\u00e8me de l\u2019innovation.<\/p>\t\t\t\t\t\t\t\t<\/div>\n\t\t\t\t<\/div>\n\t\t\t\t\t<\/div>\n\t\t<\/div>\n\t\t\t\t\t<\/div>\n\t\t<\/section>\n\t\t\t\t<section class=\"elementor-section elementor-top-section elementor-element elementor-element-54b0f94 elementor-section-boxed elementor-section-height-default elementor-section-height-default\" data-id=\"54b0f94\" data-element_type=\"section\" data-e-type=\"section\">\n\t\t\t\t\t\t<div class=\"elementor-container elementor-column-gap-default\">\n\t\t\t\t\t<div class=\"elementor-column elementor-col-100 elementor-top-column elementor-element elementor-element-d182f0c\" data-id=\"d182f0c\" data-element_type=\"column\" data-e-type=\"column\">\n\t\t\t<div class=\"elementor-widget-wrap elementor-element-populated\">\n\t\t\t\t\t\t<div class=\"elementor-element elementor-element-5483f3a elementor-widget elementor-widget-heading\" data-id=\"5483f3a\" data-element_type=\"widget\" data-e-type=\"widget\" data-widget_type=\"heading.default\">\n\t\t\t\t<div class=\"elementor-widget-container\">\n\t\t\t\t\t<h3 class=\"elementor-heading-title elementor-size-default\">A propos du Canc\u00e9rop\u00f4le CLARA<\/h3>\t\t\t\t<\/div>\n\t\t\t\t<\/div>\n\t\t\t\t\t<\/div>\n\t\t<\/div>\n\t\t\t\t\t<\/div>\n\t\t<\/section>\n\t\t\t\t<section class=\"elementor-section elementor-top-section elementor-element elementor-element-94b5a9c elementor-section-boxed elementor-section-height-default elementor-section-height-default\" data-id=\"94b5a9c\" data-element_type=\"section\" data-e-type=\"section\">\n\t\t\t\t\t\t<div class=\"elementor-container elementor-column-gap-default\">\n\t\t\t\t\t<div class=\"elementor-column elementor-col-50 elementor-top-column elementor-element elementor-element-30c3d8c\" data-id=\"30c3d8c\" data-element_type=\"column\" data-e-type=\"column\">\n\t\t\t<div class=\"elementor-widget-wrap elementor-element-populated\">\n\t\t\t\t\t\t<div class=\"elementor-element elementor-element-b8adde5 elementor-widget elementor-widget-image\" data-id=\"b8adde5\" data-element_type=\"widget\" data-e-type=\"widget\" data-widget_type=\"image.default\">\n\t\t\t\t<div class=\"elementor-widget-container\">\n\t\t\t\t\t\t\t\t\t\t\t\t\t\t\t<img decoding=\"async\" width=\"1024\" height=\"536\" src=\"https:\/\/medytec.eu\/wp-content\/uploads\/2024\/06\/CLARA-logo-large-300dpi_png-1024x536.png\" class=\"attachment-large size-large wp-image-7661\" alt=\"\" srcset=\"https:\/\/medytec.eu\/wp-content\/uploads\/2024\/06\/CLARA-logo-large-300dpi_png-1024x536.png 1024w, https:\/\/medytec.eu\/wp-content\/uploads\/2024\/06\/CLARA-logo-large-300dpi_png-300x157.png 300w, https:\/\/medytec.eu\/wp-content\/uploads\/2024\/06\/CLARA-logo-large-300dpi_png-768x402.png 768w, https:\/\/medytec.eu\/wp-content\/uploads\/2024\/06\/CLARA-logo-large-300dpi_png-1536x803.png 1536w, https:\/\/medytec.eu\/wp-content\/uploads\/2024\/06\/CLARA-logo-large-300dpi_png-2048x1071.png 2048w, https:\/\/medytec.eu\/wp-content\/uploads\/2024\/06\/CLARA-logo-large-300dpi_png-18x9.png 18w\" sizes=\"(max-width: 1024px) 100vw, 1024px\" \/>\t\t\t\t\t\t\t\t\t\t\t\t\t\t\t<\/div>\n\t\t\t\t<\/div>\n\t\t\t\t\t<\/div>\n\t\t<\/div>\n\t\t\t\t<div class=\"elementor-column elementor-col-50 elementor-top-column elementor-element elementor-element-babd723\" data-id=\"babd723\" data-element_type=\"column\" data-e-type=\"column\">\n\t\t\t<div class=\"elementor-widget-wrap elementor-element-populated\">\n\t\t\t\t\t\t<div class=\"elementor-element elementor-element-dcf440a elementor-widget elementor-widget-text-editor\" data-id=\"dcf440a\" data-element_type=\"widget\" data-e-type=\"widget\" data-widget_type=\"text-editor.default\">\n\t\t\t\t<div class=\"elementor-widget-container\">\n\t\t\t\t\t\t\t\t\t<p>Le Canc\u00e9rop\u00f4le Lyon Auvergne Rh\u00f4ne-Alpes (CLARA) est une initiative lanc\u00e9e et financ\u00e9e par les pouvoirs publics (Institut National du Cancer, Collectivit\u00e9s territoriales et le Fonds Europ\u00e9en de D\u00e9veloppement R\u00e9gional). Il s\u2019inscrit dans le cadre des Plans Cancers nationaux et vise \u00e0 d\u00e9velopper la recherche en oncologie en Auvergne Rh\u00f4ne-Alpes. <span style=\"text-decoration: underline;\"><a href=\"http:\/\/www.canceropole-clara.com\">Plus d\u2019informations<\/a><\/span><\/p>\t\t\t\t\t\t\t\t<\/div>\n\t\t\t\t<\/div>\n\t\t\t\t<div class=\"elementor-element elementor-element-470a83e elementor-widget elementor-widget-spacer\" data-id=\"470a83e\" data-element_type=\"widget\" data-e-type=\"widget\" data-widget_type=\"spacer.default\">\n\t\t\t\t<div class=\"elementor-widget-container\">\n\t\t\t\t\t\t\t<div class=\"elementor-spacer\">\n\t\t\t<div class=\"elementor-spacer-inner\"><\/div>\n\t\t<\/div>\n\t\t\t\t\t\t<\/div>\n\t\t\t\t<\/div>\n\t\t\t\t\t<\/div>\n\t\t<\/div>\n\t\t\t\t\t<\/div>\n\t\t<\/section>\n\t\t\t\t<section class=\"elementor-section elementor-top-section elementor-element elementor-element-8836237 elementor-section-boxed elementor-section-height-default elementor-section-height-default\" data-id=\"8836237\" data-element_type=\"section\" data-e-type=\"section\">\n\t\t\t\t\t\t<div class=\"elementor-container elementor-column-gap-default\">\n\t\t\t\t\t<div class=\"elementor-column elementor-col-100 elementor-top-column elementor-element elementor-element-29ad333\" data-id=\"29ad333\" data-element_type=\"column\" data-e-type=\"column\">\n\t\t\t<div class=\"elementor-widget-wrap elementor-element-populated\">\n\t\t\t\t\t\t<div class=\"elementor-element elementor-element-3184f32 elementor-align-center elementor-widget elementor-widget-button\" data-id=\"3184f32\" data-element_type=\"widget\" data-e-type=\"widget\" data-widget_type=\"button.default\">\n\t\t\t\t<div class=\"elementor-widget-container\">\n\t\t\t\t\t\t\t\t\t<div class=\"elementor-button-wrapper\">\n\t\t\t\t\t<a class=\"elementor-button elementor-button-link elementor-size-sm\" href=\"https:\/\/medytec.eu\/fr\/vos-evenements\/actualites-medytec\/\">\n\t\t\t\t\t\t<span class=\"elementor-button-content-wrapper\">\n\t\t\t\t\t\t\t\t\t<span class=\"elementor-button-text\">Toutes les actualit\u00e9s de Medytec<\/span>\n\t\t\t\t\t<\/span>\n\t\t\t\t\t<\/a>\n\t\t\t\t<\/div>\n\t\t\t\t\t\t\t\t<\/div>\n\t\t\t\t<\/div>\n\t\t\t\t\t<\/div>\n\t\t<\/div>\n\t\t\t\t\t<\/div>\n\t\t<\/section>\n\t\t\t\t<\/div>\n\t\t","protected":false},"excerpt":{"rendered":"<p>Le 14 juin 2024, le CLARA et OncoSTART ont organis\u00e9 leur premi\u00e8re journ\u00e9e OncoSTARTUPPER dans les locaux de Medytec \u00e0 Grenoble. Cet \u00e9v\u00e9nement, ax\u00e9 sur la sensibilisation \u00e0 l\u2019entrepreneuriat en oncologie, avait pour objectif de pr\u00e9senter les acteurs de l&rsquo;entrepreneuriat de la r\u00e9gion afin de permettre une meilleure connaissance du r\u00e9seau local. 30 participants r\u00e9unit [&hellip;]<\/p>\n","protected":false},"author":4,"featured_media":7658,"comment_status":"closed","ping_status":"open","sticky":false,"template":"","format":"standard","meta":{"ocean_post_layout":"","ocean_both_sidebars_style":"","ocean_both_sidebars_content_width":0,"ocean_both_sidebars_sidebars_width":0,"ocean_sidebar":"0","ocean_second_sidebar":"0","ocean_disable_margins":"enable","ocean_add_body_class":"","ocean_shortcode_before_top_bar":"","ocean_shortcode_after_top_bar":"","ocean_shortcode_before_header":"","ocean_shortcode_after_header":"","ocean_has_shortcode":"","ocean_shortcode_after_title":"","ocean_shortcode_before_footer_widgets":"","ocean_shortcode_after_footer_widgets":"","ocean_shortcode_before_footer_bottom":"","ocean_shortcode_after_footer_bottom":"","ocean_display_top_bar":"off","ocean_display_header":"default","ocean_header_style":"","ocean_center_header_left_menu":"0","ocean_custom_header_template":"0","ocean_custom_logo":0,"ocean_custom_retina_logo":0,"ocean_custom_logo_max_width":0,"ocean_custom_logo_tablet_max_width":0,"ocean_custom_logo_mobile_max_width":0,"ocean_custom_logo_max_height":0,"ocean_custom_logo_tablet_max_height":0,"ocean_custom_logo_mobile_max_height":0,"ocean_header_custom_menu":"0","ocean_menu_typo_font_family":"0","ocean_menu_typo_font_subset":"","ocean_menu_typo_font_size":0,"ocean_menu_typo_font_size_tablet":0,"ocean_menu_typo_font_size_mobile":0,"ocean_menu_typo_font_size_unit":"px","ocean_menu_typo_font_weight":"","ocean_menu_typo_font_weight_tablet":"","ocean_menu_typo_font_weight_mobile":"","ocean_menu_typo_transform":"","ocean_menu_typo_transform_tablet":"","ocean_menu_typo_transform_mobile":"","ocean_menu_typo_line_height":0,"ocean_menu_typo_line_height_tablet":0,"ocean_menu_typo_line_height_mobile":0,"ocean_menu_typo_line_height_unit":"","ocean_menu_typo_spacing":0,"ocean_menu_typo_spacing_tablet":0,"ocean_menu_typo_spacing_mobile":0,"ocean_menu_typo_spacing_unit":"","ocean_menu_link_color":"","ocean_menu_link_color_hover":"","ocean_menu_link_color_active":"","ocean_menu_link_background":"","ocean_menu_link_hover_background":"","ocean_menu_link_active_background":"","ocean_menu_social_links_bg":"","ocean_menu_social_hover_links_bg":"","ocean_menu_social_links_color":"","ocean_menu_social_hover_links_color":"","ocean_disable_title":"default","ocean_disable_heading":"default","ocean_post_title":"","ocean_post_subheading":"","ocean_post_title_style":"","ocean_post_title_background_color":"","ocean_post_title_background":0,"ocean_post_title_bg_image_position":"","ocean_post_title_bg_image_attachment":"","ocean_post_title_bg_image_repeat":"","ocean_post_title_bg_image_size":"","ocean_post_title_height":0,"ocean_post_title_bg_overlay":0.5,"ocean_post_title_bg_overlay_color":"","ocean_disable_breadcrumbs":"default","ocean_breadcrumbs_color":"","ocean_breadcrumbs_separator_color":"","ocean_breadcrumbs_links_color":"","ocean_breadcrumbs_links_hover_color":"","ocean_display_footer_widgets":"default","ocean_display_footer_bottom":"default","ocean_custom_footer_template":"0","ocean_post_oembed":"","ocean_post_self_hosted_media":"","ocean_post_video_embed":"","ocean_link_format":"","ocean_link_format_target":"self","ocean_quote_format":"","ocean_quote_format_link":"post","ocean_gallery_link_images":"off","ocean_gallery_id":[],"footnotes":""},"categories":[70],"tags":[],"class_list":["post-7642","post","type-post","status-publish","format-standard","has-post-thumbnail","hentry","category-evenements","entry","has-media"],"yoast_head":"<!-- This site is optimized with the Yoast SEO plugin v27.5 - https:\/\/yoast.com\/product\/yoast-seo-wordpress\/ -->\n<title>1\u00e8re journ\u00e9e sur l\u2019entrepreneuriat en oncologie \u00e0 Medytec!<\/title>\n<meta name=\"description\" content=\"Retour sur l&#039;\u00e9v\u00e9nement OncoSTARTUPPER, organis\u00e9 par OncoSTART et le Canc\u00e9rop\u00f4le CLARA en partenariat avec MEDICALPS.\" \/>\n<meta name=\"robots\" content=\"index, follow, max-snippet:-1, max-image-preview:large, max-video-preview:-1\" \/>\n<link rel=\"canonical\" href=\"https:\/\/medytec.eu\/fr\/2024\/06\/14\/sensibilisation-entrepreneuriat-oncostartupper-2024\/\" \/>\n<meta property=\"og:locale\" content=\"fr_FR\" \/>\n<meta property=\"og:type\" content=\"article\" \/>\n<meta property=\"og:title\" content=\"1\u00e8re journ\u00e9e sur l\u2019entrepreneuriat en oncologie \u00e0 Medytec!\" \/>\n<meta property=\"og:description\" content=\"Retour sur l&#039;\u00e9v\u00e9nement OncoSTARTUPPER, organis\u00e9 par OncoSTART et le Canc\u00e9rop\u00f4le CLARA en partenariat avec MEDICALPS.\" \/>\n<meta property=\"og:url\" content=\"https:\/\/medytec.eu\/fr\/2024\/06\/14\/sensibilisation-entrepreneuriat-oncostartupper-2024\/\" \/>\n<meta property=\"og:site_name\" content=\"Medytec\" \/>\n<meta property=\"article:published_time\" content=\"2024-06-14T08:35:34+00:00\" \/>\n<meta property=\"article:modified_time\" content=\"2024-06-18T09:20:42+00:00\" \/>\n<meta property=\"og:image\" content=\"https:\/\/medytec.eu\/wp-content\/uploads\/2024\/06\/WhatsApp-Image-2024-06-14-at-11.27.24.jpeg\" \/>\n\t<meta property=\"og:image:width\" content=\"2048\" \/>\n\t<meta property=\"og:image:height\" content=\"1536\" \/>\n\t<meta property=\"og:image:type\" content=\"image\/jpeg\" \/>\n<meta name=\"author\" content=\"okparfait\" \/>\n<meta name=\"twitter:card\" content=\"summary_large_image\" \/>\n<meta name=\"twitter:description\" content=\"Jeudi 16 juillet, nous avons eu le plaisir de recevoir les membres fondateurs de Medytec pour une visite officielle du lieu.\" \/>\n<meta name=\"twitter:label1\" content=\"\u00c9crit par\" \/>\n\t<meta name=\"twitter:data1\" content=\"okparfait\" \/>\n\t<meta name=\"twitter:label2\" content=\"Dur\u00e9e de lecture estim\u00e9e\" \/>\n\t<meta name=\"twitter:data2\" content=\"3 minutes\" \/>\n<script type=\"application\/ld+json\" class=\"yoast-schema-graph\">{\"@context\":\"https:\\\/\\\/schema.org\",\"@graph\":[{\"@type\":\"Article\",\"@id\":\"https:\\\/\\\/medytec.eu\\\/2024\\\/06\\\/14\\\/sensibilisation-entrepreneuriat-oncostartupper-2024\\\/#article\",\"isPartOf\":{\"@id\":\"https:\\\/\\\/medytec.eu\\\/2024\\\/06\\\/14\\\/sensibilisation-entrepreneuriat-oncostartupper-2024\\\/\"},\"author\":{\"name\":\"okparfait\",\"@id\":\"https:\\\/\\\/medytec.eu\\\/#\\\/schema\\\/person\\\/52643406ade6747ec29f0a5ca286f5fe\"},\"headline\":\"1\u00e8re journ\u00e9e sur l\u2019entrepreneuriat en oncologie \u00e0 Medytec!\",\"datePublished\":\"2024-06-14T08:35:34+00:00\",\"dateModified\":\"2024-06-18T09:20:42+00:00\",\"mainEntityOfPage\":{\"@id\":\"https:\\\/\\\/medytec.eu\\\/2024\\\/06\\\/14\\\/sensibilisation-entrepreneuriat-oncostartupper-2024\\\/\"},\"wordCount\":601,\"publisher\":{\"@id\":\"https:\\\/\\\/medytec.eu\\\/#organization\"},\"image\":{\"@id\":\"https:\\\/\\\/medytec.eu\\\/2024\\\/06\\\/14\\\/sensibilisation-entrepreneuriat-oncostartupper-2024\\\/#primaryimage\"},\"thumbnailUrl\":\"https:\\\/\\\/medytec.eu\\\/wp-content\\\/uploads\\\/2024\\\/06\\\/WhatsApp-Image-2024-06-14-at-11.27.24.jpeg\",\"articleSection\":[\"\u00c9v\u00e8nements\"],\"inLanguage\":\"fr-FR\"},{\"@type\":\"WebPage\",\"@id\":\"https:\\\/\\\/medytec.eu\\\/2024\\\/06\\\/14\\\/sensibilisation-entrepreneuriat-oncostartupper-2024\\\/\",\"url\":\"https:\\\/\\\/medytec.eu\\\/2024\\\/06\\\/14\\\/sensibilisation-entrepreneuriat-oncostartupper-2024\\\/\",\"name\":\"1\u00e8re journ\u00e9e sur l\u2019entrepreneuriat en oncologie \u00e0 Medytec!\",\"isPartOf\":{\"@id\":\"https:\\\/\\\/medytec.eu\\\/#website\"},\"primaryImageOfPage\":{\"@id\":\"https:\\\/\\\/medytec.eu\\\/2024\\\/06\\\/14\\\/sensibilisation-entrepreneuriat-oncostartupper-2024\\\/#primaryimage\"},\"image\":{\"@id\":\"https:\\\/\\\/medytec.eu\\\/2024\\\/06\\\/14\\\/sensibilisation-entrepreneuriat-oncostartupper-2024\\\/#primaryimage\"},\"thumbnailUrl\":\"https:\\\/\\\/medytec.eu\\\/wp-content\\\/uploads\\\/2024\\\/06\\\/WhatsApp-Image-2024-06-14-at-11.27.24.jpeg\",\"datePublished\":\"2024-06-14T08:35:34+00:00\",\"dateModified\":\"2024-06-18T09:20:42+00:00\",\"description\":\"Retour sur l'\u00e9v\u00e9nement OncoSTARTUPPER, organis\u00e9 par OncoSTART et le Canc\u00e9rop\u00f4le CLARA en partenariat avec MEDICALPS.\",\"breadcrumb\":{\"@id\":\"https:\\\/\\\/medytec.eu\\\/2024\\\/06\\\/14\\\/sensibilisation-entrepreneuriat-oncostartupper-2024\\\/#breadcrumb\"},\"inLanguage\":\"fr-FR\",\"potentialAction\":[{\"@type\":\"ReadAction\",\"target\":[\"https:\\\/\\\/medytec.eu\\\/2024\\\/06\\\/14\\\/sensibilisation-entrepreneuriat-oncostartupper-2024\\\/\"]}]},{\"@type\":\"ImageObject\",\"inLanguage\":\"fr-FR\",\"@id\":\"https:\\\/\\\/medytec.eu\\\/2024\\\/06\\\/14\\\/sensibilisation-entrepreneuriat-oncostartupper-2024\\\/#primaryimage\",\"url\":\"https:\\\/\\\/medytec.eu\\\/wp-content\\\/uploads\\\/2024\\\/06\\\/WhatsApp-Image-2024-06-14-at-11.27.24.jpeg\",\"contentUrl\":\"https:\\\/\\\/medytec.eu\\\/wp-content\\\/uploads\\\/2024\\\/06\\\/WhatsApp-Image-2024-06-14-at-11.27.24.jpeg\",\"width\":2048,\"height\":1536},{\"@type\":\"BreadcrumbList\",\"@id\":\"https:\\\/\\\/medytec.eu\\\/2024\\\/06\\\/14\\\/sensibilisation-entrepreneuriat-oncostartupper-2024\\\/#breadcrumb\",\"itemListElement\":[{\"@type\":\"ListItem\",\"position\":1,\"name\":\"Accueil\",\"item\":\"https:\\\/\\\/medytec.eu\\\/\"},{\"@type\":\"ListItem\",\"position\":2,\"name\":\"1\u00e8re journ\u00e9e sur l\u2019entrepreneuriat en oncologie \u00e0 Medytec!\"}]},{\"@type\":\"WebSite\",\"@id\":\"https:\\\/\\\/medytec.eu\\\/#website\",\"url\":\"https:\\\/\\\/medytec.eu\\\/\",\"name\":\"Medytec\",\"description\":\"Le hub des technologies de la sant\u00e9 de grenoble-Alpes\",\"publisher\":{\"@id\":\"https:\\\/\\\/medytec.eu\\\/#organization\"},\"potentialAction\":[{\"@type\":\"SearchAction\",\"target\":{\"@type\":\"EntryPoint\",\"urlTemplate\":\"https:\\\/\\\/medytec.eu\\\/?s={search_term_string}\"},\"query-input\":{\"@type\":\"PropertyValueSpecification\",\"valueRequired\":true,\"valueName\":\"search_term_string\"}}],\"inLanguage\":\"fr-FR\"},{\"@type\":\"Organization\",\"@id\":\"https:\\\/\\\/medytec.eu\\\/#organization\",\"name\":\"MedYtec\",\"url\":\"https:\\\/\\\/medytec.eu\\\/\",\"logo\":{\"@type\":\"ImageObject\",\"inLanguage\":\"fr-FR\",\"@id\":\"https:\\\/\\\/medytec.eu\\\/#\\\/schema\\\/logo\\\/image\\\/\",\"url\":\"https:\\\/\\\/medytec.eu\\\/wp-content\\\/uploads\\\/2020\\\/02\\\/logo-medytec.png\",\"contentUrl\":\"https:\\\/\\\/medytec.eu\\\/wp-content\\\/uploads\\\/2020\\\/02\\\/logo-medytec.png\",\"width\":426,\"height\":147,\"caption\":\"MedYtec\"},\"image\":{\"@id\":\"https:\\\/\\\/medytec.eu\\\/#\\\/schema\\\/logo\\\/image\\\/\"}},{\"@type\":\"Person\",\"@id\":\"https:\\\/\\\/medytec.eu\\\/#\\\/schema\\\/person\\\/52643406ade6747ec29f0a5ca286f5fe\",\"name\":\"okparfait\",\"url\":\"https:\\\/\\\/medytec.eu\\\/fr\\\/author\\\/e486db832ef7dcb5\\\/\"}]}<\/script>\n<!-- \/ Yoast SEO plugin. -->","yoast_head_json":{"title":"1\u00e8re journ\u00e9e sur l\u2019entrepreneuriat en oncologie \u00e0 Medytec!","description":"Retour sur l'\u00e9v\u00e9nement OncoSTARTUPPER, organis\u00e9 par OncoSTART et le Canc\u00e9rop\u00f4le CLARA en partenariat avec MEDICALPS.","robots":{"index":"index","follow":"follow","max-snippet":"max-snippet:-1","max-image-preview":"max-image-preview:large","max-video-preview":"max-video-preview:-1"},"canonical":"https:\/\/medytec.eu\/fr\/2024\/06\/14\/sensibilisation-entrepreneuriat-oncostartupper-2024\/","og_locale":"fr_FR","og_type":"article","og_title":"1\u00e8re journ\u00e9e sur l\u2019entrepreneuriat en oncologie \u00e0 Medytec!","og_description":"Retour sur l'\u00e9v\u00e9nement OncoSTARTUPPER, organis\u00e9 par OncoSTART et le Canc\u00e9rop\u00f4le CLARA en partenariat avec MEDICALPS.","og_url":"https:\/\/medytec.eu\/fr\/2024\/06\/14\/sensibilisation-entrepreneuriat-oncostartupper-2024\/","og_site_name":"Medytec","article_published_time":"2024-06-14T08:35:34+00:00","article_modified_time":"2024-06-18T09:20:42+00:00","og_image":[{"width":2048,"height":1536,"url":"https:\/\/medytec.eu\/wp-content\/uploads\/2024\/06\/WhatsApp-Image-2024-06-14-at-11.27.24.jpeg","type":"image\/jpeg"}],"author":"okparfait","twitter_card":"summary_large_image","twitter_description":"Jeudi 16 juillet, nous avons eu le plaisir de recevoir les membres fondateurs de Medytec pour une visite officielle du lieu.","twitter_misc":{"\u00c9crit par":"okparfait","Dur\u00e9e de lecture estim\u00e9e":"3 minutes"},"schema":{"@context":"https:\/\/schema.org","@graph":[{"@type":"Article","@id":"https:\/\/medytec.eu\/2024\/06\/14\/sensibilisation-entrepreneuriat-oncostartupper-2024\/#article","isPartOf":{"@id":"https:\/\/medytec.eu\/2024\/06\/14\/sensibilisation-entrepreneuriat-oncostartupper-2024\/"},"author":{"name":"okparfait","@id":"https:\/\/medytec.eu\/#\/schema\/person\/52643406ade6747ec29f0a5ca286f5fe"},"headline":"1\u00e8re journ\u00e9e sur l\u2019entrepreneuriat en oncologie \u00e0 Medytec!","datePublished":"2024-06-14T08:35:34+00:00","dateModified":"2024-06-18T09:20:42+00:00","mainEntityOfPage":{"@id":"https:\/\/medytec.eu\/2024\/06\/14\/sensibilisation-entrepreneuriat-oncostartupper-2024\/"},"wordCount":601,"publisher":{"@id":"https:\/\/medytec.eu\/#organization"},"image":{"@id":"https:\/\/medytec.eu\/2024\/06\/14\/sensibilisation-entrepreneuriat-oncostartupper-2024\/#primaryimage"},"thumbnailUrl":"https:\/\/medytec.eu\/wp-content\/uploads\/2024\/06\/WhatsApp-Image-2024-06-14-at-11.27.24.jpeg","articleSection":["\u00c9v\u00e8nements"],"inLanguage":"fr-FR"},{"@type":"WebPage","@id":"https:\/\/medytec.eu\/2024\/06\/14\/sensibilisation-entrepreneuriat-oncostartupper-2024\/","url":"https:\/\/medytec.eu\/2024\/06\/14\/sensibilisation-entrepreneuriat-oncostartupper-2024\/","name":"1\u00e8re journ\u00e9e sur l\u2019entrepreneuriat en oncologie \u00e0 Medytec!","isPartOf":{"@id":"https:\/\/medytec.eu\/#website"},"primaryImageOfPage":{"@id":"https:\/\/medytec.eu\/2024\/06\/14\/sensibilisation-entrepreneuriat-oncostartupper-2024\/#primaryimage"},"image":{"@id":"https:\/\/medytec.eu\/2024\/06\/14\/sensibilisation-entrepreneuriat-oncostartupper-2024\/#primaryimage"},"thumbnailUrl":"https:\/\/medytec.eu\/wp-content\/uploads\/2024\/06\/WhatsApp-Image-2024-06-14-at-11.27.24.jpeg","datePublished":"2024-06-14T08:35:34+00:00","dateModified":"2024-06-18T09:20:42+00:00","description":"Retour sur l'\u00e9v\u00e9nement OncoSTARTUPPER, organis\u00e9 par OncoSTART et le Canc\u00e9rop\u00f4le CLARA en partenariat avec MEDICALPS.","breadcrumb":{"@id":"https:\/\/medytec.eu\/2024\/06\/14\/sensibilisation-entrepreneuriat-oncostartupper-2024\/#breadcrumb"},"inLanguage":"fr-FR","potentialAction":[{"@type":"ReadAction","target":["https:\/\/medytec.eu\/2024\/06\/14\/sensibilisation-entrepreneuriat-oncostartupper-2024\/"]}]},{"@type":"ImageObject","inLanguage":"fr-FR","@id":"https:\/\/medytec.eu\/2024\/06\/14\/sensibilisation-entrepreneuriat-oncostartupper-2024\/#primaryimage","url":"https:\/\/medytec.eu\/wp-content\/uploads\/2024\/06\/WhatsApp-Image-2024-06-14-at-11.27.24.jpeg","contentUrl":"https:\/\/medytec.eu\/wp-content\/uploads\/2024\/06\/WhatsApp-Image-2024-06-14-at-11.27.24.jpeg","width":2048,"height":1536},{"@type":"BreadcrumbList","@id":"https:\/\/medytec.eu\/2024\/06\/14\/sensibilisation-entrepreneuriat-oncostartupper-2024\/#breadcrumb","itemListElement":[{"@type":"ListItem","position":1,"name":"Accueil","item":"https:\/\/medytec.eu\/"},{"@type":"ListItem","position":2,"name":"1\u00e8re journ\u00e9e sur l\u2019entrepreneuriat en oncologie \u00e0 Medytec!"}]},{"@type":"WebSite","@id":"https:\/\/medytec.eu\/#website","url":"https:\/\/medytec.eu\/","name":"Medytec","description":"Le hub des technologies de la sant\u00e9 de grenoble-Alpes","publisher":{"@id":"https:\/\/medytec.eu\/#organization"},"potentialAction":[{"@type":"SearchAction","target":{"@type":"EntryPoint","urlTemplate":"https:\/\/medytec.eu\/?s={search_term_string}"},"query-input":{"@type":"PropertyValueSpecification","valueRequired":true,"valueName":"search_term_string"}}],"inLanguage":"fr-FR"},{"@type":"Organization","@id":"https:\/\/medytec.eu\/#organization","name":"MedYtec","url":"https:\/\/medytec.eu\/","logo":{"@type":"ImageObject","inLanguage":"fr-FR","@id":"https:\/\/medytec.eu\/#\/schema\/logo\/image\/","url":"https:\/\/medytec.eu\/wp-content\/uploads\/2020\/02\/logo-medytec.png","contentUrl":"https:\/\/medytec.eu\/wp-content\/uploads\/2020\/02\/logo-medytec.png","width":426,"height":147,"caption":"MedYtec"},"image":{"@id":"https:\/\/medytec.eu\/#\/schema\/logo\/image\/"}},{"@type":"Person","@id":"https:\/\/medytec.eu\/#\/schema\/person\/52643406ade6747ec29f0a5ca286f5fe","name":"okparfait","url":"https:\/\/medytec.eu\/fr\/author\/e486db832ef7dcb5\/"}]}},"_links":{"self":[{"href":"https:\/\/medytec.eu\/fr\/wp-json\/wp\/v2\/posts\/7642","targetHints":{"allow":["GET"]}}],"collection":[{"href":"https:\/\/medytec.eu\/fr\/wp-json\/wp\/v2\/posts"}],"about":[{"href":"https:\/\/medytec.eu\/fr\/wp-json\/wp\/v2\/types\/post"}],"author":[{"embeddable":true,"href":"https:\/\/medytec.eu\/fr\/wp-json\/wp\/v2\/users\/4"}],"replies":[{"embeddable":true,"href":"https:\/\/medytec.eu\/fr\/wp-json\/wp\/v2\/comments?post=7642"}],"version-history":[{"count":0,"href":"https:\/\/medytec.eu\/fr\/wp-json\/wp\/v2\/posts\/7642\/revisions"}],"wp:featuredmedia":[{"embeddable":true,"href":"https:\/\/medytec.eu\/fr\/wp-json\/wp\/v2\/media\/7658"}],"wp:attachment":[{"href":"https:\/\/medytec.eu\/fr\/wp-json\/wp\/v2\/media?parent=7642"}],"wp:term":[{"taxonomy":"category","embeddable":true,"href":"https:\/\/medytec.eu\/fr\/wp-json\/wp\/v2\/categories?post=7642"},{"taxonomy":"post_tag","embeddable":true,"href":"https:\/\/medytec.eu\/fr\/wp-json\/wp\/v2\/tags?post=7642"}],"curies":[{"name":"wp","href":"https:\/\/api.w.org\/{rel}","templated":true}]}}