{"id":4519,"date":"2022-07-19T11:00:09","date_gmt":"2022-07-19T09:00:09","guid":{"rendered":"https:\/\/medytec.eu\/?p=4519"},"modified":"2022-10-26T16:20:34","modified_gmt":"2022-10-26T14:20:34","slug":"visite-du-sous-prefet-a-la-relance-de-lisere","status":"publish","type":"post","link":"https:\/\/medytec.eu\/fr\/2022\/07\/19\/visite-du-sous-prefet-a-la-relance-de-lisere\/","title":{"rendered":"Visite du Sous-Pr\u00e9fet \u00e0 la Relance de l&rsquo;Is\u00e8re"},"content":{"rendered":"\t\t<div data-elementor-type=\"wp-post\" data-elementor-id=\"4519\" class=\"elementor elementor-4519\" data-elementor-post-type=\"post\">\n\t\t\t\t\t\t<section class=\"elementor-section elementor-top-section elementor-element elementor-element-92e9f2a elementor-section-boxed elementor-section-height-default elementor-section-height-default\" data-id=\"92e9f2a\" data-element_type=\"section\" data-e-type=\"section\">\n\t\t\t\t\t\t<div class=\"elementor-container elementor-column-gap-default\">\n\t\t\t\t\t<div class=\"elementor-column elementor-col-100 elementor-top-column elementor-element elementor-element-5cf3855\" data-id=\"5cf3855\" data-element_type=\"column\" data-e-type=\"column\">\n\t\t\t<div class=\"elementor-widget-wrap elementor-element-populated\">\n\t\t\t\t\t\t<div class=\"elementor-element elementor-element-0ed83b6 elementor-widget elementor-widget-heading\" data-id=\"0ed83b6\" data-element_type=\"widget\" data-e-type=\"widget\" data-widget_type=\"heading.default\">\n\t\t\t\t<div class=\"elementor-widget-container\">\n\t\t\t\t\t<h3 class=\"elementor-heading-title elementor-size-default\">Echanges et visite guid\u00e9e de Medytec lors de la venue du Sous-Pr\u00e9fet \u00e0 la Relance de l'Is\u00e8re<\/h3>\t\t\t\t<\/div>\n\t\t\t\t<\/div>\n\t\t\t\t\t<\/div>\n\t\t<\/div>\n\t\t\t\t\t<\/div>\n\t\t<\/section>\n\t\t\t\t<section class=\"elementor-section elementor-top-section elementor-element elementor-element-53eb68c elementor-section-boxed elementor-section-height-default elementor-section-height-default\" data-id=\"53eb68c\" data-element_type=\"section\" data-e-type=\"section\">\n\t\t\t\t\t\t<div class=\"elementor-container elementor-column-gap-default\">\n\t\t\t\t\t<div class=\"elementor-column elementor-col-100 elementor-top-column elementor-element elementor-element-ade196e\" data-id=\"ade196e\" data-element_type=\"column\" data-e-type=\"column\">\n\t\t\t<div class=\"elementor-widget-wrap elementor-element-populated\">\n\t\t\t\t\t\t<div class=\"elementor-element elementor-element-88c801c elementor-widget elementor-widget-heading\" data-id=\"88c801c\" data-element_type=\"widget\" data-e-type=\"widget\" data-widget_type=\"heading.default\">\n\t\t\t\t<div class=\"elementor-widget-container\">\n\t\t\t\t\t<h4 class=\"elementor-heading-title elementor-size-default\">28 JUIN<\/h4>\t\t\t\t<\/div>\n\t\t\t\t<\/div>\n\t\t\t\t\t<\/div>\n\t\t<\/div>\n\t\t\t\t\t<\/div>\n\t\t<\/section>\n\t\t\t\t<section class=\"elementor-section elementor-top-section elementor-element elementor-element-96b3898 elementor-section-boxed elementor-section-height-default elementor-section-height-default\" data-id=\"96b3898\" data-element_type=\"section\" data-e-type=\"section\">\n\t\t\t\t\t\t<div class=\"elementor-container elementor-column-gap-default\">\n\t\t\t\t\t<div class=\"elementor-column elementor-col-100 elementor-top-column elementor-element elementor-element-396e407\" data-id=\"396e407\" data-element_type=\"column\" data-e-type=\"column\">\n\t\t\t<div class=\"elementor-widget-wrap elementor-element-populated\">\n\t\t\t\t\t\t<div class=\"elementor-element elementor-element-12f5f7e elementor-widget elementor-widget-text-editor\" data-id=\"12f5f7e\" data-element_type=\"widget\" data-e-type=\"widget\" data-widget_type=\"text-editor.default\">\n\t\t\t\t<div class=\"elementor-widget-container\">\n\t\t\t\t\t\t\t\t\t<p class=\"text-build-content\" style=\"font-variant-ligatures: normal; font-variant-caps: normal; font-family: CeraPro, sans-serif; font-size: 20px; font-style: normal; font-weight: 400;\" data-testid=\"OYwwzwujv\">INOVOTION, entreprise grenobloise sp\u00e9cialis\u00e9e en biotechnologies dans le domaine de l&rsquo;oncologie, acc\u00e8de au Plan de Relance de l&rsquo;Etat !<\/p>\n<p class=\"text-build-content\" style=\"font-variant-ligatures: normal; font-variant-caps: normal; font-family: CeraPro, sans-serif; font-size: 20px; font-style: normal; font-weight: 400;\" data-testid=\"OYwwzwujv\">Nous avons accueilli \u00e0 cette occasion le Sous-Pr\u00e9fet \u00e0 la Relance de l&rsquo;Is\u00e8re, M. Samy SISAID au sein de Biopolis avec une visite de Medytec !&nbsp;<\/p>\n<p class=\"text-build-content\" style=\"font-variant-ligatures: normal; font-variant-caps: normal; font-family: CeraPro, sans-serif; font-size: 20px; font-style: normal; font-weight: 400;\" data-testid=\"OYwwzwujv\">L&rsquo;occasion d&rsquo;\u00e9changer sur le projet de cr\u00e9ation d&rsquo;un campus technologique d\u00e9di\u00e9 aux technologies de la sant\u00e9.<\/p>\t\t\t\t\t\t\t\t<\/div>\n\t\t\t\t<\/div>\n\t\t\t\t\t<\/div>\n\t\t<\/div>\n\t\t\t\t\t<\/div>\n\t\t<\/section>\n\t\t\t\t<section class=\"elementor-section elementor-top-section elementor-element elementor-element-9dd791f elementor-section-boxed elementor-section-height-default elementor-section-height-default\" data-id=\"9dd791f\" data-element_type=\"section\" data-e-type=\"section\">\n\t\t\t\t\t\t<div class=\"elementor-container elementor-column-gap-default\">\n\t\t\t\t\t<div class=\"elementor-column elementor-col-100 elementor-top-column elementor-element elementor-element-e249968\" data-id=\"e249968\" data-element_type=\"column\" data-e-type=\"column\">\n\t\t\t<div class=\"elementor-widget-wrap elementor-element-populated\">\n\t\t\t\t\t\t<div class=\"elementor-element elementor-element-68b368a elementor-align-center elementor-widget elementor-widget-button\" data-id=\"68b368a\" data-element_type=\"widget\" data-e-type=\"widget\" data-widget_type=\"button.default\">\n\t\t\t\t<div class=\"elementor-widget-container\">\n\t\t\t\t\t\t\t\t\t<div class=\"elementor-button-wrapper\">\n\t\t\t\t\t<a class=\"elementor-button elementor-button-link elementor-size-sm\" href=\"https:\/\/medytec.eu\/fr\/vos-evenements\/actualites-medytec\/\">\n\t\t\t\t\t\t<span class=\"elementor-button-content-wrapper\">\n\t\t\t\t\t\t\t\t\t<span class=\"elementor-button-text\">Toutes les actualit\u00e9s de MedYtec<\/span>\n\t\t\t\t\t<\/span>\n\t\t\t\t\t<\/a>\n\t\t\t\t<\/div>\n\t\t\t\t\t\t\t\t<\/div>\n\t\t\t\t<\/div>\n\t\t\t\t\t<\/div>\n\t\t<\/div>\n\t\t\t\t\t<\/div>\n\t\t<\/section>\n\t\t\t\t<\/div>\n\t\t","protected":false},"excerpt":{"rendered":"<p>Echanges et visite guid\u00e9e de Medytec lors de la venue du Sous-Pr\u00e9fet \u00e0 la Relance de l&rsquo;Is\u00e8re 28 JUIN INOVOTION, entreprise grenobloise sp\u00e9cialis\u00e9e en biotechnologies dans le domaine de l&rsquo;oncologie, acc\u00e8de au Plan de Relance de l&rsquo;Etat ! Nous avons accueilli \u00e0 cette occasion le Sous-Pr\u00e9fet \u00e0 la Relance de l&rsquo;Is\u00e8re, M. Samy SISAID au [&hellip;]<\/p>\n","protected":false},"author":4,"featured_media":4520,"comment_status":"closed","ping_status":"open","sticky":false,"template":"","format":"standard","meta":{"ocean_post_layout":"","ocean_both_sidebars_style":"","ocean_both_sidebars_content_width":0,"ocean_both_sidebars_sidebars_width":0,"ocean_sidebar":"0","ocean_second_sidebar":"0","ocean_disable_margins":"enable","ocean_add_body_class":"","ocean_shortcode_before_top_bar":"","ocean_shortcode_after_top_bar":"","ocean_shortcode_before_header":"","ocean_shortcode_after_header":"","ocean_has_shortcode":"","ocean_shortcode_after_title":"","ocean_shortcode_before_footer_widgets":"","ocean_shortcode_after_footer_widgets":"","ocean_shortcode_before_footer_bottom":"","ocean_shortcode_after_footer_bottom":"","ocean_display_top_bar":"off","ocean_display_header":"default","ocean_header_style":"","ocean_center_header_left_menu":"0","ocean_custom_header_template":"0","ocean_custom_logo":0,"ocean_custom_retina_logo":0,"ocean_custom_logo_max_width":0,"ocean_custom_logo_tablet_max_width":0,"ocean_custom_logo_mobile_max_width":0,"ocean_custom_logo_max_height":0,"ocean_custom_logo_tablet_max_height":0,"ocean_custom_logo_mobile_max_height":0,"ocean_header_custom_menu":"0","ocean_menu_typo_font_family":"0","ocean_menu_typo_font_subset":"","ocean_menu_typo_font_size":0,"ocean_menu_typo_font_size_tablet":0,"ocean_menu_typo_font_size_mobile":0,"ocean_menu_typo_font_size_unit":"px","ocean_menu_typo_font_weight":"","ocean_menu_typo_font_weight_tablet":"","ocean_menu_typo_font_weight_mobile":"","ocean_menu_typo_transform":"","ocean_menu_typo_transform_tablet":"","ocean_menu_typo_transform_mobile":"","ocean_menu_typo_line_height":0,"ocean_menu_typo_line_height_tablet":0,"ocean_menu_typo_line_height_mobile":0,"ocean_menu_typo_line_height_unit":"","ocean_menu_typo_spacing":0,"ocean_menu_typo_spacing_tablet":0,"ocean_menu_typo_spacing_mobile":0,"ocean_menu_typo_spacing_unit":"","ocean_menu_link_color":"","ocean_menu_link_color_hover":"","ocean_menu_link_color_active":"","ocean_menu_link_background":"","ocean_menu_link_hover_background":"","ocean_menu_link_active_background":"","ocean_menu_social_links_bg":"","ocean_menu_social_hover_links_bg":"","ocean_menu_social_links_color":"","ocean_menu_social_hover_links_color":"","ocean_disable_title":"default","ocean_disable_heading":"default","ocean_post_title":"","ocean_post_subheading":"","ocean_post_title_style":"","ocean_post_title_background_color":"","ocean_post_title_background":0,"ocean_post_title_bg_image_position":"","ocean_post_title_bg_image_attachment":"","ocean_post_title_bg_image_repeat":"","ocean_post_title_bg_image_size":"","ocean_post_title_height":0,"ocean_post_title_bg_overlay":0.5,"ocean_post_title_bg_overlay_color":"","ocean_disable_breadcrumbs":"default","ocean_breadcrumbs_color":"","ocean_breadcrumbs_separator_color":"","ocean_breadcrumbs_links_color":"","ocean_breadcrumbs_links_hover_color":"","ocean_display_footer_widgets":"default","ocean_display_footer_bottom":"default","ocean_custom_footer_template":"0","ocean_post_oembed":"","ocean_post_self_hosted_media":"","ocean_post_video_embed":"","ocean_link_format":"","ocean_link_format_target":"self","ocean_quote_format":"","ocean_quote_format_link":"post","ocean_gallery_link_images":"off","ocean_gallery_id":[],"footnotes":""},"categories":[70],"tags":[],"class_list":["post-4519","post","type-post","status-publish","format-standard","has-post-thumbnail","hentry","category-evenements","entry","has-media"],"yoast_head":"<!-- This site is optimized with the Yoast SEO plugin v27.5 - https:\/\/yoast.com\/product\/yoast-seo-wordpress\/ -->\n<title>Visite du Sous-Pr\u00e9fet \u00e0 la Relance de l&#039;Is\u00e8re - Medytec<\/title>\n<meta name=\"description\" content=\"Echange et visite du showroom de MedYtec lors de la venue de Samy SISAID, Sous-Pr\u00e9fet \u00e0 la Relance de l&#039;Is\u00e8re au sein de Biopolis.\" \/>\n<meta name=\"robots\" content=\"index, follow, max-snippet:-1, max-image-preview:large, max-video-preview:-1\" \/>\n<link rel=\"canonical\" href=\"https:\/\/medytec.eu\/fr\/2022\/07\/19\/visite-du-sous-prefet-a-la-relance-de-lisere\/\" \/>\n<meta property=\"og:locale\" content=\"fr_FR\" \/>\n<meta property=\"og:type\" content=\"article\" \/>\n<meta property=\"og:title\" content=\"Visite du Sous-Pr\u00e9fet \u00e0 la Relance de l&#039;Is\u00e8re - Medytec\" \/>\n<meta property=\"og:description\" content=\"Echange et visite du showroom de MedYtec lors de la venue de Samy SISAID, Sous-Pr\u00e9fet \u00e0 la Relance de l&#039;Is\u00e8re au sein de Biopolis.\" \/>\n<meta property=\"og:url\" content=\"https:\/\/medytec.eu\/fr\/2022\/07\/19\/visite-du-sous-prefet-a-la-relance-de-lisere\/\" \/>\n<meta property=\"og:site_name\" content=\"Medytec\" \/>\n<meta property=\"article:published_time\" content=\"2022-07-19T09:00:09+00:00\" \/>\n<meta property=\"article:modified_time\" content=\"2022-10-26T14:20:34+00:00\" \/>\n<meta property=\"og:image\" content=\"https:\/\/medytec.eu\/wp-content\/uploads\/2022\/07\/Samy-SISAID-Sous-Prefet-a-la-Relance-de-lIsere.jpg\" \/>\n\t<meta property=\"og:image:width\" content=\"2048\" \/>\n\t<meta property=\"og:image:height\" content=\"1536\" \/>\n\t<meta property=\"og:image:type\" content=\"image\/jpeg\" \/>\n<meta name=\"author\" content=\"okparfait\" \/>\n<meta name=\"twitter:card\" content=\"summary_large_image\" \/>\n<meta name=\"twitter:description\" content=\"Jeudi 16 juillet, nous avons eu le plaisir de recevoir les membres fondateurs de Medytec pour une visite officielle du lieu.\" \/>\n<meta name=\"twitter:label1\" content=\"\u00c9crit par\" \/>\n\t<meta name=\"twitter:data1\" content=\"okparfait\" \/>\n\t<meta name=\"twitter:label2\" content=\"Dur\u00e9e de lecture estim\u00e9e\" \/>\n\t<meta name=\"twitter:data2\" content=\"1 minute\" \/>\n<script type=\"application\/ld+json\" class=\"yoast-schema-graph\">{\"@context\":\"https:\\\/\\\/schema.org\",\"@graph\":[{\"@type\":\"Article\",\"@id\":\"https:\\\/\\\/medytec.eu\\\/fr\\\/2022\\\/07\\\/19\\\/visite-du-sous-prefet-a-la-relance-de-lisere\\\/#article\",\"isPartOf\":{\"@id\":\"https:\\\/\\\/medytec.eu\\\/fr\\\/2022\\\/07\\\/19\\\/visite-du-sous-prefet-a-la-relance-de-lisere\\\/\"},\"author\":{\"name\":\"okparfait\",\"@id\":\"https:\\\/\\\/medytec.eu\\\/#\\\/schema\\\/person\\\/52643406ade6747ec29f0a5ca286f5fe\"},\"headline\":\"Visite du Sous-Pr\u00e9fet \u00e0 la Relance de l&rsquo;Is\u00e8re\",\"datePublished\":\"2022-07-19T09:00:09+00:00\",\"dateModified\":\"2022-10-26T14:20:34+00:00\",\"mainEntityOfPage\":{\"@id\":\"https:\\\/\\\/medytec.eu\\\/fr\\\/2022\\\/07\\\/19\\\/visite-du-sous-prefet-a-la-relance-de-lisere\\\/\"},\"wordCount\":108,\"publisher\":{\"@id\":\"https:\\\/\\\/medytec.eu\\\/#organization\"},\"image\":{\"@id\":\"https:\\\/\\\/medytec.eu\\\/fr\\\/2022\\\/07\\\/19\\\/visite-du-sous-prefet-a-la-relance-de-lisere\\\/#primaryimage\"},\"thumbnailUrl\":\"https:\\\/\\\/medytec.eu\\\/wp-content\\\/uploads\\\/2022\\\/07\\\/Samy-SISAID-Sous-Prefet-a-la-Relance-de-lIsere.jpg\",\"articleSection\":[\"\u00c9v\u00e8nements\"],\"inLanguage\":\"fr-FR\"},{\"@type\":\"WebPage\",\"@id\":\"https:\\\/\\\/medytec.eu\\\/fr\\\/2022\\\/07\\\/19\\\/visite-du-sous-prefet-a-la-relance-de-lisere\\\/\",\"url\":\"https:\\\/\\\/medytec.eu\\\/fr\\\/2022\\\/07\\\/19\\\/visite-du-sous-prefet-a-la-relance-de-lisere\\\/\",\"name\":\"Visite du Sous-Pr\u00e9fet \u00e0 la Relance de l'Is\u00e8re - Medytec\",\"isPartOf\":{\"@id\":\"https:\\\/\\\/medytec.eu\\\/#website\"},\"primaryImageOfPage\":{\"@id\":\"https:\\\/\\\/medytec.eu\\\/fr\\\/2022\\\/07\\\/19\\\/visite-du-sous-prefet-a-la-relance-de-lisere\\\/#primaryimage\"},\"image\":{\"@id\":\"https:\\\/\\\/medytec.eu\\\/fr\\\/2022\\\/07\\\/19\\\/visite-du-sous-prefet-a-la-relance-de-lisere\\\/#primaryimage\"},\"thumbnailUrl\":\"https:\\\/\\\/medytec.eu\\\/wp-content\\\/uploads\\\/2022\\\/07\\\/Samy-SISAID-Sous-Prefet-a-la-Relance-de-lIsere.jpg\",\"datePublished\":\"2022-07-19T09:00:09+00:00\",\"dateModified\":\"2022-10-26T14:20:34+00:00\",\"description\":\"Echange et visite du showroom de MedYtec lors de la venue de Samy SISAID, Sous-Pr\u00e9fet \u00e0 la Relance de l'Is\u00e8re au sein de Biopolis.\",\"breadcrumb\":{\"@id\":\"https:\\\/\\\/medytec.eu\\\/fr\\\/2022\\\/07\\\/19\\\/visite-du-sous-prefet-a-la-relance-de-lisere\\\/#breadcrumb\"},\"inLanguage\":\"fr-FR\",\"potentialAction\":[{\"@type\":\"ReadAction\",\"target\":[\"https:\\\/\\\/medytec.eu\\\/fr\\\/2022\\\/07\\\/19\\\/visite-du-sous-prefet-a-la-relance-de-lisere\\\/\"]}]},{\"@type\":\"ImageObject\",\"inLanguage\":\"fr-FR\",\"@id\":\"https:\\\/\\\/medytec.eu\\\/fr\\\/2022\\\/07\\\/19\\\/visite-du-sous-prefet-a-la-relance-de-lisere\\\/#primaryimage\",\"url\":\"https:\\\/\\\/medytec.eu\\\/wp-content\\\/uploads\\\/2022\\\/07\\\/Samy-SISAID-Sous-Prefet-a-la-Relance-de-lIsere.jpg\",\"contentUrl\":\"https:\\\/\\\/medytec.eu\\\/wp-content\\\/uploads\\\/2022\\\/07\\\/Samy-SISAID-Sous-Prefet-a-la-Relance-de-lIsere.jpg\",\"width\":2048,\"height\":1536},{\"@type\":\"BreadcrumbList\",\"@id\":\"https:\\\/\\\/medytec.eu\\\/fr\\\/2022\\\/07\\\/19\\\/visite-du-sous-prefet-a-la-relance-de-lisere\\\/#breadcrumb\",\"itemListElement\":[{\"@type\":\"ListItem\",\"position\":1,\"name\":\"Accueil\",\"item\":\"https:\\\/\\\/medytec.eu\\\/\"},{\"@type\":\"ListItem\",\"position\":2,\"name\":\"Visite du Sous-Pr\u00e9fet \u00e0 la Relance de l&rsquo;Is\u00e8re\"}]},{\"@type\":\"WebSite\",\"@id\":\"https:\\\/\\\/medytec.eu\\\/#website\",\"url\":\"https:\\\/\\\/medytec.eu\\\/\",\"name\":\"Medytec\",\"description\":\"Le hub des technologies de la sant\u00e9 de grenoble-Alpes\",\"publisher\":{\"@id\":\"https:\\\/\\\/medytec.eu\\\/#organization\"},\"potentialAction\":[{\"@type\":\"SearchAction\",\"target\":{\"@type\":\"EntryPoint\",\"urlTemplate\":\"https:\\\/\\\/medytec.eu\\\/?s={search_term_string}\"},\"query-input\":{\"@type\":\"PropertyValueSpecification\",\"valueRequired\":true,\"valueName\":\"search_term_string\"}}],\"inLanguage\":\"fr-FR\"},{\"@type\":\"Organization\",\"@id\":\"https:\\\/\\\/medytec.eu\\\/#organization\",\"name\":\"MedYtec\",\"url\":\"https:\\\/\\\/medytec.eu\\\/\",\"logo\":{\"@type\":\"ImageObject\",\"inLanguage\":\"fr-FR\",\"@id\":\"https:\\\/\\\/medytec.eu\\\/#\\\/schema\\\/logo\\\/image\\\/\",\"url\":\"https:\\\/\\\/medytec.eu\\\/wp-content\\\/uploads\\\/2020\\\/02\\\/logo-medytec.png\",\"contentUrl\":\"https:\\\/\\\/medytec.eu\\\/wp-content\\\/uploads\\\/2020\\\/02\\\/logo-medytec.png\",\"width\":426,\"height\":147,\"caption\":\"MedYtec\"},\"image\":{\"@id\":\"https:\\\/\\\/medytec.eu\\\/#\\\/schema\\\/logo\\\/image\\\/\"}},{\"@type\":\"Person\",\"@id\":\"https:\\\/\\\/medytec.eu\\\/#\\\/schema\\\/person\\\/52643406ade6747ec29f0a5ca286f5fe\",\"name\":\"okparfait\",\"url\":\"https:\\\/\\\/medytec.eu\\\/fr\\\/author\\\/e486db832ef7dcb5\\\/\"}]}<\/script>\n<!-- \/ Yoast SEO plugin. -->","yoast_head_json":{"title":"Visite du Sous-Pr\u00e9fet \u00e0 la Relance de l'Is\u00e8re - Medytec","description":"Echange et visite du showroom de MedYtec lors de la venue de Samy SISAID, Sous-Pr\u00e9fet \u00e0 la Relance de l'Is\u00e8re au sein de Biopolis.","robots":{"index":"index","follow":"follow","max-snippet":"max-snippet:-1","max-image-preview":"max-image-preview:large","max-video-preview":"max-video-preview:-1"},"canonical":"https:\/\/medytec.eu\/fr\/2022\/07\/19\/visite-du-sous-prefet-a-la-relance-de-lisere\/","og_locale":"fr_FR","og_type":"article","og_title":"Visite du Sous-Pr\u00e9fet \u00e0 la Relance de l'Is\u00e8re - Medytec","og_description":"Echange et visite du showroom de MedYtec lors de la venue de Samy SISAID, Sous-Pr\u00e9fet \u00e0 la Relance de l'Is\u00e8re au sein de Biopolis.","og_url":"https:\/\/medytec.eu\/fr\/2022\/07\/19\/visite-du-sous-prefet-a-la-relance-de-lisere\/","og_site_name":"Medytec","article_published_time":"2022-07-19T09:00:09+00:00","article_modified_time":"2022-10-26T14:20:34+00:00","og_image":[{"width":2048,"height":1536,"url":"https:\/\/medytec.eu\/wp-content\/uploads\/2022\/07\/Samy-SISAID-Sous-Prefet-a-la-Relance-de-lIsere.jpg","type":"image\/jpeg"}],"author":"okparfait","twitter_card":"summary_large_image","twitter_description":"Jeudi 16 juillet, nous avons eu le plaisir de recevoir les membres fondateurs de Medytec pour une visite officielle du lieu.","twitter_misc":{"\u00c9crit par":"okparfait","Dur\u00e9e de lecture estim\u00e9e":"1 minute"},"schema":{"@context":"https:\/\/schema.org","@graph":[{"@type":"Article","@id":"https:\/\/medytec.eu\/fr\/2022\/07\/19\/visite-du-sous-prefet-a-la-relance-de-lisere\/#article","isPartOf":{"@id":"https:\/\/medytec.eu\/fr\/2022\/07\/19\/visite-du-sous-prefet-a-la-relance-de-lisere\/"},"author":{"name":"okparfait","@id":"https:\/\/medytec.eu\/#\/schema\/person\/52643406ade6747ec29f0a5ca286f5fe"},"headline":"Visite du Sous-Pr\u00e9fet \u00e0 la Relance de l&rsquo;Is\u00e8re","datePublished":"2022-07-19T09:00:09+00:00","dateModified":"2022-10-26T14:20:34+00:00","mainEntityOfPage":{"@id":"https:\/\/medytec.eu\/fr\/2022\/07\/19\/visite-du-sous-prefet-a-la-relance-de-lisere\/"},"wordCount":108,"publisher":{"@id":"https:\/\/medytec.eu\/#organization"},"image":{"@id":"https:\/\/medytec.eu\/fr\/2022\/07\/19\/visite-du-sous-prefet-a-la-relance-de-lisere\/#primaryimage"},"thumbnailUrl":"https:\/\/medytec.eu\/wp-content\/uploads\/2022\/07\/Samy-SISAID-Sous-Prefet-a-la-Relance-de-lIsere.jpg","articleSection":["\u00c9v\u00e8nements"],"inLanguage":"fr-FR"},{"@type":"WebPage","@id":"https:\/\/medytec.eu\/fr\/2022\/07\/19\/visite-du-sous-prefet-a-la-relance-de-lisere\/","url":"https:\/\/medytec.eu\/fr\/2022\/07\/19\/visite-du-sous-prefet-a-la-relance-de-lisere\/","name":"Visite du Sous-Pr\u00e9fet \u00e0 la Relance de l'Is\u00e8re - Medytec","isPartOf":{"@id":"https:\/\/medytec.eu\/#website"},"primaryImageOfPage":{"@id":"https:\/\/medytec.eu\/fr\/2022\/07\/19\/visite-du-sous-prefet-a-la-relance-de-lisere\/#primaryimage"},"image":{"@id":"https:\/\/medytec.eu\/fr\/2022\/07\/19\/visite-du-sous-prefet-a-la-relance-de-lisere\/#primaryimage"},"thumbnailUrl":"https:\/\/medytec.eu\/wp-content\/uploads\/2022\/07\/Samy-SISAID-Sous-Prefet-a-la-Relance-de-lIsere.jpg","datePublished":"2022-07-19T09:00:09+00:00","dateModified":"2022-10-26T14:20:34+00:00","description":"Echange et visite du showroom de MedYtec lors de la venue de Samy SISAID, Sous-Pr\u00e9fet \u00e0 la Relance de l'Is\u00e8re au sein de Biopolis.","breadcrumb":{"@id":"https:\/\/medytec.eu\/fr\/2022\/07\/19\/visite-du-sous-prefet-a-la-relance-de-lisere\/#breadcrumb"},"inLanguage":"fr-FR","potentialAction":[{"@type":"ReadAction","target":["https:\/\/medytec.eu\/fr\/2022\/07\/19\/visite-du-sous-prefet-a-la-relance-de-lisere\/"]}]},{"@type":"ImageObject","inLanguage":"fr-FR","@id":"https:\/\/medytec.eu\/fr\/2022\/07\/19\/visite-du-sous-prefet-a-la-relance-de-lisere\/#primaryimage","url":"https:\/\/medytec.eu\/wp-content\/uploads\/2022\/07\/Samy-SISAID-Sous-Prefet-a-la-Relance-de-lIsere.jpg","contentUrl":"https:\/\/medytec.eu\/wp-content\/uploads\/2022\/07\/Samy-SISAID-Sous-Prefet-a-la-Relance-de-lIsere.jpg","width":2048,"height":1536},{"@type":"BreadcrumbList","@id":"https:\/\/medytec.eu\/fr\/2022\/07\/19\/visite-du-sous-prefet-a-la-relance-de-lisere\/#breadcrumb","itemListElement":[{"@type":"ListItem","position":1,"name":"Accueil","item":"https:\/\/medytec.eu\/"},{"@type":"ListItem","position":2,"name":"Visite du Sous-Pr\u00e9fet \u00e0 la Relance de l&rsquo;Is\u00e8re"}]},{"@type":"WebSite","@id":"https:\/\/medytec.eu\/#website","url":"https:\/\/medytec.eu\/","name":"Medytec","description":"Le hub des technologies de la sant\u00e9 de grenoble-Alpes","publisher":{"@id":"https:\/\/medytec.eu\/#organization"},"potentialAction":[{"@type":"SearchAction","target":{"@type":"EntryPoint","urlTemplate":"https:\/\/medytec.eu\/?s={search_term_string}"},"query-input":{"@type":"PropertyValueSpecification","valueRequired":true,"valueName":"search_term_string"}}],"inLanguage":"fr-FR"},{"@type":"Organization","@id":"https:\/\/medytec.eu\/#organization","name":"MedYtec","url":"https:\/\/medytec.eu\/","logo":{"@type":"ImageObject","inLanguage":"fr-FR","@id":"https:\/\/medytec.eu\/#\/schema\/logo\/image\/","url":"https:\/\/medytec.eu\/wp-content\/uploads\/2020\/02\/logo-medytec.png","contentUrl":"https:\/\/medytec.eu\/wp-content\/uploads\/2020\/02\/logo-medytec.png","width":426,"height":147,"caption":"MedYtec"},"image":{"@id":"https:\/\/medytec.eu\/#\/schema\/logo\/image\/"}},{"@type":"Person","@id":"https:\/\/medytec.eu\/#\/schema\/person\/52643406ade6747ec29f0a5ca286f5fe","name":"okparfait","url":"https:\/\/medytec.eu\/fr\/author\/e486db832ef7dcb5\/"}]}},"_links":{"self":[{"href":"https:\/\/medytec.eu\/fr\/wp-json\/wp\/v2\/posts\/4519","targetHints":{"allow":["GET"]}}],"collection":[{"href":"https:\/\/medytec.eu\/fr\/wp-json\/wp\/v2\/posts"}],"about":[{"href":"https:\/\/medytec.eu\/fr\/wp-json\/wp\/v2\/types\/post"}],"author":[{"embeddable":true,"href":"https:\/\/medytec.eu\/fr\/wp-json\/wp\/v2\/users\/4"}],"replies":[{"embeddable":true,"href":"https:\/\/medytec.eu\/fr\/wp-json\/wp\/v2\/comments?post=4519"}],"version-history":[{"count":0,"href":"https:\/\/medytec.eu\/fr\/wp-json\/wp\/v2\/posts\/4519\/revisions"}],"wp:featuredmedia":[{"embeddable":true,"href":"https:\/\/medytec.eu\/fr\/wp-json\/wp\/v2\/media\/4520"}],"wp:attachment":[{"href":"https:\/\/medytec.eu\/fr\/wp-json\/wp\/v2\/media?parent=4519"}],"wp:term":[{"taxonomy":"category","embeddable":true,"href":"https:\/\/medytec.eu\/fr\/wp-json\/wp\/v2\/categories?post=4519"},{"taxonomy":"post_tag","embeddable":true,"href":"https:\/\/medytec.eu\/fr\/wp-json\/wp\/v2\/tags?post=4519"}],"curies":[{"name":"wp","href":"https:\/\/api.w.org\/{rel}","templated":true}]}}