{"id":1837,"date":"2020-09-23T10:13:48","date_gmt":"2020-09-23T08:13:48","guid":{"rendered":"https:\/\/medytec.eu\/?p=1837"},"modified":"2021-10-05T09:07:48","modified_gmt":"2021-10-05T07:07:48","slug":"les-innovations-en-sante-du-territoire-le-pansement-connecte","status":"publish","type":"post","link":"https:\/\/medytec.eu\/fr\/2020\/09\/23\/les-innovations-en-sante-du-territoire-le-pansement-connecte\/","title":{"rendered":"Les innovations en sant\u00e9 du territoire : le pansement connect\u00e9"},"content":{"rendered":"\t\t<div data-elementor-type=\"wp-post\" data-elementor-id=\"1837\" class=\"elementor elementor-1837\" data-elementor-post-type=\"post\">\n\t\t\t\t\t\t<section class=\"elementor-section elementor-top-section elementor-element elementor-element-45f730d3 elementor-section-boxed elementor-section-height-default elementor-section-height-default\" data-id=\"45f730d3\" data-element_type=\"section\" data-e-type=\"section\">\n\t\t\t\t\t\t<div class=\"elementor-container elementor-column-gap-default\">\n\t\t\t\t\t<div class=\"elementor-column elementor-col-100 elementor-top-column elementor-element elementor-element-63871e80\" data-id=\"63871e80\" data-element_type=\"column\" data-e-type=\"column\">\n\t\t\t<div class=\"elementor-widget-wrap elementor-element-populated\">\n\t\t\t\t\t\t<div class=\"elementor-element elementor-element-33eb46cf elementor-widget elementor-widget-text-editor\" data-id=\"33eb46cf\" data-element_type=\"widget\" data-e-type=\"widget\" data-widget_type=\"text-editor.default\">\n\t\t\t\t<div class=\"elementor-widget-container\">\n\t\t\t\t\t\t\t\t\t<p><\/p>\n<p>Dans le <span style=\"color: #00a8bc;\"><a style=\"color: #00a8bc;\" href=\"https:\/\/medytec.eu\/fr\/vos-evenements\/espaces-medytec-pour-vos-evenements-personnalises\/\" target=\"_blank\" rel=\"noopener\" data-wplink-edit=\"true\">showroom<\/a> <\/span>de Medytec, nous exposons les produits innovants d\u00e9velopp\u00e9s par les entreprises de notre <span style=\"color: #00a8bc;\"><a style=\"color: #00a8bc;\" href=\"https:\/\/medytec.eu\/fr\/un-ecosysteme-d-excellence-en-sante\/grenoble-alpes-territoire-pionnier\/\" target=\"_blank\" rel=\"noopener\">territoire<\/a><\/span>.<\/p>\n<p>Dans ce 4e article, nous vous pr\u00e9sentons la soci\u00e9t\u00e9 innovante Grapheal, cr\u00e9\u00e9e par Vincent Bouchiat en 2019.<\/p>\n<p><img decoding=\"async\" class=\"wp-image-1842 aligncenter\" src=\"https:\/\/medytec.eu\/wp-content\/uploads\/2020\/09\/grapheal.png\" alt=\"\" width=\"159\" height=\"155\" \/><\/p>\n<h3><strong>A propos<\/strong><\/h3>\n<p>Aujourd&rsquo;hui, les amputations dues aux plaies chroniques touchent plus de 500 000 personnes dans le monde. Grapheal, jeune start-up grenobloise, apporte une r\u00e9ponse th\u00e9rapeutique et un diagnostic avec un patch intelligent.\u00a0Il est d\u00e9sormais possible de suivre la cicatrisation de la plaie et \u00e9viter la majorit\u00e9 des amputations.<\/p>\n<h3>Le pansement connect\u00e9<\/h3>\n<div class=\"wp-block-media-text alignfull has-media-on-the-right is-stacked-on-mobile\">\n<figure class=\"wp-block-media-text__media\"><img fetchpriority=\"high\" decoding=\"async\" class=\"aligncenter wp-image-1838 size-full\" src=\"https:\/\/medytec.eu\/wp-content\/uploads\/2020\/09\/1-Industrie-GRAPHEAL-photo-prosuit--scaled.jpg\" alt=\"pansement connect\u00e9\" width=\"2560\" height=\"1621\" srcset=\"https:\/\/medytec.eu\/wp-content\/uploads\/2020\/09\/1-Industrie-GRAPHEAL-photo-prosuit--scaled.jpg 2560w, https:\/\/medytec.eu\/wp-content\/uploads\/2020\/09\/1-Industrie-GRAPHEAL-photo-prosuit--300x190.jpg 300w, https:\/\/medytec.eu\/wp-content\/uploads\/2020\/09\/1-Industrie-GRAPHEAL-photo-prosuit--1024x648.jpg 1024w, https:\/\/medytec.eu\/wp-content\/uploads\/2020\/09\/1-Industrie-GRAPHEAL-photo-prosuit--768x486.jpg 768w, https:\/\/medytec.eu\/wp-content\/uploads\/2020\/09\/1-Industrie-GRAPHEAL-photo-prosuit--1536x973.jpg 1536w, https:\/\/medytec.eu\/wp-content\/uploads\/2020\/09\/1-Industrie-GRAPHEAL-photo-prosuit--2048x1297.jpg 2048w\" sizes=\"(max-width: 2560px) 100vw, 2560px\" \/><\/figure>\n<div class=\"wp-block-media-text__content\">\n<p><strong>Comment \u00e7a marche?<\/strong><\/p>\n<p>Ce pansement intelligent est compos\u00e9 d\u2019une \u00e9lectronique souple et biocompatible qui enregistre des donn\u00e9es biochimiques dans la plaie. \u00a0Il analyse la cicatrisation et alerte en cas d\u2019infection.<\/p>\n<\/div>\n<\/div>\n<figure class=\"wp-block-embed is-type-video is-provider-vimeo wp-block-embed-vimeo wp-embed-aspect-16-9 wp-has-aspect-ratio\">\n<div>\u00a0<\/div>\n<div>Pour en savoir plus, consulter le <span style=\"color: #00a8bc;\"><a style=\"color: #00a8bc;\" href=\"https:\/\/www.grapheal.com\/\" target=\"_blank\" rel=\"noreferrer noopener\"><span class=\"has-inline-color has-vivid-cyan-blue-color\"><span style=\"color: #00a8bc;\">site internet<\/span> <\/span><\/a><\/span>ou la vid\u00e9o ci-dessous :<\/div>\n<div>\n<p><\/p>\n<\/div>\n<\/figure>\t\t\t\t\t\t\t\t<\/div>\n\t\t\t\t<\/div>\n\t\t\t\t<div class=\"elementor-element elementor-element-2401780 elementor-widget elementor-widget-video\" data-id=\"2401780\" data-element_type=\"widget\" data-e-type=\"widget\" data-settings=\"{&quot;video_type&quot;:&quot;vimeo&quot;}\" data-widget_type=\"video.default\">\n\t\t\t\t<div class=\"elementor-widget-container\">\n\t\t\t\t\t\t\t<div class=\"elementor-wrapper elementor-open-inline\">\n\t\t\t<iframe class=\"elementor-video-iframe\" allowfullscreen allow=\"clipboard-write\" title=\"Lecteur vid\u00e9o vimeo\" src=\"https:\/\/player.vimeo.com\/video\/370743743?color&amp;autopause=0&amp;loop=0&amp;muted=0&amp;title=1&amp;portrait=1&amp;byline=1#t=\"><\/iframe>\t\t<\/div>\n\t\t\t\t\t\t<\/div>\n\t\t\t\t<\/div>\n\t\t\t\t\t<\/div>\n\t\t<\/div>\n\t\t\t\t\t<\/div>\n\t\t<\/section>\n\t\t\t\t<section class=\"elementor-section elementor-top-section elementor-element elementor-element-88a994a elementor-section-boxed elementor-section-height-default elementor-section-height-default\" data-id=\"88a994a\" data-element_type=\"section\" data-e-type=\"section\">\n\t\t\t\t\t\t<div class=\"elementor-container elementor-column-gap-default\">\n\t\t\t\t\t<div class=\"elementor-column elementor-col-100 elementor-top-column elementor-element elementor-element-6c550ac\" data-id=\"6c550ac\" data-element_type=\"column\" data-e-type=\"column\">\n\t\t\t<div class=\"elementor-widget-wrap elementor-element-populated\">\n\t\t\t\t\t\t<div class=\"elementor-element elementor-element-23056ac elementor-widget elementor-widget-text-editor\" data-id=\"23056ac\" data-element_type=\"widget\" data-e-type=\"widget\" data-widget_type=\"text-editor.default\">\n\t\t\t\t<div class=\"elementor-widget-container\">\n\t\t\t\t\t\t\t\t\t<figure style=\"font-variant-ligatures: normal; font-variant-caps: normal; font-family: Roboto, sans-serif; font-size: 20px; font-style: normal; font-weight: 400; text-align: justify;\">\n<p><span style=\"font-weight: 600; text-align: left;\">Nous vous invitons \u00e0 venir d\u00e9couvrir le produit en vitrine lors de nos journ\u00e9es libre acc\u00e8s !<\/span><\/p>\n<\/figure>\n<p style=\"font-variant-ligatures: normal; font-variant-caps: normal; font-family: Roboto, sans-serif; font-size: 20px; font-style: normal; font-weight: 400; text-align: justify;\">D\u00e9couvrez \u00e9galement :<\/p>\n<ul>\n<li style=\"font-size: 20px;\"><a href=\"https:\/\/medytec.eu\/fr\/2021\/10\/05\/les-innovations-en-sante-du-territoire-pi-box-innospark-calculs-renaux\/\" style=\"font-size: 20px;\"><span style=\"font-size: 20px; color: rgb(0, 168, 188);\">Les Pi-Box\u00a9, collecte de calculs r\u00e9naux<\/span><\/a><\/li><li style=\"font-size: 20px;\"><a href=\"https:\/\/medytec.eu\/fr\/2021\/07\/08\/les-innovations-en-sante-du-territoire-le-labpad-d-avalun\/\" target=\"_blank\" rel=\"noopener\" style=\"font-size: 20px; background-color: rgb(255, 255, 255); color: rgb(0, 168, 188);\">Le Labpad<\/a><a href=\"https:\/\/medytec.eu\/fr\/2020\/12\/03\/les-innovations-en-sante-du-territoire-les-dispositifs-intuity-ject-mix\/\" target=\"_blank\" rel=\"noopener\" style=\"font-size: 20px; background-color: rgb(255, 255, 255); color: rgb(0, 168, 188);\">\u00ae<\/a><a href=\"https:\/\/medytec.eu\/fr\/2021\/07\/08\/les-innovations-en-sante-du-territoire-le-labpad-d-avalun\/\" target=\"_blank\" rel=\"noopener\" style=\"font-size: 20px; background-color: rgb(255, 255, 255); color: rgb(0, 168, 188);\">&nbsp;de Avalun&nbsp;<\/a><br><\/li><li style=\"font-size: 20px;\"><a href=\"https:\/\/medytec.eu\/fr\/2021\/04\/08\/les-innovations-en-sante-du-territoire-la-technologie-de-steute\/\" target=\"_blank\" rel=\"noopener\" style=\"font-size: 20px; color: rgb(0, 168, 188);\">Les p\u00e9dales de Steute<\/a><\/li><li style=\"font-size: 20px;\"><a href=\"https:\/\/medytec.eu\/fr\/2020\/12\/03\/les-innovations-en-sante-du-territoire-les-dispositifs-intuity-ject-mix\/\" target=\"_blank\" rel=\"noopener\" style=\"font-size: 20px; background-color: rgb(255, 255, 255); color: rgb(0, 168, 188);\">Les dispositifs Intuity\u00ae Ject &amp; Mix<\/a><\/li><li style=\"font-size: 20px;\"><span style=\"font-size: 20px; color: rgb(0, 168, 188);\"><a href=\"https:\/\/medytec.eu\/fr\/2021\/01\/05\/les-innovations-en-sante-du-territoire-le-dispositif-de-neurostimulation-transcutanee-connecte-actitens\/\" target=\"_blank\" rel=\"noreferrer noopener\" style=\"font-size: 20px; color: rgb(0, 168, 188);\">Le dispositif de neurostimulation transcutan\u00e9e connect\u00e9 actiTENS<\/a><\/span><\/li><li style=\"font-size: 20px;\"><span style=\"font-size: 20px; color: rgb(0, 168, 188);\"><a href=\"https:\/\/medytec.eu\/2020\/07\/09\/decouvrez-les-innovations-en-sante-du-territoire-le-gant-wens\/\" style=\"font-size: 20px; color: rgb(0, 168, 188);\">Le gant Wens<\/a><\/span><\/li><li style=\"font-size: 20px;\"><span style=\"font-size: 20px; color: rgb(0, 168, 188);\"><a href=\"https:\/\/medytec.eu\/2020\/07\/10\/decouvrez-les-innovations-en-sante-du-territoire-le-dispositif-protool\/\" style=\"font-size: 20px; color: rgb(0, 168, 188);\">Le dispositif PROTOOL\u00ae<\/a><\/span><\/li><li style=\"font-size: 20px;\"><span style=\"font-size: 20px; color: rgb(0, 168, 188);\"><a href=\"https:\/\/medytec.eu\/2020\/08\/17\/les-innovations-en-sante-du-territoire-la-micro-fabrication-2d-et-3d\/\" style=\"font-size: 20px; color: rgb(0, 168, 188);\">La micro fabrication 2D et 3D<\/a><\/span><\/li><li style=\"font-size: 20px;\"><span style=\"font-size: 20px; color: rgb(0, 168, 188);\"><a href=\"https:\/\/medytec.eu\/fr\/2021\/03\/11\/les-innovations-en-sante-du-territoire-la-solution-remedee-labs\/\" target=\"_blank\" rel=\"noopener\" style=\"font-size: 20px; color: rgb(0, 168, 188);\">La solution Remedee Labs pour la prise en charge de la douleur<\/a><\/span><\/li><li style=\"font-size: 20px;\"><span style=\"font-size: 20px; color: rgb(0, 168, 188);\"><a href=\"https:\/\/medytec.eu\/fr\/2021\/02\/11\/les-innovations-en-sante-du-territoire-la-plateforme-surgivisio-decential-robotics\/\" target=\"_blank\" rel=\"noreferrer noopener\" style=\"font-size: 20px; color: rgb(0, 168, 188);\">La plateforme Surgivisio d\u2019eCential Robotics<\/a><\/span><\/li><p style=\"font-variant-ligatures: normal; font-variant-caps: normal; font-family: CeraPro, sans-serif; font-size: 20px; font-style: normal; font-weight: 400; text-align: justify;\"><\/p>\n<\/ul>\n<figure>\n<div>&nbsp;<\/div>\n<\/figure>\n<p style=\"text-align: right;\">L&rsquo;\u00e9quipe Medytec<\/p>\t\t\t\t\t\t\t\t<\/div>\n\t\t\t\t<\/div>\n\t\t\t\t\t<\/div>\n\t\t<\/div>\n\t\t\t\t\t<\/div>\n\t\t<\/section>\n\t\t\t\t<\/div>\n\t\t","protected":false},"excerpt":{"rendered":"<p>Dans le showroom de Medytec, nous exposons les produits innovants d\u00e9velopp\u00e9s par les entreprises de notre territoire. Dans ce 4e article, nous vous pr\u00e9sentons la soci\u00e9t\u00e9 innovante Grapheal, cr\u00e9\u00e9e par Vincent Bouchiat en 2019. A propos Aujourd&rsquo;hui, les amputations dues aux plaies chroniques touchent plus de 500 000 personnes dans le monde. Grapheal, jeune start-up [&hellip;]<\/p>\n","protected":false},"author":4,"featured_media":1847,"comment_status":"closed","ping_status":"open","sticky":false,"template":"","format":"standard","meta":{"ocean_post_layout":"","ocean_both_sidebars_style":"","ocean_both_sidebars_content_width":0,"ocean_both_sidebars_sidebars_width":0,"ocean_sidebar":"0","ocean_second_sidebar":"0","ocean_disable_margins":"enable","ocean_add_body_class":"","ocean_shortcode_before_top_bar":"","ocean_shortcode_after_top_bar":"","ocean_shortcode_before_header":"","ocean_shortcode_after_header":"","ocean_has_shortcode":"","ocean_shortcode_after_title":"","ocean_shortcode_before_footer_widgets":"","ocean_shortcode_after_footer_widgets":"","ocean_shortcode_before_footer_bottom":"","ocean_shortcode_after_footer_bottom":"","ocean_display_top_bar":"off","ocean_display_header":"default","ocean_header_style":"","ocean_center_header_left_menu":"0","ocean_custom_header_template":"0","ocean_custom_logo":0,"ocean_custom_retina_logo":0,"ocean_custom_logo_max_width":0,"ocean_custom_logo_tablet_max_width":0,"ocean_custom_logo_mobile_max_width":0,"ocean_custom_logo_max_height":0,"ocean_custom_logo_tablet_max_height":0,"ocean_custom_logo_mobile_max_height":0,"ocean_header_custom_menu":"0","ocean_menu_typo_font_family":"0","ocean_menu_typo_font_subset":"","ocean_menu_typo_font_size":0,"ocean_menu_typo_font_size_tablet":0,"ocean_menu_typo_font_size_mobile":0,"ocean_menu_typo_font_size_unit":"px","ocean_menu_typo_font_weight":"","ocean_menu_typo_font_weight_tablet":"","ocean_menu_typo_font_weight_mobile":"","ocean_menu_typo_transform":"","ocean_menu_typo_transform_tablet":"","ocean_menu_typo_transform_mobile":"","ocean_menu_typo_line_height":0,"ocean_menu_typo_line_height_tablet":0,"ocean_menu_typo_line_height_mobile":0,"ocean_menu_typo_line_height_unit":"","ocean_menu_typo_spacing":0,"ocean_menu_typo_spacing_tablet":0,"ocean_menu_typo_spacing_mobile":0,"ocean_menu_typo_spacing_unit":"","ocean_menu_link_color":"","ocean_menu_link_color_hover":"","ocean_menu_link_color_active":"","ocean_menu_link_background":"","ocean_menu_link_hover_background":"","ocean_menu_link_active_background":"","ocean_menu_social_links_bg":"","ocean_menu_social_hover_links_bg":"","ocean_menu_social_links_color":"","ocean_menu_social_hover_links_color":"","ocean_disable_title":"default","ocean_disable_heading":"default","ocean_post_title":"","ocean_post_subheading":"","ocean_post_title_style":"","ocean_post_title_background_color":"","ocean_post_title_background":0,"ocean_post_title_bg_image_position":"","ocean_post_title_bg_image_attachment":"","ocean_post_title_bg_image_repeat":"","ocean_post_title_bg_image_size":"","ocean_post_title_height":0,"ocean_post_title_bg_overlay":0.5,"ocean_post_title_bg_overlay_color":"","ocean_disable_breadcrumbs":"default","ocean_breadcrumbs_color":"","ocean_breadcrumbs_separator_color":"","ocean_breadcrumbs_links_color":"","ocean_breadcrumbs_links_hover_color":"","ocean_display_footer_widgets":"default","ocean_display_footer_bottom":"default","ocean_custom_footer_template":"0","ocean_post_oembed":"","ocean_post_self_hosted_media":"","ocean_post_video_embed":"","ocean_link_format":"","ocean_link_format_target":"self","ocean_quote_format":"","ocean_quote_format_link":"post","ocean_gallery_link_images":"off","ocean_gallery_id":[],"footnotes":""},"categories":[55],"tags":[],"class_list":["post-1837","post","type-post","status-publish","format-standard","has-post-thumbnail","hentry","category-innovations-en-sante","entry","has-media"],"yoast_head":"<!-- This site is optimized with the Yoast SEO plugin v27.5 - https:\/\/yoast.com\/product\/yoast-seo-wordpress\/ -->\n<title>Les innovations en sant\u00e9 du territoire : le pansement connect\u00e9<\/title>\n<meta name=\"description\" content=\"Grapheal, start-up grenobloise, a d\u00e9velopp\u00e9 un pansement connect\u00e9 capable de suivre la cicatrisation des plaies et d&#039;\u00e9viter les complications\" \/>\n<meta name=\"robots\" content=\"index, follow, max-snippet:-1, max-image-preview:large, max-video-preview:-1\" \/>\n<link rel=\"canonical\" href=\"https:\/\/medytec.eu\/fr\/2020\/09\/23\/les-innovations-en-sante-du-territoire-le-pansement-connecte\/\" \/>\n<meta property=\"og:locale\" content=\"fr_FR\" \/>\n<meta property=\"og:type\" content=\"article\" \/>\n<meta property=\"og:title\" content=\"Les innovations en sant\u00e9 du territoire : le pansement connect\u00e9\" \/>\n<meta property=\"og:description\" content=\"Grapheal, start-up grenobloise, a d\u00e9velopp\u00e9 un pansement connect\u00e9 capable de suivre la cicatrisation des plaies et d&#039;\u00e9viter les complications\" \/>\n<meta property=\"og:url\" content=\"https:\/\/medytec.eu\/fr\/2020\/09\/23\/les-innovations-en-sante-du-territoire-le-pansement-connecte\/\" \/>\n<meta property=\"og:site_name\" content=\"Medytec\" \/>\n<meta property=\"article:published_time\" content=\"2020-09-23T08:13:48+00:00\" \/>\n<meta property=\"article:modified_time\" content=\"2021-10-05T07:07:48+00:00\" \/>\n<meta property=\"og:image\" content=\"https:\/\/medytec.eu\/wp-content\/uploads\/2020\/09\/grapheal.jpeg\" \/>\n\t<meta property=\"og:image:width\" content=\"1600\" \/>\n\t<meta property=\"og:image:height\" content=\"1200\" \/>\n\t<meta property=\"og:image:type\" content=\"image\/jpeg\" \/>\n<meta name=\"author\" content=\"okparfait\" \/>\n<meta name=\"twitter:card\" content=\"summary_large_image\" \/>\n<meta name=\"twitter:label1\" content=\"\u00c9crit par\" \/>\n\t<meta name=\"twitter:data1\" content=\"okparfait\" \/>\n\t<meta name=\"twitter:label2\" content=\"Dur\u00e9e de lecture estim\u00e9e\" \/>\n\t<meta name=\"twitter:data2\" content=\"2 minutes\" \/>\n<script type=\"application\/ld+json\" class=\"yoast-schema-graph\">{\"@context\":\"https:\\\/\\\/schema.org\",\"@graph\":[{\"@type\":\"Article\",\"@id\":\"https:\\\/\\\/medytec.eu\\\/fr\\\/2020\\\/09\\\/23\\\/les-innovations-en-sante-du-territoire-le-pansement-connecte\\\/#article\",\"isPartOf\":{\"@id\":\"https:\\\/\\\/medytec.eu\\\/fr\\\/2020\\\/09\\\/23\\\/les-innovations-en-sante-du-territoire-le-pansement-connecte\\\/\"},\"author\":{\"name\":\"okparfait\",\"@id\":\"https:\\\/\\\/medytec.eu\\\/#\\\/schema\\\/person\\\/52643406ade6747ec29f0a5ca286f5fe\"},\"headline\":\"Les innovations en sant\u00e9 du territoire : le pansement connect\u00e9\",\"datePublished\":\"2020-09-23T08:13:48+00:00\",\"dateModified\":\"2021-10-05T07:07:48+00:00\",\"mainEntityOfPage\":{\"@id\":\"https:\\\/\\\/medytec.eu\\\/fr\\\/2020\\\/09\\\/23\\\/les-innovations-en-sante-du-territoire-le-pansement-connecte\\\/\"},\"wordCount\":243,\"publisher\":{\"@id\":\"https:\\\/\\\/medytec.eu\\\/#organization\"},\"image\":{\"@id\":\"https:\\\/\\\/medytec.eu\\\/fr\\\/2020\\\/09\\\/23\\\/les-innovations-en-sante-du-territoire-le-pansement-connecte\\\/#primaryimage\"},\"thumbnailUrl\":\"https:\\\/\\\/medytec.eu\\\/wp-content\\\/uploads\\\/2020\\\/09\\\/grapheal.jpeg\",\"articleSection\":[\"Innovations en sant\u00e9\"],\"inLanguage\":\"fr-FR\"},{\"@type\":\"WebPage\",\"@id\":\"https:\\\/\\\/medytec.eu\\\/fr\\\/2020\\\/09\\\/23\\\/les-innovations-en-sante-du-territoire-le-pansement-connecte\\\/\",\"url\":\"https:\\\/\\\/medytec.eu\\\/fr\\\/2020\\\/09\\\/23\\\/les-innovations-en-sante-du-territoire-le-pansement-connecte\\\/\",\"name\":\"Les innovations en sant\u00e9 du territoire : le pansement connect\u00e9\",\"isPartOf\":{\"@id\":\"https:\\\/\\\/medytec.eu\\\/#website\"},\"primaryImageOfPage\":{\"@id\":\"https:\\\/\\\/medytec.eu\\\/fr\\\/2020\\\/09\\\/23\\\/les-innovations-en-sante-du-territoire-le-pansement-connecte\\\/#primaryimage\"},\"image\":{\"@id\":\"https:\\\/\\\/medytec.eu\\\/fr\\\/2020\\\/09\\\/23\\\/les-innovations-en-sante-du-territoire-le-pansement-connecte\\\/#primaryimage\"},\"thumbnailUrl\":\"https:\\\/\\\/medytec.eu\\\/wp-content\\\/uploads\\\/2020\\\/09\\\/grapheal.jpeg\",\"datePublished\":\"2020-09-23T08:13:48+00:00\",\"dateModified\":\"2021-10-05T07:07:48+00:00\",\"description\":\"Grapheal, start-up grenobloise, a d\u00e9velopp\u00e9 un pansement connect\u00e9 capable de suivre la cicatrisation des plaies et d'\u00e9viter les complications\",\"breadcrumb\":{\"@id\":\"https:\\\/\\\/medytec.eu\\\/fr\\\/2020\\\/09\\\/23\\\/les-innovations-en-sante-du-territoire-le-pansement-connecte\\\/#breadcrumb\"},\"inLanguage\":\"fr-FR\",\"potentialAction\":[{\"@type\":\"ReadAction\",\"target\":[\"https:\\\/\\\/medytec.eu\\\/fr\\\/2020\\\/09\\\/23\\\/les-innovations-en-sante-du-territoire-le-pansement-connecte\\\/\"]}]},{\"@type\":\"ImageObject\",\"inLanguage\":\"fr-FR\",\"@id\":\"https:\\\/\\\/medytec.eu\\\/fr\\\/2020\\\/09\\\/23\\\/les-innovations-en-sante-du-territoire-le-pansement-connecte\\\/#primaryimage\",\"url\":\"https:\\\/\\\/medytec.eu\\\/wp-content\\\/uploads\\\/2020\\\/09\\\/grapheal.jpeg\",\"contentUrl\":\"https:\\\/\\\/medytec.eu\\\/wp-content\\\/uploads\\\/2020\\\/09\\\/grapheal.jpeg\",\"width\":1600,\"height\":1200,\"caption\":\"pansement connect\u00e9\"},{\"@type\":\"BreadcrumbList\",\"@id\":\"https:\\\/\\\/medytec.eu\\\/fr\\\/2020\\\/09\\\/23\\\/les-innovations-en-sante-du-territoire-le-pansement-connecte\\\/#breadcrumb\",\"itemListElement\":[{\"@type\":\"ListItem\",\"position\":1,\"name\":\"Accueil\",\"item\":\"https:\\\/\\\/medytec.eu\\\/\"},{\"@type\":\"ListItem\",\"position\":2,\"name\":\"Les innovations en sant\u00e9 du territoire : le pansement connect\u00e9\"}]},{\"@type\":\"WebSite\",\"@id\":\"https:\\\/\\\/medytec.eu\\\/#website\",\"url\":\"https:\\\/\\\/medytec.eu\\\/\",\"name\":\"Medytec\",\"description\":\"Le hub des technologies de la sant\u00e9 de grenoble-Alpes\",\"publisher\":{\"@id\":\"https:\\\/\\\/medytec.eu\\\/#organization\"},\"potentialAction\":[{\"@type\":\"SearchAction\",\"target\":{\"@type\":\"EntryPoint\",\"urlTemplate\":\"https:\\\/\\\/medytec.eu\\\/?s={search_term_string}\"},\"query-input\":{\"@type\":\"PropertyValueSpecification\",\"valueRequired\":true,\"valueName\":\"search_term_string\"}}],\"inLanguage\":\"fr-FR\"},{\"@type\":\"Organization\",\"@id\":\"https:\\\/\\\/medytec.eu\\\/#organization\",\"name\":\"MedYtec\",\"url\":\"https:\\\/\\\/medytec.eu\\\/\",\"logo\":{\"@type\":\"ImageObject\",\"inLanguage\":\"fr-FR\",\"@id\":\"https:\\\/\\\/medytec.eu\\\/#\\\/schema\\\/logo\\\/image\\\/\",\"url\":\"https:\\\/\\\/medytec.eu\\\/wp-content\\\/uploads\\\/2020\\\/02\\\/logo-medytec.png\",\"contentUrl\":\"https:\\\/\\\/medytec.eu\\\/wp-content\\\/uploads\\\/2020\\\/02\\\/logo-medytec.png\",\"width\":426,\"height\":147,\"caption\":\"MedYtec\"},\"image\":{\"@id\":\"https:\\\/\\\/medytec.eu\\\/#\\\/schema\\\/logo\\\/image\\\/\"}},{\"@type\":\"Person\",\"@id\":\"https:\\\/\\\/medytec.eu\\\/#\\\/schema\\\/person\\\/52643406ade6747ec29f0a5ca286f5fe\",\"name\":\"okparfait\",\"url\":\"https:\\\/\\\/medytec.eu\\\/fr\\\/author\\\/e486db832ef7dcb5\\\/\"}]}<\/script>\n<!-- \/ Yoast SEO plugin. -->","yoast_head_json":{"title":"Les innovations en sant\u00e9 du territoire : le pansement connect\u00e9","description":"Grapheal, start-up grenobloise, a d\u00e9velopp\u00e9 un pansement connect\u00e9 capable de suivre la cicatrisation des plaies et d'\u00e9viter les complications","robots":{"index":"index","follow":"follow","max-snippet":"max-snippet:-1","max-image-preview":"max-image-preview:large","max-video-preview":"max-video-preview:-1"},"canonical":"https:\/\/medytec.eu\/fr\/2020\/09\/23\/les-innovations-en-sante-du-territoire-le-pansement-connecte\/","og_locale":"fr_FR","og_type":"article","og_title":"Les innovations en sant\u00e9 du territoire : le pansement connect\u00e9","og_description":"Grapheal, start-up grenobloise, a d\u00e9velopp\u00e9 un pansement connect\u00e9 capable de suivre la cicatrisation des plaies et d'\u00e9viter les complications","og_url":"https:\/\/medytec.eu\/fr\/2020\/09\/23\/les-innovations-en-sante-du-territoire-le-pansement-connecte\/","og_site_name":"Medytec","article_published_time":"2020-09-23T08:13:48+00:00","article_modified_time":"2021-10-05T07:07:48+00:00","og_image":[{"width":1600,"height":1200,"url":"https:\/\/medytec.eu\/wp-content\/uploads\/2020\/09\/grapheal.jpeg","type":"image\/jpeg"}],"author":"okparfait","twitter_card":"summary_large_image","twitter_misc":{"\u00c9crit par":"okparfait","Dur\u00e9e de lecture estim\u00e9e":"2 minutes"},"schema":{"@context":"https:\/\/schema.org","@graph":[{"@type":"Article","@id":"https:\/\/medytec.eu\/fr\/2020\/09\/23\/les-innovations-en-sante-du-territoire-le-pansement-connecte\/#article","isPartOf":{"@id":"https:\/\/medytec.eu\/fr\/2020\/09\/23\/les-innovations-en-sante-du-territoire-le-pansement-connecte\/"},"author":{"name":"okparfait","@id":"https:\/\/medytec.eu\/#\/schema\/person\/52643406ade6747ec29f0a5ca286f5fe"},"headline":"Les innovations en sant\u00e9 du territoire : le pansement connect\u00e9","datePublished":"2020-09-23T08:13:48+00:00","dateModified":"2021-10-05T07:07:48+00:00","mainEntityOfPage":{"@id":"https:\/\/medytec.eu\/fr\/2020\/09\/23\/les-innovations-en-sante-du-territoire-le-pansement-connecte\/"},"wordCount":243,"publisher":{"@id":"https:\/\/medytec.eu\/#organization"},"image":{"@id":"https:\/\/medytec.eu\/fr\/2020\/09\/23\/les-innovations-en-sante-du-territoire-le-pansement-connecte\/#primaryimage"},"thumbnailUrl":"https:\/\/medytec.eu\/wp-content\/uploads\/2020\/09\/grapheal.jpeg","articleSection":["Innovations en sant\u00e9"],"inLanguage":"fr-FR"},{"@type":"WebPage","@id":"https:\/\/medytec.eu\/fr\/2020\/09\/23\/les-innovations-en-sante-du-territoire-le-pansement-connecte\/","url":"https:\/\/medytec.eu\/fr\/2020\/09\/23\/les-innovations-en-sante-du-territoire-le-pansement-connecte\/","name":"Les innovations en sant\u00e9 du territoire : le pansement connect\u00e9","isPartOf":{"@id":"https:\/\/medytec.eu\/#website"},"primaryImageOfPage":{"@id":"https:\/\/medytec.eu\/fr\/2020\/09\/23\/les-innovations-en-sante-du-territoire-le-pansement-connecte\/#primaryimage"},"image":{"@id":"https:\/\/medytec.eu\/fr\/2020\/09\/23\/les-innovations-en-sante-du-territoire-le-pansement-connecte\/#primaryimage"},"thumbnailUrl":"https:\/\/medytec.eu\/wp-content\/uploads\/2020\/09\/grapheal.jpeg","datePublished":"2020-09-23T08:13:48+00:00","dateModified":"2021-10-05T07:07:48+00:00","description":"Grapheal, start-up grenobloise, a d\u00e9velopp\u00e9 un pansement connect\u00e9 capable de suivre la cicatrisation des plaies et d'\u00e9viter les complications","breadcrumb":{"@id":"https:\/\/medytec.eu\/fr\/2020\/09\/23\/les-innovations-en-sante-du-territoire-le-pansement-connecte\/#breadcrumb"},"inLanguage":"fr-FR","potentialAction":[{"@type":"ReadAction","target":["https:\/\/medytec.eu\/fr\/2020\/09\/23\/les-innovations-en-sante-du-territoire-le-pansement-connecte\/"]}]},{"@type":"ImageObject","inLanguage":"fr-FR","@id":"https:\/\/medytec.eu\/fr\/2020\/09\/23\/les-innovations-en-sante-du-territoire-le-pansement-connecte\/#primaryimage","url":"https:\/\/medytec.eu\/wp-content\/uploads\/2020\/09\/grapheal.jpeg","contentUrl":"https:\/\/medytec.eu\/wp-content\/uploads\/2020\/09\/grapheal.jpeg","width":1600,"height":1200,"caption":"pansement connect\u00e9"},{"@type":"BreadcrumbList","@id":"https:\/\/medytec.eu\/fr\/2020\/09\/23\/les-innovations-en-sante-du-territoire-le-pansement-connecte\/#breadcrumb","itemListElement":[{"@type":"ListItem","position":1,"name":"Accueil","item":"https:\/\/medytec.eu\/"},{"@type":"ListItem","position":2,"name":"Les innovations en sant\u00e9 du territoire : le pansement connect\u00e9"}]},{"@type":"WebSite","@id":"https:\/\/medytec.eu\/#website","url":"https:\/\/medytec.eu\/","name":"Medytec","description":"Le hub des technologies de la sant\u00e9 de grenoble-Alpes","publisher":{"@id":"https:\/\/medytec.eu\/#organization"},"potentialAction":[{"@type":"SearchAction","target":{"@type":"EntryPoint","urlTemplate":"https:\/\/medytec.eu\/?s={search_term_string}"},"query-input":{"@type":"PropertyValueSpecification","valueRequired":true,"valueName":"search_term_string"}}],"inLanguage":"fr-FR"},{"@type":"Organization","@id":"https:\/\/medytec.eu\/#organization","name":"MedYtec","url":"https:\/\/medytec.eu\/","logo":{"@type":"ImageObject","inLanguage":"fr-FR","@id":"https:\/\/medytec.eu\/#\/schema\/logo\/image\/","url":"https:\/\/medytec.eu\/wp-content\/uploads\/2020\/02\/logo-medytec.png","contentUrl":"https:\/\/medytec.eu\/wp-content\/uploads\/2020\/02\/logo-medytec.png","width":426,"height":147,"caption":"MedYtec"},"image":{"@id":"https:\/\/medytec.eu\/#\/schema\/logo\/image\/"}},{"@type":"Person","@id":"https:\/\/medytec.eu\/#\/schema\/person\/52643406ade6747ec29f0a5ca286f5fe","name":"okparfait","url":"https:\/\/medytec.eu\/fr\/author\/e486db832ef7dcb5\/"}]}},"_links":{"self":[{"href":"https:\/\/medytec.eu\/fr\/wp-json\/wp\/v2\/posts\/1837","targetHints":{"allow":["GET"]}}],"collection":[{"href":"https:\/\/medytec.eu\/fr\/wp-json\/wp\/v2\/posts"}],"about":[{"href":"https:\/\/medytec.eu\/fr\/wp-json\/wp\/v2\/types\/post"}],"author":[{"embeddable":true,"href":"https:\/\/medytec.eu\/fr\/wp-json\/wp\/v2\/users\/4"}],"replies":[{"embeddable":true,"href":"https:\/\/medytec.eu\/fr\/wp-json\/wp\/v2\/comments?post=1837"}],"version-history":[{"count":0,"href":"https:\/\/medytec.eu\/fr\/wp-json\/wp\/v2\/posts\/1837\/revisions"}],"wp:featuredmedia":[{"embeddable":true,"href":"https:\/\/medytec.eu\/fr\/wp-json\/wp\/v2\/media\/1847"}],"wp:attachment":[{"href":"https:\/\/medytec.eu\/fr\/wp-json\/wp\/v2\/media?parent=1837"}],"wp:term":[{"taxonomy":"category","embeddable":true,"href":"https:\/\/medytec.eu\/fr\/wp-json\/wp\/v2\/categories?post=1837"},{"taxonomy":"post_tag","embeddable":true,"href":"https:\/\/medytec.eu\/fr\/wp-json\/wp\/v2\/tags?post=1837"}],"curies":[{"name":"wp","href":"https:\/\/api.w.org\/{rel}","templated":true}]}}