{"id":8638,"date":"2026-04-01T09:00:22","date_gmt":"2026-04-01T07:00:22","guid":{"rendered":"https:\/\/medytec.eu\/?p=8638"},"modified":"2026-04-20T16:21:28","modified_gmt":"2026-04-20T14:21:28","slug":"biomerieux-devient-sponsor-de-medytec","status":"publish","type":"post","link":"https:\/\/medytec.eu\/en\/2026\/04\/01\/biomerieux-devient-sponsor-de-medytec\/","title":{"rendered":"bioM\u00e9rieux devient sponsor de Medytec !"},"content":{"rendered":"<div data-elementor-type=\"wp-post\" data-elementor-id=\"8638\" class=\"elementor elementor-8638\" data-elementor-post-type=\"post\">\n\t\t\t\t\t\t<section class=\"elementor-section elementor-top-section elementor-element elementor-element-9bb4108 elementor-section-boxed elementor-section-height-default elementor-section-height-default\" data-id=\"9bb4108\" data-element_type=\"section\" data-e-type=\"section\">\n\t\t\t\t\t\t<div class=\"elementor-container elementor-column-gap-default\">\n\t\t\t\t\t<div class=\"elementor-column elementor-col-100 elementor-top-column elementor-element elementor-element-c451533\" data-id=\"c451533\" data-element_type=\"column\" data-e-type=\"column\">\n\t\t\t<div class=\"elementor-widget-wrap elementor-element-populated\">\n\t\t\t\t\t\t<div class=\"elementor-element elementor-element-2810206 elementor-widget elementor-widget-text-editor\" data-id=\"2810206\" data-element_type=\"widget\" data-e-type=\"widget\" data-widget_type=\"text-editor.default\">\n\t\t\t\t<div class=\"elementor-widget-container\">\n\t\t\t\t\t\t\t\t\t<p class=\"isSelectedEnd\">\ud83d\ude80 bioM\u00e9rieux rejoint l&rsquo;aventure Medytec !<\/p><p class=\"isSelectedEnd\">Nous sommes fiers d\u2019annoncer le nouveau partenariat entre Medytec et bioM\u00e9rieux, acteur mondial de r\u00e9f\u00e9rence dans le domaine du diagnostic in vitro.<\/p><p class=\"isSelectedEnd\">Ce rapprochement illustre une ambition commune : acc\u00e9l\u00e9rer l\u2019innovation en sant\u00e9 et renforcer les synergies au sein de l\u2019\u00e9cosyst\u00e8me medtech de Grenoble Alpes.<\/p><p class=\"isSelectedEnd\">Gr\u00e2ce \u00e0 cette collaboration, Medytec poursuit sa mission : connecter les acteurs, favoriser les \u00e9changes et soutenir le d\u00e9veloppement de solutions innovantes au service des patients.<\/p><p>Un grand merci \u00e0 bioM\u00e9rieux pour leur confiance.<br \/>L\u2019aventure ne fait que commencer !<\/p>\t\t\t\t\t\t\t\t<\/div>\n\t\t\t\t<\/div>\n\t\t\t\t\t<\/div>\n\t\t<\/div>\n\t\t\t\t\t<\/div>\n\t\t<\/section>\n\t\t\t\t<section class=\"elementor-section elementor-top-section elementor-element elementor-element-96404c1 elementor-section-boxed elementor-section-height-default elementor-section-height-default\" data-id=\"96404c1\" data-element_type=\"section\" data-e-type=\"section\">\n\t\t\t\t\t\t<div class=\"elementor-container elementor-column-gap-default\">\n\t\t\t\t\t<div class=\"elementor-column elementor-col-100 elementor-top-column elementor-element elementor-element-4793ebb\" data-id=\"4793ebb\" data-element_type=\"column\" data-e-type=\"column\">\n\t\t\t<div class=\"elementor-widget-wrap\">\n\t\t\t\t\t\t\t<\/div>\n\t\t<\/div>\n\t\t\t\t\t<\/div>\n\t\t<\/section>\n\t\t\t\t<\/div>","protected":false},"excerpt":{"rendered":"<p>Dans le cadre de la c\u00e9l\u00e9bration des 20 ans de l\u2019ouverture du site bioM\u00e9rieux \u00e0 Grenoble, plusieurs visites ont \u00e9t\u00e9 organis\u00e9es au sein de l\u2019agglom\u00e9ration grenobloise, dont une au showroom des innovations Medytec.<\/p>","protected":false},"author":5,"featured_media":8639,"comment_status":"closed","ping_status":"closed","sticky":false,"template":"","format":"standard","meta":{"ocean_post_layout":"","ocean_both_sidebars_style":"","ocean_both_sidebars_content_width":0,"ocean_both_sidebars_sidebars_width":0,"ocean_sidebar":"0","ocean_second_sidebar":"0","ocean_disable_margins":"enable","ocean_add_body_class":"","ocean_shortcode_before_top_bar":"","ocean_shortcode_after_top_bar":"","ocean_shortcode_before_header":"","ocean_shortcode_after_header":"","ocean_has_shortcode":"","ocean_shortcode_after_title":"","ocean_shortcode_before_footer_widgets":"","ocean_shortcode_after_footer_widgets":"","ocean_shortcode_before_footer_bottom":"","ocean_shortcode_after_footer_bottom":"","ocean_display_top_bar":"default","ocean_display_header":"default","ocean_header_style":"","ocean_center_header_left_menu":"0","ocean_custom_header_template":"0","ocean_custom_logo":0,"ocean_custom_retina_logo":0,"ocean_custom_logo_max_width":0,"ocean_custom_logo_tablet_max_width":0,"ocean_custom_logo_mobile_max_width":0,"ocean_custom_logo_max_height":0,"ocean_custom_logo_tablet_max_height":0,"ocean_custom_logo_mobile_max_height":0,"ocean_header_custom_menu":"0","ocean_menu_typo_font_family":"0","ocean_menu_typo_font_subset":"","ocean_menu_typo_font_size":0,"ocean_menu_typo_font_size_tablet":0,"ocean_menu_typo_font_size_mobile":0,"ocean_menu_typo_font_size_unit":"px","ocean_menu_typo_font_weight":"","ocean_menu_typo_font_weight_tablet":"","ocean_menu_typo_font_weight_mobile":"","ocean_menu_typo_transform":"","ocean_menu_typo_transform_tablet":"","ocean_menu_typo_transform_mobile":"","ocean_menu_typo_line_height":0,"ocean_menu_typo_line_height_tablet":0,"ocean_menu_typo_line_height_mobile":0,"ocean_menu_typo_line_height_unit":"","ocean_menu_typo_spacing":0,"ocean_menu_typo_spacing_tablet":0,"ocean_menu_typo_spacing_mobile":0,"ocean_menu_typo_spacing_unit":"","ocean_menu_link_color":"","ocean_menu_link_color_hover":"","ocean_menu_link_color_active":"","ocean_menu_link_background":"","ocean_menu_link_hover_background":"","ocean_menu_link_active_background":"","ocean_menu_social_links_bg":"","ocean_menu_social_hover_links_bg":"","ocean_menu_social_links_color":"","ocean_menu_social_hover_links_color":"","ocean_disable_title":"default","ocean_disable_heading":"default","ocean_post_title":"","ocean_post_subheading":"","ocean_post_title_style":"","ocean_post_title_background_color":"","ocean_post_title_background":0,"ocean_post_title_bg_image_position":"","ocean_post_title_bg_image_attachment":"","ocean_post_title_bg_image_repeat":"","ocean_post_title_bg_image_size":"","ocean_post_title_height":0,"ocean_post_title_bg_overlay":0.5,"ocean_post_title_bg_overlay_color":"","ocean_disable_breadcrumbs":"default","ocean_breadcrumbs_color":"","ocean_breadcrumbs_separator_color":"","ocean_breadcrumbs_links_color":"","ocean_breadcrumbs_links_hover_color":"","ocean_display_footer_widgets":"default","ocean_display_footer_bottom":"default","ocean_custom_footer_template":"0","ocean_post_oembed":"","ocean_post_self_hosted_media":"","ocean_post_video_embed":"","ocean_link_format":"","ocean_link_format_target":"self","ocean_quote_format":"","ocean_quote_format_link":"post","ocean_gallery_link_images":"on","ocean_gallery_id":[],"footnotes":""},"categories":[56],"tags":[],"class_list":["post-8638","post","type-post","status-publish","format-standard","has-post-thumbnail","hentry","category-partenariats","entry","has-media"],"yoast_head":"<!-- This site is optimized with the Yoast SEO plugin v27.5 - https:\/\/yoast.com\/product\/yoast-seo-wordpress\/ -->\n<title>bioM\u00e9rieux devient sponsor de Medytec ! - Medytec<\/title>\n<meta name=\"description\" content=\"Dans le cadre de la c\u00e9l\u00e9bration des 20 ans de l\u2019ouverture du site bioM\u00e9rieux \u00e0 Grenoble, plusieurs visites ont \u00e9t\u00e9 organis\u00e9es au sein de l\u2019agglom\u00e9ration Grenobloise.Les nouvelles th\u00e9rapies du cerveau : et si la lumi\u00e8re pouvait soigner ?\" \/>\n<meta name=\"robots\" content=\"index, follow, max-snippet:-1, max-image-preview:large, max-video-preview:-1\" \/>\n<link rel=\"canonical\" href=\"https:\/\/medytec.eu\/en\/2026\/04\/01\/biomerieux-devient-sponsor-de-medytec\/\" \/>\n<meta property=\"og:locale\" content=\"en_US\" \/>\n<meta property=\"og:type\" content=\"article\" \/>\n<meta property=\"og:title\" content=\"bioM\u00e9rieux devient sponsor de Medytec ! - Medytec\" \/>\n<meta property=\"og:description\" content=\"Dans le cadre de la c\u00e9l\u00e9bration des 20 ans de l\u2019ouverture du site bioM\u00e9rieux \u00e0 Grenoble, plusieurs visites ont \u00e9t\u00e9 organis\u00e9es au sein de l\u2019agglom\u00e9ration Grenobloise.Les nouvelles th\u00e9rapies du cerveau : et si la lumi\u00e8re pouvait soigner ?\" \/>\n<meta property=\"og:url\" content=\"https:\/\/medytec.eu\/en\/2026\/04\/01\/biomerieux-devient-sponsor-de-medytec\/\" \/>\n<meta property=\"og:site_name\" content=\"Medytec\" \/>\n<meta property=\"article:published_time\" content=\"2026-04-01T07:00:22+00:00\" \/>\n<meta property=\"article:modified_time\" content=\"2026-04-20T14:21:28+00:00\" \/>\n<meta property=\"og:image\" content=\"https:\/\/medytec.eu\/wp-content\/uploads\/2026\/04\/NOUVEAU-SPONSOR.png\" \/>\n\t<meta property=\"og:image:width\" content=\"1920\" \/>\n\t<meta property=\"og:image:height\" content=\"1080\" \/>\n\t<meta property=\"og:image:type\" content=\"image\/png\" \/>\n<meta name=\"author\" content=\"medytec\" \/>\n<meta name=\"twitter:card\" content=\"summary_large_image\" \/>\n<meta name=\"twitter:label1\" content=\"Written by\" \/>\n\t<meta name=\"twitter:data1\" content=\"medytec\" \/>\n\t<meta name=\"twitter:label2\" content=\"Est. reading time\" \/>\n\t<meta name=\"twitter:data2\" content=\"1 minute\" \/>\n<script type=\"application\/ld+json\" class=\"yoast-schema-graph\">{\"@context\":\"https:\\\/\\\/schema.org\",\"@graph\":[{\"@type\":\"Article\",\"@id\":\"https:\\\/\\\/medytec.eu\\\/2026\\\/04\\\/01\\\/biomerieux-devient-sponsor-de-medytec\\\/#article\",\"isPartOf\":{\"@id\":\"https:\\\/\\\/medytec.eu\\\/2026\\\/04\\\/01\\\/biomerieux-devient-sponsor-de-medytec\\\/\"},\"author\":{\"name\":\"medytec\",\"@id\":\"https:\\\/\\\/medytec.eu\\\/#\\\/schema\\\/person\\\/dd481c05d11b9a1f49aff28111ec6290\"},\"headline\":\"bioM\u00e9rieux devient sponsor de Medytec !\",\"datePublished\":\"2026-04-01T07:00:22+00:00\",\"dateModified\":\"2026-04-20T14:21:28+00:00\",\"mainEntityOfPage\":{\"@id\":\"https:\\\/\\\/medytec.eu\\\/2026\\\/04\\\/01\\\/biomerieux-devient-sponsor-de-medytec\\\/\"},\"wordCount\":105,\"publisher\":{\"@id\":\"https:\\\/\\\/medytec.eu\\\/#organization\"},\"image\":{\"@id\":\"https:\\\/\\\/medytec.eu\\\/2026\\\/04\\\/01\\\/biomerieux-devient-sponsor-de-medytec\\\/#primaryimage\"},\"thumbnailUrl\":\"https:\\\/\\\/medytec.eu\\\/wp-content\\\/uploads\\\/2026\\\/04\\\/NOUVEAU-SPONSOR.png\",\"articleSection\":[\"Partenariats\"],\"inLanguage\":\"en-US\"},{\"@type\":\"WebPage\",\"@id\":\"https:\\\/\\\/medytec.eu\\\/2026\\\/04\\\/01\\\/biomerieux-devient-sponsor-de-medytec\\\/\",\"url\":\"https:\\\/\\\/medytec.eu\\\/2026\\\/04\\\/01\\\/biomerieux-devient-sponsor-de-medytec\\\/\",\"name\":\"bioM\u00e9rieux devient sponsor de Medytec ! - Medytec\",\"isPartOf\":{\"@id\":\"https:\\\/\\\/medytec.eu\\\/#website\"},\"primaryImageOfPage\":{\"@id\":\"https:\\\/\\\/medytec.eu\\\/2026\\\/04\\\/01\\\/biomerieux-devient-sponsor-de-medytec\\\/#primaryimage\"},\"image\":{\"@id\":\"https:\\\/\\\/medytec.eu\\\/2026\\\/04\\\/01\\\/biomerieux-devient-sponsor-de-medytec\\\/#primaryimage\"},\"thumbnailUrl\":\"https:\\\/\\\/medytec.eu\\\/wp-content\\\/uploads\\\/2026\\\/04\\\/NOUVEAU-SPONSOR.png\",\"datePublished\":\"2026-04-01T07:00:22+00:00\",\"dateModified\":\"2026-04-20T14:21:28+00:00\",\"description\":\"Dans le cadre de la c\u00e9l\u00e9bration des 20 ans de l\u2019ouverture du site bioM\u00e9rieux \u00e0 Grenoble, plusieurs visites ont \u00e9t\u00e9 organis\u00e9es au sein de l\u2019agglom\u00e9ration Grenobloise.Les nouvelles th\u00e9rapies du cerveau : et si la lumi\u00e8re pouvait soigner ?\",\"breadcrumb\":{\"@id\":\"https:\\\/\\\/medytec.eu\\\/2026\\\/04\\\/01\\\/biomerieux-devient-sponsor-de-medytec\\\/#breadcrumb\"},\"inLanguage\":\"en-US\",\"potentialAction\":[{\"@type\":\"ReadAction\",\"target\":[\"https:\\\/\\\/medytec.eu\\\/2026\\\/04\\\/01\\\/biomerieux-devient-sponsor-de-medytec\\\/\"]}]},{\"@type\":\"ImageObject\",\"inLanguage\":\"en-US\",\"@id\":\"https:\\\/\\\/medytec.eu\\\/2026\\\/04\\\/01\\\/biomerieux-devient-sponsor-de-medytec\\\/#primaryimage\",\"url\":\"https:\\\/\\\/medytec.eu\\\/wp-content\\\/uploads\\\/2026\\\/04\\\/NOUVEAU-SPONSOR.png\",\"contentUrl\":\"https:\\\/\\\/medytec.eu\\\/wp-content\\\/uploads\\\/2026\\\/04\\\/NOUVEAU-SPONSOR.png\",\"width\":1920,\"height\":1080},{\"@type\":\"BreadcrumbList\",\"@id\":\"https:\\\/\\\/medytec.eu\\\/2026\\\/04\\\/01\\\/biomerieux-devient-sponsor-de-medytec\\\/#breadcrumb\",\"itemListElement\":[{\"@type\":\"ListItem\",\"position\":1,\"name\":\"Accueil\",\"item\":\"https:\\\/\\\/medytec.eu\\\/\"},{\"@type\":\"ListItem\",\"position\":2,\"name\":\"bioM\u00e9rieux devient sponsor de Medytec !\"}]},{\"@type\":\"WebSite\",\"@id\":\"https:\\\/\\\/medytec.eu\\\/#website\",\"url\":\"https:\\\/\\\/medytec.eu\\\/\",\"name\":\"Medytec\",\"description\":\"Le hub des technologies de la sant\u00e9 de grenoble-Alpes\",\"publisher\":{\"@id\":\"https:\\\/\\\/medytec.eu\\\/#organization\"},\"potentialAction\":[{\"@type\":\"SearchAction\",\"target\":{\"@type\":\"EntryPoint\",\"urlTemplate\":\"https:\\\/\\\/medytec.eu\\\/?s={search_term_string}\"},\"query-input\":{\"@type\":\"PropertyValueSpecification\",\"valueRequired\":true,\"valueName\":\"search_term_string\"}}],\"inLanguage\":\"en-US\"},{\"@type\":\"Organization\",\"@id\":\"https:\\\/\\\/medytec.eu\\\/#organization\",\"name\":\"MedYtec\",\"url\":\"https:\\\/\\\/medytec.eu\\\/\",\"logo\":{\"@type\":\"ImageObject\",\"inLanguage\":\"en-US\",\"@id\":\"https:\\\/\\\/medytec.eu\\\/#\\\/schema\\\/logo\\\/image\\\/\",\"url\":\"https:\\\/\\\/medytec.eu\\\/wp-content\\\/uploads\\\/2020\\\/02\\\/logo-medytec.png\",\"contentUrl\":\"https:\\\/\\\/medytec.eu\\\/wp-content\\\/uploads\\\/2020\\\/02\\\/logo-medytec.png\",\"width\":426,\"height\":147,\"caption\":\"MedYtec\"},\"image\":{\"@id\":\"https:\\\/\\\/medytec.eu\\\/#\\\/schema\\\/logo\\\/image\\\/\"}},{\"@type\":\"Person\",\"@id\":\"https:\\\/\\\/medytec.eu\\\/#\\\/schema\\\/person\\\/dd481c05d11b9a1f49aff28111ec6290\",\"name\":\"medytec\",\"url\":\"https:\\\/\\\/0ef91cbccc72d14c.eu\\\/en\\\/author\\\/0ef91cbccc72d14c\\\/\"}]}<\/script>\n<!-- \/ Yoast SEO plugin. -->","yoast_head_json":{"title":"bioM\u00e9rieux devient sponsor de Medytec ! - Medytec","description":"Dans le cadre de la c\u00e9l\u00e9bration des 20 ans de l\u2019ouverture du site bioM\u00e9rieux \u00e0 Grenoble, plusieurs visites ont \u00e9t\u00e9 organis\u00e9es au sein de l\u2019agglom\u00e9ration Grenobloise.Les nouvelles th\u00e9rapies du cerveau : et si la lumi\u00e8re pouvait soigner ?","robots":{"index":"index","follow":"follow","max-snippet":"max-snippet:-1","max-image-preview":"max-image-preview:large","max-video-preview":"max-video-preview:-1"},"canonical":"https:\/\/medytec.eu\/en\/2026\/04\/01\/biomerieux-devient-sponsor-de-medytec\/","og_locale":"en_US","og_type":"article","og_title":"bioM\u00e9rieux devient sponsor de Medytec ! - Medytec","og_description":"Dans le cadre de la c\u00e9l\u00e9bration des 20 ans de l\u2019ouverture du site bioM\u00e9rieux \u00e0 Grenoble, plusieurs visites ont \u00e9t\u00e9 organis\u00e9es au sein de l\u2019agglom\u00e9ration Grenobloise.Les nouvelles th\u00e9rapies du cerveau : et si la lumi\u00e8re pouvait soigner ?","og_url":"https:\/\/medytec.eu\/en\/2026\/04\/01\/biomerieux-devient-sponsor-de-medytec\/","og_site_name":"Medytec","article_published_time":"2026-04-01T07:00:22+00:00","article_modified_time":"2026-04-20T14:21:28+00:00","og_image":[{"width":1920,"height":1080,"url":"https:\/\/medytec.eu\/wp-content\/uploads\/2026\/04\/NOUVEAU-SPONSOR.png","type":"image\/png"}],"author":"medytec","twitter_card":"summary_large_image","twitter_misc":{"Written by":"medytec","Est. reading time":"1 minute"},"schema":{"@context":"https:\/\/schema.org","@graph":[{"@type":"Article","@id":"https:\/\/medytec.eu\/2026\/04\/01\/biomerieux-devient-sponsor-de-medytec\/#article","isPartOf":{"@id":"https:\/\/medytec.eu\/2026\/04\/01\/biomerieux-devient-sponsor-de-medytec\/"},"author":{"name":"medytec","@id":"https:\/\/medytec.eu\/#\/schema\/person\/dd481c05d11b9a1f49aff28111ec6290"},"headline":"bioM\u00e9rieux devient sponsor de Medytec !","datePublished":"2026-04-01T07:00:22+00:00","dateModified":"2026-04-20T14:21:28+00:00","mainEntityOfPage":{"@id":"https:\/\/medytec.eu\/2026\/04\/01\/biomerieux-devient-sponsor-de-medytec\/"},"wordCount":105,"publisher":{"@id":"https:\/\/medytec.eu\/#organization"},"image":{"@id":"https:\/\/medytec.eu\/2026\/04\/01\/biomerieux-devient-sponsor-de-medytec\/#primaryimage"},"thumbnailUrl":"https:\/\/medytec.eu\/wp-content\/uploads\/2026\/04\/NOUVEAU-SPONSOR.png","articleSection":["Partenariats"],"inLanguage":"en-US"},{"@type":"WebPage","@id":"https:\/\/medytec.eu\/2026\/04\/01\/biomerieux-devient-sponsor-de-medytec\/","url":"https:\/\/medytec.eu\/2026\/04\/01\/biomerieux-devient-sponsor-de-medytec\/","name":"bioM\u00e9rieux devient sponsor de Medytec ! - Medytec","isPartOf":{"@id":"https:\/\/medytec.eu\/#website"},"primaryImageOfPage":{"@id":"https:\/\/medytec.eu\/2026\/04\/01\/biomerieux-devient-sponsor-de-medytec\/#primaryimage"},"image":{"@id":"https:\/\/medytec.eu\/2026\/04\/01\/biomerieux-devient-sponsor-de-medytec\/#primaryimage"},"thumbnailUrl":"https:\/\/medytec.eu\/wp-content\/uploads\/2026\/04\/NOUVEAU-SPONSOR.png","datePublished":"2026-04-01T07:00:22+00:00","dateModified":"2026-04-20T14:21:28+00:00","description":"Dans le cadre de la c\u00e9l\u00e9bration des 20 ans de l\u2019ouverture du site bioM\u00e9rieux \u00e0 Grenoble, plusieurs visites ont \u00e9t\u00e9 organis\u00e9es au sein de l\u2019agglom\u00e9ration Grenobloise.Les nouvelles th\u00e9rapies du cerveau : et si la lumi\u00e8re pouvait soigner ?","breadcrumb":{"@id":"https:\/\/medytec.eu\/2026\/04\/01\/biomerieux-devient-sponsor-de-medytec\/#breadcrumb"},"inLanguage":"en-US","potentialAction":[{"@type":"ReadAction","target":["https:\/\/medytec.eu\/2026\/04\/01\/biomerieux-devient-sponsor-de-medytec\/"]}]},{"@type":"ImageObject","inLanguage":"en-US","@id":"https:\/\/medytec.eu\/2026\/04\/01\/biomerieux-devient-sponsor-de-medytec\/#primaryimage","url":"https:\/\/medytec.eu\/wp-content\/uploads\/2026\/04\/NOUVEAU-SPONSOR.png","contentUrl":"https:\/\/medytec.eu\/wp-content\/uploads\/2026\/04\/NOUVEAU-SPONSOR.png","width":1920,"height":1080},{"@type":"BreadcrumbList","@id":"https:\/\/medytec.eu\/2026\/04\/01\/biomerieux-devient-sponsor-de-medytec\/#breadcrumb","itemListElement":[{"@type":"ListItem","position":1,"name":"Accueil","item":"https:\/\/medytec.eu\/"},{"@type":"ListItem","position":2,"name":"bioM\u00e9rieux devient sponsor de Medytec !"}]},{"@type":"WebSite","@id":"https:\/\/medytec.eu\/#website","url":"https:\/\/medytec.eu\/","name":"Medytec","description":"Le hub des technologies de la sant\u00e9 de grenoble-Alpes","publisher":{"@id":"https:\/\/medytec.eu\/#organization"},"potentialAction":[{"@type":"SearchAction","target":{"@type":"EntryPoint","urlTemplate":"https:\/\/medytec.eu\/?s={search_term_string}"},"query-input":{"@type":"PropertyValueSpecification","valueRequired":true,"valueName":"search_term_string"}}],"inLanguage":"en-US"},{"@type":"Organization","@id":"https:\/\/medytec.eu\/#organization","name":"MedYtec","url":"https:\/\/medytec.eu\/","logo":{"@type":"ImageObject","inLanguage":"en-US","@id":"https:\/\/medytec.eu\/#\/schema\/logo\/image\/","url":"https:\/\/medytec.eu\/wp-content\/uploads\/2020\/02\/logo-medytec.png","contentUrl":"https:\/\/medytec.eu\/wp-content\/uploads\/2020\/02\/logo-medytec.png","width":426,"height":147,"caption":"MedYtec"},"image":{"@id":"https:\/\/medytec.eu\/#\/schema\/logo\/image\/"}},{"@type":"Person","@id":"https:\/\/medytec.eu\/#\/schema\/person\/dd481c05d11b9a1f49aff28111ec6290","name":"medytec","url":"https:\/\/0ef91cbccc72d14c.eu\/en\/author\/0ef91cbccc72d14c\/"}]}},"_links":{"self":[{"href":"https:\/\/medytec.eu\/en\/wp-json\/wp\/v2\/posts\/8638","targetHints":{"allow":["GET"]}}],"collection":[{"href":"https:\/\/medytec.eu\/en\/wp-json\/wp\/v2\/posts"}],"about":[{"href":"https:\/\/medytec.eu\/en\/wp-json\/wp\/v2\/types\/post"}],"author":[{"embeddable":true,"href":"https:\/\/medytec.eu\/en\/wp-json\/wp\/v2\/users\/5"}],"replies":[{"embeddable":true,"href":"https:\/\/medytec.eu\/en\/wp-json\/wp\/v2\/comments?post=8638"}],"version-history":[{"count":4,"href":"https:\/\/medytec.eu\/en\/wp-json\/wp\/v2\/posts\/8638\/revisions"}],"predecessor-version":[{"id":8644,"href":"https:\/\/medytec.eu\/en\/wp-json\/wp\/v2\/posts\/8638\/revisions\/8644"}],"wp:featuredmedia":[{"embeddable":true,"href":"https:\/\/medytec.eu\/en\/wp-json\/wp\/v2\/media\/8639"}],"wp:attachment":[{"href":"https:\/\/medytec.eu\/en\/wp-json\/wp\/v2\/media?parent=8638"}],"wp:term":[{"taxonomy":"category","embeddable":true,"href":"https:\/\/medytec.eu\/en\/wp-json\/wp\/v2\/categories?post=8638"},{"taxonomy":"post_tag","embeddable":true,"href":"https:\/\/medytec.eu\/en\/wp-json\/wp\/v2\/tags?post=8638"}],"curies":[{"name":"wp","href":"https:\/\/api.w.org\/{rel}","templated":true}]}}