{"id":8623,"date":"2026-03-20T17:00:26","date_gmt":"2026-03-20T16:00:26","guid":{"rendered":"https:\/\/medytec.eu\/?p=8623"},"modified":"2026-04-20T16:07:37","modified_gmt":"2026-04-20T14:07:37","slug":"les-nouvelles-therapies-du-cerveau-et-si-la-lumiere-pouvait-soigner","status":"publish","type":"post","link":"https:\/\/medytec.eu\/en\/2026\/03\/20\/les-nouvelles-therapies-du-cerveau-et-si-la-lumiere-pouvait-soigner\/","title":{"rendered":"Les nouvelles th\u00e9rapies du cerveau : et si la lumi\u00e8re pouvait soigner ?"},"content":{"rendered":"<div data-elementor-type=\"wp-post\" data-elementor-id=\"8623\" class=\"elementor elementor-8623\" data-elementor-post-type=\"post\">\n\t\t\t\t\t\t<section class=\"elementor-section elementor-top-section elementor-element elementor-element-9bb4108 elementor-section-boxed elementor-section-height-default elementor-section-height-default\" data-id=\"9bb4108\" data-element_type=\"section\" data-e-type=\"section\">\n\t\t\t\t\t\t<div class=\"elementor-container elementor-column-gap-default\">\n\t\t\t\t\t<div class=\"elementor-column elementor-col-100 elementor-top-column elementor-element elementor-element-c451533\" data-id=\"c451533\" data-element_type=\"column\" data-e-type=\"column\">\n\t\t\t<div class=\"elementor-widget-wrap elementor-element-populated\">\n\t\t\t\t\t\t<div class=\"elementor-element elementor-element-2810206 elementor-widget elementor-widget-text-editor\" data-id=\"2810206\" data-element_type=\"widget\" data-e-type=\"widget\" data-widget_type=\"text-editor.default\">\n\t\t\t\t<div class=\"elementor-widget-container\">\n\t\t\t\t\t\t\t\t\t<p>\u00c0 la crois\u00e9e de la m\u00e9decine et des technologies, le Fonds Clinatec a d\u00e9velopp\u00e9 des approches th\u00e9rapeutiques innovantes en \u00e9troite collaboration avec le CHU Grenoble Alpes, l\u2019Universit\u00e9 Grenoble Alpes, le CEA, ainsi qu\u2019avec un r\u00e9seau de cliniciens et de partenaires scientifiques \u00e0 l\u2019\u00e9chelle nationale.<\/p><p data-start=\"309\" data-end=\"781\" data-is-last-node=\"\" data-is-only-node=\"\">\u00c0 cette occasion, Laurent H\u00e9rault a pr\u00e9sent\u00e9 une d\u00e9marche de soin fond\u00e9e sur les apports de la physique et des technologies avanc\u00e9es, notamment l\u2019utilisation de la lumi\u00e8re, pour contribuer \u00e0 la pr\u00e9vention, au diagnostic et au traitement de certaines pathologies c\u00e9r\u00e9brales complexes, en particulier celles li\u00e9es au vieillissement. Il a \u00e9galement \u00e9voqu\u00e9 plusieurs projets en cours, dont certains se traduisaient d\u00e9j\u00e0, ou \u00e0 court terme, par des essais cliniques.<\/p><p data-start=\"309\" data-end=\"781\" data-is-last-node=\"\" data-is-only-node=\"\">Cette rencontre a \u00e9t\u00e9 riche en enseignements, en \u00e9changes et en perspectives sur les avanc\u00e9es scientifiques qui transforment aujourd\u2019hui la prise en charge des pathologies neurologiques !<\/p>\t\t\t\t\t\t\t\t<\/div>\n\t\t\t\t<\/div>\n\t\t\t\t\t<\/div>\n\t\t<\/div>\n\t\t\t\t\t<\/div>\n\t\t<\/section>\n\t\t\t\t<section class=\"elementor-section elementor-top-section elementor-element elementor-element-2acbd7d elementor-section-boxed elementor-section-height-default elementor-section-height-default\" data-id=\"2acbd7d\" data-element_type=\"section\" data-e-type=\"section\">\n\t\t\t\t\t\t<div class=\"elementor-container elementor-column-gap-default\">\n\t\t\t\t\t<div class=\"elementor-column elementor-col-100 elementor-top-column elementor-element elementor-element-ca5b652\" data-id=\"ca5b652\" data-element_type=\"column\" data-e-type=\"column\">\n\t\t\t<div class=\"elementor-widget-wrap elementor-element-populated\">\n\t\t\t\t\t\t<div class=\"elementor-element elementor-element-aaee37c elementor-widget elementor-widget-gallery\" data-id=\"aaee37c\" data-element_type=\"widget\" data-e-type=\"widget\" data-settings=\"{&quot;columns&quot;:3,&quot;gap&quot;:{&quot;unit&quot;:&quot;px&quot;,&quot;size&quot;:7,&quot;sizes&quot;:[]},&quot;gallery_layout&quot;:&quot;grid&quot;,&quot;columns_tablet&quot;:2,&quot;columns_mobile&quot;:1,&quot;gap_tablet&quot;:{&quot;unit&quot;:&quot;px&quot;,&quot;size&quot;:10,&quot;sizes&quot;:[]},&quot;gap_mobile&quot;:{&quot;unit&quot;:&quot;px&quot;,&quot;size&quot;:10,&quot;sizes&quot;:[]},&quot;link_to&quot;:&quot;file&quot;,&quot;aspect_ratio&quot;:&quot;3:2&quot;,&quot;overlay_background&quot;:&quot;yes&quot;,&quot;content_hover_animation&quot;:&quot;fade-in&quot;}\" data-widget_type=\"gallery.default\">\n\t\t\t\t<div class=\"elementor-widget-container\">\n\t\t\t\t\t\t\t<div class=\"elementor-gallery__container\">\n\t\t\t\t\t\t\t<a class=\"e-gallery-item elementor-gallery-item elementor-animated-content\" href=\"https:\/\/medytec.eu\/wp-content\/uploads\/2026\/04\/WhatsApp-Image-2026-03-23-at-10.47.47.jpeg\" data-elementor-open-lightbox=\"yes\" data-elementor-lightbox-slideshow=\"aaee37c\" data-elementor-lightbox-title=\"WhatsApp Image 2026-03-23 at 10.47.47\" data-e-action-hash=\"#elementor-action%3Aaction%3Dlightbox%26settings%3DeyJpZCI6ODYyNCwidXJsIjoiaHR0cHM6XC9cL21lZHl0ZWMuZXVcL3dwLWNvbnRlbnRcL3VwbG9hZHNcLzIwMjZcLzA0XC9XaGF0c0FwcC1JbWFnZS0yMDI2LTAzLTIzLWF0LTEwLjQ3LjQ3LmpwZWciLCJzbGlkZXNob3ciOiJhYWVlMzdjIn0%3D\">\n\t\t\t\t\t<div class=\"e-gallery-image elementor-gallery-item__image\" data-thumbnail=\"https:\/\/medytec.eu\/wp-content\/uploads\/2026\/04\/WhatsApp-Image-2026-03-23-at-10.47.47-768x1024.jpeg\" data-width=\"768\" data-height=\"1024\" aria-label=\"\" role=\"img\" ><\/div>\n\t\t\t\t\t\t\t\t\t\t\t<div class=\"elementor-gallery-item__overlay\"><\/div>\n\t\t\t\t\t\t\t\t\t\t\t\t\t\t<\/a>\n\t\t\t\t\t\t\t<a class=\"e-gallery-item elementor-gallery-item elementor-animated-content\" href=\"https:\/\/medytec.eu\/wp-content\/uploads\/2026\/04\/WhatsApp-Image-2026-03-23-at-10.48.18-4.jpeg\" data-elementor-open-lightbox=\"yes\" data-elementor-lightbox-slideshow=\"aaee37c\" data-elementor-lightbox-title=\"WhatsApp Image 2026-03-23 at 10.48.18 (4)\" data-e-action-hash=\"#elementor-action%3Aaction%3Dlightbox%26settings%3DeyJpZCI6ODYyNSwidXJsIjoiaHR0cHM6XC9cL21lZHl0ZWMuZXVcL3dwLWNvbnRlbnRcL3VwbG9hZHNcLzIwMjZcLzA0XC9XaGF0c0FwcC1JbWFnZS0yMDI2LTAzLTIzLWF0LTEwLjQ4LjE4LTQuanBlZyIsInNsaWRlc2hvdyI6ImFhZWUzN2MifQ%3D%3D\">\n\t\t\t\t\t<div class=\"e-gallery-image elementor-gallery-item__image\" data-thumbnail=\"https:\/\/medytec.eu\/wp-content\/uploads\/2026\/04\/WhatsApp-Image-2026-03-23-at-10.48.18-4-1024x768.jpeg\" data-width=\"1024\" data-height=\"768\" aria-label=\"\" role=\"img\" ><\/div>\n\t\t\t\t\t\t\t\t\t\t\t<div class=\"elementor-gallery-item__overlay\"><\/div>\n\t\t\t\t\t\t\t\t\t\t\t\t\t\t<\/a>\n\t\t\t\t\t\t\t<a class=\"e-gallery-item elementor-gallery-item elementor-animated-content\" href=\"https:\/\/medytec.eu\/wp-content\/uploads\/2026\/04\/WhatsApp-Image-2026-03-23-at-10.48.18-9.jpeg\" data-elementor-open-lightbox=\"yes\" data-elementor-lightbox-slideshow=\"aaee37c\" data-elementor-lightbox-title=\"WhatsApp Image 2026-03-23 at 10.48.18 (9)\" data-e-action-hash=\"#elementor-action%3Aaction%3Dlightbox%26settings%3DeyJpZCI6ODYyNiwidXJsIjoiaHR0cHM6XC9cL21lZHl0ZWMuZXVcL3dwLWNvbnRlbnRcL3VwbG9hZHNcLzIwMjZcLzA0XC9XaGF0c0FwcC1JbWFnZS0yMDI2LTAzLTIzLWF0LTEwLjQ4LjE4LTkuanBlZyIsInNsaWRlc2hvdyI6ImFhZWUzN2MifQ%3D%3D\">\n\t\t\t\t\t<div class=\"e-gallery-image elementor-gallery-item__image\" data-thumbnail=\"https:\/\/medytec.eu\/wp-content\/uploads\/2026\/04\/WhatsApp-Image-2026-03-23-at-10.48.18-9-1024x768.jpeg\" data-width=\"1024\" data-height=\"768\" aria-label=\"\" role=\"img\" ><\/div>\n\t\t\t\t\t\t\t\t\t\t\t<div class=\"elementor-gallery-item__overlay\"><\/div>\n\t\t\t\t\t\t\t\t\t\t\t\t\t\t<\/a>\n\t\t\t\t\t<\/div>\n\t\t\t\t\t<\/div>\n\t\t\t\t<\/div>\n\t\t\t\t\t<\/div>\n\t\t<\/div>\n\t\t\t\t\t<\/div>\n\t\t<\/section>\n\t\t\t\t<section class=\"elementor-section elementor-top-section elementor-element elementor-element-96404c1 elementor-section-boxed elementor-section-height-default elementor-section-height-default\" data-id=\"96404c1\" data-element_type=\"section\" data-e-type=\"section\">\n\t\t\t\t\t\t<div class=\"elementor-container elementor-column-gap-default\">\n\t\t\t\t\t<div class=\"elementor-column elementor-col-100 elementor-top-column elementor-element elementor-element-4793ebb\" data-id=\"4793ebb\" data-element_type=\"column\" data-e-type=\"column\">\n\t\t\t<div class=\"elementor-widget-wrap\">\n\t\t\t\t\t\t\t<\/div>\n\t\t<\/div>\n\t\t\t\t\t<\/div>\n\t\t<\/section>\n\t\t\t\t<\/div>","protected":false},"excerpt":{"rendered":"<p>Dans le cadre de la c\u00e9l\u00e9bration des 20 ans de l\u2019ouverture du site bioM\u00e9rieux \u00e0 Grenoble, plusieurs visites ont \u00e9t\u00e9 organis\u00e9es au sein de l\u2019agglom\u00e9ration grenobloise, dont une au showroom des innovations Medytec.<\/p>","protected":false},"author":5,"featured_media":8624,"comment_status":"closed","ping_status":"closed","sticky":false,"template":"","format":"standard","meta":{"ocean_post_layout":"","ocean_both_sidebars_style":"","ocean_both_sidebars_content_width":0,"ocean_both_sidebars_sidebars_width":0,"ocean_sidebar":"0","ocean_second_sidebar":"0","ocean_disable_margins":"enable","ocean_add_body_class":"","ocean_shortcode_before_top_bar":"","ocean_shortcode_after_top_bar":"","ocean_shortcode_before_header":"","ocean_shortcode_after_header":"","ocean_has_shortcode":"","ocean_shortcode_after_title":"","ocean_shortcode_before_footer_widgets":"","ocean_shortcode_after_footer_widgets":"","ocean_shortcode_before_footer_bottom":"","ocean_shortcode_after_footer_bottom":"","ocean_display_top_bar":"default","ocean_display_header":"default","ocean_header_style":"","ocean_center_header_left_menu":"0","ocean_custom_header_template":"0","ocean_custom_logo":0,"ocean_custom_retina_logo":0,"ocean_custom_logo_max_width":0,"ocean_custom_logo_tablet_max_width":0,"ocean_custom_logo_mobile_max_width":0,"ocean_custom_logo_max_height":0,"ocean_custom_logo_tablet_max_height":0,"ocean_custom_logo_mobile_max_height":0,"ocean_header_custom_menu":"0","ocean_menu_typo_font_family":"0","ocean_menu_typo_font_subset":"","ocean_menu_typo_font_size":0,"ocean_menu_typo_font_size_tablet":0,"ocean_menu_typo_font_size_mobile":0,"ocean_menu_typo_font_size_unit":"px","ocean_menu_typo_font_weight":"","ocean_menu_typo_font_weight_tablet":"","ocean_menu_typo_font_weight_mobile":"","ocean_menu_typo_transform":"","ocean_menu_typo_transform_tablet":"","ocean_menu_typo_transform_mobile":"","ocean_menu_typo_line_height":0,"ocean_menu_typo_line_height_tablet":0,"ocean_menu_typo_line_height_mobile":0,"ocean_menu_typo_line_height_unit":"","ocean_menu_typo_spacing":0,"ocean_menu_typo_spacing_tablet":0,"ocean_menu_typo_spacing_mobile":0,"ocean_menu_typo_spacing_unit":"","ocean_menu_link_color":"","ocean_menu_link_color_hover":"","ocean_menu_link_color_active":"","ocean_menu_link_background":"","ocean_menu_link_hover_background":"","ocean_menu_link_active_background":"","ocean_menu_social_links_bg":"","ocean_menu_social_hover_links_bg":"","ocean_menu_social_links_color":"","ocean_menu_social_hover_links_color":"","ocean_disable_title":"default","ocean_disable_heading":"default","ocean_post_title":"","ocean_post_subheading":"","ocean_post_title_style":"","ocean_post_title_background_color":"","ocean_post_title_background":0,"ocean_post_title_bg_image_position":"","ocean_post_title_bg_image_attachment":"","ocean_post_title_bg_image_repeat":"","ocean_post_title_bg_image_size":"","ocean_post_title_height":0,"ocean_post_title_bg_overlay":0.5,"ocean_post_title_bg_overlay_color":"","ocean_disable_breadcrumbs":"default","ocean_breadcrumbs_color":"","ocean_breadcrumbs_separator_color":"","ocean_breadcrumbs_links_color":"","ocean_breadcrumbs_links_hover_color":"","ocean_display_footer_widgets":"default","ocean_display_footer_bottom":"default","ocean_custom_footer_template":"0","ocean_post_oembed":"","ocean_post_self_hosted_media":"","ocean_post_video_embed":"","ocean_link_format":"","ocean_link_format_target":"self","ocean_quote_format":"","ocean_quote_format_link":"post","ocean_gallery_link_images":"on","ocean_gallery_id":[],"footnotes":""},"categories":[70],"tags":[],"class_list":["post-8623","post","type-post","status-publish","format-standard","has-post-thumbnail","hentry","category-evenements","entry","has-media"],"yoast_head":"<!-- This site is optimized with the Yoast SEO plugin v27.5 - https:\/\/yoast.com\/product\/yoast-seo-wordpress\/ -->\n<title>Les nouvelles th\u00e9rapies du cerveau : et si la lumi\u00e8re pouvait soigner ? - Medytec<\/title>\n<meta name=\"description\" content=\"Dans le cadre de la c\u00e9l\u00e9bration des 20 ans de l\u2019ouverture du site bioM\u00e9rieux \u00e0 Grenoble, plusieurs visites ont \u00e9t\u00e9 organis\u00e9es au sein de l\u2019agglom\u00e9ration Grenobloise.Les nouvelles th\u00e9rapies du cerveau : et si la lumi\u00e8re pouvait soigner ?\" \/>\n<meta name=\"robots\" content=\"index, follow, max-snippet:-1, max-image-preview:large, max-video-preview:-1\" \/>\n<link rel=\"canonical\" href=\"https:\/\/medytec.eu\/en\/2026\/03\/20\/les-nouvelles-therapies-du-cerveau-et-si-la-lumiere-pouvait-soigner\/\" \/>\n<meta property=\"og:locale\" content=\"en_US\" \/>\n<meta property=\"og:type\" content=\"article\" \/>\n<meta property=\"og:title\" content=\"Les nouvelles th\u00e9rapies du cerveau : et si la lumi\u00e8re pouvait soigner ? - Medytec\" \/>\n<meta property=\"og:description\" content=\"Dans le cadre de la c\u00e9l\u00e9bration des 20 ans de l\u2019ouverture du site bioM\u00e9rieux \u00e0 Grenoble, plusieurs visites ont \u00e9t\u00e9 organis\u00e9es au sein de l\u2019agglom\u00e9ration Grenobloise.Les nouvelles th\u00e9rapies du cerveau : et si la lumi\u00e8re pouvait soigner ?\" \/>\n<meta property=\"og:url\" content=\"https:\/\/medytec.eu\/en\/2026\/03\/20\/les-nouvelles-therapies-du-cerveau-et-si-la-lumiere-pouvait-soigner\/\" \/>\n<meta property=\"og:site_name\" content=\"Medytec\" \/>\n<meta property=\"article:published_time\" content=\"2026-03-20T16:00:26+00:00\" \/>\n<meta property=\"article:modified_time\" content=\"2026-04-20T14:07:37+00:00\" \/>\n<meta property=\"og:image\" content=\"https:\/\/medytec.eu\/wp-content\/uploads\/2026\/04\/WhatsApp-Image-2026-03-23-at-10.47.47.jpeg\" \/>\n\t<meta property=\"og:image:width\" content=\"1200\" \/>\n\t<meta property=\"og:image:height\" content=\"1600\" \/>\n\t<meta property=\"og:image:type\" content=\"image\/jpeg\" \/>\n<meta name=\"author\" content=\"medytec\" \/>\n<meta name=\"twitter:card\" content=\"summary_large_image\" \/>\n<meta name=\"twitter:label1\" content=\"Written by\" \/>\n\t<meta name=\"twitter:data1\" content=\"medytec\" \/>\n\t<meta name=\"twitter:label2\" content=\"Est. reading time\" \/>\n\t<meta name=\"twitter:data2\" content=\"1 minute\" \/>\n<script type=\"application\/ld+json\" class=\"yoast-schema-graph\">{\"@context\":\"https:\\\/\\\/schema.org\",\"@graph\":[{\"@type\":\"Article\",\"@id\":\"https:\\\/\\\/medytec.eu\\\/fr\\\/2026\\\/03\\\/20\\\/les-nouvelles-therapies-du-cerveau-et-si-la-lumiere-pouvait-soigner\\\/#article\",\"isPartOf\":{\"@id\":\"https:\\\/\\\/medytec.eu\\\/fr\\\/2026\\\/03\\\/20\\\/les-nouvelles-therapies-du-cerveau-et-si-la-lumiere-pouvait-soigner\\\/\"},\"author\":{\"name\":\"medytec\",\"@id\":\"https:\\\/\\\/medytec.eu\\\/#\\\/schema\\\/person\\\/dd481c05d11b9a1f49aff28111ec6290\"},\"headline\":\"Les nouvelles th\u00e9rapies du cerveau : et si la lumi\u00e8re pouvait soigner ?\",\"datePublished\":\"2026-03-20T16:00:26+00:00\",\"dateModified\":\"2026-04-20T14:07:37+00:00\",\"mainEntityOfPage\":{\"@id\":\"https:\\\/\\\/medytec.eu\\\/fr\\\/2026\\\/03\\\/20\\\/les-nouvelles-therapies-du-cerveau-et-si-la-lumiere-pouvait-soigner\\\/\"},\"wordCount\":169,\"publisher\":{\"@id\":\"https:\\\/\\\/medytec.eu\\\/#organization\"},\"image\":{\"@id\":\"https:\\\/\\\/medytec.eu\\\/fr\\\/2026\\\/03\\\/20\\\/les-nouvelles-therapies-du-cerveau-et-si-la-lumiere-pouvait-soigner\\\/#primaryimage\"},\"thumbnailUrl\":\"https:\\\/\\\/medytec.eu\\\/wp-content\\\/uploads\\\/2026\\\/04\\\/WhatsApp-Image-2026-03-23-at-10.47.47.jpeg\",\"articleSection\":[\"\u00c9v\u00e8nements\"],\"inLanguage\":\"en-US\"},{\"@type\":\"WebPage\",\"@id\":\"https:\\\/\\\/medytec.eu\\\/fr\\\/2026\\\/03\\\/20\\\/les-nouvelles-therapies-du-cerveau-et-si-la-lumiere-pouvait-soigner\\\/\",\"url\":\"https:\\\/\\\/medytec.eu\\\/fr\\\/2026\\\/03\\\/20\\\/les-nouvelles-therapies-du-cerveau-et-si-la-lumiere-pouvait-soigner\\\/\",\"name\":\"Les nouvelles th\u00e9rapies du cerveau : et si la lumi\u00e8re pouvait soigner ? - Medytec\",\"isPartOf\":{\"@id\":\"https:\\\/\\\/medytec.eu\\\/#website\"},\"primaryImageOfPage\":{\"@id\":\"https:\\\/\\\/medytec.eu\\\/fr\\\/2026\\\/03\\\/20\\\/les-nouvelles-therapies-du-cerveau-et-si-la-lumiere-pouvait-soigner\\\/#primaryimage\"},\"image\":{\"@id\":\"https:\\\/\\\/medytec.eu\\\/fr\\\/2026\\\/03\\\/20\\\/les-nouvelles-therapies-du-cerveau-et-si-la-lumiere-pouvait-soigner\\\/#primaryimage\"},\"thumbnailUrl\":\"https:\\\/\\\/medytec.eu\\\/wp-content\\\/uploads\\\/2026\\\/04\\\/WhatsApp-Image-2026-03-23-at-10.47.47.jpeg\",\"datePublished\":\"2026-03-20T16:00:26+00:00\",\"dateModified\":\"2026-04-20T14:07:37+00:00\",\"description\":\"Dans le cadre de la c\u00e9l\u00e9bration des 20 ans de l\u2019ouverture du site bioM\u00e9rieux \u00e0 Grenoble, plusieurs visites ont \u00e9t\u00e9 organis\u00e9es au sein de l\u2019agglom\u00e9ration Grenobloise.Les nouvelles th\u00e9rapies du cerveau : et si la lumi\u00e8re pouvait soigner ?\",\"breadcrumb\":{\"@id\":\"https:\\\/\\\/medytec.eu\\\/fr\\\/2026\\\/03\\\/20\\\/les-nouvelles-therapies-du-cerveau-et-si-la-lumiere-pouvait-soigner\\\/#breadcrumb\"},\"inLanguage\":\"en-US\",\"potentialAction\":[{\"@type\":\"ReadAction\",\"target\":[\"https:\\\/\\\/medytec.eu\\\/fr\\\/2026\\\/03\\\/20\\\/les-nouvelles-therapies-du-cerveau-et-si-la-lumiere-pouvait-soigner\\\/\"]}]},{\"@type\":\"ImageObject\",\"inLanguage\":\"en-US\",\"@id\":\"https:\\\/\\\/medytec.eu\\\/fr\\\/2026\\\/03\\\/20\\\/les-nouvelles-therapies-du-cerveau-et-si-la-lumiere-pouvait-soigner\\\/#primaryimage\",\"url\":\"https:\\\/\\\/medytec.eu\\\/wp-content\\\/uploads\\\/2026\\\/04\\\/WhatsApp-Image-2026-03-23-at-10.47.47.jpeg\",\"contentUrl\":\"https:\\\/\\\/medytec.eu\\\/wp-content\\\/uploads\\\/2026\\\/04\\\/WhatsApp-Image-2026-03-23-at-10.47.47.jpeg\",\"width\":1200,\"height\":1600},{\"@type\":\"BreadcrumbList\",\"@id\":\"https:\\\/\\\/medytec.eu\\\/fr\\\/2026\\\/03\\\/20\\\/les-nouvelles-therapies-du-cerveau-et-si-la-lumiere-pouvait-soigner\\\/#breadcrumb\",\"itemListElement\":[{\"@type\":\"ListItem\",\"position\":1,\"name\":\"Accueil\",\"item\":\"https:\\\/\\\/medytec.eu\\\/\"},{\"@type\":\"ListItem\",\"position\":2,\"name\":\"Les nouvelles th\u00e9rapies du cerveau : et si la lumi\u00e8re pouvait soigner ?\"}]},{\"@type\":\"WebSite\",\"@id\":\"https:\\\/\\\/medytec.eu\\\/#website\",\"url\":\"https:\\\/\\\/medytec.eu\\\/\",\"name\":\"Medytec\",\"description\":\"Le hub des technologies de la sant\u00e9 de grenoble-Alpes\",\"publisher\":{\"@id\":\"https:\\\/\\\/medytec.eu\\\/#organization\"},\"potentialAction\":[{\"@type\":\"SearchAction\",\"target\":{\"@type\":\"EntryPoint\",\"urlTemplate\":\"https:\\\/\\\/medytec.eu\\\/?s={search_term_string}\"},\"query-input\":{\"@type\":\"PropertyValueSpecification\",\"valueRequired\":true,\"valueName\":\"search_term_string\"}}],\"inLanguage\":\"en-US\"},{\"@type\":\"Organization\",\"@id\":\"https:\\\/\\\/medytec.eu\\\/#organization\",\"name\":\"MedYtec\",\"url\":\"https:\\\/\\\/medytec.eu\\\/\",\"logo\":{\"@type\":\"ImageObject\",\"inLanguage\":\"en-US\",\"@id\":\"https:\\\/\\\/medytec.eu\\\/#\\\/schema\\\/logo\\\/image\\\/\",\"url\":\"https:\\\/\\\/medytec.eu\\\/wp-content\\\/uploads\\\/2020\\\/02\\\/logo-medytec.png\",\"contentUrl\":\"https:\\\/\\\/medytec.eu\\\/wp-content\\\/uploads\\\/2020\\\/02\\\/logo-medytec.png\",\"width\":426,\"height\":147,\"caption\":\"MedYtec\"},\"image\":{\"@id\":\"https:\\\/\\\/medytec.eu\\\/#\\\/schema\\\/logo\\\/image\\\/\"}},{\"@type\":\"Person\",\"@id\":\"https:\\\/\\\/medytec.eu\\\/#\\\/schema\\\/person\\\/dd481c05d11b9a1f49aff28111ec6290\",\"name\":\"medytec\",\"url\":\"https:\\\/\\\/0ef91cbccc72d14c.eu\\\/en\\\/author\\\/0ef91cbccc72d14c\\\/\"}]}<\/script>\n<!-- \/ Yoast SEO plugin. -->","yoast_head_json":{"title":"Les nouvelles th\u00e9rapies du cerveau : et si la lumi\u00e8re pouvait soigner ? - Medytec","description":"Dans le cadre de la c\u00e9l\u00e9bration des 20 ans de l\u2019ouverture du site bioM\u00e9rieux \u00e0 Grenoble, plusieurs visites ont \u00e9t\u00e9 organis\u00e9es au sein de l\u2019agglom\u00e9ration Grenobloise.Les nouvelles th\u00e9rapies du cerveau : et si la lumi\u00e8re pouvait soigner ?","robots":{"index":"index","follow":"follow","max-snippet":"max-snippet:-1","max-image-preview":"max-image-preview:large","max-video-preview":"max-video-preview:-1"},"canonical":"https:\/\/medytec.eu\/en\/2026\/03\/20\/les-nouvelles-therapies-du-cerveau-et-si-la-lumiere-pouvait-soigner\/","og_locale":"en_US","og_type":"article","og_title":"Les nouvelles th\u00e9rapies du cerveau : et si la lumi\u00e8re pouvait soigner ? - Medytec","og_description":"Dans le cadre de la c\u00e9l\u00e9bration des 20 ans de l\u2019ouverture du site bioM\u00e9rieux \u00e0 Grenoble, plusieurs visites ont \u00e9t\u00e9 organis\u00e9es au sein de l\u2019agglom\u00e9ration Grenobloise.Les nouvelles th\u00e9rapies du cerveau : et si la lumi\u00e8re pouvait soigner ?","og_url":"https:\/\/medytec.eu\/en\/2026\/03\/20\/les-nouvelles-therapies-du-cerveau-et-si-la-lumiere-pouvait-soigner\/","og_site_name":"Medytec","article_published_time":"2026-03-20T16:00:26+00:00","article_modified_time":"2026-04-20T14:07:37+00:00","og_image":[{"width":1200,"height":1600,"url":"https:\/\/medytec.eu\/wp-content\/uploads\/2026\/04\/WhatsApp-Image-2026-03-23-at-10.47.47.jpeg","type":"image\/jpeg"}],"author":"medytec","twitter_card":"summary_large_image","twitter_misc":{"Written by":"medytec","Est. reading time":"1 minute"},"schema":{"@context":"https:\/\/schema.org","@graph":[{"@type":"Article","@id":"https:\/\/medytec.eu\/fr\/2026\/03\/20\/les-nouvelles-therapies-du-cerveau-et-si-la-lumiere-pouvait-soigner\/#article","isPartOf":{"@id":"https:\/\/medytec.eu\/fr\/2026\/03\/20\/les-nouvelles-therapies-du-cerveau-et-si-la-lumiere-pouvait-soigner\/"},"author":{"name":"medytec","@id":"https:\/\/medytec.eu\/#\/schema\/person\/dd481c05d11b9a1f49aff28111ec6290"},"headline":"Les nouvelles th\u00e9rapies du cerveau : et si la lumi\u00e8re pouvait soigner ?","datePublished":"2026-03-20T16:00:26+00:00","dateModified":"2026-04-20T14:07:37+00:00","mainEntityOfPage":{"@id":"https:\/\/medytec.eu\/fr\/2026\/03\/20\/les-nouvelles-therapies-du-cerveau-et-si-la-lumiere-pouvait-soigner\/"},"wordCount":169,"publisher":{"@id":"https:\/\/medytec.eu\/#organization"},"image":{"@id":"https:\/\/medytec.eu\/fr\/2026\/03\/20\/les-nouvelles-therapies-du-cerveau-et-si-la-lumiere-pouvait-soigner\/#primaryimage"},"thumbnailUrl":"https:\/\/medytec.eu\/wp-content\/uploads\/2026\/04\/WhatsApp-Image-2026-03-23-at-10.47.47.jpeg","articleSection":["\u00c9v\u00e8nements"],"inLanguage":"en-US"},{"@type":"WebPage","@id":"https:\/\/medytec.eu\/fr\/2026\/03\/20\/les-nouvelles-therapies-du-cerveau-et-si-la-lumiere-pouvait-soigner\/","url":"https:\/\/medytec.eu\/fr\/2026\/03\/20\/les-nouvelles-therapies-du-cerveau-et-si-la-lumiere-pouvait-soigner\/","name":"Les nouvelles th\u00e9rapies du cerveau : et si la lumi\u00e8re pouvait soigner ? - Medytec","isPartOf":{"@id":"https:\/\/medytec.eu\/#website"},"primaryImageOfPage":{"@id":"https:\/\/medytec.eu\/fr\/2026\/03\/20\/les-nouvelles-therapies-du-cerveau-et-si-la-lumiere-pouvait-soigner\/#primaryimage"},"image":{"@id":"https:\/\/medytec.eu\/fr\/2026\/03\/20\/les-nouvelles-therapies-du-cerveau-et-si-la-lumiere-pouvait-soigner\/#primaryimage"},"thumbnailUrl":"https:\/\/medytec.eu\/wp-content\/uploads\/2026\/04\/WhatsApp-Image-2026-03-23-at-10.47.47.jpeg","datePublished":"2026-03-20T16:00:26+00:00","dateModified":"2026-04-20T14:07:37+00:00","description":"Dans le cadre de la c\u00e9l\u00e9bration des 20 ans de l\u2019ouverture du site bioM\u00e9rieux \u00e0 Grenoble, plusieurs visites ont \u00e9t\u00e9 organis\u00e9es au sein de l\u2019agglom\u00e9ration Grenobloise.Les nouvelles th\u00e9rapies du cerveau : et si la lumi\u00e8re pouvait soigner ?","breadcrumb":{"@id":"https:\/\/medytec.eu\/fr\/2026\/03\/20\/les-nouvelles-therapies-du-cerveau-et-si-la-lumiere-pouvait-soigner\/#breadcrumb"},"inLanguage":"en-US","potentialAction":[{"@type":"ReadAction","target":["https:\/\/medytec.eu\/fr\/2026\/03\/20\/les-nouvelles-therapies-du-cerveau-et-si-la-lumiere-pouvait-soigner\/"]}]},{"@type":"ImageObject","inLanguage":"en-US","@id":"https:\/\/medytec.eu\/fr\/2026\/03\/20\/les-nouvelles-therapies-du-cerveau-et-si-la-lumiere-pouvait-soigner\/#primaryimage","url":"https:\/\/medytec.eu\/wp-content\/uploads\/2026\/04\/WhatsApp-Image-2026-03-23-at-10.47.47.jpeg","contentUrl":"https:\/\/medytec.eu\/wp-content\/uploads\/2026\/04\/WhatsApp-Image-2026-03-23-at-10.47.47.jpeg","width":1200,"height":1600},{"@type":"BreadcrumbList","@id":"https:\/\/medytec.eu\/fr\/2026\/03\/20\/les-nouvelles-therapies-du-cerveau-et-si-la-lumiere-pouvait-soigner\/#breadcrumb","itemListElement":[{"@type":"ListItem","position":1,"name":"Accueil","item":"https:\/\/medytec.eu\/"},{"@type":"ListItem","position":2,"name":"Les nouvelles th\u00e9rapies du cerveau : et si la lumi\u00e8re pouvait soigner ?"}]},{"@type":"WebSite","@id":"https:\/\/medytec.eu\/#website","url":"https:\/\/medytec.eu\/","name":"Medytec","description":"Le hub des technologies de la sant\u00e9 de grenoble-Alpes","publisher":{"@id":"https:\/\/medytec.eu\/#organization"},"potentialAction":[{"@type":"SearchAction","target":{"@type":"EntryPoint","urlTemplate":"https:\/\/medytec.eu\/?s={search_term_string}"},"query-input":{"@type":"PropertyValueSpecification","valueRequired":true,"valueName":"search_term_string"}}],"inLanguage":"en-US"},{"@type":"Organization","@id":"https:\/\/medytec.eu\/#organization","name":"MedYtec","url":"https:\/\/medytec.eu\/","logo":{"@type":"ImageObject","inLanguage":"en-US","@id":"https:\/\/medytec.eu\/#\/schema\/logo\/image\/","url":"https:\/\/medytec.eu\/wp-content\/uploads\/2020\/02\/logo-medytec.png","contentUrl":"https:\/\/medytec.eu\/wp-content\/uploads\/2020\/02\/logo-medytec.png","width":426,"height":147,"caption":"MedYtec"},"image":{"@id":"https:\/\/medytec.eu\/#\/schema\/logo\/image\/"}},{"@type":"Person","@id":"https:\/\/medytec.eu\/#\/schema\/person\/dd481c05d11b9a1f49aff28111ec6290","name":"medytec","url":"https:\/\/0ef91cbccc72d14c.eu\/en\/author\/0ef91cbccc72d14c\/"}]}},"_links":{"self":[{"href":"https:\/\/medytec.eu\/en\/wp-json\/wp\/v2\/posts\/8623","targetHints":{"allow":["GET"]}}],"collection":[{"href":"https:\/\/medytec.eu\/en\/wp-json\/wp\/v2\/posts"}],"about":[{"href":"https:\/\/medytec.eu\/en\/wp-json\/wp\/v2\/types\/post"}],"author":[{"embeddable":true,"href":"https:\/\/medytec.eu\/en\/wp-json\/wp\/v2\/users\/5"}],"replies":[{"embeddable":true,"href":"https:\/\/medytec.eu\/en\/wp-json\/wp\/v2\/comments?post=8623"}],"version-history":[{"count":11,"href":"https:\/\/medytec.eu\/en\/wp-json\/wp\/v2\/posts\/8623\/revisions"}],"predecessor-version":[{"id":8637,"href":"https:\/\/medytec.eu\/en\/wp-json\/wp\/v2\/posts\/8623\/revisions\/8637"}],"wp:featuredmedia":[{"embeddable":true,"href":"https:\/\/medytec.eu\/en\/wp-json\/wp\/v2\/media\/8624"}],"wp:attachment":[{"href":"https:\/\/medytec.eu\/en\/wp-json\/wp\/v2\/media?parent=8623"}],"wp:term":[{"taxonomy":"category","embeddable":true,"href":"https:\/\/medytec.eu\/en\/wp-json\/wp\/v2\/categories?post=8623"},{"taxonomy":"post_tag","embeddable":true,"href":"https:\/\/medytec.eu\/en\/wp-json\/wp\/v2\/tags?post=8623"}],"curies":[{"name":"wp","href":"https:\/\/api.w.org\/{rel}","templated":true}]}}