{"id":8596,"date":"2025-10-28T15:18:00","date_gmt":"2025-10-28T14:18:00","guid":{"rendered":"https:\/\/medytec.eu\/?p=8596"},"modified":"2026-01-06T15:18:58","modified_gmt":"2026-01-06T14:18:58","slug":"medytec-au-village-innovation-de-bdltech","status":"publish","type":"post","link":"https:\/\/medytec.eu\/en\/2025\/10\/28\/medytec-au-village-innovation-de-bdltech\/","title":{"rendered":"Medytec au Village Innovation de BDL&amp;TECH"},"content":{"rendered":"<div data-elementor-type=\"wp-post\" data-elementor-id=\"8596\" class=\"elementor elementor-8596\" data-elementor-post-type=\"post\">\n\t\t\t\t\t\t<section class=\"elementor-section elementor-top-section elementor-element elementor-element-9bb4108 elementor-section-boxed elementor-section-height-default elementor-section-height-default\" data-id=\"9bb4108\" data-element_type=\"section\" data-e-type=\"section\">\n\t\t\t\t\t\t<div class=\"elementor-container elementor-column-gap-default\">\n\t\t\t\t\t<div class=\"elementor-column elementor-col-100 elementor-top-column elementor-element elementor-element-c451533\" data-id=\"c451533\" data-element_type=\"column\" data-e-type=\"column\">\n\t\t\t<div class=\"elementor-widget-wrap elementor-element-populated\">\n\t\t\t\t\t\t<div class=\"elementor-element elementor-element-2810206 elementor-widget elementor-widget-text-editor\" data-id=\"2810206\" data-element_type=\"widget\" data-e-type=\"widget\" data-widget_type=\"text-editor.default\">\n\t\t\t\t<div class=\"elementor-widget-container\">\n\t\t\t\t\t\t\t\t\t<p data-start=\"192\" data-end=\"491\"><span style=\"color: #000000;\">Le mardi 28 octobre, <strong>Medytec<\/strong> a particip\u00e9 \u00e0 l\u2019\u00e9v\u00e9nement <strong>BDL&amp;TECH<\/strong> \u00e0 Polesud, organis\u00e9 pour la deuxi\u00e8me ann\u00e9e cons\u00e9cutive en marge du match opposant les Br\u00fbleurs de Loups \u00e0 Brian\u00e7on. Cette soir\u00e9e a \u00e9t\u00e9 l\u2019occasion de mettre \u00e0 l\u2019honneur l\u2019innovation locale dans un cadre sportif et convivial.<\/span><\/p><p data-start=\"493\" data-end=\"823\"><span style=\"color: #000000;\">Avant le match, le public a pu d\u00e9couvrir le Village Innovation, install\u00e9 \u00e0 l\u2019arri\u00e8re de la patinoire Polesud, qui faisait office d\u2019entr\u00e9e unique pour l\u2019\u00e9v\u00e9nement. Ouvert gratuitement \u00e0 tous d\u00e8s 18h00, cet espace a permis de nombreuses rencontres et \u00e9changes entre visiteurs, entrepreneurs et acteurs de l\u2019\u00e9cosyst\u00e8me local.<\/span><\/p><p data-start=\"493\" data-end=\"823\">\u00a0<\/p><h4 data-start=\"825\" data-end=\"877\"><span style=\"color: #000000;\">Une belle vitrine pour l\u2019innovation et la sant\u00e9 !<\/span><\/h4><p data-start=\"879\" data-end=\"1233\"><span style=\"color: #000000;\">Aux c\u00f4t\u00e9s de plusieurs startups du territoire, Medytec a pr\u00e9sent\u00e9 ses solutions et sa vision de l\u2019innovation au service de la sant\u00e9. Les visiteurs ont pu d\u00e9couvrir des projets vari\u00e9s port\u00e9s par des startups telles que Qi-B\u00f4 rev\u00eatir l\u2019espoir, Taloc\u2019De Sport, Nov\u00ebm, Be Cause, Arborescence, Le Bar \u00e0 Th\u00e8me, SmartShake, Mandracode Studio et Morphit.<\/span><\/p><p data-start=\"1235\" data-end=\"1405\"><span style=\"color: #000000;\">Cette diversit\u00e9 a illustr\u00e9 la richesse et le dynamisme de l\u2019\u00e9cosyst\u00e8me entrepreneurial local, favorisant les \u00e9changes, les synergies et les opportunit\u00e9s de collaboration.<\/span><\/p><p data-start=\"1235\" data-end=\"1405\">\u00a0<\/p><h4 data-start=\"1407\" data-end=\"1454\"><span style=\"color: #000000;\">Une soir\u00e9e plac\u00e9e sous le signe du partage<\/span><\/h4><p data-start=\"1456\" data-end=\"1697\"><span style=\"color: #000000;\">Coorganis\u00e9 par les Br\u00fbleurs de Loups et le Village by CA Sud Rh\u00f4ne Alpes, avec le soutien de Grenoble Angels \u2013 Oser l\u2019entreprise, BDL&amp;TECH a une nouvelle fois d\u00e9montr\u00e9 la pertinence du rapprochement entre sport et innovation.<\/span><\/p><p data-start=\"1699\" data-end=\"1905\"><span style=\"color: #000000;\">Medytec est fier d\u2019avoir pris part \u00e0 cet \u00e9v\u00e9nement, qui a permis de renforcer sa visibilit\u00e9, de rencontrer de nombreux acteurs du territoire et de partager sa passion pour l\u2019innovation au plus grand nombre.<\/span><\/p>\t\t\t\t\t\t\t\t<\/div>\n\t\t\t\t<\/div>\n\t\t\t\t\t<\/div>\n\t\t<\/div>\n\t\t\t\t\t<\/div>\n\t\t<\/section>\n\t\t\t\t<\/div>","protected":false},"excerpt":{"rendered":"<p>Le mardi 28 octobre, Medytec a particip\u00e9 \u00e0 l\u2019\u00e9v\u00e9nement BDL&#038;TECH \u00e0 Polesud, organis\u00e9 pour la deuxi\u00e8me ann\u00e9e cons\u00e9cutive. Cette soir\u00e9e a \u00e9t\u00e9 l\u2019occasion de mettre \u00e0 l\u2019honneur l\u2019innovation locale dans un cadre sportif et convivial.<\/p>","protected":false},"author":4,"featured_media":8597,"comment_status":"open","ping_status":"open","sticky":false,"template":"","format":"standard","meta":{"ocean_post_layout":"","ocean_both_sidebars_style":"","ocean_both_sidebars_content_width":0,"ocean_both_sidebars_sidebars_width":0,"ocean_sidebar":"","ocean_second_sidebar":"","ocean_disable_margins":"enable","ocean_add_body_class":"","ocean_shortcode_before_top_bar":"","ocean_shortcode_after_top_bar":"","ocean_shortcode_before_header":"","ocean_shortcode_after_header":"","ocean_has_shortcode":"","ocean_shortcode_after_title":"","ocean_shortcode_before_footer_widgets":"","ocean_shortcode_after_footer_widgets":"","ocean_shortcode_before_footer_bottom":"","ocean_shortcode_after_footer_bottom":"","ocean_display_top_bar":"default","ocean_display_header":"default","ocean_header_style":"","ocean_center_header_left_menu":"","ocean_custom_header_template":"","ocean_custom_logo":0,"ocean_custom_retina_logo":0,"ocean_custom_logo_max_width":0,"ocean_custom_logo_tablet_max_width":0,"ocean_custom_logo_mobile_max_width":0,"ocean_custom_logo_max_height":0,"ocean_custom_logo_tablet_max_height":0,"ocean_custom_logo_mobile_max_height":0,"ocean_header_custom_menu":"","ocean_menu_typo_font_family":"","ocean_menu_typo_font_subset":"","ocean_menu_typo_font_size":0,"ocean_menu_typo_font_size_tablet":0,"ocean_menu_typo_font_size_mobile":0,"ocean_menu_typo_font_size_unit":"px","ocean_menu_typo_font_weight":"","ocean_menu_typo_font_weight_tablet":"","ocean_menu_typo_font_weight_mobile":"","ocean_menu_typo_transform":"","ocean_menu_typo_transform_tablet":"","ocean_menu_typo_transform_mobile":"","ocean_menu_typo_line_height":0,"ocean_menu_typo_line_height_tablet":0,"ocean_menu_typo_line_height_mobile":0,"ocean_menu_typo_line_height_unit":"","ocean_menu_typo_spacing":0,"ocean_menu_typo_spacing_tablet":0,"ocean_menu_typo_spacing_mobile":0,"ocean_menu_typo_spacing_unit":"","ocean_menu_link_color":"","ocean_menu_link_color_hover":"","ocean_menu_link_color_active":"","ocean_menu_link_background":"","ocean_menu_link_hover_background":"","ocean_menu_link_active_background":"","ocean_menu_social_links_bg":"","ocean_menu_social_hover_links_bg":"","ocean_menu_social_links_color":"","ocean_menu_social_hover_links_color":"","ocean_disable_title":"default","ocean_disable_heading":"default","ocean_post_title":"","ocean_post_subheading":"","ocean_post_title_style":"","ocean_post_title_background_color":"","ocean_post_title_background":0,"ocean_post_title_bg_image_position":"","ocean_post_title_bg_image_attachment":"","ocean_post_title_bg_image_repeat":"","ocean_post_title_bg_image_size":"","ocean_post_title_height":0,"ocean_post_title_bg_overlay":0.5,"ocean_post_title_bg_overlay_color":"","ocean_disable_breadcrumbs":"default","ocean_breadcrumbs_color":"","ocean_breadcrumbs_separator_color":"","ocean_breadcrumbs_links_color":"","ocean_breadcrumbs_links_hover_color":"","ocean_display_footer_widgets":"default","ocean_display_footer_bottom":"default","ocean_custom_footer_template":"","ocean_post_oembed":"","ocean_post_self_hosted_media":"","ocean_post_video_embed":"","ocean_link_format":"","ocean_link_format_target":"self","ocean_quote_format":"","ocean_quote_format_link":"post","ocean_gallery_link_images":"on","ocean_gallery_id":[],"footnotes":""},"categories":[70],"tags":[],"class_list":["post-8596","post","type-post","status-publish","format-standard","has-post-thumbnail","hentry","category-evenements","entry","has-media"],"yoast_head":"<!-- This site is optimized with the Yoast SEO plugin v27.5 - https:\/\/yoast.com\/product\/yoast-seo-wordpress\/ -->\n<title>Medytec au Village Innovation de BDL&amp;TECH - Medytec<\/title>\n<meta name=\"description\" content=\"Le mardi 28 octobre, Medytec a particip\u00e9 \u00e0 l\u2019\u00e9v\u00e9nement BDL&amp;TECH \u00e0 Polesud, organis\u00e9 pour la deuxi\u00e8me ann\u00e9e cons\u00e9cutive.\" \/>\n<meta name=\"robots\" content=\"index, follow, max-snippet:-1, max-image-preview:large, max-video-preview:-1\" \/>\n<link rel=\"canonical\" href=\"https:\/\/medytec.eu\/en\/2025\/10\/28\/medytec-au-village-innovation-de-bdltech\/\" \/>\n<meta property=\"og:locale\" content=\"en_US\" \/>\n<meta property=\"og:type\" content=\"article\" \/>\n<meta property=\"og:title\" content=\"Medytec au Village Innovation de BDL&amp;TECH - Medytec\" \/>\n<meta property=\"og:description\" content=\"Le mardi 28 octobre, Medytec a particip\u00e9 \u00e0 l\u2019\u00e9v\u00e9nement BDL&amp;TECH \u00e0 Polesud, organis\u00e9 pour la deuxi\u00e8me ann\u00e9e cons\u00e9cutive.\" \/>\n<meta property=\"og:url\" content=\"https:\/\/medytec.eu\/en\/2025\/10\/28\/medytec-au-village-innovation-de-bdltech\/\" \/>\n<meta property=\"og:site_name\" content=\"Medytec\" \/>\n<meta property=\"article:published_time\" content=\"2025-10-28T14:18:00+00:00\" \/>\n<meta property=\"article:modified_time\" content=\"2026-01-06T14:18:58+00:00\" \/>\n<meta property=\"og:image\" content=\"https:\/\/medytec.eu\/wp-content\/uploads\/2026\/01\/WhatsApp-Image-2026-01-06-at-15.06.34.jpeg\" \/>\n\t<meta property=\"og:image:width\" content=\"1536\" \/>\n\t<meta property=\"og:image:height\" content=\"2048\" \/>\n\t<meta property=\"og:image:type\" content=\"image\/jpeg\" \/>\n<meta name=\"author\" content=\"okparfait\" \/>\n<meta name=\"twitter:card\" content=\"summary_large_image\" \/>\n<meta name=\"twitter:label1\" content=\"Written by\" \/>\n\t<meta name=\"twitter:data1\" content=\"okparfait\" \/>\n\t<meta name=\"twitter:label2\" content=\"Est. reading time\" \/>\n\t<meta name=\"twitter:data2\" content=\"2 minutes\" \/>\n<script type=\"application\/ld+json\" class=\"yoast-schema-graph\">{\"@context\":\"https:\\\/\\\/schema.org\",\"@graph\":[{\"@type\":\"Article\",\"@id\":\"https:\\\/\\\/medytec.eu\\\/2025\\\/10\\\/28\\\/medytec-au-village-innovation-de-bdltech\\\/#article\",\"isPartOf\":{\"@id\":\"https:\\\/\\\/medytec.eu\\\/2025\\\/10\\\/28\\\/medytec-au-village-innovation-de-bdltech\\\/\"},\"author\":{\"name\":\"okparfait\",\"@id\":\"https:\\\/\\\/medytec.eu\\\/#\\\/schema\\\/person\\\/52643406ade6747ec29f0a5ca286f5fe\"},\"headline\":\"Medytec au Village Innovation de BDL&amp;TECH\",\"datePublished\":\"2025-10-28T14:18:00+00:00\",\"dateModified\":\"2026-01-06T14:18:58+00:00\",\"mainEntityOfPage\":{\"@id\":\"https:\\\/\\\/medytec.eu\\\/2025\\\/10\\\/28\\\/medytec-au-village-innovation-de-bdltech\\\/\"},\"wordCount\":306,\"commentCount\":0,\"publisher\":{\"@id\":\"https:\\\/\\\/medytec.eu\\\/#organization\"},\"image\":{\"@id\":\"https:\\\/\\\/medytec.eu\\\/2025\\\/10\\\/28\\\/medytec-au-village-innovation-de-bdltech\\\/#primaryimage\"},\"thumbnailUrl\":\"https:\\\/\\\/medytec.eu\\\/wp-content\\\/uploads\\\/2026\\\/01\\\/WhatsApp-Image-2026-01-06-at-15.06.34.jpeg\",\"articleSection\":[\"\u00c9v\u00e8nements\"],\"inLanguage\":\"en-US\"},{\"@type\":\"WebPage\",\"@id\":\"https:\\\/\\\/medytec.eu\\\/2025\\\/10\\\/28\\\/medytec-au-village-innovation-de-bdltech\\\/\",\"url\":\"https:\\\/\\\/medytec.eu\\\/2025\\\/10\\\/28\\\/medytec-au-village-innovation-de-bdltech\\\/\",\"name\":\"Medytec au Village Innovation de BDL&amp;TECH - Medytec\",\"isPartOf\":{\"@id\":\"https:\\\/\\\/medytec.eu\\\/#website\"},\"primaryImageOfPage\":{\"@id\":\"https:\\\/\\\/medytec.eu\\\/2025\\\/10\\\/28\\\/medytec-au-village-innovation-de-bdltech\\\/#primaryimage\"},\"image\":{\"@id\":\"https:\\\/\\\/medytec.eu\\\/2025\\\/10\\\/28\\\/medytec-au-village-innovation-de-bdltech\\\/#primaryimage\"},\"thumbnailUrl\":\"https:\\\/\\\/medytec.eu\\\/wp-content\\\/uploads\\\/2026\\\/01\\\/WhatsApp-Image-2026-01-06-at-15.06.34.jpeg\",\"datePublished\":\"2025-10-28T14:18:00+00:00\",\"dateModified\":\"2026-01-06T14:18:58+00:00\",\"description\":\"Le mardi 28 octobre, Medytec a particip\u00e9 \u00e0 l\u2019\u00e9v\u00e9nement BDL&TECH \u00e0 Polesud, organis\u00e9 pour la deuxi\u00e8me ann\u00e9e cons\u00e9cutive.\",\"breadcrumb\":{\"@id\":\"https:\\\/\\\/medytec.eu\\\/2025\\\/10\\\/28\\\/medytec-au-village-innovation-de-bdltech\\\/#breadcrumb\"},\"inLanguage\":\"en-US\",\"potentialAction\":[{\"@type\":\"ReadAction\",\"target\":[\"https:\\\/\\\/medytec.eu\\\/2025\\\/10\\\/28\\\/medytec-au-village-innovation-de-bdltech\\\/\"]}]},{\"@type\":\"ImageObject\",\"inLanguage\":\"en-US\",\"@id\":\"https:\\\/\\\/medytec.eu\\\/2025\\\/10\\\/28\\\/medytec-au-village-innovation-de-bdltech\\\/#primaryimage\",\"url\":\"https:\\\/\\\/medytec.eu\\\/wp-content\\\/uploads\\\/2026\\\/01\\\/WhatsApp-Image-2026-01-06-at-15.06.34.jpeg\",\"contentUrl\":\"https:\\\/\\\/medytec.eu\\\/wp-content\\\/uploads\\\/2026\\\/01\\\/WhatsApp-Image-2026-01-06-at-15.06.34.jpeg\",\"width\":1536,\"height\":2048},{\"@type\":\"BreadcrumbList\",\"@id\":\"https:\\\/\\\/medytec.eu\\\/2025\\\/10\\\/28\\\/medytec-au-village-innovation-de-bdltech\\\/#breadcrumb\",\"itemListElement\":[{\"@type\":\"ListItem\",\"position\":1,\"name\":\"Accueil\",\"item\":\"https:\\\/\\\/medytec.eu\\\/\"},{\"@type\":\"ListItem\",\"position\":2,\"name\":\"Medytec au Village Innovation de BDL&amp;TECH\"}]},{\"@type\":\"WebSite\",\"@id\":\"https:\\\/\\\/medytec.eu\\\/#website\",\"url\":\"https:\\\/\\\/medytec.eu\\\/\",\"name\":\"Medytec\",\"description\":\"Le hub des technologies de la sant\u00e9 de grenoble-Alpes\",\"publisher\":{\"@id\":\"https:\\\/\\\/medytec.eu\\\/#organization\"},\"potentialAction\":[{\"@type\":\"SearchAction\",\"target\":{\"@type\":\"EntryPoint\",\"urlTemplate\":\"https:\\\/\\\/medytec.eu\\\/?s={search_term_string}\"},\"query-input\":{\"@type\":\"PropertyValueSpecification\",\"valueRequired\":true,\"valueName\":\"search_term_string\"}}],\"inLanguage\":\"en-US\"},{\"@type\":\"Organization\",\"@id\":\"https:\\\/\\\/medytec.eu\\\/#organization\",\"name\":\"MedYtec\",\"url\":\"https:\\\/\\\/medytec.eu\\\/\",\"logo\":{\"@type\":\"ImageObject\",\"inLanguage\":\"en-US\",\"@id\":\"https:\\\/\\\/medytec.eu\\\/#\\\/schema\\\/logo\\\/image\\\/\",\"url\":\"https:\\\/\\\/medytec.eu\\\/wp-content\\\/uploads\\\/2020\\\/02\\\/logo-medytec.png\",\"contentUrl\":\"https:\\\/\\\/medytec.eu\\\/wp-content\\\/uploads\\\/2020\\\/02\\\/logo-medytec.png\",\"width\":426,\"height\":147,\"caption\":\"MedYtec\"},\"image\":{\"@id\":\"https:\\\/\\\/medytec.eu\\\/#\\\/schema\\\/logo\\\/image\\\/\"}},{\"@type\":\"Person\",\"@id\":\"https:\\\/\\\/medytec.eu\\\/#\\\/schema\\\/person\\\/52643406ade6747ec29f0a5ca286f5fe\",\"name\":\"okparfait\",\"url\":\"https:\\\/\\\/medytec.eu\\\/en\\\/author\\\/e486db832ef7dcb5\\\/\"}]}<\/script>\n<!-- \/ Yoast SEO plugin. -->","yoast_head_json":{"title":"Medytec au Village Innovation de BDL&amp;TECH - Medytec","description":"Le mardi 28 octobre, Medytec a particip\u00e9 \u00e0 l\u2019\u00e9v\u00e9nement BDL&TECH \u00e0 Polesud, organis\u00e9 pour la deuxi\u00e8me ann\u00e9e cons\u00e9cutive.","robots":{"index":"index","follow":"follow","max-snippet":"max-snippet:-1","max-image-preview":"max-image-preview:large","max-video-preview":"max-video-preview:-1"},"canonical":"https:\/\/medytec.eu\/en\/2025\/10\/28\/medytec-au-village-innovation-de-bdltech\/","og_locale":"en_US","og_type":"article","og_title":"Medytec au Village Innovation de BDL&amp;TECH - Medytec","og_description":"Le mardi 28 octobre, Medytec a particip\u00e9 \u00e0 l\u2019\u00e9v\u00e9nement BDL&TECH \u00e0 Polesud, organis\u00e9 pour la deuxi\u00e8me ann\u00e9e cons\u00e9cutive.","og_url":"https:\/\/medytec.eu\/en\/2025\/10\/28\/medytec-au-village-innovation-de-bdltech\/","og_site_name":"Medytec","article_published_time":"2025-10-28T14:18:00+00:00","article_modified_time":"2026-01-06T14:18:58+00:00","og_image":[{"width":1536,"height":2048,"url":"https:\/\/medytec.eu\/wp-content\/uploads\/2026\/01\/WhatsApp-Image-2026-01-06-at-15.06.34.jpeg","type":"image\/jpeg"}],"author":"okparfait","twitter_card":"summary_large_image","twitter_misc":{"Written by":"okparfait","Est. reading time":"2 minutes"},"schema":{"@context":"https:\/\/schema.org","@graph":[{"@type":"Article","@id":"https:\/\/medytec.eu\/2025\/10\/28\/medytec-au-village-innovation-de-bdltech\/#article","isPartOf":{"@id":"https:\/\/medytec.eu\/2025\/10\/28\/medytec-au-village-innovation-de-bdltech\/"},"author":{"name":"okparfait","@id":"https:\/\/medytec.eu\/#\/schema\/person\/52643406ade6747ec29f0a5ca286f5fe"},"headline":"Medytec au Village Innovation de BDL&amp;TECH","datePublished":"2025-10-28T14:18:00+00:00","dateModified":"2026-01-06T14:18:58+00:00","mainEntityOfPage":{"@id":"https:\/\/medytec.eu\/2025\/10\/28\/medytec-au-village-innovation-de-bdltech\/"},"wordCount":306,"commentCount":0,"publisher":{"@id":"https:\/\/medytec.eu\/#organization"},"image":{"@id":"https:\/\/medytec.eu\/2025\/10\/28\/medytec-au-village-innovation-de-bdltech\/#primaryimage"},"thumbnailUrl":"https:\/\/medytec.eu\/wp-content\/uploads\/2026\/01\/WhatsApp-Image-2026-01-06-at-15.06.34.jpeg","articleSection":["\u00c9v\u00e8nements"],"inLanguage":"en-US"},{"@type":"WebPage","@id":"https:\/\/medytec.eu\/2025\/10\/28\/medytec-au-village-innovation-de-bdltech\/","url":"https:\/\/medytec.eu\/2025\/10\/28\/medytec-au-village-innovation-de-bdltech\/","name":"Medytec au Village Innovation de BDL&amp;TECH - Medytec","isPartOf":{"@id":"https:\/\/medytec.eu\/#website"},"primaryImageOfPage":{"@id":"https:\/\/medytec.eu\/2025\/10\/28\/medytec-au-village-innovation-de-bdltech\/#primaryimage"},"image":{"@id":"https:\/\/medytec.eu\/2025\/10\/28\/medytec-au-village-innovation-de-bdltech\/#primaryimage"},"thumbnailUrl":"https:\/\/medytec.eu\/wp-content\/uploads\/2026\/01\/WhatsApp-Image-2026-01-06-at-15.06.34.jpeg","datePublished":"2025-10-28T14:18:00+00:00","dateModified":"2026-01-06T14:18:58+00:00","description":"Le mardi 28 octobre, Medytec a particip\u00e9 \u00e0 l\u2019\u00e9v\u00e9nement BDL&TECH \u00e0 Polesud, organis\u00e9 pour la deuxi\u00e8me ann\u00e9e cons\u00e9cutive.","breadcrumb":{"@id":"https:\/\/medytec.eu\/2025\/10\/28\/medytec-au-village-innovation-de-bdltech\/#breadcrumb"},"inLanguage":"en-US","potentialAction":[{"@type":"ReadAction","target":["https:\/\/medytec.eu\/2025\/10\/28\/medytec-au-village-innovation-de-bdltech\/"]}]},{"@type":"ImageObject","inLanguage":"en-US","@id":"https:\/\/medytec.eu\/2025\/10\/28\/medytec-au-village-innovation-de-bdltech\/#primaryimage","url":"https:\/\/medytec.eu\/wp-content\/uploads\/2026\/01\/WhatsApp-Image-2026-01-06-at-15.06.34.jpeg","contentUrl":"https:\/\/medytec.eu\/wp-content\/uploads\/2026\/01\/WhatsApp-Image-2026-01-06-at-15.06.34.jpeg","width":1536,"height":2048},{"@type":"BreadcrumbList","@id":"https:\/\/medytec.eu\/2025\/10\/28\/medytec-au-village-innovation-de-bdltech\/#breadcrumb","itemListElement":[{"@type":"ListItem","position":1,"name":"Accueil","item":"https:\/\/medytec.eu\/"},{"@type":"ListItem","position":2,"name":"Medytec au Village Innovation de BDL&amp;TECH"}]},{"@type":"WebSite","@id":"https:\/\/medytec.eu\/#website","url":"https:\/\/medytec.eu\/","name":"Medytec","description":"Le hub des technologies de la sant\u00e9 de grenoble-Alpes","publisher":{"@id":"https:\/\/medytec.eu\/#organization"},"potentialAction":[{"@type":"SearchAction","target":{"@type":"EntryPoint","urlTemplate":"https:\/\/medytec.eu\/?s={search_term_string}"},"query-input":{"@type":"PropertyValueSpecification","valueRequired":true,"valueName":"search_term_string"}}],"inLanguage":"en-US"},{"@type":"Organization","@id":"https:\/\/medytec.eu\/#organization","name":"MedYtec","url":"https:\/\/medytec.eu\/","logo":{"@type":"ImageObject","inLanguage":"en-US","@id":"https:\/\/medytec.eu\/#\/schema\/logo\/image\/","url":"https:\/\/medytec.eu\/wp-content\/uploads\/2020\/02\/logo-medytec.png","contentUrl":"https:\/\/medytec.eu\/wp-content\/uploads\/2020\/02\/logo-medytec.png","width":426,"height":147,"caption":"MedYtec"},"image":{"@id":"https:\/\/medytec.eu\/#\/schema\/logo\/image\/"}},{"@type":"Person","@id":"https:\/\/medytec.eu\/#\/schema\/person\/52643406ade6747ec29f0a5ca286f5fe","name":"okparfait","url":"https:\/\/medytec.eu\/en\/author\/e486db832ef7dcb5\/"}]}},"_links":{"self":[{"href":"https:\/\/medytec.eu\/en\/wp-json\/wp\/v2\/posts\/8596","targetHints":{"allow":["GET"]}}],"collection":[{"href":"https:\/\/medytec.eu\/en\/wp-json\/wp\/v2\/posts"}],"about":[{"href":"https:\/\/medytec.eu\/en\/wp-json\/wp\/v2\/types\/post"}],"author":[{"embeddable":true,"href":"https:\/\/medytec.eu\/en\/wp-json\/wp\/v2\/users\/4"}],"replies":[{"embeddable":true,"href":"https:\/\/medytec.eu\/en\/wp-json\/wp\/v2\/comments?post=8596"}],"version-history":[{"count":0,"href":"https:\/\/medytec.eu\/en\/wp-json\/wp\/v2\/posts\/8596\/revisions"}],"wp:featuredmedia":[{"embeddable":true,"href":"https:\/\/medytec.eu\/en\/wp-json\/wp\/v2\/media\/8597"}],"wp:attachment":[{"href":"https:\/\/medytec.eu\/en\/wp-json\/wp\/v2\/media?parent=8596"}],"wp:term":[{"taxonomy":"category","embeddable":true,"href":"https:\/\/medytec.eu\/en\/wp-json\/wp\/v2\/categories?post=8596"},{"taxonomy":"post_tag","embeddable":true,"href":"https:\/\/medytec.eu\/en\/wp-json\/wp\/v2\/tags?post=8596"}],"curies":[{"name":"wp","href":"https:\/\/api.w.org\/{rel}","templated":true}]}}