{"id":8549,"date":"2025-10-16T11:01:00","date_gmt":"2025-10-16T09:01:00","guid":{"rendered":"https:\/\/medytec.eu\/?p=8549"},"modified":"2026-01-06T11:03:55","modified_gmt":"2026-01-06T10:03:55","slug":"1ere-edition-du-job-fair-by-cbh-graduate-school","status":"publish","type":"post","link":"https:\/\/medytec.eu\/en\/2025\/10\/16\/1ere-edition-du-job-fair-by-cbh-graduate-school\/","title":{"rendered":"1\u00e8re \u00e9dition du Job Fair by CBH Graduate School"},"content":{"rendered":"<p><img fetchpriority=\"high\" decoding=\"async\" src=\"https:\/\/medytec.eu\/wp-content\/uploads\/2026\/01\/IMG_20251016_155208-600x600.jpg\" sizes=\"(max-width: 600px) 100vw, 600px\" srcset=\"https:\/\/medytec.eu\/wp-content\/uploads\/2026\/01\/IMG_20251016_155208-600x600.jpg 600w, https:\/\/medytec.eu\/wp-content\/uploads\/2026\/01\/IMG_20251016_155208-150x150.jpg 150w, https:\/\/medytec.eu\/wp-content\/uploads\/2026\/01\/IMG_20251016_155208-300x300.jpg 300w\" alt=\"\" width=\"600\" height=\"600\" \/><\/p>\n<p data-start=\"127\" data-end=\"410\">La premi\u00e8re \u00e9dition du <strong data-start=\"150\" data-end=\"173\">Job Fair de la CBH Graduate School <\/strong>s\u2019est tenue <strong data-start=\"186\" data-end=\"203\">le 16 octobre <\/strong>dans <strong data-start=\"186\" data-end=\"203\">Medytec<\/strong>\u00a0et a rencontr\u00e9 un franc succ\u00e8s. Cet \u00e9v\u00e9nement a r\u00e9uni plus de 120 \u00e9tudiants tout au long de la journ\u00e9e, ainsi que de nombreuses entreprises et start-ups, venues \u00e0 la rencontre des talents de demain.<\/p>\n<p data-start=\"412\" data-end=\"859\">Pens\u00e9 comme un v\u00e9ritable pont entre le monde acad\u00e9mique et le monde professionnel, le Job Fair a permis aux \u00e9tudiants d\u2019\u00e9changer directement avec des recruteurs, de d\u00e9couvrir des opportunit\u00e9s de stages et d\u2019emplois, et de mieux comprendre les attentes du march\u00e9 du travail. Des ateliers d\u00e9di\u00e9s \u00e0 l\u2019insertion professionnelle sont \u00e9galement venus enrichir la journ\u00e9e, offrant aux participants des conseils concrets pour pr\u00e9parer leur avenir.<\/p>\n<p data-start=\"861\" data-end=\"1154\">\u00c0 travers cet \u00e9v\u00e9nement, Medytec a pleinement jou\u00e9 son r\u00f4le de lieu f\u00e9d\u00e9rateur, en proposant un espace propice aux \u00e9changes, aux rencontres et \u00e0 la cr\u00e9ation d\u2019opportunit\u00e9s. Cette r\u00e9ussite collective illustre notre engagement \u00e0 rapprocher durablement les mondes acad\u00e9mique et professionnel.<\/p>\n<p data-start=\"1156\" data-end=\"1203\">Nous remercions :<\/p>\n<ul data-start=\"1204\" data-end=\"1612\">\n<li data-start=\"1204\" data-end=\"1290\">\n<p data-start=\"1206\" data-end=\"1290\">les entreprises participantes, pour la richesse et la qualit\u00e9 de leurs \u00e9changes,<\/p>\n<\/li>\n<li data-start=\"1291\" data-end=\"1369\">\n<p data-start=\"1293\" data-end=\"1369\">les \u00e9tudiants, pour leur curiosit\u00e9, leur dynamisme et leur enthousiasme,<\/p>\n<\/li>\n<li data-start=\"1370\" data-end=\"1469\">\n<p data-start=\"1372\" data-end=\"1469\">les partenaires, pour leur soutien pr\u00e9cieux et leur engagement tout au long de l\u2019\u00e9v\u00e9nement,<\/p>\n<\/li>\n<li data-start=\"1470\" data-end=\"1612\">\n<p data-start=\"1472\" data-end=\"1612\">ainsi qu\u2019\u00e0 l\u2019ensemble de l\u2019\u00e9quipe organisatrice, dont l\u2019implication et l\u2019\u00e9nergie ont largement contribu\u00e9 \u00e0 la r\u00e9ussite de cette journ\u00e9e.<\/p>\n<\/li>\n<\/ul>\n<p data-start=\"1614\" data-end=\"1880\">Rendez-vous l\u2019ann\u00e9e prochaine pour une seconde \u00e9dition du Job Fair ! \ud83d\ude80<\/p>\n<p><a href=\"https:\/\/medytec.eu\/wp-content\/uploads\/2026\/01\/IMG_20251016_164432.jpg\" data-elementor-open-lightbox=\"yes\" data-elementor-lightbox-slideshow=\"aaee37c\" data-elementor-lightbox-title=\"IMG_20251016_164432\" data-e-action-hash=\"#elementor-action%3Aaction%3Dlightbox%26settings%3DeyJpZCI6ODU1MywidXJsIjoiaHR0cHM6XC9cL21lZHl0ZWMuZXVcL3dwLWNvbnRlbnRcL3VwbG9hZHNcLzIwMjZcLzAxXC9JTUdfMjAyNTEwMTZfMTY0NDMyLmpwZyIsInNsaWRlc2hvdyI6ImFhZWUzN2MifQ%3D%3D\"><br \/>\n<\/a><br \/>\n<a href=\"https:\/\/medytec.eu\/wp-content\/uploads\/2026\/01\/IMG_20251016_110214.jpg\" data-elementor-open-lightbox=\"yes\" data-elementor-lightbox-slideshow=\"aaee37c\" data-elementor-lightbox-title=\"IMG_20251016_110214\" data-e-action-hash=\"#elementor-action%3Aaction%3Dlightbox%26settings%3DeyJpZCI6ODU1MSwidXJsIjoiaHR0cHM6XC9cL21lZHl0ZWMuZXVcL3dwLWNvbnRlbnRcL3VwbG9hZHNcLzIwMjZcLzAxXC9JTUdfMjAyNTEwMTZfMTEwMjE0LmpwZyIsInNsaWRlc2hvdyI6ImFhZWUzN2MifQ%3D%3D\"><br \/>\n<\/a><br \/>\n<a href=\"https:\/\/medytec.eu\/wp-content\/uploads\/2026\/01\/IMG_20251016_154831.jpg\" data-elementor-open-lightbox=\"yes\" data-elementor-lightbox-slideshow=\"aaee37c\" data-elementor-lightbox-title=\"IMG_20251016_154831\" data-e-action-hash=\"#elementor-action%3Aaction%3Dlightbox%26settings%3DeyJpZCI6ODU1MiwidXJsIjoiaHR0cHM6XC9cL21lZHl0ZWMuZXVcL3dwLWNvbnRlbnRcL3VwbG9hZHNcLzIwMjZcLzAxXC9JTUdfMjAyNTEwMTZfMTU0ODMxLmpwZyIsInNsaWRlc2hvdyI6ImFhZWUzN2MifQ%3D%3D\"><br \/>\n<\/a><\/p>","protected":false},"excerpt":{"rendered":"<p>La premi\u00e8re \u00e9dition du Job Fair de la CBH Graduate School s\u2019est tenue le 16 octobre dans Medytec\u00a0et a rencontr\u00e9 un franc succ\u00e8s. Cet \u00e9v\u00e9nement a r\u00e9uni plus de 120 \u00e9tudiants tout au long de la journ\u00e9e, ainsi que de nombreuses entreprises et start-ups, venues \u00e0 la rencontre des talents de demain.<\/p>","protected":false},"author":4,"featured_media":8559,"comment_status":"open","ping_status":"open","sticky":false,"template":"","format":"standard","meta":{"ocean_post_layout":"","ocean_both_sidebars_style":"","ocean_both_sidebars_content_width":0,"ocean_both_sidebars_sidebars_width":0,"ocean_sidebar":"","ocean_second_sidebar":"","ocean_disable_margins":"enable","ocean_add_body_class":"","ocean_shortcode_before_top_bar":"","ocean_shortcode_after_top_bar":"","ocean_shortcode_before_header":"","ocean_shortcode_after_header":"","ocean_has_shortcode":"","ocean_shortcode_after_title":"","ocean_shortcode_before_footer_widgets":"","ocean_shortcode_after_footer_widgets":"","ocean_shortcode_before_footer_bottom":"","ocean_shortcode_after_footer_bottom":"","ocean_display_top_bar":"default","ocean_display_header":"default","ocean_header_style":"","ocean_center_header_left_menu":"","ocean_custom_header_template":"","ocean_custom_logo":0,"ocean_custom_retina_logo":0,"ocean_custom_logo_max_width":0,"ocean_custom_logo_tablet_max_width":0,"ocean_custom_logo_mobile_max_width":0,"ocean_custom_logo_max_height":0,"ocean_custom_logo_tablet_max_height":0,"ocean_custom_logo_mobile_max_height":0,"ocean_header_custom_menu":"","ocean_menu_typo_font_family":"","ocean_menu_typo_font_subset":"","ocean_menu_typo_font_size":0,"ocean_menu_typo_font_size_tablet":0,"ocean_menu_typo_font_size_mobile":0,"ocean_menu_typo_font_size_unit":"px","ocean_menu_typo_font_weight":"","ocean_menu_typo_font_weight_tablet":"","ocean_menu_typo_font_weight_mobile":"","ocean_menu_typo_transform":"","ocean_menu_typo_transform_tablet":"","ocean_menu_typo_transform_mobile":"","ocean_menu_typo_line_height":0,"ocean_menu_typo_line_height_tablet":0,"ocean_menu_typo_line_height_mobile":0,"ocean_menu_typo_line_height_unit":"","ocean_menu_typo_spacing":0,"ocean_menu_typo_spacing_tablet":0,"ocean_menu_typo_spacing_mobile":0,"ocean_menu_typo_spacing_unit":"","ocean_menu_link_color":"","ocean_menu_link_color_hover":"","ocean_menu_link_color_active":"","ocean_menu_link_background":"","ocean_menu_link_hover_background":"","ocean_menu_link_active_background":"","ocean_menu_social_links_bg":"","ocean_menu_social_hover_links_bg":"","ocean_menu_social_links_color":"","ocean_menu_social_hover_links_color":"","ocean_disable_title":"default","ocean_disable_heading":"default","ocean_post_title":"","ocean_post_subheading":"","ocean_post_title_style":"","ocean_post_title_background_color":"","ocean_post_title_background":0,"ocean_post_title_bg_image_position":"","ocean_post_title_bg_image_attachment":"","ocean_post_title_bg_image_repeat":"","ocean_post_title_bg_image_size":"","ocean_post_title_height":0,"ocean_post_title_bg_overlay":0.5,"ocean_post_title_bg_overlay_color":"","ocean_disable_breadcrumbs":"default","ocean_breadcrumbs_color":"","ocean_breadcrumbs_separator_color":"","ocean_breadcrumbs_links_color":"","ocean_breadcrumbs_links_hover_color":"","ocean_display_footer_widgets":"default","ocean_display_footer_bottom":"default","ocean_custom_footer_template":"","ocean_post_oembed":"","ocean_post_self_hosted_media":"","ocean_post_video_embed":"","ocean_link_format":"","ocean_link_format_target":"self","ocean_quote_format":"","ocean_quote_format_link":"post","ocean_gallery_link_images":"on","ocean_gallery_id":[],"footnotes":""},"categories":[70],"tags":[],"class_list":["post-8549","post","type-post","status-publish","format-standard","has-post-thumbnail","hentry","category-evenements","entry","has-media"],"yoast_head":"<!-- This site is optimized with the Yoast SEO plugin v27.5 - https:\/\/yoast.com\/product\/yoast-seo-wordpress\/ -->\n<title>1\u00e8re \u00e9dition du Job Fair by CBH Graduate School - Medytec<\/title>\n<meta name=\"description\" content=\"La premi\u00e8re \u00e9dition du Job Fair de la CBH Graduate School s\u2019est tenue le 16 octobre dans Medytec et a rencontr\u00e9 un franc succ\u00e8s.\" \/>\n<meta name=\"robots\" content=\"index, follow, max-snippet:-1, max-image-preview:large, max-video-preview:-1\" \/>\n<link rel=\"canonical\" href=\"https:\/\/medytec.eu\/en\/2025\/10\/16\/1ere-edition-du-job-fair-by-cbh-graduate-school\/\" \/>\n<meta property=\"og:locale\" content=\"en_US\" \/>\n<meta property=\"og:type\" content=\"article\" \/>\n<meta property=\"og:title\" content=\"1\u00e8re \u00e9dition du Job Fair by CBH Graduate School - Medytec\" \/>\n<meta property=\"og:description\" content=\"La premi\u00e8re \u00e9dition du Job Fair de la CBH Graduate School s\u2019est tenue le 16 octobre dans Medytec et a rencontr\u00e9 un franc succ\u00e8s.\" \/>\n<meta property=\"og:url\" content=\"https:\/\/medytec.eu\/en\/2025\/10\/16\/1ere-edition-du-job-fair-by-cbh-graduate-school\/\" \/>\n<meta property=\"og:site_name\" content=\"Medytec\" \/>\n<meta property=\"article:published_time\" content=\"2025-10-16T09:01:00+00:00\" \/>\n<meta property=\"article:modified_time\" content=\"2026-01-06T10:03:55+00:00\" \/>\n<meta property=\"og:image\" content=\"https:\/\/medytec.eu\/wp-content\/uploads\/2026\/01\/IMG_20251016_094147-1024x768.jpg\" \/>\n\t<meta property=\"og:image:width\" content=\"1024\" \/>\n\t<meta property=\"og:image:height\" content=\"768\" \/>\n\t<meta property=\"og:image:type\" content=\"image\/jpeg\" \/>\n<meta name=\"author\" content=\"okparfait\" \/>\n<meta name=\"twitter:card\" content=\"summary_large_image\" \/>\n<meta name=\"twitter:label1\" content=\"Written by\" \/>\n\t<meta name=\"twitter:data1\" content=\"okparfait\" \/>\n\t<meta name=\"twitter:label2\" content=\"Est. reading time\" \/>\n\t<meta name=\"twitter:data2\" content=\"2 minutes\" \/>\n<script type=\"application\/ld+json\" class=\"yoast-schema-graph\">{\"@context\":\"https:\\\/\\\/schema.org\",\"@graph\":[{\"@type\":\"Article\",\"@id\":\"https:\\\/\\\/medytec.eu\\\/2025\\\/10\\\/16\\\/1ere-edition-du-job-fair-by-cbh-graduate-school\\\/#article\",\"isPartOf\":{\"@id\":\"https:\\\/\\\/medytec.eu\\\/2025\\\/10\\\/16\\\/1ere-edition-du-job-fair-by-cbh-graduate-school\\\/\"},\"author\":{\"name\":\"okparfait\",\"@id\":\"https:\\\/\\\/medytec.eu\\\/#\\\/schema\\\/person\\\/52643406ade6747ec29f0a5ca286f5fe\"},\"headline\":\"1\u00e8re \u00e9dition du Job Fair by CBH Graduate School\",\"datePublished\":\"2025-10-16T09:01:00+00:00\",\"dateModified\":\"2026-01-06T10:03:55+00:00\",\"mainEntityOfPage\":{\"@id\":\"https:\\\/\\\/medytec.eu\\\/2025\\\/10\\\/16\\\/1ere-edition-du-job-fair-by-cbh-graduate-school\\\/\"},\"wordCount\":264,\"commentCount\":0,\"publisher\":{\"@id\":\"https:\\\/\\\/medytec.eu\\\/#organization\"},\"image\":{\"@id\":\"https:\\\/\\\/medytec.eu\\\/2025\\\/10\\\/16\\\/1ere-edition-du-job-fair-by-cbh-graduate-school\\\/#primaryimage\"},\"thumbnailUrl\":\"https:\\\/\\\/medytec.eu\\\/wp-content\\\/uploads\\\/2026\\\/01\\\/IMG_20251016_094147.jpg\",\"articleSection\":[\"\u00c9v\u00e8nements\"],\"inLanguage\":\"en-US\"},{\"@type\":\"WebPage\",\"@id\":\"https:\\\/\\\/medytec.eu\\\/2025\\\/10\\\/16\\\/1ere-edition-du-job-fair-by-cbh-graduate-school\\\/\",\"url\":\"https:\\\/\\\/medytec.eu\\\/2025\\\/10\\\/16\\\/1ere-edition-du-job-fair-by-cbh-graduate-school\\\/\",\"name\":\"1\u00e8re \u00e9dition du Job Fair by CBH Graduate School - Medytec\",\"isPartOf\":{\"@id\":\"https:\\\/\\\/medytec.eu\\\/#website\"},\"primaryImageOfPage\":{\"@id\":\"https:\\\/\\\/medytec.eu\\\/2025\\\/10\\\/16\\\/1ere-edition-du-job-fair-by-cbh-graduate-school\\\/#primaryimage\"},\"image\":{\"@id\":\"https:\\\/\\\/medytec.eu\\\/2025\\\/10\\\/16\\\/1ere-edition-du-job-fair-by-cbh-graduate-school\\\/#primaryimage\"},\"thumbnailUrl\":\"https:\\\/\\\/medytec.eu\\\/wp-content\\\/uploads\\\/2026\\\/01\\\/IMG_20251016_094147.jpg\",\"datePublished\":\"2025-10-16T09:01:00+00:00\",\"dateModified\":\"2026-01-06T10:03:55+00:00\",\"description\":\"La premi\u00e8re \u00e9dition du Job Fair de la CBH Graduate School s\u2019est tenue le 16 octobre dans Medytec et a rencontr\u00e9 un franc succ\u00e8s.\",\"breadcrumb\":{\"@id\":\"https:\\\/\\\/medytec.eu\\\/2025\\\/10\\\/16\\\/1ere-edition-du-job-fair-by-cbh-graduate-school\\\/#breadcrumb\"},\"inLanguage\":\"en-US\",\"potentialAction\":[{\"@type\":\"ReadAction\",\"target\":[\"https:\\\/\\\/medytec.eu\\\/2025\\\/10\\\/16\\\/1ere-edition-du-job-fair-by-cbh-graduate-school\\\/\"]}]},{\"@type\":\"ImageObject\",\"inLanguage\":\"en-US\",\"@id\":\"https:\\\/\\\/medytec.eu\\\/2025\\\/10\\\/16\\\/1ere-edition-du-job-fair-by-cbh-graduate-school\\\/#primaryimage\",\"url\":\"https:\\\/\\\/medytec.eu\\\/wp-content\\\/uploads\\\/2026\\\/01\\\/IMG_20251016_094147.jpg\",\"contentUrl\":\"https:\\\/\\\/medytec.eu\\\/wp-content\\\/uploads\\\/2026\\\/01\\\/IMG_20251016_094147.jpg\",\"width\":4000,\"height\":3000},{\"@type\":\"BreadcrumbList\",\"@id\":\"https:\\\/\\\/medytec.eu\\\/2025\\\/10\\\/16\\\/1ere-edition-du-job-fair-by-cbh-graduate-school\\\/#breadcrumb\",\"itemListElement\":[{\"@type\":\"ListItem\",\"position\":1,\"name\":\"Accueil\",\"item\":\"https:\\\/\\\/medytec.eu\\\/\"},{\"@type\":\"ListItem\",\"position\":2,\"name\":\"1\u00e8re \u00e9dition du Job Fair by CBH Graduate School\"}]},{\"@type\":\"WebSite\",\"@id\":\"https:\\\/\\\/medytec.eu\\\/#website\",\"url\":\"https:\\\/\\\/medytec.eu\\\/\",\"name\":\"Medytec\",\"description\":\"Le hub des technologies de la sant\u00e9 de grenoble-Alpes\",\"publisher\":{\"@id\":\"https:\\\/\\\/medytec.eu\\\/#organization\"},\"potentialAction\":[{\"@type\":\"SearchAction\",\"target\":{\"@type\":\"EntryPoint\",\"urlTemplate\":\"https:\\\/\\\/medytec.eu\\\/?s={search_term_string}\"},\"query-input\":{\"@type\":\"PropertyValueSpecification\",\"valueRequired\":true,\"valueName\":\"search_term_string\"}}],\"inLanguage\":\"en-US\"},{\"@type\":\"Organization\",\"@id\":\"https:\\\/\\\/medytec.eu\\\/#organization\",\"name\":\"MedYtec\",\"url\":\"https:\\\/\\\/medytec.eu\\\/\",\"logo\":{\"@type\":\"ImageObject\",\"inLanguage\":\"en-US\",\"@id\":\"https:\\\/\\\/medytec.eu\\\/#\\\/schema\\\/logo\\\/image\\\/\",\"url\":\"https:\\\/\\\/medytec.eu\\\/wp-content\\\/uploads\\\/2020\\\/02\\\/logo-medytec.png\",\"contentUrl\":\"https:\\\/\\\/medytec.eu\\\/wp-content\\\/uploads\\\/2020\\\/02\\\/logo-medytec.png\",\"width\":426,\"height\":147,\"caption\":\"MedYtec\"},\"image\":{\"@id\":\"https:\\\/\\\/medytec.eu\\\/#\\\/schema\\\/logo\\\/image\\\/\"}},{\"@type\":\"Person\",\"@id\":\"https:\\\/\\\/medytec.eu\\\/#\\\/schema\\\/person\\\/52643406ade6747ec29f0a5ca286f5fe\",\"name\":\"okparfait\",\"url\":\"https:\\\/\\\/medytec.eu\\\/en\\\/author\\\/e486db832ef7dcb5\\\/\"}]}<\/script>\n<!-- \/ Yoast SEO plugin. -->","yoast_head_json":{"title":"1\u00e8re \u00e9dition du Job Fair by CBH Graduate School - Medytec","description":"La premi\u00e8re \u00e9dition du Job Fair de la CBH Graduate School s\u2019est tenue le 16 octobre dans Medytec et a rencontr\u00e9 un franc succ\u00e8s.","robots":{"index":"index","follow":"follow","max-snippet":"max-snippet:-1","max-image-preview":"max-image-preview:large","max-video-preview":"max-video-preview:-1"},"canonical":"https:\/\/medytec.eu\/en\/2025\/10\/16\/1ere-edition-du-job-fair-by-cbh-graduate-school\/","og_locale":"en_US","og_type":"article","og_title":"1\u00e8re \u00e9dition du Job Fair by CBH Graduate School - Medytec","og_description":"La premi\u00e8re \u00e9dition du Job Fair de la CBH Graduate School s\u2019est tenue le 16 octobre dans Medytec et a rencontr\u00e9 un franc succ\u00e8s.","og_url":"https:\/\/medytec.eu\/en\/2025\/10\/16\/1ere-edition-du-job-fair-by-cbh-graduate-school\/","og_site_name":"Medytec","article_published_time":"2025-10-16T09:01:00+00:00","article_modified_time":"2026-01-06T10:03:55+00:00","og_image":[{"width":1024,"height":768,"url":"https:\/\/medytec.eu\/wp-content\/uploads\/2026\/01\/IMG_20251016_094147-1024x768.jpg","type":"image\/jpeg"}],"author":"okparfait","twitter_card":"summary_large_image","twitter_misc":{"Written by":"okparfait","Est. reading time":"2 minutes"},"schema":{"@context":"https:\/\/schema.org","@graph":[{"@type":"Article","@id":"https:\/\/medytec.eu\/2025\/10\/16\/1ere-edition-du-job-fair-by-cbh-graduate-school\/#article","isPartOf":{"@id":"https:\/\/medytec.eu\/2025\/10\/16\/1ere-edition-du-job-fair-by-cbh-graduate-school\/"},"author":{"name":"okparfait","@id":"https:\/\/medytec.eu\/#\/schema\/person\/52643406ade6747ec29f0a5ca286f5fe"},"headline":"1\u00e8re \u00e9dition du Job Fair by CBH Graduate School","datePublished":"2025-10-16T09:01:00+00:00","dateModified":"2026-01-06T10:03:55+00:00","mainEntityOfPage":{"@id":"https:\/\/medytec.eu\/2025\/10\/16\/1ere-edition-du-job-fair-by-cbh-graduate-school\/"},"wordCount":264,"commentCount":0,"publisher":{"@id":"https:\/\/medytec.eu\/#organization"},"image":{"@id":"https:\/\/medytec.eu\/2025\/10\/16\/1ere-edition-du-job-fair-by-cbh-graduate-school\/#primaryimage"},"thumbnailUrl":"https:\/\/medytec.eu\/wp-content\/uploads\/2026\/01\/IMG_20251016_094147.jpg","articleSection":["\u00c9v\u00e8nements"],"inLanguage":"en-US"},{"@type":"WebPage","@id":"https:\/\/medytec.eu\/2025\/10\/16\/1ere-edition-du-job-fair-by-cbh-graduate-school\/","url":"https:\/\/medytec.eu\/2025\/10\/16\/1ere-edition-du-job-fair-by-cbh-graduate-school\/","name":"1\u00e8re \u00e9dition du Job Fair by CBH Graduate School - Medytec","isPartOf":{"@id":"https:\/\/medytec.eu\/#website"},"primaryImageOfPage":{"@id":"https:\/\/medytec.eu\/2025\/10\/16\/1ere-edition-du-job-fair-by-cbh-graduate-school\/#primaryimage"},"image":{"@id":"https:\/\/medytec.eu\/2025\/10\/16\/1ere-edition-du-job-fair-by-cbh-graduate-school\/#primaryimage"},"thumbnailUrl":"https:\/\/medytec.eu\/wp-content\/uploads\/2026\/01\/IMG_20251016_094147.jpg","datePublished":"2025-10-16T09:01:00+00:00","dateModified":"2026-01-06T10:03:55+00:00","description":"La premi\u00e8re \u00e9dition du Job Fair de la CBH Graduate School s\u2019est tenue le 16 octobre dans Medytec et a rencontr\u00e9 un franc succ\u00e8s.","breadcrumb":{"@id":"https:\/\/medytec.eu\/2025\/10\/16\/1ere-edition-du-job-fair-by-cbh-graduate-school\/#breadcrumb"},"inLanguage":"en-US","potentialAction":[{"@type":"ReadAction","target":["https:\/\/medytec.eu\/2025\/10\/16\/1ere-edition-du-job-fair-by-cbh-graduate-school\/"]}]},{"@type":"ImageObject","inLanguage":"en-US","@id":"https:\/\/medytec.eu\/2025\/10\/16\/1ere-edition-du-job-fair-by-cbh-graduate-school\/#primaryimage","url":"https:\/\/medytec.eu\/wp-content\/uploads\/2026\/01\/IMG_20251016_094147.jpg","contentUrl":"https:\/\/medytec.eu\/wp-content\/uploads\/2026\/01\/IMG_20251016_094147.jpg","width":4000,"height":3000},{"@type":"BreadcrumbList","@id":"https:\/\/medytec.eu\/2025\/10\/16\/1ere-edition-du-job-fair-by-cbh-graduate-school\/#breadcrumb","itemListElement":[{"@type":"ListItem","position":1,"name":"Accueil","item":"https:\/\/medytec.eu\/"},{"@type":"ListItem","position":2,"name":"1\u00e8re \u00e9dition du Job Fair by CBH Graduate School"}]},{"@type":"WebSite","@id":"https:\/\/medytec.eu\/#website","url":"https:\/\/medytec.eu\/","name":"Medytec","description":"Le hub des technologies de la sant\u00e9 de grenoble-Alpes","publisher":{"@id":"https:\/\/medytec.eu\/#organization"},"potentialAction":[{"@type":"SearchAction","target":{"@type":"EntryPoint","urlTemplate":"https:\/\/medytec.eu\/?s={search_term_string}"},"query-input":{"@type":"PropertyValueSpecification","valueRequired":true,"valueName":"search_term_string"}}],"inLanguage":"en-US"},{"@type":"Organization","@id":"https:\/\/medytec.eu\/#organization","name":"MedYtec","url":"https:\/\/medytec.eu\/","logo":{"@type":"ImageObject","inLanguage":"en-US","@id":"https:\/\/medytec.eu\/#\/schema\/logo\/image\/","url":"https:\/\/medytec.eu\/wp-content\/uploads\/2020\/02\/logo-medytec.png","contentUrl":"https:\/\/medytec.eu\/wp-content\/uploads\/2020\/02\/logo-medytec.png","width":426,"height":147,"caption":"MedYtec"},"image":{"@id":"https:\/\/medytec.eu\/#\/schema\/logo\/image\/"}},{"@type":"Person","@id":"https:\/\/medytec.eu\/#\/schema\/person\/52643406ade6747ec29f0a5ca286f5fe","name":"okparfait","url":"https:\/\/medytec.eu\/en\/author\/e486db832ef7dcb5\/"}]}},"_links":{"self":[{"href":"https:\/\/medytec.eu\/en\/wp-json\/wp\/v2\/posts\/8549","targetHints":{"allow":["GET"]}}],"collection":[{"href":"https:\/\/medytec.eu\/en\/wp-json\/wp\/v2\/posts"}],"about":[{"href":"https:\/\/medytec.eu\/en\/wp-json\/wp\/v2\/types\/post"}],"author":[{"embeddable":true,"href":"https:\/\/medytec.eu\/en\/wp-json\/wp\/v2\/users\/4"}],"replies":[{"embeddable":true,"href":"https:\/\/medytec.eu\/en\/wp-json\/wp\/v2\/comments?post=8549"}],"version-history":[{"count":0,"href":"https:\/\/medytec.eu\/en\/wp-json\/wp\/v2\/posts\/8549\/revisions"}],"wp:featuredmedia":[{"embeddable":true,"href":"https:\/\/medytec.eu\/en\/wp-json\/wp\/v2\/media\/8559"}],"wp:attachment":[{"href":"https:\/\/medytec.eu\/en\/wp-json\/wp\/v2\/media?parent=8549"}],"wp:term":[{"taxonomy":"category","embeddable":true,"href":"https:\/\/medytec.eu\/en\/wp-json\/wp\/v2\/categories?post=8549"},{"taxonomy":"post_tag","embeddable":true,"href":"https:\/\/medytec.eu\/en\/wp-json\/wp\/v2\/tags?post=8549"}],"curies":[{"name":"wp","href":"https:\/\/api.w.org\/{rel}","templated":true}]}}