{"id":8239,"date":"2025-02-18T16:11:24","date_gmt":"2025-02-18T15:11:24","guid":{"rendered":"https:\/\/medytec.eu\/?p=8239"},"modified":"2025-02-20T10:12:18","modified_gmt":"2025-02-20T09:12:18","slug":"poursuite-du-developpement-de-la-filiere-sante-de-grenoble-alpes","status":"publish","type":"post","link":"https:\/\/medytec.eu\/en\/2025\/02\/18\/poursuite-du-developpement-de-la-filiere-sante-de-grenoble-alpes\/","title":{"rendered":"Poursuite du d\u00e9veloppement de la fili\u00e8re #Sant\u00e9 de Grenoble Alpes !"},"content":{"rendered":"<div data-elementor-type=\"wp-post\" data-elementor-id=\"8239\" class=\"elementor elementor-8239\" data-elementor-post-type=\"post\">\n\t\t\t\t\t\t<section class=\"elementor-section elementor-top-section elementor-element elementor-element-655d292 elementor-section-boxed elementor-section-height-default elementor-section-height-default\" data-id=\"655d292\" data-element_type=\"section\" data-e-type=\"section\">\n\t\t\t\t\t\t<div class=\"elementor-container elementor-column-gap-default\">\n\t\t\t\t\t<div class=\"elementor-column elementor-col-100 elementor-top-column elementor-element elementor-element-0a26457\" data-id=\"0a26457\" data-element_type=\"column\" data-e-type=\"column\">\n\t\t\t<div class=\"elementor-widget-wrap elementor-element-populated\">\n\t\t\t\t\t\t<div class=\"elementor-element elementor-element-aff12ba elementor-widget elementor-widget-heading\" data-id=\"aff12ba\" data-element_type=\"widget\" data-e-type=\"widget\" data-widget_type=\"heading.default\">\n\t\t\t\t<div class=\"elementor-widget-container\">\n\t\t\t\t\t<h2 class=\"elementor-heading-title elementor-size-default\">Retour sur \u00e9v\u00e9nement fili\u00e8re Sant\u00e9 Grenoble Alpes<\/h2>\t\t\t\t<\/div>\n\t\t\t\t<\/div>\n\t\t\t\t<div class=\"elementor-element elementor-element-f586d97 elementor-widget elementor-widget-heading\" data-id=\"f586d97\" data-element_type=\"widget\" data-e-type=\"widget\" data-widget_type=\"heading.default\">\n\t\t\t\t<div class=\"elementor-widget-container\">\n\t\t\t\t\t<h5 class=\"elementor-heading-title elementor-size-default\">Le 5 f\u00e9vrier 2025 \u00e0 Grenoble<\/h5>\t\t\t\t<\/div>\n\t\t\t\t<\/div>\n\t\t\t\t<div class=\"elementor-element elementor-element-429dd0b elementor-widget elementor-widget-text-editor\" data-id=\"429dd0b\" data-element_type=\"widget\" data-e-type=\"widget\" data-widget_type=\"text-editor.default\">\n\t\t\t\t<div class=\"elementor-widget-container\">\n\t\t\t\t\t\t\t\t\t<p>Apr\u00e8s la cr\u00e9ation du lieu totem Medytec en 2020 par les partenaires historiques, <a class=\"CQQIoigTNjZggqjzffxuaJIOPtoBFBVeCw\" href=\"https:\/\/www.linkedin.com\/company\/medicalps\/\" target=\"_self\" data-test-app-aware-link=\"\">MEDICALPS<\/a>, a r\u00e9v\u00e9l\u00e9, lors de l\u2019\u00e9v\u00e8nement <a class=\"CQQIoigTNjZggqjzffxuaJIOPtoBFBVeCw\" href=\"https:\/\/www.linkedin.com\/company\/tech-fest\/\" target=\"_self\" data-test-app-aware-link=\"\">TECH&amp;FEST<\/a>, le cadrage du programme scientifique, technologique et m\u00e9dical autour d&rsquo;un axe structurant \u00ab la sant\u00e9 personnalis\u00e9e responsable \u00bb.<br \/><br \/>Cette dynamique a \u00e9t\u00e9 renforc\u00e9e par l\u2019int\u00e9gration du Centre national de la recherche scientifique (<a class=\"CQQIoigTNjZggqjzffxuaJIOPtoBFBVeCw\" href=\"https:\/\/www.linkedin.com\/company\/cnrs\/\" target=\"_self\" data-test-app-aware-link=\"\">CNRS<\/a>), de l\u2019Institut national de recherche en sciences et technologies du num\u00e9rique (<a class=\"CQQIoigTNjZggqjzffxuaJIOPtoBFBVeCw\" href=\"https:\/\/www.linkedin.com\/company\/inria\/\" target=\"_self\" data-test-app-aware-link=\"\">Inria<\/a>), et de l\u2019Institut national de la sant\u00e9 et de la recherche m\u00e9dicale (<a class=\"CQQIoigTNjZggqjzffxuaJIOPtoBFBVeCw\" href=\"https:\/\/www.linkedin.com\/company\/inserm\/\" target=\"_self\" data-test-app-aware-link=\"\">Inserm<\/a>) \u00e0 sa gouvernance.<br \/><br \/>Une nouvelle avanc\u00e9e qui renforce les liens entre les acteurs et consolide la dynamique de la fili\u00e8re Sant\u00e9 Grenoble Alpes.<\/p>\t\t\t\t\t\t\t\t<\/div>\n\t\t\t\t<\/div>\n\t\t\t\t<div class=\"elementor-element elementor-element-b6ac6e0 elementor-widget elementor-widget-image\" data-id=\"b6ac6e0\" data-element_type=\"widget\" data-e-type=\"widget\" data-widget_type=\"image.default\">\n\t\t\t\t<div class=\"elementor-widget-container\">\n\t\t\t\t\t\t\t\t\t\t\t\t\t\t\t<img fetchpriority=\"high\" decoding=\"async\" width=\"1024\" height=\"74\" src=\"https:\/\/medytec.eu\/wp-content\/uploads\/2025\/02\/Logos-collectif-2025-1024x74.png\" class=\"attachment-large size-large wp-image-8249\" alt=\"\" srcset=\"https:\/\/medytec.eu\/wp-content\/uploads\/2025\/02\/Logos-collectif-2025-1024x74.png 1024w, https:\/\/medytec.eu\/wp-content\/uploads\/2025\/02\/Logos-collectif-2025-300x22.png 300w, https:\/\/medytec.eu\/wp-content\/uploads\/2025\/02\/Logos-collectif-2025-768x56.png 768w, https:\/\/medytec.eu\/wp-content\/uploads\/2025\/02\/Logos-collectif-2025-1536x112.png 1536w, https:\/\/medytec.eu\/wp-content\/uploads\/2025\/02\/Logos-collectif-2025-18x1.png 18w, https:\/\/medytec.eu\/wp-content\/uploads\/2025\/02\/Logos-collectif-2025.png 1568w\" sizes=\"(max-width: 1024px) 100vw, 1024px\" \/>\t\t\t\t\t\t\t\t\t\t\t\t\t\t\t<\/div>\n\t\t\t\t<\/div>\n\t\t\t\t<div class=\"elementor-element elementor-element-08babd8 elementor-align-center elementor-widget elementor-widget-button\" data-id=\"08babd8\" data-element_type=\"widget\" data-e-type=\"widget\" data-widget_type=\"button.default\">\n\t\t\t\t<div class=\"elementor-widget-container\">\n\t\t\t\t\t\t\t\t\t<div class=\"elementor-button-wrapper\">\n\t\t\t\t\t<a class=\"elementor-button elementor-button-link elementor-size-sm\" href=\"https:\/\/www.medicalps.eu\/wp-content\/uploads\/2025\/02\/MEDICALPS-CP-Signature-Filiere-Sante-Grenoble-Alpes-5-fevrier-2025.pdf\">\n\t\t\t\t\t\t<span class=\"elementor-button-content-wrapper\">\n\t\t\t\t\t\t\t\t\t<span class=\"elementor-button-text\">D\u00e9couvrez le communiqu\u00e9 de presse<\/span>\n\t\t\t\t\t<\/span>\n\t\t\t\t\t<\/a>\n\t\t\t\t<\/div>\n\t\t\t\t\t\t\t\t<\/div>\n\t\t\t\t<\/div>\n\t\t\t\t<div class=\"elementor-element elementor-element-8669487 elementor-widget elementor-widget-spacer\" data-id=\"8669487\" data-element_type=\"widget\" data-e-type=\"widget\" data-widget_type=\"spacer.default\">\n\t\t\t\t<div class=\"elementor-widget-container\">\n\t\t\t\t\t\t\t<div class=\"elementor-spacer\">\n\t\t\t<div class=\"elementor-spacer-inner\"><\/div>\n\t\t<\/div>\n\t\t\t\t\t\t<\/div>\n\t\t\t\t<\/div>\n\t\t\t\t<div class=\"elementor-element elementor-element-a8abfe7 elementor-widget elementor-widget-gallery\" data-id=\"a8abfe7\" data-element_type=\"widget\" data-e-type=\"widget\" data-settings=\"{&quot;gallery_layout&quot;:&quot;justified&quot;,&quot;ideal_row_height&quot;:{&quot;unit&quot;:&quot;px&quot;,&quot;size&quot;:254,&quot;sizes&quot;:[]},&quot;lazyload&quot;:&quot;yes&quot;,&quot;ideal_row_height_tablet&quot;:{&quot;unit&quot;:&quot;px&quot;,&quot;size&quot;:150,&quot;sizes&quot;:[]},&quot;ideal_row_height_mobile&quot;:{&quot;unit&quot;:&quot;px&quot;,&quot;size&quot;:150,&quot;sizes&quot;:[]},&quot;gap&quot;:{&quot;unit&quot;:&quot;px&quot;,&quot;size&quot;:10,&quot;sizes&quot;:[]},&quot;gap_tablet&quot;:{&quot;unit&quot;:&quot;px&quot;,&quot;size&quot;:10,&quot;sizes&quot;:[]},&quot;gap_mobile&quot;:{&quot;unit&quot;:&quot;px&quot;,&quot;size&quot;:10,&quot;sizes&quot;:[]},&quot;link_to&quot;:&quot;file&quot;,&quot;overlay_background&quot;:&quot;yes&quot;,&quot;content_hover_animation&quot;:&quot;fade-in&quot;}\" data-widget_type=\"gallery.default\">\n\t\t\t\t<div class=\"elementor-widget-container\">\n\t\t\t\t\t\t\t<div class=\"elementor-gallery__container\">\n\t\t\t\t\t\t\t<a class=\"e-gallery-item elementor-gallery-item elementor-animated-content\" href=\"https:\/\/medytec.eu\/wp-content\/uploads\/2025\/02\/SIGNATURE-ACCORD-FILIERE-SANTE-GRENOBLE-ALPES-5-fevrier-2025.png\" data-elementor-open-lightbox=\"yes\" data-elementor-lightbox-slideshow=\"a8abfe7\" data-elementor-lightbox-title=\"SIGNATURE ACCORD FILI\u00c8RE SANT\u00c9 GRENOBLE ALPES - 5 f\u00e9vrier 2025\" data-e-action-hash=\"#elementor-action%3Aaction%3Dlightbox%26settings%3DeyJpZCI6ODI0MywidXJsIjoiaHR0cHM6XC9cL21lZHl0ZWMuZXVcL3dwLWNvbnRlbnRcL3VwbG9hZHNcLzIwMjVcLzAyXC9TSUdOQVRVUkUtQUNDT1JELUZJTElFUkUtU0FOVEUtR1JFTk9CTEUtQUxQRVMtNS1mZXZyaWVyLTIwMjUucG5nIiwic2xpZGVzaG93IjoiYThhYmZlNyJ9\">\n\t\t\t\t\t<div class=\"e-gallery-image elementor-gallery-item__image\" data-thumbnail=\"https:\/\/medytec.eu\/wp-content\/uploads\/2025\/02\/SIGNATURE-ACCORD-FILIERE-SANTE-GRENOBLE-ALPES-5-fevrier-2025-300x213.png\" data-width=\"300\" data-height=\"213\" aria-label=\"\" role=\"img\" ><\/div>\n\t\t\t\t\t\t\t\t\t\t\t<div class=\"elementor-gallery-item__overlay\"><\/div>\n\t\t\t\t\t\t\t\t\t\t\t\t\t\t<\/a>\n\t\t\t\t\t\t\t<a class=\"e-gallery-item elementor-gallery-item elementor-animated-content\" href=\"https:\/\/medytec.eu\/wp-content\/uploads\/2025\/02\/WhatsApp-Image-2025-02-10-a-17.01.44_861f94ee.jpg\" data-elementor-open-lightbox=\"yes\" data-elementor-lightbox-slideshow=\"a8abfe7\" data-elementor-lightbox-title=\"WhatsApp Image 2025-02-10 \u00e0 17.01.44_861f94ee\" data-e-action-hash=\"#elementor-action%3Aaction%3Dlightbox%26settings%3DeyJpZCI6ODI0MiwidXJsIjoiaHR0cHM6XC9cL21lZHl0ZWMuZXVcL3dwLWNvbnRlbnRcL3VwbG9hZHNcLzIwMjVcLzAyXC9XaGF0c0FwcC1JbWFnZS0yMDI1LTAyLTEwLWEtMTcuMDEuNDRfODYxZjk0ZWUuanBnIiwic2xpZGVzaG93IjoiYThhYmZlNyJ9\">\n\t\t\t\t\t<div class=\"e-gallery-image elementor-gallery-item__image\" data-thumbnail=\"https:\/\/medytec.eu\/wp-content\/uploads\/2025\/02\/WhatsApp-Image-2025-02-10-a-17.01.44_861f94ee-300x225.jpg\" data-width=\"300\" data-height=\"225\" aria-label=\"\" role=\"img\" ><\/div>\n\t\t\t\t\t\t\t\t\t\t\t<div class=\"elementor-gallery-item__overlay\"><\/div>\n\t\t\t\t\t\t\t\t\t\t\t\t\t\t<\/a>\n\t\t\t\t\t\t\t<a class=\"e-gallery-item elementor-gallery-item elementor-animated-content\" href=\"https:\/\/medytec.eu\/wp-content\/uploads\/2025\/02\/WhatsApp-Image-2025-02-10-a-09.44.40_57b2f39b.jpg\" data-elementor-open-lightbox=\"yes\" data-elementor-lightbox-slideshow=\"a8abfe7\" data-elementor-lightbox-title=\"WhatsApp Image 2025-02-10 \u00e0 09.44.40_57b2f39b\" data-e-action-hash=\"#elementor-action%3Aaction%3Dlightbox%26settings%3DeyJpZCI6ODI0NCwidXJsIjoiaHR0cHM6XC9cL21lZHl0ZWMuZXVcL3dwLWNvbnRlbnRcL3VwbG9hZHNcLzIwMjVcLzAyXC9XaGF0c0FwcC1JbWFnZS0yMDI1LTAyLTEwLWEtMDkuNDQuNDBfNTdiMmYzOWIuanBnIiwic2xpZGVzaG93IjoiYThhYmZlNyJ9\">\n\t\t\t\t\t<div class=\"e-gallery-image elementor-gallery-item__image\" data-thumbnail=\"https:\/\/medytec.eu\/wp-content\/uploads\/2025\/02\/WhatsApp-Image-2025-02-10-a-09.44.40_57b2f39b-135x300.jpg\" data-width=\"135\" data-height=\"300\" aria-label=\"\" role=\"img\" ><\/div>\n\t\t\t\t\t\t\t\t\t\t\t<div class=\"elementor-gallery-item__overlay\"><\/div>\n\t\t\t\t\t\t\t\t\t\t\t\t\t\t<\/a>\n\t\t\t\t\t<\/div>\n\t\t\t\t\t<\/div>\n\t\t\t\t<\/div>\n\t\t\t\t\t<\/div>\n\t\t<\/div>\n\t\t\t\t\t<\/div>\n\t\t<\/section>\n\t\t\t\t<section class=\"elementor-section elementor-top-section elementor-element elementor-element-3f2c328 elementor-section-boxed elementor-section-height-default elementor-section-height-default\" data-id=\"3f2c328\" data-element_type=\"section\" data-e-type=\"section\">\n\t\t\t\t\t\t<div class=\"elementor-container elementor-column-gap-default\">\n\t\t\t\t\t<div class=\"elementor-column elementor-col-100 elementor-top-column elementor-element elementor-element-92cfafd\" data-id=\"92cfafd\" data-element_type=\"column\" data-e-type=\"column\">\n\t\t\t<div class=\"elementor-widget-wrap elementor-element-populated\">\n\t\t\t\t\t\t<div class=\"elementor-element elementor-element-4345564 elementor-widget elementor-widget-spacer\" data-id=\"4345564\" data-element_type=\"widget\" data-e-type=\"widget\" data-widget_type=\"spacer.default\">\n\t\t\t\t<div class=\"elementor-widget-container\">\n\t\t\t\t\t\t\t<div class=\"elementor-spacer\">\n\t\t\t<div class=\"elementor-spacer-inner\"><\/div>\n\t\t<\/div>\n\t\t\t\t\t\t<\/div>\n\t\t\t\t<\/div>\n\t\t\t\t\t<\/div>\n\t\t<\/div>\n\t\t\t\t\t<\/div>\n\t\t<\/section>\n\t\t\t\t<\/div>","protected":false},"excerpt":{"rendered":"<p>Retour sur \u00e9v\u00e9nement fili\u00e8re Sant\u00e9 Grenoble Alpes Le 5 f\u00e9vrier 2025 \u00e0 Grenoble Apr\u00e8s la cr\u00e9ation du lieu totem Medytec en 2020 par les partenaires historiques, MEDICALPS, a r\u00e9v\u00e9l\u00e9, lors de l\u2019\u00e9v\u00e8nement TECH&amp;FEST, le cadrage du programme scientifique, technologique et m\u00e9dical autour d&rsquo;un axe structurant \u00ab la sant\u00e9 personnalis\u00e9e responsable \u00bb. Cette dynamique a \u00e9t\u00e9 [&hellip;]<\/p>\n","protected":false},"author":4,"featured_media":8240,"comment_status":"closed","ping_status":"open","sticky":false,"template":"","format":"standard","meta":{"ocean_post_layout":"","ocean_both_sidebars_style":"","ocean_both_sidebars_content_width":0,"ocean_both_sidebars_sidebars_width":0,"ocean_sidebar":"0","ocean_second_sidebar":"0","ocean_disable_margins":"enable","ocean_add_body_class":"","ocean_shortcode_before_top_bar":"","ocean_shortcode_after_top_bar":"","ocean_shortcode_before_header":"","ocean_shortcode_after_header":"","ocean_has_shortcode":"","ocean_shortcode_after_title":"","ocean_shortcode_before_footer_widgets":"","ocean_shortcode_after_footer_widgets":"","ocean_shortcode_before_footer_bottom":"","ocean_shortcode_after_footer_bottom":"","ocean_display_top_bar":"off","ocean_display_header":"default","ocean_header_style":"","ocean_center_header_left_menu":"0","ocean_custom_header_template":"0","ocean_custom_logo":0,"ocean_custom_retina_logo":0,"ocean_custom_logo_max_width":0,"ocean_custom_logo_tablet_max_width":0,"ocean_custom_logo_mobile_max_width":0,"ocean_custom_logo_max_height":0,"ocean_custom_logo_tablet_max_height":0,"ocean_custom_logo_mobile_max_height":0,"ocean_header_custom_menu":"0","ocean_menu_typo_font_family":"0","ocean_menu_typo_font_subset":"","ocean_menu_typo_font_size":0,"ocean_menu_typo_font_size_tablet":0,"ocean_menu_typo_font_size_mobile":0,"ocean_menu_typo_font_size_unit":"px","ocean_menu_typo_font_weight":"","ocean_menu_typo_font_weight_tablet":"","ocean_menu_typo_font_weight_mobile":"","ocean_menu_typo_transform":"","ocean_menu_typo_transform_tablet":"","ocean_menu_typo_transform_mobile":"","ocean_menu_typo_line_height":0,"ocean_menu_typo_line_height_tablet":0,"ocean_menu_typo_line_height_mobile":0,"ocean_menu_typo_line_height_unit":"","ocean_menu_typo_spacing":0,"ocean_menu_typo_spacing_tablet":0,"ocean_menu_typo_spacing_mobile":0,"ocean_menu_typo_spacing_unit":"","ocean_menu_link_color":"","ocean_menu_link_color_hover":"","ocean_menu_link_color_active":"","ocean_menu_link_background":"","ocean_menu_link_hover_background":"","ocean_menu_link_active_background":"","ocean_menu_social_links_bg":"","ocean_menu_social_hover_links_bg":"","ocean_menu_social_links_color":"","ocean_menu_social_hover_links_color":"","ocean_disable_title":"default","ocean_disable_heading":"default","ocean_post_title":"","ocean_post_subheading":"","ocean_post_title_style":"","ocean_post_title_background_color":"","ocean_post_title_background":0,"ocean_post_title_bg_image_position":"","ocean_post_title_bg_image_attachment":"","ocean_post_title_bg_image_repeat":"","ocean_post_title_bg_image_size":"","ocean_post_title_height":0,"ocean_post_title_bg_overlay":0.5,"ocean_post_title_bg_overlay_color":"","ocean_disable_breadcrumbs":"default","ocean_breadcrumbs_color":"","ocean_breadcrumbs_separator_color":"","ocean_breadcrumbs_links_color":"","ocean_breadcrumbs_links_hover_color":"","ocean_display_footer_widgets":"default","ocean_display_footer_bottom":"default","ocean_custom_footer_template":"0","ocean_post_oembed":"","ocean_post_self_hosted_media":"","ocean_post_video_embed":"","ocean_link_format":"","ocean_link_format_target":"self","ocean_quote_format":"","ocean_quote_format_link":"post","ocean_gallery_link_images":"off","ocean_gallery_id":[],"footnotes":""},"categories":[70,56],"tags":[],"class_list":["post-8239","post","type-post","status-publish","format-standard","has-post-thumbnail","hentry","category-evenements","category-partenariats","entry","has-media"],"yoast_head":"<!-- This site is optimized with the Yoast SEO plugin v27.5 - https:\/\/yoast.com\/product\/yoast-seo-wordpress\/ -->\n<title>Poursuite du d\u00e9veloppement de la fili\u00e8re #Sant\u00e9 de Grenoble Alpes ! - Medytec<\/title>\n<meta name=\"description\" content=\"MEDICALPS a d\u00e9voil\u00e9 l\u2019ambition scientifique de la fili\u00e8re Sant\u00e9 Grenoble Alpes, renforc\u00e9e par l\u2019int\u00e9gration du CNRS, de l\u2019Inria et de l\u2019Inserm \u00e0 sa gouvernance\" \/>\n<meta name=\"robots\" content=\"index, follow, max-snippet:-1, max-image-preview:large, max-video-preview:-1\" \/>\n<link rel=\"canonical\" href=\"https:\/\/medytec.eu\/en\/2025\/02\/18\/poursuite-du-developpement-de-la-filiere-sante-de-grenoble-alpes\/\" \/>\n<meta property=\"og:locale\" content=\"en_US\" \/>\n<meta property=\"og:type\" content=\"article\" \/>\n<meta property=\"og:title\" content=\"Poursuite du d\u00e9veloppement de la fili\u00e8re #Sant\u00e9 de Grenoble Alpes ! - Medytec\" \/>\n<meta property=\"og:description\" content=\"MEDICALPS a d\u00e9voil\u00e9 l\u2019ambition scientifique de la fili\u00e8re Sant\u00e9 Grenoble Alpes, renforc\u00e9e par l\u2019int\u00e9gration du CNRS, de l\u2019Inria et de l\u2019Inserm \u00e0 sa gouvernance\" \/>\n<meta property=\"og:url\" content=\"https:\/\/medytec.eu\/en\/2025\/02\/18\/poursuite-du-developpement-de-la-filiere-sante-de-grenoble-alpes\/\" \/>\n<meta property=\"og:site_name\" content=\"Medytec\" \/>\n<meta property=\"article:published_time\" content=\"2025-02-18T15:11:24+00:00\" \/>\n<meta property=\"article:modified_time\" content=\"2025-02-20T09:12:18+00:00\" \/>\n<meta property=\"og:image\" content=\"https:\/\/medytec.eu\/wp-content\/uploads\/2025\/02\/TF-premieres-images-c-pascale-cholette-24-1024x683.jpg\" \/>\n\t<meta property=\"og:image:width\" content=\"1024\" \/>\n\t<meta property=\"og:image:height\" content=\"683\" \/>\n\t<meta property=\"og:image:type\" content=\"image\/jpeg\" \/>\n<meta name=\"author\" content=\"okparfait\" \/>\n<meta name=\"twitter:card\" content=\"summary_large_image\" \/>\n<meta name=\"twitter:description\" content=\"Jeudi 16 juillet, nous avons eu le plaisir de recevoir les membres fondateurs de Medytec pour une visite officielle du lieu.\" \/>\n<meta name=\"twitter:label1\" content=\"Written by\" \/>\n\t<meta name=\"twitter:data1\" content=\"okparfait\" \/>\n\t<meta name=\"twitter:label2\" content=\"Est. reading time\" \/>\n\t<meta name=\"twitter:data2\" content=\"1 minute\" \/>\n<script type=\"application\/ld+json\" class=\"yoast-schema-graph\">{\"@context\":\"https:\\\/\\\/schema.org\",\"@graph\":[{\"@type\":\"Article\",\"@id\":\"https:\\\/\\\/medytec.eu\\\/2025\\\/02\\\/18\\\/poursuite-du-developpement-de-la-filiere-sante-de-grenoble-alpes\\\/#article\",\"isPartOf\":{\"@id\":\"https:\\\/\\\/medytec.eu\\\/2025\\\/02\\\/18\\\/poursuite-du-developpement-de-la-filiere-sante-de-grenoble-alpes\\\/\"},\"author\":{\"name\":\"okparfait\",\"@id\":\"https:\\\/\\\/medytec.eu\\\/#\\\/schema\\\/person\\\/52643406ade6747ec29f0a5ca286f5fe\"},\"headline\":\"Poursuite du d\u00e9veloppement de la fili\u00e8re #Sant\u00e9 de Grenoble Alpes !\",\"datePublished\":\"2025-02-18T15:11:24+00:00\",\"dateModified\":\"2025-02-20T09:12:18+00:00\",\"mainEntityOfPage\":{\"@id\":\"https:\\\/\\\/medytec.eu\\\/2025\\\/02\\\/18\\\/poursuite-du-developpement-de-la-filiere-sante-de-grenoble-alpes\\\/\"},\"wordCount\":148,\"publisher\":{\"@id\":\"https:\\\/\\\/medytec.eu\\\/#organization\"},\"image\":{\"@id\":\"https:\\\/\\\/medytec.eu\\\/2025\\\/02\\\/18\\\/poursuite-du-developpement-de-la-filiere-sante-de-grenoble-alpes\\\/#primaryimage\"},\"thumbnailUrl\":\"https:\\\/\\\/medytec.eu\\\/wp-content\\\/uploads\\\/2025\\\/02\\\/TF-premieres-images-c-pascale-cholette-24.jpg\",\"articleSection\":[\"\u00c9v\u00e8nements\",\"Partenariats\"],\"inLanguage\":\"en-US\"},{\"@type\":\"WebPage\",\"@id\":\"https:\\\/\\\/medytec.eu\\\/2025\\\/02\\\/18\\\/poursuite-du-developpement-de-la-filiere-sante-de-grenoble-alpes\\\/\",\"url\":\"https:\\\/\\\/medytec.eu\\\/2025\\\/02\\\/18\\\/poursuite-du-developpement-de-la-filiere-sante-de-grenoble-alpes\\\/\",\"name\":\"Poursuite du d\u00e9veloppement de la fili\u00e8re #Sant\u00e9 de Grenoble Alpes ! - Medytec\",\"isPartOf\":{\"@id\":\"https:\\\/\\\/medytec.eu\\\/#website\"},\"primaryImageOfPage\":{\"@id\":\"https:\\\/\\\/medytec.eu\\\/2025\\\/02\\\/18\\\/poursuite-du-developpement-de-la-filiere-sante-de-grenoble-alpes\\\/#primaryimage\"},\"image\":{\"@id\":\"https:\\\/\\\/medytec.eu\\\/2025\\\/02\\\/18\\\/poursuite-du-developpement-de-la-filiere-sante-de-grenoble-alpes\\\/#primaryimage\"},\"thumbnailUrl\":\"https:\\\/\\\/medytec.eu\\\/wp-content\\\/uploads\\\/2025\\\/02\\\/TF-premieres-images-c-pascale-cholette-24.jpg\",\"datePublished\":\"2025-02-18T15:11:24+00:00\",\"dateModified\":\"2025-02-20T09:12:18+00:00\",\"description\":\"MEDICALPS a d\u00e9voil\u00e9 l\u2019ambition scientifique de la fili\u00e8re Sant\u00e9 Grenoble Alpes, renforc\u00e9e par l\u2019int\u00e9gration du CNRS, de l\u2019Inria et de l\u2019Inserm \u00e0 sa gouvernance\",\"breadcrumb\":{\"@id\":\"https:\\\/\\\/medytec.eu\\\/2025\\\/02\\\/18\\\/poursuite-du-developpement-de-la-filiere-sante-de-grenoble-alpes\\\/#breadcrumb\"},\"inLanguage\":\"en-US\",\"potentialAction\":[{\"@type\":\"ReadAction\",\"target\":[\"https:\\\/\\\/medytec.eu\\\/2025\\\/02\\\/18\\\/poursuite-du-developpement-de-la-filiere-sante-de-grenoble-alpes\\\/\"]}]},{\"@type\":\"ImageObject\",\"inLanguage\":\"en-US\",\"@id\":\"https:\\\/\\\/medytec.eu\\\/2025\\\/02\\\/18\\\/poursuite-du-developpement-de-la-filiere-sante-de-grenoble-alpes\\\/#primaryimage\",\"url\":\"https:\\\/\\\/medytec.eu\\\/wp-content\\\/uploads\\\/2025\\\/02\\\/TF-premieres-images-c-pascale-cholette-24.jpg\",\"contentUrl\":\"https:\\\/\\\/medytec.eu\\\/wp-content\\\/uploads\\\/2025\\\/02\\\/TF-premieres-images-c-pascale-cholette-24.jpg\",\"width\":3500,\"height\":2333},{\"@type\":\"BreadcrumbList\",\"@id\":\"https:\\\/\\\/medytec.eu\\\/2025\\\/02\\\/18\\\/poursuite-du-developpement-de-la-filiere-sante-de-grenoble-alpes\\\/#breadcrumb\",\"itemListElement\":[{\"@type\":\"ListItem\",\"position\":1,\"name\":\"Accueil\",\"item\":\"https:\\\/\\\/medytec.eu\\\/\"},{\"@type\":\"ListItem\",\"position\":2,\"name\":\"Poursuite du d\u00e9veloppement de la fili\u00e8re #Sant\u00e9 de Grenoble Alpes !\"}]},{\"@type\":\"WebSite\",\"@id\":\"https:\\\/\\\/medytec.eu\\\/#website\",\"url\":\"https:\\\/\\\/medytec.eu\\\/\",\"name\":\"Medytec\",\"description\":\"Le hub des technologies de la sant\u00e9 de grenoble-Alpes\",\"publisher\":{\"@id\":\"https:\\\/\\\/medytec.eu\\\/#organization\"},\"potentialAction\":[{\"@type\":\"SearchAction\",\"target\":{\"@type\":\"EntryPoint\",\"urlTemplate\":\"https:\\\/\\\/medytec.eu\\\/?s={search_term_string}\"},\"query-input\":{\"@type\":\"PropertyValueSpecification\",\"valueRequired\":true,\"valueName\":\"search_term_string\"}}],\"inLanguage\":\"en-US\"},{\"@type\":\"Organization\",\"@id\":\"https:\\\/\\\/medytec.eu\\\/#organization\",\"name\":\"MedYtec\",\"url\":\"https:\\\/\\\/medytec.eu\\\/\",\"logo\":{\"@type\":\"ImageObject\",\"inLanguage\":\"en-US\",\"@id\":\"https:\\\/\\\/medytec.eu\\\/#\\\/schema\\\/logo\\\/image\\\/\",\"url\":\"https:\\\/\\\/medytec.eu\\\/wp-content\\\/uploads\\\/2020\\\/02\\\/logo-medytec.png\",\"contentUrl\":\"https:\\\/\\\/medytec.eu\\\/wp-content\\\/uploads\\\/2020\\\/02\\\/logo-medytec.png\",\"width\":426,\"height\":147,\"caption\":\"MedYtec\"},\"image\":{\"@id\":\"https:\\\/\\\/medytec.eu\\\/#\\\/schema\\\/logo\\\/image\\\/\"}},{\"@type\":\"Person\",\"@id\":\"https:\\\/\\\/medytec.eu\\\/#\\\/schema\\\/person\\\/52643406ade6747ec29f0a5ca286f5fe\",\"name\":\"okparfait\",\"url\":\"https:\\\/\\\/medytec.eu\\\/en\\\/author\\\/e486db832ef7dcb5\\\/\"}]}<\/script>\n<!-- \/ Yoast SEO plugin. -->","yoast_head_json":{"title":"Poursuite du d\u00e9veloppement de la fili\u00e8re #Sant\u00e9 de Grenoble Alpes ! - Medytec","description":"MEDICALPS a d\u00e9voil\u00e9 l\u2019ambition scientifique de la fili\u00e8re Sant\u00e9 Grenoble Alpes, renforc\u00e9e par l\u2019int\u00e9gration du CNRS, de l\u2019Inria et de l\u2019Inserm \u00e0 sa gouvernance","robots":{"index":"index","follow":"follow","max-snippet":"max-snippet:-1","max-image-preview":"max-image-preview:large","max-video-preview":"max-video-preview:-1"},"canonical":"https:\/\/medytec.eu\/en\/2025\/02\/18\/poursuite-du-developpement-de-la-filiere-sante-de-grenoble-alpes\/","og_locale":"en_US","og_type":"article","og_title":"Poursuite du d\u00e9veloppement de la fili\u00e8re #Sant\u00e9 de Grenoble Alpes ! - Medytec","og_description":"MEDICALPS a d\u00e9voil\u00e9 l\u2019ambition scientifique de la fili\u00e8re Sant\u00e9 Grenoble Alpes, renforc\u00e9e par l\u2019int\u00e9gration du CNRS, de l\u2019Inria et de l\u2019Inserm \u00e0 sa gouvernance","og_url":"https:\/\/medytec.eu\/en\/2025\/02\/18\/poursuite-du-developpement-de-la-filiere-sante-de-grenoble-alpes\/","og_site_name":"Medytec","article_published_time":"2025-02-18T15:11:24+00:00","article_modified_time":"2025-02-20T09:12:18+00:00","og_image":[{"width":1024,"height":683,"url":"https:\/\/medytec.eu\/wp-content\/uploads\/2025\/02\/TF-premieres-images-c-pascale-cholette-24-1024x683.jpg","type":"image\/jpeg"}],"author":"okparfait","twitter_card":"summary_large_image","twitter_description":"Jeudi 16 juillet, nous avons eu le plaisir de recevoir les membres fondateurs de Medytec pour une visite officielle du lieu.","twitter_misc":{"Written by":"okparfait","Est. reading time":"1 minute"},"schema":{"@context":"https:\/\/schema.org","@graph":[{"@type":"Article","@id":"https:\/\/medytec.eu\/2025\/02\/18\/poursuite-du-developpement-de-la-filiere-sante-de-grenoble-alpes\/#article","isPartOf":{"@id":"https:\/\/medytec.eu\/2025\/02\/18\/poursuite-du-developpement-de-la-filiere-sante-de-grenoble-alpes\/"},"author":{"name":"okparfait","@id":"https:\/\/medytec.eu\/#\/schema\/person\/52643406ade6747ec29f0a5ca286f5fe"},"headline":"Poursuite du d\u00e9veloppement de la fili\u00e8re #Sant\u00e9 de Grenoble Alpes !","datePublished":"2025-02-18T15:11:24+00:00","dateModified":"2025-02-20T09:12:18+00:00","mainEntityOfPage":{"@id":"https:\/\/medytec.eu\/2025\/02\/18\/poursuite-du-developpement-de-la-filiere-sante-de-grenoble-alpes\/"},"wordCount":148,"publisher":{"@id":"https:\/\/medytec.eu\/#organization"},"image":{"@id":"https:\/\/medytec.eu\/2025\/02\/18\/poursuite-du-developpement-de-la-filiere-sante-de-grenoble-alpes\/#primaryimage"},"thumbnailUrl":"https:\/\/medytec.eu\/wp-content\/uploads\/2025\/02\/TF-premieres-images-c-pascale-cholette-24.jpg","articleSection":["\u00c9v\u00e8nements","Partenariats"],"inLanguage":"en-US"},{"@type":"WebPage","@id":"https:\/\/medytec.eu\/2025\/02\/18\/poursuite-du-developpement-de-la-filiere-sante-de-grenoble-alpes\/","url":"https:\/\/medytec.eu\/2025\/02\/18\/poursuite-du-developpement-de-la-filiere-sante-de-grenoble-alpes\/","name":"Poursuite du d\u00e9veloppement de la fili\u00e8re #Sant\u00e9 de Grenoble Alpes ! - Medytec","isPartOf":{"@id":"https:\/\/medytec.eu\/#website"},"primaryImageOfPage":{"@id":"https:\/\/medytec.eu\/2025\/02\/18\/poursuite-du-developpement-de-la-filiere-sante-de-grenoble-alpes\/#primaryimage"},"image":{"@id":"https:\/\/medytec.eu\/2025\/02\/18\/poursuite-du-developpement-de-la-filiere-sante-de-grenoble-alpes\/#primaryimage"},"thumbnailUrl":"https:\/\/medytec.eu\/wp-content\/uploads\/2025\/02\/TF-premieres-images-c-pascale-cholette-24.jpg","datePublished":"2025-02-18T15:11:24+00:00","dateModified":"2025-02-20T09:12:18+00:00","description":"MEDICALPS a d\u00e9voil\u00e9 l\u2019ambition scientifique de la fili\u00e8re Sant\u00e9 Grenoble Alpes, renforc\u00e9e par l\u2019int\u00e9gration du CNRS, de l\u2019Inria et de l\u2019Inserm \u00e0 sa gouvernance","breadcrumb":{"@id":"https:\/\/medytec.eu\/2025\/02\/18\/poursuite-du-developpement-de-la-filiere-sante-de-grenoble-alpes\/#breadcrumb"},"inLanguage":"en-US","potentialAction":[{"@type":"ReadAction","target":["https:\/\/medytec.eu\/2025\/02\/18\/poursuite-du-developpement-de-la-filiere-sante-de-grenoble-alpes\/"]}]},{"@type":"ImageObject","inLanguage":"en-US","@id":"https:\/\/medytec.eu\/2025\/02\/18\/poursuite-du-developpement-de-la-filiere-sante-de-grenoble-alpes\/#primaryimage","url":"https:\/\/medytec.eu\/wp-content\/uploads\/2025\/02\/TF-premieres-images-c-pascale-cholette-24.jpg","contentUrl":"https:\/\/medytec.eu\/wp-content\/uploads\/2025\/02\/TF-premieres-images-c-pascale-cholette-24.jpg","width":3500,"height":2333},{"@type":"BreadcrumbList","@id":"https:\/\/medytec.eu\/2025\/02\/18\/poursuite-du-developpement-de-la-filiere-sante-de-grenoble-alpes\/#breadcrumb","itemListElement":[{"@type":"ListItem","position":1,"name":"Accueil","item":"https:\/\/medytec.eu\/"},{"@type":"ListItem","position":2,"name":"Poursuite du d\u00e9veloppement de la fili\u00e8re #Sant\u00e9 de Grenoble Alpes !"}]},{"@type":"WebSite","@id":"https:\/\/medytec.eu\/#website","url":"https:\/\/medytec.eu\/","name":"Medytec","description":"Le hub des technologies de la sant\u00e9 de grenoble-Alpes","publisher":{"@id":"https:\/\/medytec.eu\/#organization"},"potentialAction":[{"@type":"SearchAction","target":{"@type":"EntryPoint","urlTemplate":"https:\/\/medytec.eu\/?s={search_term_string}"},"query-input":{"@type":"PropertyValueSpecification","valueRequired":true,"valueName":"search_term_string"}}],"inLanguage":"en-US"},{"@type":"Organization","@id":"https:\/\/medytec.eu\/#organization","name":"MedYtec","url":"https:\/\/medytec.eu\/","logo":{"@type":"ImageObject","inLanguage":"en-US","@id":"https:\/\/medytec.eu\/#\/schema\/logo\/image\/","url":"https:\/\/medytec.eu\/wp-content\/uploads\/2020\/02\/logo-medytec.png","contentUrl":"https:\/\/medytec.eu\/wp-content\/uploads\/2020\/02\/logo-medytec.png","width":426,"height":147,"caption":"MedYtec"},"image":{"@id":"https:\/\/medytec.eu\/#\/schema\/logo\/image\/"}},{"@type":"Person","@id":"https:\/\/medytec.eu\/#\/schema\/person\/52643406ade6747ec29f0a5ca286f5fe","name":"okparfait","url":"https:\/\/medytec.eu\/en\/author\/e486db832ef7dcb5\/"}]}},"_links":{"self":[{"href":"https:\/\/medytec.eu\/en\/wp-json\/wp\/v2\/posts\/8239","targetHints":{"allow":["GET"]}}],"collection":[{"href":"https:\/\/medytec.eu\/en\/wp-json\/wp\/v2\/posts"}],"about":[{"href":"https:\/\/medytec.eu\/en\/wp-json\/wp\/v2\/types\/post"}],"author":[{"embeddable":true,"href":"https:\/\/medytec.eu\/en\/wp-json\/wp\/v2\/users\/4"}],"replies":[{"embeddable":true,"href":"https:\/\/medytec.eu\/en\/wp-json\/wp\/v2\/comments?post=8239"}],"version-history":[{"count":0,"href":"https:\/\/medytec.eu\/en\/wp-json\/wp\/v2\/posts\/8239\/revisions"}],"wp:featuredmedia":[{"embeddable":true,"href":"https:\/\/medytec.eu\/en\/wp-json\/wp\/v2\/media\/8240"}],"wp:attachment":[{"href":"https:\/\/medytec.eu\/en\/wp-json\/wp\/v2\/media?parent=8239"}],"wp:term":[{"taxonomy":"category","embeddable":true,"href":"https:\/\/medytec.eu\/en\/wp-json\/wp\/v2\/categories?post=8239"},{"taxonomy":"post_tag","embeddable":true,"href":"https:\/\/medytec.eu\/en\/wp-json\/wp\/v2\/tags?post=8239"}],"curies":[{"name":"wp","href":"https:\/\/api.w.org\/{rel}","templated":true}]}}