{"id":8021,"date":"2024-12-06T14:50:33","date_gmt":"2024-12-06T13:50:33","guid":{"rendered":"https:\/\/medytec.eu\/?p=8021"},"modified":"2024-12-06T15:23:39","modified_gmt":"2024-12-06T14:23:39","slug":"retour-sur-la-3eme-edition-des-rencontres-etudiants-entreprises","status":"publish","type":"post","link":"https:\/\/medytec.eu\/en\/2024\/12\/06\/retour-sur-la-3eme-edition-des-rencontres-etudiants-entreprises\/","title":{"rendered":"Retour sur la 3\u00e8me \u00e9dition des rencontres \u00e9tudiants \/ entreprises"},"content":{"rendered":"<div data-elementor-type=\"wp-post\" data-elementor-id=\"8021\" class=\"elementor elementor-8021\" data-elementor-post-type=\"post\">\n\t\t\t\t\t\t<section class=\"elementor-section elementor-top-section elementor-element elementor-element-53eb68c elementor-section-boxed elementor-section-height-default elementor-section-height-default\" data-id=\"53eb68c\" data-element_type=\"section\" data-e-type=\"section\">\n\t\t\t\t\t\t<div class=\"elementor-container elementor-column-gap-default\">\n\t\t\t\t\t<div class=\"elementor-column elementor-col-100 elementor-top-column elementor-element elementor-element-ade196e\" data-id=\"ade196e\" data-element_type=\"column\" data-e-type=\"column\">\n\t\t\t<div class=\"elementor-widget-wrap elementor-element-populated\">\n\t\t\t\t\t\t<div class=\"elementor-element elementor-element-88c801c elementor-widget elementor-widget-heading\" data-id=\"88c801c\" data-element_type=\"widget\" data-e-type=\"widget\" data-widget_type=\"heading.default\">\n\t\t\t\t<div class=\"elementor-widget-container\">\n\t\t\t\t\t<h4 class=\"elementor-heading-title elementor-size-default\">LES 22 - 29 NOVEMBRE 2024<\/h4>\t\t\t\t<\/div>\n\t\t\t\t<\/div>\n\t\t\t\t\t<\/div>\n\t\t<\/div>\n\t\t\t\t\t<\/div>\n\t\t<\/section>\n\t\t\t\t<section class=\"elementor-section elementor-top-section elementor-element elementor-element-92e9f2a elementor-section-boxed elementor-section-height-default elementor-section-height-default\" data-id=\"92e9f2a\" data-element_type=\"section\" data-e-type=\"section\">\n\t\t\t\t\t\t<div class=\"elementor-container elementor-column-gap-default\">\n\t\t\t\t\t<div class=\"elementor-column elementor-col-100 elementor-top-column elementor-element elementor-element-5cf3855\" data-id=\"5cf3855\" data-element_type=\"column\" data-e-type=\"column\">\n\t\t\t<div class=\"elementor-widget-wrap elementor-element-populated\">\n\t\t\t\t\t\t<div class=\"elementor-element elementor-element-0ed83b6 elementor-widget elementor-widget-heading\" data-id=\"0ed83b6\" data-element_type=\"widget\" data-e-type=\"widget\" data-widget_type=\"heading.default\">\n\t\t\t\t<div class=\"elementor-widget-container\">\n\t\t\t\t\t<h3 class=\"elementor-heading-title elementor-size-default\">Plus de 45 \u00e9tudiants ont rencontr\u00e9 6 entreprises sant\u00e9 du territoire<\/h3>\t\t\t\t<\/div>\n\t\t\t\t<\/div>\n\t\t\t\t\t<\/div>\n\t\t<\/div>\n\t\t\t\t\t<\/div>\n\t\t<\/section>\n\t\t\t\t<section class=\"elementor-section elementor-top-section elementor-element elementor-element-96b3898 elementor-section-boxed elementor-section-height-default elementor-section-height-default\" data-id=\"96b3898\" data-element_type=\"section\" data-e-type=\"section\">\n\t\t\t\t\t\t<div class=\"elementor-container elementor-column-gap-default\">\n\t\t\t\t\t<div class=\"elementor-column elementor-col-100 elementor-top-column elementor-element elementor-element-396e407\" data-id=\"396e407\" data-element_type=\"column\" data-e-type=\"column\">\n\t\t\t<div class=\"elementor-widget-wrap elementor-element-populated\">\n\t\t\t\t\t\t<section class=\"elementor-section elementor-inner-section elementor-element elementor-element-2d697c7 elementor-section-boxed elementor-section-height-default elementor-section-height-default\" data-id=\"2d697c7\" data-element_type=\"section\" data-e-type=\"section\">\n\t\t\t\t\t\t<div class=\"elementor-container elementor-column-gap-default\">\n\t\t\t\t\t<div class=\"elementor-column elementor-col-50 elementor-inner-column elementor-element elementor-element-9b0cd07\" data-id=\"9b0cd07\" data-element_type=\"column\" data-e-type=\"column\">\n\t\t\t<div class=\"elementor-widget-wrap elementor-element-populated\">\n\t\t\t\t\t\t<div class=\"elementor-element elementor-element-58e585a elementor-widget elementor-widget-image\" data-id=\"58e585a\" data-element_type=\"widget\" data-e-type=\"widget\" data-widget_type=\"image.default\">\n\t\t\t\t<div class=\"elementor-widget-container\">\n\t\t\t\t\t\t\t\t\t\t\t\t\t\t\t<img fetchpriority=\"high\" decoding=\"async\" width=\"1024\" height=\"1024\" src=\"https:\/\/medytec.eu\/wp-content\/uploads\/2024\/12\/INP-phelma-novembre-2024-1024x1024-1.png\" class=\"attachment-large size-large wp-image-8039\" alt=\"\" srcset=\"https:\/\/medytec.eu\/wp-content\/uploads\/2024\/12\/INP-phelma-novembre-2024-1024x1024-1.png 1024w, https:\/\/medytec.eu\/wp-content\/uploads\/2024\/12\/INP-phelma-novembre-2024-1024x1024-1-300x300.png 300w, https:\/\/medytec.eu\/wp-content\/uploads\/2024\/12\/INP-phelma-novembre-2024-1024x1024-1-150x150.png 150w, https:\/\/medytec.eu\/wp-content\/uploads\/2024\/12\/INP-phelma-novembre-2024-1024x1024-1-768x768.png 768w, https:\/\/medytec.eu\/wp-content\/uploads\/2024\/12\/INP-phelma-novembre-2024-1024x1024-1-12x12.png 12w, https:\/\/medytec.eu\/wp-content\/uploads\/2024\/12\/INP-phelma-novembre-2024-1024x1024-1-600x600.png 600w\" sizes=\"(max-width: 1024px) 100vw, 1024px\" \/>\t\t\t\t\t\t\t\t\t\t\t\t\t\t\t<\/div>\n\t\t\t\t<\/div>\n\t\t\t\t\t<\/div>\n\t\t<\/div>\n\t\t\t\t<div class=\"elementor-column elementor-col-50 elementor-inner-column elementor-element elementor-element-2231ef5\" data-id=\"2231ef5\" data-element_type=\"column\" data-e-type=\"column\">\n\t\t\t<div class=\"elementor-widget-wrap elementor-element-populated\">\n\t\t\t\t\t\t<div class=\"elementor-element elementor-element-12f5f7e elementor-widget elementor-widget-text-editor\" data-id=\"12f5f7e\" data-element_type=\"widget\" data-e-type=\"widget\" data-widget_type=\"text-editor.default\">\n\t\t\t\t<div class=\"elementor-widget-container\">\n\t\t\t\t\t\t\t\t\t<p>Pour la 3\u00e8me ann\u00e9e cons\u00e9cutive, nous avons eu le plaisir d&rsquo;accueillir courant novembre \u00e0 MEDYTEC les \u00e9tudiants de la fili\u00e8re Biomedical Engineering de <strong>Phelma INP\u00a0<\/strong>en partenariat avec MEDICALPS.<\/p><p><span style=\"text-decoration: underline;\">Objectif<\/span> : offrir aux \u00e9tudiants l&rsquo;opportunit\u00e9 de d\u00e9couvrir la fili\u00e8re Sant\u00e9 et d&rsquo;affiner leur projet professionnel en leur proposant un temps d\u00e9di\u00e9 unique.<\/p><p><strong>PROGRAMME : organisation de 3 demi-journ\u00e9es dans Medytec<\/strong><\/p><ul><li>Visite guid\u00e9e de notre showroom, lieu qui repr\u00e9sente l\u2019excellence des technologies de la Sant\u00e9 sur le territoire de Grenoble Alpes<\/li><li>Pr\u00e9sentation de deux soci\u00e9t\u00e9s du secteur par session : d\u00e9couverte de leurs parcours, leurs activit\u00e9s et des innovations qu&rsquo;elles d\u00e9veloppent<\/li><li>Temps libre pour \u00e9changer et explorer le contenu du showroom<\/li><\/ul>\t\t\t\t\t\t\t\t<\/div>\n\t\t\t\t<\/div>\n\t\t\t\t\t<\/div>\n\t\t<\/div>\n\t\t\t\t\t<\/div>\n\t\t<\/section>\n\t\t\t\t<div class=\"elementor-element elementor-element-f35424d elementor-widget elementor-widget-spacer\" data-id=\"f35424d\" data-element_type=\"widget\" data-e-type=\"widget\" data-widget_type=\"spacer.default\">\n\t\t\t\t<div class=\"elementor-widget-container\">\n\t\t\t\t\t\t\t<div class=\"elementor-spacer\">\n\t\t\t<div class=\"elementor-spacer-inner\"><\/div>\n\t\t<\/div>\n\t\t\t\t\t\t<\/div>\n\t\t\t\t<\/div>\n\t\t\t\t<div class=\"elementor-element elementor-element-bc3fa57 elementor-widget elementor-widget-heading\" data-id=\"bc3fa57\" data-element_type=\"widget\" data-e-type=\"widget\" data-widget_type=\"heading.default\">\n\t\t\t\t<div class=\"elementor-widget-container\">\n\t\t\t\t\t<h3 class=\"elementor-heading-title elementor-size-default\">Le showroom de Medytec : une source d'inspiration pour les \u00e9tudiants<\/h3>\t\t\t\t<\/div>\n\t\t\t\t<\/div>\n\t\t\t\t<section class=\"elementor-section elementor-inner-section elementor-element elementor-element-03b2566 elementor-section-boxed elementor-section-height-default elementor-section-height-default\" data-id=\"03b2566\" data-element_type=\"section\" data-e-type=\"section\">\n\t\t\t\t\t\t<div class=\"elementor-container elementor-column-gap-default\">\n\t\t\t\t\t<div class=\"elementor-column elementor-col-50 elementor-inner-column elementor-element elementor-element-e2df54c\" data-id=\"e2df54c\" data-element_type=\"column\" data-e-type=\"column\">\n\t\t\t<div class=\"elementor-widget-wrap elementor-element-populated\">\n\t\t\t\t\t\t<div class=\"elementor-element elementor-element-b622fa0 elementor-widget elementor-widget-image\" data-id=\"b622fa0\" data-element_type=\"widget\" data-e-type=\"widget\" data-widget_type=\"image.default\">\n\t\t\t\t<div class=\"elementor-widget-container\">\n\t\t\t\t\t\t\t\t\t\t\t\t\t\t\t<img decoding=\"async\" width=\"600\" height=\"600\" src=\"https:\/\/medytec.eu\/wp-content\/uploads\/2024\/12\/20241122-Grenoble-INP-2-600x600.jpg\" class=\"attachment-ocean-thumb-m size-ocean-thumb-m wp-image-8025\" alt=\"\" srcset=\"https:\/\/medytec.eu\/wp-content\/uploads\/2024\/12\/20241122-Grenoble-INP-2-600x600.jpg 600w, https:\/\/medytec.eu\/wp-content\/uploads\/2024\/12\/20241122-Grenoble-INP-2-150x150.jpg 150w, https:\/\/medytec.eu\/wp-content\/uploads\/2024\/12\/20241122-Grenoble-INP-2-300x300.jpg 300w\" sizes=\"(max-width: 600px) 100vw, 600px\" \/>\t\t\t\t\t\t\t\t\t\t\t\t\t\t\t<\/div>\n\t\t\t\t<\/div>\n\t\t\t\t\t<\/div>\n\t\t<\/div>\n\t\t\t\t<div class=\"elementor-column elementor-col-50 elementor-inner-column elementor-element elementor-element-9ad54bb\" data-id=\"9ad54bb\" data-element_type=\"column\" data-e-type=\"column\">\n\t\t\t<div class=\"elementor-widget-wrap elementor-element-populated\">\n\t\t\t\t\t\t<div class=\"elementor-element elementor-element-145f0ee elementor-widget elementor-widget-text-editor\" data-id=\"145f0ee\" data-element_type=\"widget\" data-e-type=\"widget\" data-widget_type=\"text-editor.default\">\n\t\t\t\t<div class=\"elementor-widget-container\">\n\t\t\t\t\t\t\t\t\t<p>Les \u00e9tudiants ont \u00e9t\u00e9 guid\u00e9s \u00e0 travers le<strong> showroom de Medytec.<\/strong> Ce lieu expose en vitrines les derni\u00e8res innovations m\u00e9dicales et offre une plong\u00e9e immersive dans l&rsquo;avenir de la technologie m\u00e9dicale. Des \u00e9quipements de pointe aux dispositifs novateurs, le showroom a suscit\u00e9 l&rsquo;\u00e9merveillement des \u00e9tudiants, stimulant ainsi leur curiosit\u00e9 et leur engagement envers <strong>l&rsquo;\u00e9cosyst\u00e8me sant\u00e9 grenoblois.<\/strong> La visite guid\u00e9e a \u00e9t\u00e9 une v\u00e9ritable exp\u00e9rience immersive pour les \u00e9tudiants qui ont \u00e9t\u00e9 impressionn\u00e9s par le nombre d&rsquo;entreprises sant\u00e9 sur le territoire (200).<\/p>\t\t\t\t\t\t\t\t<\/div>\n\t\t\t\t<\/div>\n\t\t\t\t\t<\/div>\n\t\t<\/div>\n\t\t\t\t\t<\/div>\n\t\t<\/section>\n\t\t\t\t<div class=\"elementor-element elementor-element-e544c1f elementor-widget elementor-widget-spacer\" data-id=\"e544c1f\" data-element_type=\"widget\" data-e-type=\"widget\" data-widget_type=\"spacer.default\">\n\t\t\t\t<div class=\"elementor-widget-container\">\n\t\t\t\t\t\t\t<div class=\"elementor-spacer\">\n\t\t\t<div class=\"elementor-spacer-inner\"><\/div>\n\t\t<\/div>\n\t\t\t\t\t\t<\/div>\n\t\t\t\t<\/div>\n\t\t\t\t<div class=\"elementor-element elementor-element-a88e97e elementor-widget elementor-widget-heading\" data-id=\"a88e97e\" data-element_type=\"widget\" data-e-type=\"widget\" data-widget_type=\"heading.default\">\n\t\t\t\t<div class=\"elementor-widget-container\">\n\t\t\t\t\t<h3 class=\"elementor-heading-title elementor-size-default\">Rencontre avec 6 entreprises Sant\u00e9 du territoire<\/h3>\t\t\t\t<\/div>\n\t\t\t\t<\/div>\n\t\t\t\t<div class=\"elementor-element elementor-element-619419c elementor-widget elementor-widget-text-editor\" data-id=\"619419c\" data-element_type=\"widget\" data-e-type=\"widget\" data-widget_type=\"text-editor.default\">\n\t\t\t\t<div class=\"elementor-widget-container\">\n\t\t\t\t\t\t\t\t\t<p>Au cours de leur visite, les \u00e9tudiants ont eu l&rsquo;opportunit\u00e9 de rencontrer <b>6 <\/b><strong>entreprises membres du cluster MEDICALPS<\/strong>. Cette immersion directe dans le monde professionnel a permis aux \u00e9tudiants de mieux appr\u00e9hender les enjeux et les d\u00e9fis du secteur de la sant\u00e9.<\/p>\t\t\t\t\t\t\t\t<\/div>\n\t\t\t\t<\/div>\n\t\t\t\t<div class=\"elementor-element elementor-element-2f0ca89 elementor-widget elementor-widget-gallery\" data-id=\"2f0ca89\" data-element_type=\"widget\" data-e-type=\"widget\" data-settings=\"{&quot;lazyload&quot;:&quot;yes&quot;,&quot;gallery_layout&quot;:&quot;grid&quot;,&quot;columns&quot;:4,&quot;columns_tablet&quot;:2,&quot;columns_mobile&quot;:1,&quot;gap&quot;:{&quot;unit&quot;:&quot;px&quot;,&quot;size&quot;:10,&quot;sizes&quot;:[]},&quot;gap_tablet&quot;:{&quot;unit&quot;:&quot;px&quot;,&quot;size&quot;:10,&quot;sizes&quot;:[]},&quot;gap_mobile&quot;:{&quot;unit&quot;:&quot;px&quot;,&quot;size&quot;:10,&quot;sizes&quot;:[]},&quot;link_to&quot;:&quot;file&quot;,&quot;aspect_ratio&quot;:&quot;3:2&quot;,&quot;overlay_background&quot;:&quot;yes&quot;,&quot;content_hover_animation&quot;:&quot;fade-in&quot;}\" data-widget_type=\"gallery.default\">\n\t\t\t\t<div class=\"elementor-widget-container\">\n\t\t\t\t\t\t\t<div class=\"elementor-gallery__container\">\n\t\t\t\t\t\t\t<a class=\"e-gallery-item elementor-gallery-item elementor-animated-content\" href=\"https:\/\/medytec.eu\/wp-content\/uploads\/2024\/12\/20241122-Grenoble-INP-2-1.jpg\" data-elementor-open-lightbox=\"yes\" data-elementor-lightbox-slideshow=\"2f0ca89\" data-elementor-lightbox-title=\"20241122 - Grenoble INP 2\" data-e-action-hash=\"#elementor-action%3Aaction%3Dlightbox%26settings%3DeyJpZCI6ODAyNywidXJsIjoiaHR0cHM6XC9cL21lZHl0ZWMuZXVcL3dwLWNvbnRlbnRcL3VwbG9hZHNcLzIwMjRcLzEyXC8yMDI0MTEyMi1HcmVub2JsZS1JTlAtMi0xLmpwZyIsInNsaWRlc2hvdyI6IjJmMGNhODkifQ%3D%3D\">\n\t\t\t\t\t<div class=\"e-gallery-image elementor-gallery-item__image\" data-thumbnail=\"https:\/\/medytec.eu\/wp-content\/uploads\/2024\/12\/20241122-Grenoble-INP-2-1-300x225.jpg\" data-width=\"300\" data-height=\"225\" aria-label=\"\" role=\"img\" ><\/div>\n\t\t\t\t\t\t\t\t\t\t\t<div class=\"elementor-gallery-item__overlay\"><\/div>\n\t\t\t\t\t\t\t\t\t\t\t\t\t\t<\/a>\n\t\t\t\t\t\t\t<a class=\"e-gallery-item elementor-gallery-item elementor-animated-content\" href=\"https:\/\/medytec.eu\/wp-content\/uploads\/2024\/12\/20241122-Grenoble-INP-3.jpg\" data-elementor-open-lightbox=\"yes\" data-elementor-lightbox-slideshow=\"2f0ca89\" data-elementor-lightbox-title=\"20241122 - Grenoble INP 3\" data-e-action-hash=\"#elementor-action%3Aaction%3Dlightbox%26settings%3DeyJpZCI6ODAyOCwidXJsIjoiaHR0cHM6XC9cL21lZHl0ZWMuZXVcL3dwLWNvbnRlbnRcL3VwbG9hZHNcLzIwMjRcLzEyXC8yMDI0MTEyMi1HcmVub2JsZS1JTlAtMy5qcGciLCJzbGlkZXNob3ciOiIyZjBjYTg5In0%3D\">\n\t\t\t\t\t<div class=\"e-gallery-image elementor-gallery-item__image\" data-thumbnail=\"https:\/\/medytec.eu\/wp-content\/uploads\/2024\/12\/20241122-Grenoble-INP-3-300x225.jpg\" data-width=\"300\" data-height=\"225\" aria-label=\"\" role=\"img\" ><\/div>\n\t\t\t\t\t\t\t\t\t\t\t<div class=\"elementor-gallery-item__overlay\"><\/div>\n\t\t\t\t\t\t\t\t\t\t\t\t\t\t<\/a>\n\t\t\t\t\t\t\t<a class=\"e-gallery-item elementor-gallery-item elementor-animated-content\" href=\"https:\/\/medytec.eu\/wp-content\/uploads\/2024\/12\/20241122-Grenoble-INP-1.jpg\" data-elementor-open-lightbox=\"yes\" data-elementor-lightbox-slideshow=\"2f0ca89\" data-elementor-lightbox-title=\"20241122 - Grenoble INP\" data-e-action-hash=\"#elementor-action%3Aaction%3Dlightbox%26settings%3DeyJpZCI6ODAyNiwidXJsIjoiaHR0cHM6XC9cL21lZHl0ZWMuZXVcL3dwLWNvbnRlbnRcL3VwbG9hZHNcLzIwMjRcLzEyXC8yMDI0MTEyMi1HcmVub2JsZS1JTlAtMS5qcGciLCJzbGlkZXNob3ciOiIyZjBjYTg5In0%3D\">\n\t\t\t\t\t<div class=\"e-gallery-image elementor-gallery-item__image\" data-thumbnail=\"https:\/\/medytec.eu\/wp-content\/uploads\/2024\/12\/20241122-Grenoble-INP-1-300x225.jpg\" data-width=\"300\" data-height=\"225\" aria-label=\"\" role=\"img\" ><\/div>\n\t\t\t\t\t\t\t\t\t\t\t<div class=\"elementor-gallery-item__overlay\"><\/div>\n\t\t\t\t\t\t\t\t\t\t\t\t\t\t<\/a>\n\t\t\t\t\t\t\t<a class=\"e-gallery-item elementor-gallery-item elementor-animated-content\" href=\"https:\/\/medytec.eu\/wp-content\/uploads\/2024\/12\/20241122-Grenoble-INP-4.jpg\" data-elementor-open-lightbox=\"yes\" data-elementor-lightbox-slideshow=\"2f0ca89\" data-elementor-lightbox-title=\"20241122 - Grenoble INP 4\" data-e-action-hash=\"#elementor-action%3Aaction%3Dlightbox%26settings%3DeyJpZCI6ODAyOSwidXJsIjoiaHR0cHM6XC9cL21lZHl0ZWMuZXVcL3dwLWNvbnRlbnRcL3VwbG9hZHNcLzIwMjRcLzEyXC8yMDI0MTEyMi1HcmVub2JsZS1JTlAtNC5qcGciLCJzbGlkZXNob3ciOiIyZjBjYTg5In0%3D\">\n\t\t\t\t\t<div class=\"e-gallery-image elementor-gallery-item__image\" data-thumbnail=\"https:\/\/medytec.eu\/wp-content\/uploads\/2024\/12\/20241122-Grenoble-INP-4-300x225.jpg\" data-width=\"300\" data-height=\"225\" aria-label=\"\" role=\"img\" ><\/div>\n\t\t\t\t\t\t\t\t\t\t\t<div class=\"elementor-gallery-item__overlay\"><\/div>\n\t\t\t\t\t\t\t\t\t\t\t\t\t\t<\/a>\n\t\t\t\t\t<\/div>\n\t\t\t\t\t<\/div>\n\t\t\t\t<\/div>\n\t\t\t\t<div class=\"elementor-element elementor-element-b25b905 elementor-widget elementor-widget-text-editor\" data-id=\"b25b905\" data-element_type=\"widget\" data-e-type=\"widget\" data-widget_type=\"text-editor.default\">\n\t\t\t\t<div class=\"elementor-widget-container\">\n\t\t\t\t\t\t\t\t\t<p>Les soci\u00e9t\u00e9s ont r\u00e9pondu pr\u00e9sentes afin de permettre aux \u00e9tudiants de se projeter sur la vie professionnelle apr\u00e8s les \u00e9tudes. Un grand merci \u00e0 tous les intervenants pour leur prise de parole et t\u00e9moignages riches.<\/p>\t\t\t\t\t\t\t\t<\/div>\n\t\t\t\t<\/div>\n\t\t\t\t<section class=\"elementor-section elementor-inner-section elementor-element elementor-element-e548825 elementor-section-boxed elementor-section-height-default elementor-section-height-default\" data-id=\"e548825\" data-element_type=\"section\" data-e-type=\"section\">\n\t\t\t\t\t\t<div class=\"elementor-container elementor-column-gap-default\">\n\t\t\t\t\t<div class=\"elementor-column elementor-col-50 elementor-inner-column elementor-element elementor-element-a924ea3\" data-id=\"a924ea3\" data-element_type=\"column\" data-e-type=\"column\">\n\t\t\t<div class=\"elementor-widget-wrap elementor-element-populated\">\n\t\t\t\t\t\t<div class=\"elementor-element elementor-element-30a27a5 elementor-widget elementor-widget-image\" data-id=\"30a27a5\" data-element_type=\"widget\" data-e-type=\"widget\" data-widget_type=\"image.default\">\n\t\t\t\t<div class=\"elementor-widget-container\">\n\t\t\t\t\t\t\t\t\t\t\t\t\t\t\t<img decoding=\"async\" width=\"300\" height=\"260\" src=\"https:\/\/medytec.eu\/wp-content\/uploads\/2024\/12\/DOLIAM_-300x260.jpg\" class=\"attachment-gridsquare size-gridsquare wp-image-8031\" alt=\"\" \/>\t\t\t\t\t\t\t\t\t\t\t\t\t\t\t<\/div>\n\t\t\t\t<\/div>\n\t\t\t\t\t<\/div>\n\t\t<\/div>\n\t\t\t\t<div class=\"elementor-column elementor-col-50 elementor-inner-column elementor-element elementor-element-c72cace\" data-id=\"c72cace\" data-element_type=\"column\" data-e-type=\"column\">\n\t\t\t<div class=\"elementor-widget-wrap elementor-element-populated\">\n\t\t\t\t\t\t<div class=\"elementor-element elementor-element-0be5f2d elementor-widget elementor-widget-text-editor\" data-id=\"0be5f2d\" data-element_type=\"widget\" data-e-type=\"widget\" data-widget_type=\"text-editor.default\">\n\t\t\t\t<div class=\"elementor-widget-container\">\n\t\t\t\t\t\t\t\t\t<ul><li><p><strong>En pr\u00e9sence de Laurent JAMET,\u00a0<\/strong><strong>Director Medtech Industrial Campus Grenoble &#8211; <\/strong>Le MedTech Industrial Campus est au c\u0153ur d\u2019une acc\u00e9l\u00e9ration industrielle mondiale dans le domaine de la micro\u00e9lectronique et des MEMS.<strong>\u00a0<\/strong><\/p><\/li><\/ul>\t\t\t\t\t\t\t\t<\/div>\n\t\t\t\t<\/div>\n\t\t\t\t\t<\/div>\n\t\t<\/div>\n\t\t\t\t\t<\/div>\n\t\t<\/section>\n\t\t\t\t<section class=\"elementor-section elementor-inner-section elementor-element elementor-element-cb8b0c7 elementor-section-boxed elementor-section-height-default elementor-section-height-default\" data-id=\"cb8b0c7\" data-element_type=\"section\" data-e-type=\"section\">\n\t\t\t\t\t\t<div class=\"elementor-container elementor-column-gap-default\">\n\t\t\t\t\t<div class=\"elementor-column elementor-col-50 elementor-inner-column elementor-element elementor-element-67bba3f\" data-id=\"67bba3f\" data-element_type=\"column\" data-e-type=\"column\">\n\t\t\t<div class=\"elementor-widget-wrap elementor-element-populated\">\n\t\t\t\t\t\t<div class=\"elementor-element elementor-element-d54ecd2 elementor-widget elementor-widget-image\" data-id=\"d54ecd2\" data-element_type=\"widget\" data-e-type=\"widget\" data-widget_type=\"image.default\">\n\t\t\t\t<div class=\"elementor-widget-container\">\n\t\t\t\t\t\t\t\t\t\t\t\t\t\t\t<img loading=\"lazy\" decoding=\"async\" width=\"150\" height=\"150\" src=\"https:\/\/medytec.eu\/wp-content\/uploads\/2023\/12\/Trixell_2_colors-300_-150x150.jpg\" class=\"attachment-thumbnail size-thumbnail wp-image-6780\" alt=\"\" srcset=\"https:\/\/medytec.eu\/wp-content\/uploads\/2023\/12\/Trixell_2_colors-300_-150x150.jpg 150w, https:\/\/medytec.eu\/wp-content\/uploads\/2023\/12\/Trixell_2_colors-300_-12x12.jpg 12w, https:\/\/medytec.eu\/wp-content\/uploads\/2023\/12\/Trixell_2_colors-300_.jpg 300w\" sizes=\"(max-width: 150px) 100vw, 150px\" \/>\t\t\t\t\t\t\t\t\t\t\t\t\t\t\t<\/div>\n\t\t\t\t<\/div>\n\t\t\t\t\t<\/div>\n\t\t<\/div>\n\t\t\t\t<div class=\"elementor-column elementor-col-50 elementor-inner-column elementor-element elementor-element-010d3bc\" data-id=\"010d3bc\" data-element_type=\"column\" data-e-type=\"column\">\n\t\t\t<div class=\"elementor-widget-wrap elementor-element-populated\">\n\t\t\t\t\t\t<div class=\"elementor-element elementor-element-f61f9c8 elementor-widget elementor-widget-text-editor\" data-id=\"f61f9c8\" data-element_type=\"widget\" data-e-type=\"widget\" data-widget_type=\"text-editor.default\">\n\t\t\t\t<div class=\"elementor-widget-container\">\n\t\t\t\t\t\t\t\t\t<ul><li><strong>En pr\u00e9sence de<\/strong>\u00a0<strong>Laurent CHEVALLIER, Program manager, PMP,\u00a0Trixell\/Thales<\/strong> : Le seul fabricant europ\u00e9en de capteurs plans num\u00e9riques, pour des applications radiographique, portable, fluoroscopique, cardiovasculaire et chirurgicale.<\/li><\/ul>\t\t\t\t\t\t\t\t<\/div>\n\t\t\t\t<\/div>\n\t\t\t\t\t<\/div>\n\t\t<\/div>\n\t\t\t\t\t<\/div>\n\t\t<\/section>\n\t\t\t\t<section class=\"elementor-section elementor-inner-section elementor-element elementor-element-41a1dde elementor-section-boxed elementor-section-height-default elementor-section-height-default\" data-id=\"41a1dde\" data-element_type=\"section\" data-e-type=\"section\">\n\t\t\t\t\t\t<div class=\"elementor-container elementor-column-gap-default\">\n\t\t\t\t\t<div class=\"elementor-column elementor-col-50 elementor-inner-column elementor-element elementor-element-fa9c0f9\" data-id=\"fa9c0f9\" data-element_type=\"column\" data-e-type=\"column\">\n\t\t\t<div class=\"elementor-widget-wrap elementor-element-populated\">\n\t\t\t\t\t\t<div class=\"elementor-element elementor-element-3ed2b10 elementor-widget elementor-widget-image\" data-id=\"3ed2b10\" data-element_type=\"widget\" data-e-type=\"widget\" data-widget_type=\"image.default\">\n\t\t\t\t<div class=\"elementor-widget-container\">\n\t\t\t\t\t\t\t\t\t\t\t\t\t\t\t<img loading=\"lazy\" decoding=\"async\" width=\"150\" height=\"150\" src=\"https:\/\/medytec.eu\/wp-content\/uploads\/2023\/12\/BioMerieux18x600-150x150.png\" class=\"attachment-thumbnail size-thumbnail wp-image-6781\" alt=\"\" srcset=\"https:\/\/medytec.eu\/wp-content\/uploads\/2023\/12\/BioMerieux18x600-150x150.png 150w, https:\/\/medytec.eu\/wp-content\/uploads\/2023\/12\/BioMerieux18x600-300x300.png 300w, https:\/\/medytec.eu\/wp-content\/uploads\/2023\/12\/BioMerieux18x600-12x12.png 12w, https:\/\/medytec.eu\/wp-content\/uploads\/2023\/12\/BioMerieux18x600.png 600w\" sizes=\"(max-width: 150px) 100vw, 150px\" \/>\t\t\t\t\t\t\t\t\t\t\t\t\t\t\t<\/div>\n\t\t\t\t<\/div>\n\t\t\t\t\t<\/div>\n\t\t<\/div>\n\t\t\t\t<div class=\"elementor-column elementor-col-50 elementor-inner-column elementor-element elementor-element-edf5c87\" data-id=\"edf5c87\" data-element_type=\"column\" data-e-type=\"column\">\n\t\t\t<div class=\"elementor-widget-wrap elementor-element-populated\">\n\t\t\t\t\t\t<div class=\"elementor-element elementor-element-c9bb443 elementor-widget elementor-widget-text-editor\" data-id=\"c9bb443\" data-element_type=\"widget\" data-e-type=\"widget\" data-widget_type=\"text-editor.default\">\n\t\t\t\t<div class=\"elementor-widget-container\">\n\t\t\t\t\t\t\t\t\t<ul><li><strong>En pr\u00e9sence de\u00a0Ali LAAYOOUN, Managing Director , PhD, Biom\u00e9rieux : <\/strong>Acteur mondial dans le domaine du diagnostic\u00a0in vitro depuis plus de 50 ans.<\/li><\/ul>\t\t\t\t\t\t\t\t<\/div>\n\t\t\t\t<\/div>\n\t\t\t\t\t<\/div>\n\t\t<\/div>\n\t\t\t\t\t<\/div>\n\t\t<\/section>\n\t\t\t\t<section class=\"elementor-section elementor-inner-section elementor-element elementor-element-115b208 elementor-section-content-middle elementor-section-boxed elementor-section-height-default elementor-section-height-default\" data-id=\"115b208\" data-element_type=\"section\" data-e-type=\"section\">\n\t\t\t\t\t\t<div class=\"elementor-container elementor-column-gap-default\">\n\t\t\t\t\t<div class=\"elementor-column elementor-col-50 elementor-inner-column elementor-element elementor-element-3d4153b\" data-id=\"3d4153b\" data-element_type=\"column\" data-e-type=\"column\">\n\t\t\t<div class=\"elementor-widget-wrap elementor-element-populated\">\n\t\t\t\t\t\t<div class=\"elementor-element elementor-element-3349cc7 elementor-widget elementor-widget-image\" data-id=\"3349cc7\" data-element_type=\"widget\" data-e-type=\"widget\" data-widget_type=\"image.default\">\n\t\t\t\t<div class=\"elementor-widget-container\">\n\t\t\t\t\t\t\t\t\t\t\t\t\t\t\t<img loading=\"lazy\" decoding=\"async\" width=\"300\" height=\"79\" src=\"https:\/\/medytec.eu\/wp-content\/uploads\/2024\/12\/Avalun-300x79.png\" class=\"attachment-medium size-medium wp-image-8030\" alt=\"\" srcset=\"https:\/\/medytec.eu\/wp-content\/uploads\/2024\/12\/Avalun-300x79.png 300w, https:\/\/medytec.eu\/wp-content\/uploads\/2024\/12\/Avalun-18x5.png 18w, https:\/\/medytec.eu\/wp-content\/uploads\/2024\/12\/Avalun-600x160.png 600w, https:\/\/medytec.eu\/wp-content\/uploads\/2024\/12\/Avalun.png 610w\" sizes=\"(max-width: 300px) 100vw, 300px\" \/>\t\t\t\t\t\t\t\t\t\t\t\t\t\t\t<\/div>\n\t\t\t\t<\/div>\n\t\t\t\t\t<\/div>\n\t\t<\/div>\n\t\t\t\t<div class=\"elementor-column elementor-col-50 elementor-inner-column elementor-element elementor-element-c11e69e\" data-id=\"c11e69e\" data-element_type=\"column\" data-e-type=\"column\">\n\t\t\t<div class=\"elementor-widget-wrap elementor-element-populated\">\n\t\t\t\t\t\t<div class=\"elementor-element elementor-element-1db72f8 elementor-widget elementor-widget-text-editor\" data-id=\"1db72f8\" data-element_type=\"widget\" data-e-type=\"widget\" data-widget_type=\"text-editor.default\">\n\t\t\t\t<div class=\"elementor-widget-container\">\n\t\t\t\t\t\t\t\t\t<ul><li><strong>En pr\u00e9sence de\u00a0Vincent Poher, Pr\u00e9sident :<\/strong> Avalun, un dispositif portable pour des analyses biologiques d\u00e9localis\u00e9es<\/li><\/ul>\t\t\t\t\t\t\t\t<\/div>\n\t\t\t\t<\/div>\n\t\t\t\t\t<\/div>\n\t\t<\/div>\n\t\t\t\t\t<\/div>\n\t\t<\/section>\n\t\t\t\t<section class=\"elementor-section elementor-inner-section elementor-element elementor-element-e8d395c elementor-section-boxed elementor-section-height-default elementor-section-height-default\" data-id=\"e8d395c\" data-element_type=\"section\" data-e-type=\"section\">\n\t\t\t\t\t\t<div class=\"elementor-container elementor-column-gap-default\">\n\t\t\t\t\t<div class=\"elementor-column elementor-col-50 elementor-inner-column elementor-element elementor-element-e59d4e2\" data-id=\"e59d4e2\" data-element_type=\"column\" data-e-type=\"column\">\n\t\t\t<div class=\"elementor-widget-wrap elementor-element-populated\">\n\t\t\t\t\t\t<div class=\"elementor-element elementor-element-726f86f elementor-widget elementor-widget-image\" data-id=\"726f86f\" data-element_type=\"widget\" data-e-type=\"widget\" data-widget_type=\"image.default\">\n\t\t\t\t<div class=\"elementor-widget-container\">\n\t\t\t\t\t\t\t\t\t\t\t\t\t\t\t<img loading=\"lazy\" decoding=\"async\" width=\"150\" height=\"150\" src=\"https:\/\/medytec.eu\/wp-content\/uploads\/2024\/12\/FLUOPTICS-new_-150x150.png\" class=\"attachment-thumbnail size-thumbnail wp-image-8032\" alt=\"\" srcset=\"https:\/\/medytec.eu\/wp-content\/uploads\/2024\/12\/FLUOPTICS-new_-150x150.png 150w, https:\/\/medytec.eu\/wp-content\/uploads\/2024\/12\/FLUOPTICS-new_-12x12.png 12w, https:\/\/medytec.eu\/wp-content\/uploads\/2024\/12\/FLUOPTICS-new_.png 300w\" sizes=\"(max-width: 150px) 100vw, 150px\" \/>\t\t\t\t\t\t\t\t\t\t\t\t\t\t\t<\/div>\n\t\t\t\t<\/div>\n\t\t\t\t\t<\/div>\n\t\t<\/div>\n\t\t\t\t<div class=\"elementor-column elementor-col-50 elementor-inner-column elementor-element elementor-element-cf14ceb\" data-id=\"cf14ceb\" data-element_type=\"column\" data-e-type=\"column\">\n\t\t\t<div class=\"elementor-widget-wrap elementor-element-populated\">\n\t\t\t\t\t\t<div class=\"elementor-element elementor-element-0887696 elementor-widget elementor-widget-text-editor\" data-id=\"0887696\" data-element_type=\"widget\" data-e-type=\"widget\" data-widget_type=\"text-editor.default\">\n\t\t\t\t<div class=\"elementor-widget-container\">\n\t\t\t\t\t\t\t\t\t<ul><li><strong>En pr\u00e9sence de\u00a0Laurence BAUDEL VAN BEEK, Managing Director : <\/strong>Fluoptics \u00a9 : expert de l&rsquo;imagerie de fluorescence pour la chirurgie<\/li><\/ul>\t\t\t\t\t\t\t\t<\/div>\n\t\t\t\t<\/div>\n\t\t\t\t\t<\/div>\n\t\t<\/div>\n\t\t\t\t\t<\/div>\n\t\t<\/section>\n\t\t\t\t<section class=\"elementor-section elementor-inner-section elementor-element elementor-element-98af1c0 elementor-section-content-middle elementor-section-boxed elementor-section-height-default elementor-section-height-default\" data-id=\"98af1c0\" data-element_type=\"section\" data-e-type=\"section\">\n\t\t\t\t\t\t<div class=\"elementor-container elementor-column-gap-default\">\n\t\t\t\t\t<div class=\"elementor-column elementor-col-50 elementor-inner-column elementor-element elementor-element-e54bc64\" data-id=\"e54bc64\" data-element_type=\"column\" data-e-type=\"column\">\n\t\t\t<div class=\"elementor-widget-wrap elementor-element-populated\">\n\t\t\t\t\t\t<div class=\"elementor-element elementor-element-ad3bdfa elementor-widget elementor-widget-image\" data-id=\"ad3bdfa\" data-element_type=\"widget\" data-e-type=\"widget\" data-widget_type=\"image.default\">\n\t\t\t\t<div class=\"elementor-widget-container\">\n\t\t\t\t\t\t\t\t\t\t\t\t\t\t\t<img loading=\"lazy\" decoding=\"async\" width=\"300\" height=\"52\" src=\"https:\/\/medytec.eu\/wp-content\/uploads\/2024\/12\/Teledyne-e2v-Logo-300x52.png\" class=\"attachment-medium size-medium wp-image-8047\" alt=\"\" srcset=\"https:\/\/medytec.eu\/wp-content\/uploads\/2024\/12\/Teledyne-e2v-Logo-300x52.png 300w, https:\/\/medytec.eu\/wp-content\/uploads\/2024\/12\/Teledyne-e2v-Logo-1024x177.png 1024w, https:\/\/medytec.eu\/wp-content\/uploads\/2024\/12\/Teledyne-e2v-Logo-768x132.png 768w, https:\/\/medytec.eu\/wp-content\/uploads\/2024\/12\/Teledyne-e2v-Logo-18x3.png 18w, https:\/\/medytec.eu\/wp-content\/uploads\/2024\/12\/Teledyne-e2v-Logo.png 1142w\" sizes=\"(max-width: 300px) 100vw, 300px\" \/>\t\t\t\t\t\t\t\t\t\t\t\t\t\t\t<\/div>\n\t\t\t\t<\/div>\n\t\t\t\t\t<\/div>\n\t\t<\/div>\n\t\t\t\t<div class=\"elementor-column elementor-col-50 elementor-inner-column elementor-element elementor-element-f1263d7\" data-id=\"f1263d7\" data-element_type=\"column\" data-e-type=\"column\">\n\t\t\t<div class=\"elementor-widget-wrap elementor-element-populated\">\n\t\t\t\t\t\t<div class=\"elementor-element elementor-element-1965088 elementor-widget elementor-widget-text-editor\" data-id=\"1965088\" data-element_type=\"widget\" data-e-type=\"widget\" data-widget_type=\"text-editor.default\">\n\t\t\t\t<div class=\"elementor-widget-container\">\n\t\t\t\t\t\t\t\t\t<ul><li><p><strong>En pr\u00e9sence de Nathalie PASCAL Commercially Sensitive Business Data<\/strong> et\u00a0<strong>Lo\u00efc Bommersbach Responsable Communication et RSE : <\/strong>Teledyne est une entreprise mondiale, sp\u00e9cialis\u00e9e dans l\u2019\u00e9lectronique et l\u2019ing\u00e9nierie, qui fournit des produits de haute technologie.<\/p><\/li><\/ul>\t\t\t\t\t\t\t\t<\/div>\n\t\t\t\t<\/div>\n\t\t\t\t\t<\/div>\n\t\t<\/div>\n\t\t\t\t\t<\/div>\n\t\t<\/section>\n\t\t\t\t<div class=\"elementor-element elementor-element-bf3b3ca elementor-widget-divider--view-line elementor-widget elementor-widget-divider\" data-id=\"bf3b3ca\" data-element_type=\"widget\" data-e-type=\"widget\" data-widget_type=\"divider.default\">\n\t\t\t\t<div class=\"elementor-widget-container\">\n\t\t\t\t\t\t\t<div class=\"elementor-divider\">\n\t\t\t<span class=\"elementor-divider-separator\">\n\t\t\t\t\t\t<\/span>\n\t\t<\/div>\n\t\t\t\t\t\t<\/div>\n\t\t\t\t<\/div>\n\t\t\t\t<div class=\"elementor-element elementor-element-9f7c3d5 elementor-widget elementor-widget-spacer\" data-id=\"9f7c3d5\" data-element_type=\"widget\" data-e-type=\"widget\" data-widget_type=\"spacer.default\">\n\t\t\t\t<div class=\"elementor-widget-container\">\n\t\t\t\t\t\t\t<div class=\"elementor-spacer\">\n\t\t\t<div class=\"elementor-spacer-inner\"><\/div>\n\t\t<\/div>\n\t\t\t\t\t\t<\/div>\n\t\t\t\t<\/div>\n\t\t\t\t\t<\/div>\n\t\t<\/div>\n\t\t\t\t\t<\/div>\n\t\t<\/section>\n\t\t\t\t<section class=\"elementor-section elementor-top-section elementor-element elementor-element-40f2501 elementor-section-boxed elementor-section-height-default elementor-section-height-default\" data-id=\"40f2501\" data-element_type=\"section\" data-e-type=\"section\">\n\t\t\t\t\t\t<div class=\"elementor-container elementor-column-gap-default\">\n\t\t\t\t\t<div class=\"elementor-column elementor-col-33 elementor-top-column elementor-element elementor-element-463c530\" data-id=\"463c530\" data-element_type=\"column\" data-e-type=\"column\">\n\t\t\t<div class=\"elementor-widget-wrap elementor-element-populated\">\n\t\t\t\t\t\t<div class=\"elementor-element elementor-element-1f80477 elementor-widget elementor-widget-image\" data-id=\"1f80477\" data-element_type=\"widget\" data-e-type=\"widget\" data-widget_type=\"image.default\">\n\t\t\t\t<div class=\"elementor-widget-container\">\n\t\t\t\t\t\t\t\t\t\t\t\t\t\t\t<img loading=\"lazy\" decoding=\"async\" width=\"300\" height=\"111\" src=\"https:\/\/medytec.eu\/wp-content\/uploads\/2022\/11\/Grenoble-INP-Phelma-couleur-RVB-120px-300x111.png\" class=\"attachment-medium size-medium wp-image-5156\" alt=\"\" srcset=\"https:\/\/medytec.eu\/wp-content\/uploads\/2022\/11\/Grenoble-INP-Phelma-couleur-RVB-120px-300x111.png 300w, https:\/\/medytec.eu\/wp-content\/uploads\/2022\/11\/Grenoble-INP-Phelma-couleur-RVB-120px-18x7.png 18w, https:\/\/medytec.eu\/wp-content\/uploads\/2022\/11\/Grenoble-INP-Phelma-couleur-RVB-120px.png 325w\" sizes=\"(max-width: 300px) 100vw, 300px\" \/>\t\t\t\t\t\t\t\t\t\t\t\t\t\t\t<\/div>\n\t\t\t\t<\/div>\n\t\t\t\t\t<\/div>\n\t\t<\/div>\n\t\t\t\t<div class=\"elementor-column elementor-col-66 elementor-top-column elementor-element elementor-element-5537f68\" data-id=\"5537f68\" data-element_type=\"column\" data-e-type=\"column\">\n\t\t\t<div class=\"elementor-widget-wrap elementor-element-populated\">\n\t\t\t\t\t\t<div class=\"elementor-element elementor-element-f341239 elementor-widget elementor-widget-text-editor\" data-id=\"f341239\" data-element_type=\"widget\" data-e-type=\"widget\" data-widget_type=\"text-editor.default\">\n\t\t\t\t<div class=\"elementor-widget-container\">\n\t\t\t\t\t\t\t\t\t<p><strong>Grenoble INP &#8211; Phelma en quelques chiffres :<\/strong><span style=\"font-size: 20px; color: var( --e-global-color-text );\">\u00a0<\/span><\/p><ul><li>Environ 1400 \u00e9l\u00e8ves ing\u00e9nieurs et en master<\/li><li>380 ing\u00e9nieurs dipl\u00f4m\u00e9s par promotion<\/li><li>+ de 100 enseignants-chercheurs<\/li><li>55 personnels administratifs et techniques<\/li><li>380 intervenants de l&rsquo;industrie et de la recherche<\/li><li>10 fili\u00e8res dont 2 internationales<\/li><li>1 fili\u00e8re par la voie de l&rsquo;apprentissage<\/li><li>10 laboratoires partenaires<\/li><\/ul>\t\t\t\t\t\t\t\t<\/div>\n\t\t\t\t<\/div>\n\t\t\t\t\t<\/div>\n\t\t<\/div>\n\t\t\t\t\t<\/div>\n\t\t<\/section>\n\t\t\t\t<section class=\"elementor-section elementor-top-section elementor-element elementor-element-709a5ff elementor-section-boxed elementor-section-height-default elementor-section-height-default\" data-id=\"709a5ff\" data-element_type=\"section\" data-e-type=\"section\">\n\t\t\t\t\t\t<div class=\"elementor-container elementor-column-gap-default\">\n\t\t\t\t\t<div class=\"elementor-column elementor-col-100 elementor-top-column elementor-element elementor-element-39fa2e2\" data-id=\"39fa2e2\" data-element_type=\"column\" data-e-type=\"column\">\n\t\t\t<div class=\"elementor-widget-wrap elementor-element-populated\">\n\t\t\t\t\t\t<div class=\"elementor-element elementor-element-75f3907 elementor-widget elementor-widget-text-editor\" data-id=\"75f3907\" data-element_type=\"widget\" data-e-type=\"widget\" data-widget_type=\"text-editor.default\">\n\t\t\t\t<div class=\"elementor-widget-container\">\n\t\t\t\t\t\t\t\t\t<p>La fili\u00e8re <strong>Biomedical Engineering<\/strong> forme des ing\u00e9nieurs dans diff\u00e9rents domaines de l&rsquo;instrumentation biom\u00e9dicale avec des comp\u00e9tences interdisciplinaires (sciences de l&rsquo;ing\u00e9nieur et biologie) th\u00e9oriques et pratiques. Elle apporte \u00e0 l&rsquo;\u00e9tudiant, d&rsquo;une part des comp\u00e9tences g\u00e9n\u00e9rales en physique et biologie et d&rsquo;autres part des connaissances en <strong>sciences de l&rsquo;ing\u00e9nieur<\/strong> lui permettant de se placer \u00e0 l&rsquo;interface entre les m\u00e9decins, biologistes et les ing\u00e9nieurs pour le d\u00e9veloppement de dispositifs hightech dans le domaine de la sant\u00e9.<\/p>\t\t\t\t\t\t\t\t<\/div>\n\t\t\t\t<\/div>\n\t\t\t\t\t<\/div>\n\t\t<\/div>\n\t\t\t\t\t<\/div>\n\t\t<\/section>\n\t\t\t\t<section class=\"elementor-section elementor-top-section elementor-element elementor-element-889cce9 elementor-section-boxed elementor-section-height-default elementor-section-height-default\" data-id=\"889cce9\" data-element_type=\"section\" data-e-type=\"section\">\n\t\t\t\t\t\t<div class=\"elementor-container elementor-column-gap-default\">\n\t\t\t\t\t<div class=\"elementor-column elementor-col-100 elementor-top-column elementor-element elementor-element-15ec4d2\" data-id=\"15ec4d2\" data-element_type=\"column\" data-e-type=\"column\">\n\t\t\t<div class=\"elementor-widget-wrap elementor-element-populated\">\n\t\t\t\t\t\t<div class=\"elementor-element elementor-element-5e283b8 elementor-widget elementor-widget-spacer\" data-id=\"5e283b8\" data-element_type=\"widget\" data-e-type=\"widget\" data-widget_type=\"spacer.default\">\n\t\t\t\t<div class=\"elementor-widget-container\">\n\t\t\t\t\t\t\t<div class=\"elementor-spacer\">\n\t\t\t<div class=\"elementor-spacer-inner\"><\/div>\n\t\t<\/div>\n\t\t\t\t\t\t<\/div>\n\t\t\t\t<\/div>\n\t\t\t\t<div class=\"elementor-element elementor-element-d03c8a9 elementor-widget elementor-widget-heading\" data-id=\"d03c8a9\" data-element_type=\"widget\" data-e-type=\"widget\" data-widget_type=\"heading.default\">\n\t\t\t\t<div class=\"elementor-widget-container\">\n\t\t\t\t\t<h3 class=\"elementor-heading-title elementor-size-default\"><span style=\"color: var( --e-global-color-primary );font-family: CeraPro, sans-serif;font-size: 30px;font-style: normal;font-weight: var( --e-global-typography-primary-font-weight )\">Vid\u00e9o de Grenoble INP - Phelma <\/span>fili\u00e8re Biomedical engineering<\/h3>\t\t\t\t<\/div>\n\t\t\t\t<\/div>\n\t\t\t\t\t<\/div>\n\t\t<\/div>\n\t\t\t\t\t<\/div>\n\t\t<\/section>\n\t\t\t\t<section class=\"elementor-section elementor-top-section elementor-element elementor-element-9dd791f elementor-section-boxed elementor-section-height-default elementor-section-height-default\" data-id=\"9dd791f\" data-element_type=\"section\" data-e-type=\"section\">\n\t\t\t\t\t\t<div class=\"elementor-container elementor-column-gap-default\">\n\t\t\t\t\t<div class=\"elementor-column elementor-col-100 elementor-top-column elementor-element elementor-element-e249968\" data-id=\"e249968\" data-element_type=\"column\" data-e-type=\"column\">\n\t\t\t<div class=\"elementor-widget-wrap elementor-element-populated\">\n\t\t\t\t\t\t<div class=\"elementor-element elementor-element-ce6ba20 elementor-widget elementor-widget-video\" data-id=\"ce6ba20\" data-element_type=\"widget\" data-e-type=\"widget\" data-settings=\"{&quot;youtube_url&quot;:&quot;https:\\\/\\\/www.youtube.com\\\/watch?v=vUYOXMmIFWw&amp;list=PLrEtfdcfJ1efPwhUPAyvGz4ScrDfUB8oZ&quot;,&quot;video_type&quot;:&quot;youtube&quot;,&quot;controls&quot;:&quot;yes&quot;}\" data-widget_type=\"video.default\">\n\t\t\t\t<div class=\"elementor-widget-container\">\n\t\t\t\t\t\t\t<div class=\"elementor-wrapper elementor-open-inline\">\n\t\t\t<div class=\"elementor-video\"><\/div>\t\t<\/div>\n\t\t\t\t\t\t<\/div>\n\t\t\t\t<\/div>\n\t\t\t\t<div class=\"elementor-element elementor-element-8b7c32a elementor-widget elementor-widget-spacer\" data-id=\"8b7c32a\" data-element_type=\"widget\" data-e-type=\"widget\" data-widget_type=\"spacer.default\">\n\t\t\t\t<div class=\"elementor-widget-container\">\n\t\t\t\t\t\t\t<div class=\"elementor-spacer\">\n\t\t\t<div class=\"elementor-spacer-inner\"><\/div>\n\t\t<\/div>\n\t\t\t\t\t\t<\/div>\n\t\t\t\t<\/div>\n\t\t\t\t<div class=\"elementor-element elementor-element-68b368a elementor-align-center elementor-widget elementor-widget-button\" data-id=\"68b368a\" data-element_type=\"widget\" data-e-type=\"widget\" data-widget_type=\"button.default\">\n\t\t\t\t<div class=\"elementor-widget-container\">\n\t\t\t\t\t\t\t\t\t<div class=\"elementor-button-wrapper\">\n\t\t\t\t\t<a class=\"elementor-button elementor-button-link elementor-size-sm\" href=\"https:\/\/medytec.eu\/en\/vos-evenements\/actualites-medytec\/\">\n\t\t\t\t\t\t<span class=\"elementor-button-content-wrapper\">\n\t\t\t\t\t\t\t\t\t<span class=\"elementor-button-text\">Toutes les actualit\u00e9s de Medytec<\/span>\n\t\t\t\t\t<\/span>\n\t\t\t\t\t<\/a>\n\t\t\t\t<\/div>\n\t\t\t\t\t\t\t\t<\/div>\n\t\t\t\t<\/div>\n\t\t\t\t\t<\/div>\n\t\t<\/div>\n\t\t\t\t\t<\/div>\n\t\t<\/section>\n\t\t\t\t<\/div>","protected":false},"excerpt":{"rendered":"<p>LES 22 &#8211; 29 NOVEMBRE 2024 Plus de 45 \u00e9tudiants ont rencontr\u00e9 6 entreprises sant\u00e9 du territoire Pour la 3\u00e8me ann\u00e9e cons\u00e9cutive, nous avons eu le plaisir d&rsquo;accueillir courant novembre \u00e0 MEDYTEC les \u00e9tudiants de la fili\u00e8re Biomedical Engineering de Phelma INP\u00a0en partenariat avec MEDICALPS. Objectif : offrir aux \u00e9tudiants l&rsquo;opportunit\u00e9 de d\u00e9couvrir la fili\u00e8re [&hellip;]<\/p>\n","protected":false},"author":4,"featured_media":8022,"comment_status":"closed","ping_status":"open","sticky":false,"template":"","format":"standard","meta":{"ocean_post_layout":"","ocean_both_sidebars_style":"","ocean_both_sidebars_content_width":0,"ocean_both_sidebars_sidebars_width":0,"ocean_sidebar":"0","ocean_second_sidebar":"0","ocean_disable_margins":"enable","ocean_add_body_class":"","ocean_shortcode_before_top_bar":"","ocean_shortcode_after_top_bar":"","ocean_shortcode_before_header":"","ocean_shortcode_after_header":"","ocean_has_shortcode":"","ocean_shortcode_after_title":"","ocean_shortcode_before_footer_widgets":"","ocean_shortcode_after_footer_widgets":"","ocean_shortcode_before_footer_bottom":"","ocean_shortcode_after_footer_bottom":"","ocean_display_top_bar":"off","ocean_display_header":"default","ocean_header_style":"","ocean_center_header_left_menu":"0","ocean_custom_header_template":"0","ocean_custom_logo":0,"ocean_custom_retina_logo":0,"ocean_custom_logo_max_width":0,"ocean_custom_logo_tablet_max_width":0,"ocean_custom_logo_mobile_max_width":0,"ocean_custom_logo_max_height":0,"ocean_custom_logo_tablet_max_height":0,"ocean_custom_logo_mobile_max_height":0,"ocean_header_custom_menu":"0","ocean_menu_typo_font_family":"0","ocean_menu_typo_font_subset":"","ocean_menu_typo_font_size":0,"ocean_menu_typo_font_size_tablet":0,"ocean_menu_typo_font_size_mobile":0,"ocean_menu_typo_font_size_unit":"px","ocean_menu_typo_font_weight":"","ocean_menu_typo_font_weight_tablet":"","ocean_menu_typo_font_weight_mobile":"","ocean_menu_typo_transform":"","ocean_menu_typo_transform_tablet":"","ocean_menu_typo_transform_mobile":"","ocean_menu_typo_line_height":0,"ocean_menu_typo_line_height_tablet":0,"ocean_menu_typo_line_height_mobile":0,"ocean_menu_typo_line_height_unit":"","ocean_menu_typo_spacing":0,"ocean_menu_typo_spacing_tablet":0,"ocean_menu_typo_spacing_mobile":0,"ocean_menu_typo_spacing_unit":"","ocean_menu_link_color":"","ocean_menu_link_color_hover":"","ocean_menu_link_color_active":"","ocean_menu_link_background":"","ocean_menu_link_hover_background":"","ocean_menu_link_active_background":"","ocean_menu_social_links_bg":"","ocean_menu_social_hover_links_bg":"","ocean_menu_social_links_color":"","ocean_menu_social_hover_links_color":"","ocean_disable_title":"default","ocean_disable_heading":"default","ocean_post_title":"","ocean_post_subheading":"","ocean_post_title_style":"","ocean_post_title_background_color":"","ocean_post_title_background":0,"ocean_post_title_bg_image_position":"","ocean_post_title_bg_image_attachment":"","ocean_post_title_bg_image_repeat":"","ocean_post_title_bg_image_size":"","ocean_post_title_height":0,"ocean_post_title_bg_overlay":0.5,"ocean_post_title_bg_overlay_color":"","ocean_disable_breadcrumbs":"default","ocean_breadcrumbs_color":"","ocean_breadcrumbs_separator_color":"","ocean_breadcrumbs_links_color":"","ocean_breadcrumbs_links_hover_color":"","ocean_display_footer_widgets":"default","ocean_display_footer_bottom":"default","ocean_custom_footer_template":"0","ocean_post_oembed":"","ocean_post_self_hosted_media":"","ocean_post_video_embed":"","ocean_link_format":"","ocean_link_format_target":"self","ocean_quote_format":"","ocean_quote_format_link":"post","ocean_gallery_link_images":"off","ocean_gallery_id":[],"footnotes":""},"categories":[70],"tags":[],"class_list":["post-8021","post","type-post","status-publish","format-standard","has-post-thumbnail","hentry","category-evenements","entry","has-media"],"yoast_head":"<!-- This site is optimized with the Yoast SEO plugin v27.5 - https:\/\/yoast.com\/product\/yoast-seo-wordpress\/ -->\n<title>Retour sur la 3\u00e8me \u00e9dition des rencontres \u00e9tudiants \/ entreprises - Medytec<\/title>\n<meta name=\"description\" content=\"Les \u00e9tudiants de Grenoble INP - Phelma sont venus \u00e0 Medytec afin de d\u00e9couvrir la fili\u00e8re Sant\u00e9 et approfondir leur projet professionnel.\" \/>\n<meta name=\"robots\" content=\"index, follow, max-snippet:-1, max-image-preview:large, max-video-preview:-1\" \/>\n<link rel=\"canonical\" href=\"https:\/\/medytec.eu\/en\/2024\/12\/06\/retour-sur-la-3eme-edition-des-rencontres-etudiants-entreprises\/\" \/>\n<meta property=\"og:locale\" content=\"en_US\" \/>\n<meta property=\"og:type\" content=\"article\" \/>\n<meta property=\"og:title\" content=\"Retour sur la 3\u00e8me \u00e9dition des rencontres \u00e9tudiants \/ entreprises - Medytec\" \/>\n<meta property=\"og:description\" content=\"Les \u00e9tudiants de Grenoble INP - Phelma sont venus \u00e0 Medytec afin de d\u00e9couvrir la fili\u00e8re Sant\u00e9 et approfondir leur projet professionnel.\" \/>\n<meta property=\"og:url\" content=\"https:\/\/medytec.eu\/en\/2024\/12\/06\/retour-sur-la-3eme-edition-des-rencontres-etudiants-entreprises\/\" \/>\n<meta property=\"og:site_name\" content=\"Medytec\" \/>\n<meta property=\"article:published_time\" content=\"2024-12-06T13:50:33+00:00\" \/>\n<meta property=\"article:modified_time\" content=\"2024-12-06T14:23:39+00:00\" \/>\n<meta property=\"og:image\" content=\"https:\/\/medytec.eu\/wp-content\/uploads\/2024\/12\/20241122-Grenoble-INP.jpg\" \/>\n\t<meta property=\"og:image:width\" content=\"2048\" \/>\n\t<meta property=\"og:image:height\" content=\"1536\" \/>\n\t<meta property=\"og:image:type\" content=\"image\/jpeg\" \/>\n<meta name=\"author\" content=\"okparfait\" \/>\n<meta name=\"twitter:card\" content=\"summary_large_image\" \/>\n<meta name=\"twitter:description\" content=\"Jeudi 16 juillet, nous avons eu le plaisir de recevoir les membres fondateurs de Medytec pour une visite officielle du lieu.\" \/>\n<meta name=\"twitter:label1\" content=\"Written by\" \/>\n\t<meta name=\"twitter:data1\" content=\"okparfait\" \/>\n\t<meta name=\"twitter:label2\" content=\"Est. reading time\" \/>\n\t<meta name=\"twitter:data2\" content=\"5 minutes\" \/>\n<script type=\"application\/ld+json\" class=\"yoast-schema-graph\">{\"@context\":\"https:\\\/\\\/schema.org\",\"@graph\":[{\"@type\":\"Article\",\"@id\":\"https:\\\/\\\/medytec.eu\\\/fr\\\/2024\\\/12\\\/06\\\/retour-sur-la-3eme-edition-des-rencontres-etudiants-entreprises\\\/#article\",\"isPartOf\":{\"@id\":\"https:\\\/\\\/medytec.eu\\\/fr\\\/2024\\\/12\\\/06\\\/retour-sur-la-3eme-edition-des-rencontres-etudiants-entreprises\\\/\"},\"author\":{\"name\":\"okparfait\",\"@id\":\"https:\\\/\\\/medytec.eu\\\/#\\\/schema\\\/person\\\/52643406ade6747ec29f0a5ca286f5fe\"},\"headline\":\"Retour sur la 3\u00e8me \u00e9dition des rencontres \u00e9tudiants \\\/ entreprises\",\"datePublished\":\"2024-12-06T13:50:33+00:00\",\"dateModified\":\"2024-12-06T14:23:39+00:00\",\"mainEntityOfPage\":{\"@id\":\"https:\\\/\\\/medytec.eu\\\/fr\\\/2024\\\/12\\\/06\\\/retour-sur-la-3eme-edition-des-rencontres-etudiants-entreprises\\\/\"},\"wordCount\":681,\"publisher\":{\"@id\":\"https:\\\/\\\/medytec.eu\\\/#organization\"},\"image\":{\"@id\":\"https:\\\/\\\/medytec.eu\\\/fr\\\/2024\\\/12\\\/06\\\/retour-sur-la-3eme-edition-des-rencontres-etudiants-entreprises\\\/#primaryimage\"},\"thumbnailUrl\":\"https:\\\/\\\/medytec.eu\\\/wp-content\\\/uploads\\\/2024\\\/12\\\/20241122-Grenoble-INP.jpg\",\"articleSection\":[\"\u00c9v\u00e8nements\"],\"inLanguage\":\"en-US\"},{\"@type\":\"WebPage\",\"@id\":\"https:\\\/\\\/medytec.eu\\\/fr\\\/2024\\\/12\\\/06\\\/retour-sur-la-3eme-edition-des-rencontres-etudiants-entreprises\\\/\",\"url\":\"https:\\\/\\\/medytec.eu\\\/fr\\\/2024\\\/12\\\/06\\\/retour-sur-la-3eme-edition-des-rencontres-etudiants-entreprises\\\/\",\"name\":\"Retour sur la 3\u00e8me \u00e9dition des rencontres \u00e9tudiants \\\/ entreprises - Medytec\",\"isPartOf\":{\"@id\":\"https:\\\/\\\/medytec.eu\\\/#website\"},\"primaryImageOfPage\":{\"@id\":\"https:\\\/\\\/medytec.eu\\\/fr\\\/2024\\\/12\\\/06\\\/retour-sur-la-3eme-edition-des-rencontres-etudiants-entreprises\\\/#primaryimage\"},\"image\":{\"@id\":\"https:\\\/\\\/medytec.eu\\\/fr\\\/2024\\\/12\\\/06\\\/retour-sur-la-3eme-edition-des-rencontres-etudiants-entreprises\\\/#primaryimage\"},\"thumbnailUrl\":\"https:\\\/\\\/medytec.eu\\\/wp-content\\\/uploads\\\/2024\\\/12\\\/20241122-Grenoble-INP.jpg\",\"datePublished\":\"2024-12-06T13:50:33+00:00\",\"dateModified\":\"2024-12-06T14:23:39+00:00\",\"description\":\"Les \u00e9tudiants de Grenoble INP - Phelma sont venus \u00e0 Medytec afin de d\u00e9couvrir la fili\u00e8re Sant\u00e9 et approfondir leur projet professionnel.\",\"breadcrumb\":{\"@id\":\"https:\\\/\\\/medytec.eu\\\/fr\\\/2024\\\/12\\\/06\\\/retour-sur-la-3eme-edition-des-rencontres-etudiants-entreprises\\\/#breadcrumb\"},\"inLanguage\":\"en-US\",\"potentialAction\":[{\"@type\":\"ReadAction\",\"target\":[\"https:\\\/\\\/medytec.eu\\\/fr\\\/2024\\\/12\\\/06\\\/retour-sur-la-3eme-edition-des-rencontres-etudiants-entreprises\\\/\"]}]},{\"@type\":\"ImageObject\",\"inLanguage\":\"en-US\",\"@id\":\"https:\\\/\\\/medytec.eu\\\/fr\\\/2024\\\/12\\\/06\\\/retour-sur-la-3eme-edition-des-rencontres-etudiants-entreprises\\\/#primaryimage\",\"url\":\"https:\\\/\\\/medytec.eu\\\/wp-content\\\/uploads\\\/2024\\\/12\\\/20241122-Grenoble-INP.jpg\",\"contentUrl\":\"https:\\\/\\\/medytec.eu\\\/wp-content\\\/uploads\\\/2024\\\/12\\\/20241122-Grenoble-INP.jpg\",\"width\":2048,\"height\":1536},{\"@type\":\"BreadcrumbList\",\"@id\":\"https:\\\/\\\/medytec.eu\\\/fr\\\/2024\\\/12\\\/06\\\/retour-sur-la-3eme-edition-des-rencontres-etudiants-entreprises\\\/#breadcrumb\",\"itemListElement\":[{\"@type\":\"ListItem\",\"position\":1,\"name\":\"Accueil\",\"item\":\"https:\\\/\\\/medytec.eu\\\/\"},{\"@type\":\"ListItem\",\"position\":2,\"name\":\"Retour sur la 3\u00e8me \u00e9dition des rencontres \u00e9tudiants \\\/ entreprises\"}]},{\"@type\":\"WebSite\",\"@id\":\"https:\\\/\\\/medytec.eu\\\/#website\",\"url\":\"https:\\\/\\\/medytec.eu\\\/\",\"name\":\"Medytec\",\"description\":\"Le hub des technologies de la sant\u00e9 de grenoble-Alpes\",\"publisher\":{\"@id\":\"https:\\\/\\\/medytec.eu\\\/#organization\"},\"potentialAction\":[{\"@type\":\"SearchAction\",\"target\":{\"@type\":\"EntryPoint\",\"urlTemplate\":\"https:\\\/\\\/medytec.eu\\\/?s={search_term_string}\"},\"query-input\":{\"@type\":\"PropertyValueSpecification\",\"valueRequired\":true,\"valueName\":\"search_term_string\"}}],\"inLanguage\":\"en-US\"},{\"@type\":\"Organization\",\"@id\":\"https:\\\/\\\/medytec.eu\\\/#organization\",\"name\":\"MedYtec\",\"url\":\"https:\\\/\\\/medytec.eu\\\/\",\"logo\":{\"@type\":\"ImageObject\",\"inLanguage\":\"en-US\",\"@id\":\"https:\\\/\\\/medytec.eu\\\/#\\\/schema\\\/logo\\\/image\\\/\",\"url\":\"https:\\\/\\\/medytec.eu\\\/wp-content\\\/uploads\\\/2020\\\/02\\\/logo-medytec.png\",\"contentUrl\":\"https:\\\/\\\/medytec.eu\\\/wp-content\\\/uploads\\\/2020\\\/02\\\/logo-medytec.png\",\"width\":426,\"height\":147,\"caption\":\"MedYtec\"},\"image\":{\"@id\":\"https:\\\/\\\/medytec.eu\\\/#\\\/schema\\\/logo\\\/image\\\/\"}},{\"@type\":\"Person\",\"@id\":\"https:\\\/\\\/medytec.eu\\\/#\\\/schema\\\/person\\\/52643406ade6747ec29f0a5ca286f5fe\",\"name\":\"okparfait\",\"url\":\"https:\\\/\\\/medytec.eu\\\/en\\\/author\\\/e486db832ef7dcb5\\\/\"}]}<\/script>\n<!-- \/ Yoast SEO plugin. -->","yoast_head_json":{"title":"Retour sur la 3\u00e8me \u00e9dition des rencontres \u00e9tudiants \/ entreprises - Medytec","description":"Les \u00e9tudiants de Grenoble INP - Phelma sont venus \u00e0 Medytec afin de d\u00e9couvrir la fili\u00e8re Sant\u00e9 et approfondir leur projet professionnel.","robots":{"index":"index","follow":"follow","max-snippet":"max-snippet:-1","max-image-preview":"max-image-preview:large","max-video-preview":"max-video-preview:-1"},"canonical":"https:\/\/medytec.eu\/en\/2024\/12\/06\/retour-sur-la-3eme-edition-des-rencontres-etudiants-entreprises\/","og_locale":"en_US","og_type":"article","og_title":"Retour sur la 3\u00e8me \u00e9dition des rencontres \u00e9tudiants \/ entreprises - Medytec","og_description":"Les \u00e9tudiants de Grenoble INP - Phelma sont venus \u00e0 Medytec afin de d\u00e9couvrir la fili\u00e8re Sant\u00e9 et approfondir leur projet professionnel.","og_url":"https:\/\/medytec.eu\/en\/2024\/12\/06\/retour-sur-la-3eme-edition-des-rencontres-etudiants-entreprises\/","og_site_name":"Medytec","article_published_time":"2024-12-06T13:50:33+00:00","article_modified_time":"2024-12-06T14:23:39+00:00","og_image":[{"width":2048,"height":1536,"url":"https:\/\/medytec.eu\/wp-content\/uploads\/2024\/12\/20241122-Grenoble-INP.jpg","type":"image\/jpeg"}],"author":"okparfait","twitter_card":"summary_large_image","twitter_description":"Jeudi 16 juillet, nous avons eu le plaisir de recevoir les membres fondateurs de Medytec pour une visite officielle du lieu.","twitter_misc":{"Written by":"okparfait","Est. reading time":"5 minutes"},"schema":{"@context":"https:\/\/schema.org","@graph":[{"@type":"Article","@id":"https:\/\/medytec.eu\/fr\/2024\/12\/06\/retour-sur-la-3eme-edition-des-rencontres-etudiants-entreprises\/#article","isPartOf":{"@id":"https:\/\/medytec.eu\/fr\/2024\/12\/06\/retour-sur-la-3eme-edition-des-rencontres-etudiants-entreprises\/"},"author":{"name":"okparfait","@id":"https:\/\/medytec.eu\/#\/schema\/person\/52643406ade6747ec29f0a5ca286f5fe"},"headline":"Retour sur la 3\u00e8me \u00e9dition des rencontres \u00e9tudiants \/ entreprises","datePublished":"2024-12-06T13:50:33+00:00","dateModified":"2024-12-06T14:23:39+00:00","mainEntityOfPage":{"@id":"https:\/\/medytec.eu\/fr\/2024\/12\/06\/retour-sur-la-3eme-edition-des-rencontres-etudiants-entreprises\/"},"wordCount":681,"publisher":{"@id":"https:\/\/medytec.eu\/#organization"},"image":{"@id":"https:\/\/medytec.eu\/fr\/2024\/12\/06\/retour-sur-la-3eme-edition-des-rencontres-etudiants-entreprises\/#primaryimage"},"thumbnailUrl":"https:\/\/medytec.eu\/wp-content\/uploads\/2024\/12\/20241122-Grenoble-INP.jpg","articleSection":["\u00c9v\u00e8nements"],"inLanguage":"en-US"},{"@type":"WebPage","@id":"https:\/\/medytec.eu\/fr\/2024\/12\/06\/retour-sur-la-3eme-edition-des-rencontres-etudiants-entreprises\/","url":"https:\/\/medytec.eu\/fr\/2024\/12\/06\/retour-sur-la-3eme-edition-des-rencontres-etudiants-entreprises\/","name":"Retour sur la 3\u00e8me \u00e9dition des rencontres \u00e9tudiants \/ entreprises - Medytec","isPartOf":{"@id":"https:\/\/medytec.eu\/#website"},"primaryImageOfPage":{"@id":"https:\/\/medytec.eu\/fr\/2024\/12\/06\/retour-sur-la-3eme-edition-des-rencontres-etudiants-entreprises\/#primaryimage"},"image":{"@id":"https:\/\/medytec.eu\/fr\/2024\/12\/06\/retour-sur-la-3eme-edition-des-rencontres-etudiants-entreprises\/#primaryimage"},"thumbnailUrl":"https:\/\/medytec.eu\/wp-content\/uploads\/2024\/12\/20241122-Grenoble-INP.jpg","datePublished":"2024-12-06T13:50:33+00:00","dateModified":"2024-12-06T14:23:39+00:00","description":"Les \u00e9tudiants de Grenoble INP - Phelma sont venus \u00e0 Medytec afin de d\u00e9couvrir la fili\u00e8re Sant\u00e9 et approfondir leur projet professionnel.","breadcrumb":{"@id":"https:\/\/medytec.eu\/fr\/2024\/12\/06\/retour-sur-la-3eme-edition-des-rencontres-etudiants-entreprises\/#breadcrumb"},"inLanguage":"en-US","potentialAction":[{"@type":"ReadAction","target":["https:\/\/medytec.eu\/fr\/2024\/12\/06\/retour-sur-la-3eme-edition-des-rencontres-etudiants-entreprises\/"]}]},{"@type":"ImageObject","inLanguage":"en-US","@id":"https:\/\/medytec.eu\/fr\/2024\/12\/06\/retour-sur-la-3eme-edition-des-rencontres-etudiants-entreprises\/#primaryimage","url":"https:\/\/medytec.eu\/wp-content\/uploads\/2024\/12\/20241122-Grenoble-INP.jpg","contentUrl":"https:\/\/medytec.eu\/wp-content\/uploads\/2024\/12\/20241122-Grenoble-INP.jpg","width":2048,"height":1536},{"@type":"BreadcrumbList","@id":"https:\/\/medytec.eu\/fr\/2024\/12\/06\/retour-sur-la-3eme-edition-des-rencontres-etudiants-entreprises\/#breadcrumb","itemListElement":[{"@type":"ListItem","position":1,"name":"Accueil","item":"https:\/\/medytec.eu\/"},{"@type":"ListItem","position":2,"name":"Retour sur la 3\u00e8me \u00e9dition des rencontres \u00e9tudiants \/ entreprises"}]},{"@type":"WebSite","@id":"https:\/\/medytec.eu\/#website","url":"https:\/\/medytec.eu\/","name":"Medytec","description":"Le hub des technologies de la sant\u00e9 de grenoble-Alpes","publisher":{"@id":"https:\/\/medytec.eu\/#organization"},"potentialAction":[{"@type":"SearchAction","target":{"@type":"EntryPoint","urlTemplate":"https:\/\/medytec.eu\/?s={search_term_string}"},"query-input":{"@type":"PropertyValueSpecification","valueRequired":true,"valueName":"search_term_string"}}],"inLanguage":"en-US"},{"@type":"Organization","@id":"https:\/\/medytec.eu\/#organization","name":"MedYtec","url":"https:\/\/medytec.eu\/","logo":{"@type":"ImageObject","inLanguage":"en-US","@id":"https:\/\/medytec.eu\/#\/schema\/logo\/image\/","url":"https:\/\/medytec.eu\/wp-content\/uploads\/2020\/02\/logo-medytec.png","contentUrl":"https:\/\/medytec.eu\/wp-content\/uploads\/2020\/02\/logo-medytec.png","width":426,"height":147,"caption":"MedYtec"},"image":{"@id":"https:\/\/medytec.eu\/#\/schema\/logo\/image\/"}},{"@type":"Person","@id":"https:\/\/medytec.eu\/#\/schema\/person\/52643406ade6747ec29f0a5ca286f5fe","name":"okparfait","url":"https:\/\/medytec.eu\/en\/author\/e486db832ef7dcb5\/"}]}},"_links":{"self":[{"href":"https:\/\/medytec.eu\/en\/wp-json\/wp\/v2\/posts\/8021","targetHints":{"allow":["GET"]}}],"collection":[{"href":"https:\/\/medytec.eu\/en\/wp-json\/wp\/v2\/posts"}],"about":[{"href":"https:\/\/medytec.eu\/en\/wp-json\/wp\/v2\/types\/post"}],"author":[{"embeddable":true,"href":"https:\/\/medytec.eu\/en\/wp-json\/wp\/v2\/users\/4"}],"replies":[{"embeddable":true,"href":"https:\/\/medytec.eu\/en\/wp-json\/wp\/v2\/comments?post=8021"}],"version-history":[{"count":0,"href":"https:\/\/medytec.eu\/en\/wp-json\/wp\/v2\/posts\/8021\/revisions"}],"wp:featuredmedia":[{"embeddable":true,"href":"https:\/\/medytec.eu\/en\/wp-json\/wp\/v2\/media\/8022"}],"wp:attachment":[{"href":"https:\/\/medytec.eu\/en\/wp-json\/wp\/v2\/media?parent=8021"}],"wp:term":[{"taxonomy":"category","embeddable":true,"href":"https:\/\/medytec.eu\/en\/wp-json\/wp\/v2\/categories?post=8021"},{"taxonomy":"post_tag","embeddable":true,"href":"https:\/\/medytec.eu\/en\/wp-json\/wp\/v2\/tags?post=8021"}],"curies":[{"name":"wp","href":"https:\/\/api.w.org\/{rel}","templated":true}]}}