{"id":7491,"date":"2024-05-31T12:17:29","date_gmt":"2024-05-31T10:17:29","guid":{"rendered":"https:\/\/medytec.eu\/?p=7491"},"modified":"2024-05-31T12:17:32","modified_gmt":"2024-05-31T10:17:32","slug":"soutenons-la-journee-mondiale-sans-tabac-avec-versevrage","status":"publish","type":"post","link":"https:\/\/medytec.eu\/en\/2024\/05\/31\/soutenons-la-journee-mondiale-sans-tabac-avec-versevrage\/","title":{"rendered":"Soutenons la Journ\u00e9e mondiale sans tabac avec VERSEVRAGE !"},"content":{"rendered":"<div data-elementor-type=\"wp-post\" data-elementor-id=\"7491\" class=\"elementor elementor-7491\" data-elementor-post-type=\"post\">\n\t\t\t\t\t\t<section class=\"elementor-section elementor-top-section elementor-element elementor-element-eef4b24 elementor-section-boxed elementor-section-height-default elementor-section-height-default\" data-id=\"eef4b24\" data-element_type=\"section\" data-e-type=\"section\">\n\t\t\t\t\t\t<div class=\"elementor-container elementor-column-gap-default\">\n\t\t\t\t\t<div class=\"elementor-column elementor-col-100 elementor-top-column elementor-element elementor-element-19b5b86\" data-id=\"19b5b86\" data-element_type=\"column\" data-e-type=\"column\">\n\t\t\t<div class=\"elementor-widget-wrap elementor-element-populated\">\n\t\t\t\t\t\t<div class=\"elementor-element elementor-element-448134e elementor-widget elementor-widget-text-editor\" data-id=\"448134e\" data-element_type=\"widget\" data-e-type=\"widget\" data-widget_type=\"text-editor.default\">\n\t\t\t\t<div class=\"elementor-widget-container\">\n\t\t\t\t\t\t\t\t\t<p>Le 31 mai marque la Journ\u00e9e mondiale sans tabac, une occasion de rappeler l&rsquo;impact d\u00e9vastateur de la consommation de tabac sur la sant\u00e9 publique et l&rsquo;\u00e9conomie mondiale. Actuellement, environ <strong>1,3 milliard de personnes<\/strong> <strong>fument<\/strong> \u00e0 travers le monde, dont <strong>15 millions en France.<\/strong> Ces chiffres alarmants placent le tabac comme <strong>la premi\u00e8re cause de d\u00e9c\u00e8s \u00e9vitable<\/strong>, soulignant l&rsquo;urgence de renforcer les efforts de lutte contre le tabagisme. Dans ce contexte, mettons en lumi\u00e8re les avanc\u00e9es technologiques locales avec la start-up Versevrage, qui r\u00e9volutionne l&rsquo;aide \u00e0 l&rsquo;arr\u00eat du tabac gr\u00e2ce \u00e0 ses solutions personnalis\u00e9es et innovantes.<\/p>\t\t\t\t\t\t\t\t<\/div>\n\t\t\t\t<\/div>\n\t\t\t\t<div class=\"elementor-element elementor-element-9c9a41d elementor-widget elementor-widget-heading\" data-id=\"9c9a41d\" data-element_type=\"widget\" data-e-type=\"widget\" data-widget_type=\"heading.default\">\n\t\t\t\t<div class=\"elementor-widget-container\">\n\t\t\t\t\t<h3 class=\"elementor-heading-title elementor-size-default\">Versevrage ambitionne de r\u00e9volutionner le traitement du sevrage tabagique<\/h3>\t\t\t\t<\/div>\n\t\t\t\t<\/div>\n\t\t\t\t<div class=\"elementor-element elementor-element-92e5a0c elementor-widget elementor-widget-text-editor\" data-id=\"92e5a0c\" data-element_type=\"widget\" data-e-type=\"widget\" data-widget_type=\"text-editor.default\">\n\t\t\t\t<div class=\"elementor-widget-container\">\n\t\t\t\t\t\t\t\t\t<p>Versevrage est une startup innovante bas\u00e9e dans la r\u00e9gion grenobloise, fond\u00e9e en 2021 par S\u00e9bastien Omb\u00e9 et C\u00e9dric Verlucco, avec la mission de r\u00e9volutionner le traitement du sevrage tabagique. Notre premier candidat m\u00e9dicament, <strong>NIC\u00d8DI\u00d8L, int\u00e8gre un syst\u00e8me \u00e9lectronique de d\u00e9livrance de m\u00e9dicaments par vaporisation (SEDEM)<\/strong> envisag\u00e9 comme dispositif m\u00e9dical, \u00e0 des formulations liquides brevet\u00e9es combinant deux principes actifs, la nicotine et le cannabidiol (CBD). Ce traitement innovant vise \u00e0 obtenir une autorisation de mise sur le march\u00e9 en tant que premier substitut tabagique et nicotinique \u00e9lectronique.<\/p>\t\t\t\t\t\t\t\t<\/div>\n\t\t\t\t<\/div>\n\t\t\t\t<section class=\"elementor-section elementor-inner-section elementor-element elementor-element-d62700a elementor-section-boxed elementor-section-height-default elementor-section-height-default\" data-id=\"d62700a\" data-element_type=\"section\" data-e-type=\"section\">\n\t\t\t\t\t\t<div class=\"elementor-container elementor-column-gap-default\">\n\t\t\t\t\t<div class=\"elementor-column elementor-col-50 elementor-inner-column elementor-element elementor-element-bc729b1\" data-id=\"bc729b1\" data-element_type=\"column\" data-e-type=\"column\">\n\t\t\t<div class=\"elementor-widget-wrap elementor-element-populated\">\n\t\t\t\t\t\t<div class=\"elementor-element elementor-element-d6efe6c elementor-widget elementor-widget-image\" data-id=\"d6efe6c\" data-element_type=\"widget\" data-e-type=\"widget\" data-widget_type=\"image.default\">\n\t\t\t\t<div class=\"elementor-widget-container\">\n\t\t\t\t\t\t\t\t\t\t\t\t<figure class=\"wp-caption\">\n\t\t\t\t\t\t\t\t\t\t<img fetchpriority=\"high\" decoding=\"async\" width=\"768\" height=\"432\" src=\"https:\/\/medytec.eu\/wp-content\/uploads\/2024\/05\/Render_Validation_Nicodiol-768x432.png\" class=\"attachment-medium_large size-medium_large wp-image-7495\" alt=\"\" srcset=\"https:\/\/medytec.eu\/wp-content\/uploads\/2024\/05\/Render_Validation_Nicodiol-768x432.png 768w, https:\/\/medytec.eu\/wp-content\/uploads\/2024\/05\/Render_Validation_Nicodiol-300x169.png 300w, https:\/\/medytec.eu\/wp-content\/uploads\/2024\/05\/Render_Validation_Nicodiol-1024x576.png 1024w, https:\/\/medytec.eu\/wp-content\/uploads\/2024\/05\/Render_Validation_Nicodiol-1536x864.png 1536w, https:\/\/medytec.eu\/wp-content\/uploads\/2024\/05\/Render_Validation_Nicodiol-2048x1152.png 2048w, https:\/\/medytec.eu\/wp-content\/uploads\/2024\/05\/Render_Validation_Nicodiol-18x10.png 18w, https:\/\/medytec.eu\/wp-content\/uploads\/2024\/05\/Render_Validation_Nicodiol-800x450.png 800w\" sizes=\"(max-width: 768px) 100vw, 768px\" \/>\t\t\t\t\t\t\t\t\t\t\t<figcaption class=\"widget-image-caption wp-caption-text\"><\/figcaption>\n\t\t\t\t\t\t\t\t\t\t<\/figure>\n\t\t\t\t\t\t\t\t\t<\/div>\n\t\t\t\t<\/div>\n\t\t\t\t\t<\/div>\n\t\t<\/div>\n\t\t\t\t<div class=\"elementor-column elementor-col-50 elementor-inner-column elementor-element elementor-element-17d65ec\" data-id=\"17d65ec\" data-element_type=\"column\" data-e-type=\"column\">\n\t\t\t<div class=\"elementor-widget-wrap elementor-element-populated\">\n\t\t\t\t\t\t<div class=\"elementor-element elementor-element-96a0d6a elementor-widget elementor-widget-text-editor\" data-id=\"96a0d6a\" data-element_type=\"widget\" data-e-type=\"widget\" data-widget_type=\"text-editor.default\">\n\t\t\t\t<div class=\"elementor-widget-container\">\n\t\t\t\t\t\t\t\t\t<p>La combinaison de ces technologies permet de d\u00e9velopper une solution qui aborde les trois aspects de la d\u00e9pendance \u2013 physique, psychologique et comportementale. Un protocole d&rsquo;arr\u00eat du tabac \u00e0 travers un syst\u00e8me de paliers permettant de switcher de la mol\u00e9cule addictive (la nicotine) \u00e0 la non addictive (le CBD) jusqu\u2019au sevrage total. <b>Un cheminement vers l\u2019arr\u00eat sans souffrance et plus agr\u00e9able, avec un accompagnement des professionnels de sant\u00e9, rendant le processus accessible en officine.<\/b><\/p>\t\t\t\t\t\t\t\t<\/div>\n\t\t\t\t<\/div>\n\t\t\t\t\t<\/div>\n\t\t<\/div>\n\t\t\t\t\t<\/div>\n\t\t<\/section>\n\t\t\t\t<div class=\"elementor-element elementor-element-dc53c2d elementor-widget elementor-widget-spacer\" data-id=\"dc53c2d\" data-element_type=\"widget\" data-e-type=\"widget\" data-widget_type=\"spacer.default\">\n\t\t\t\t<div class=\"elementor-widget-container\">\n\t\t\t\t\t\t\t<div class=\"elementor-spacer\">\n\t\t\t<div class=\"elementor-spacer-inner\"><\/div>\n\t\t<\/div>\n\t\t\t\t\t\t<\/div>\n\t\t\t\t<\/div>\n\t\t\t\t<div class=\"elementor-element elementor-element-372dfc9 elementor-widget elementor-widget-heading\" data-id=\"372dfc9\" data-element_type=\"widget\" data-e-type=\"widget\" data-widget_type=\"heading.default\">\n\t\t\t\t<div class=\"elementor-widget-container\">\n\t\t\t\t\t<h3 class=\"elementor-heading-title elementor-size-default\">Nicodiol, premier substitut tabagique et nicotinique \u00e9lectronique \n<\/h3>\t\t\t\t<\/div>\n\t\t\t\t<\/div>\n\t\t\t\t<div class=\"elementor-element elementor-element-1082fe1 elementor-widget elementor-widget-video\" data-id=\"1082fe1\" data-element_type=\"widget\" data-e-type=\"widget\" data-settings=\"{&quot;youtube_url&quot;:&quot;https:\\\/\\\/www.youtube.com\\\/watch?time_continue=1&amp;v=fxpE1HpJVhk&amp;embeds_referring_euri=https%3A%2F%2Fnicodiol.fr%2F&amp;embeds_referring_origin=https%3A%2F%2Fnicodiol.fr&amp;source_ve_path=NzY3NTg&amp;feature=emb_yt_watermark&quot;,&quot;video_type&quot;:&quot;youtube&quot;,&quot;controls&quot;:&quot;yes&quot;}\" data-widget_type=\"video.default\">\n\t\t\t\t<div class=\"elementor-widget-container\">\n\t\t\t\t\t\t\t<div class=\"elementor-wrapper elementor-open-inline\">\n\t\t\t<div class=\"elementor-video\"><\/div>\t\t<\/div>\n\t\t\t\t\t\t<\/div>\n\t\t\t\t<\/div>\n\t\t\t\t<div class=\"elementor-element elementor-element-18a22b6 elementor-widget elementor-widget-heading\" data-id=\"18a22b6\" data-element_type=\"widget\" data-e-type=\"widget\" data-widget_type=\"heading.default\">\n\t\t\t\t<div class=\"elementor-widget-container\">\n\t\t\t\t\t<h3 class=\"elementor-heading-title elementor-size-default\">Une technologie qui vise \u00e0 traiter diff\u00e9rentes pathologies<\/h3>\t\t\t\t<\/div>\n\t\t\t\t<\/div>\n\t\t\t\t<div class=\"elementor-element elementor-element-36edf3c elementor-widget elementor-widget-text-editor\" data-id=\"36edf3c\" data-element_type=\"widget\" data-e-type=\"widget\" data-widget_type=\"text-editor.default\">\n\t\t\t\t<div class=\"elementor-widget-container\">\n\t\t\t\t\t\t\t\t\t<p>Le d\u00e9veloppement se distingue au-del\u00e0 de la solution NIC\u00d8DI\u00d8L. Un \u00e9largissement de l\u2019utilisation du SEDEM est pr\u00e9vu concernant les maladies connexes li\u00e9es au tabagisme telle que la bronchopneumopathie chronique obstructive (BPCO) touchant ainsi plus largement \u00e0 <strong>la sant\u00e9 respiratoire<\/strong>. Ce d\u00e9veloppement futur permettra d&rsquo;utiliser un m\u00eame dispositif m\u00e9dical permettant d\u2019administrer divers principes actifs afin de traiter diff\u00e9rentes pathologies. Avec une cin\u00e9tique, une biodisponibilit\u00e9 ainsi qu\u2019une approche patient diff\u00e9renciante nous renfor\u00e7ons notre position de pionnier en mati\u00e8re de nouvelle forme d\u2019administration de mol\u00e9cules actives par vaporisation.<\/p>\t\t\t\t\t\t\t\t<\/div>\n\t\t\t\t<\/div>\n\t\t\t\t<section class=\"elementor-section elementor-inner-section elementor-element elementor-element-9291927 elementor-section-boxed elementor-section-height-default elementor-section-height-default\" data-id=\"9291927\" data-element_type=\"section\" data-e-type=\"section\">\n\t\t\t\t\t\t<div class=\"elementor-container elementor-column-gap-default\">\n\t\t\t\t\t<div class=\"elementor-column elementor-col-50 elementor-inner-column elementor-element elementor-element-c35ac96\" data-id=\"c35ac96\" data-element_type=\"column\" data-e-type=\"column\">\n\t\t\t<div class=\"elementor-widget-wrap elementor-element-populated\">\n\t\t\t\t\t\t<div class=\"elementor-element elementor-element-475668d elementor-view-default elementor-widget elementor-widget-icon\" data-id=\"475668d\" data-element_type=\"widget\" data-e-type=\"widget\" data-widget_type=\"icon.default\">\n\t\t\t\t<div class=\"elementor-widget-container\">\n\t\t\t\t\t\t\t<div class=\"elementor-icon-wrapper\">\n\t\t\t<div class=\"elementor-icon\">\n\t\t\t<i aria-hidden=\"true\" class=\"fas fa-angle-double-right\"><\/i>\t\t\t<\/div>\n\t\t<\/div>\n\t\t\t\t\t\t<\/div>\n\t\t\t\t<\/div>\n\t\t\t\t\t<\/div>\n\t\t<\/div>\n\t\t\t\t<div class=\"elementor-column elementor-col-50 elementor-inner-column elementor-element elementor-element-a3e0abf\" data-id=\"a3e0abf\" data-element_type=\"column\" data-e-type=\"column\">\n\t\t\t<div class=\"elementor-widget-wrap elementor-element-populated\">\n\t\t\t\t\t\t<div class=\"elementor-element elementor-element-8ff820d elementor-widget elementor-widget-text-editor\" data-id=\"8ff820d\" data-element_type=\"widget\" data-e-type=\"widget\" data-widget_type=\"text-editor.default\">\n\t\t\t\t<div class=\"elementor-widget-container\">\n\t\t\t\t\t\t\t\t\t<p><strong>D<\/strong><b>es premiers essais cliniques de phase I (sur la pharmacocin\u00e9tique) et II (sur l\u2019efficacit\u00e9) sont programm\u00e9es pour le T1 2025.<\/b><\/p><p>Concernant notre futur DM tous nos tests ont obtenu la conformit\u00e9 avec la s\u00e9lection d\u2019un Organisme Notifi\u00e9 d\u00e9j\u00e0 \u00e9tablie en pr\u00e9vision du marquage CE qui devrait \u00eatre obtenu au T4 2025.<\/p><p>Une premi\u00e8re lev\u00e9e de fonds \u00e0 travers des investisseurs priv\u00e9s a permis de franchir toutes ces \u00e9tapes de d\u00e9veloppement pour nous amener sur cette deuxi\u00e8me phase n\u00e9cessitant d\u00e9sormais une seconde lev\u00e9e pour un montant d\u20191,5M\u20ac. L\u2019objectif \u00e9tant de pouvoir apporter la preuve formelle d\u2019une plus grande efficacit\u00e9 de notre traitement \u00e0 l\u2019issue des essais cliniques et d\u2019obtenir le marquage CE de notre dispositif en tant que DM.<\/p><p>Nous pourrons \u00e9galement poursuivre les d\u00e9marches engag\u00e9es sur le traitement de la BPCO \u00e0 travers l\u2019administration d\u2019un bronchodilatateur via notre SEDEM et ainsi \u00e9largir notre pipeline de candidats m\u00e9dicaments.<\/p><p>Ainsi un d\u00e9veloppement pharmaceutique de la soci\u00e9t\u00e9 est planifi\u00e9 tout comme la structuration interne favorisant cette \u00e9volution pharma.<\/p>\t\t\t\t\t\t\t\t<\/div>\n\t\t\t\t<\/div>\n\t\t\t\t\t<\/div>\n\t\t<\/div>\n\t\t\t\t\t<\/div>\n\t\t<\/section>\n\t\t\t\t<div class=\"elementor-element elementor-element-119b7df elementor-widget elementor-widget-spacer\" data-id=\"119b7df\" data-element_type=\"widget\" data-e-type=\"widget\" data-widget_type=\"spacer.default\">\n\t\t\t\t<div class=\"elementor-widget-container\">\n\t\t\t\t\t\t\t<div class=\"elementor-spacer\">\n\t\t\t<div class=\"elementor-spacer-inner\"><\/div>\n\t\t<\/div>\n\t\t\t\t\t\t<\/div>\n\t\t\t\t<\/div>\n\t\t\t\t<div class=\"elementor-element elementor-element-fa0740b elementor-widget elementor-widget-heading\" data-id=\"fa0740b\" data-element_type=\"widget\" data-e-type=\"widget\" data-widget_type=\"heading.default\">\n\t\t\t\t<div class=\"elementor-widget-container\">\n\t\t\t\t\t<h3 class=\"elementor-heading-title elementor-size-default\">L\u2019arr\u00eat du tabac, un des enjeux de sant\u00e9 publique et soci\u00e9tal majeur dans le monde<\/h3>\t\t\t\t<\/div>\n\t\t\t\t<\/div>\n\t\t\t\t<section class=\"elementor-section elementor-inner-section elementor-element elementor-element-df54c1a elementor-section-boxed elementor-section-height-default elementor-section-height-default\" data-id=\"df54c1a\" data-element_type=\"section\" data-e-type=\"section\">\n\t\t\t\t\t\t<div class=\"elementor-container elementor-column-gap-default\">\n\t\t\t\t\t<div class=\"elementor-column elementor-col-50 elementor-inner-column elementor-element elementor-element-3a219d9\" data-id=\"3a219d9\" data-element_type=\"column\" data-e-type=\"column\">\n\t\t\t<div class=\"elementor-widget-wrap elementor-element-populated\">\n\t\t\t\t\t\t<div class=\"elementor-element elementor-element-acb57ac elementor-widget elementor-widget-spacer\" data-id=\"acb57ac\" data-element_type=\"widget\" data-e-type=\"widget\" data-widget_type=\"spacer.default\">\n\t\t\t\t<div class=\"elementor-widget-container\">\n\t\t\t\t\t\t\t<div class=\"elementor-spacer\">\n\t\t\t<div class=\"elementor-spacer-inner\"><\/div>\n\t\t<\/div>\n\t\t\t\t\t\t<\/div>\n\t\t\t\t<\/div>\n\t\t\t\t<div class=\"elementor-element elementor-element-dae015b elementor-widget elementor-widget-image\" data-id=\"dae015b\" data-element_type=\"widget\" data-e-type=\"widget\" data-widget_type=\"image.default\">\n\t\t\t\t<div class=\"elementor-widget-container\">\n\t\t\t\t\t\t\t\t\t\t\t\t\t\t\t<img decoding=\"async\" width=\"674\" height=\"388\" src=\"https:\/\/medytec.eu\/wp-content\/uploads\/2024\/05\/sevrage-monde.webp\" class=\"attachment-large size-large wp-image-7497\" alt=\"\" srcset=\"https:\/\/medytec.eu\/wp-content\/uploads\/2024\/05\/sevrage-monde.webp 674w, https:\/\/medytec.eu\/wp-content\/uploads\/2024\/05\/sevrage-monde-300x173.webp 300w, https:\/\/medytec.eu\/wp-content\/uploads\/2024\/05\/sevrage-monde-18x10.webp 18w\" sizes=\"(max-width: 674px) 100vw, 674px\" \/>\t\t\t\t\t\t\t\t\t\t\t\t\t\t\t<\/div>\n\t\t\t\t<\/div>\n\t\t\t\t\t<\/div>\n\t\t<\/div>\n\t\t\t\t<div class=\"elementor-column elementor-col-50 elementor-inner-column elementor-element elementor-element-76b467d\" data-id=\"76b467d\" data-element_type=\"column\" data-e-type=\"column\">\n\t\t\t<div class=\"elementor-widget-wrap elementor-element-populated\">\n\t\t\t\t\t\t<div class=\"elementor-element elementor-element-b5cb5fd elementor-widget elementor-widget-text-editor\" data-id=\"b5cb5fd\" data-element_type=\"widget\" data-e-type=\"widget\" data-widget_type=\"text-editor.default\">\n\t\t\t\t<div class=\"elementor-widget-container\">\n\t\t\t\t\t\t\t\t\t<p>Versevrage est d\u00e9velopp\u00e9e pour apporter sa part de progr\u00e8s dans l\u2019univers de la sant\u00e9, en s\u2019attaquant \u00e0 deux des trois principales causes de d\u00e9c\u00e8s \u00e9vitables dans le monde \u00e0 travers les fl\u00e9aux du tabagisme et ses cons\u00e9quences de maladies chroniques comme la BPCO concernant des millions de personnes.<\/p><p><strong>Tout ceci est rendu possible gr\u00e2ce \u00e0 une \u00e9quipe pluridisciplinaire pionni\u00e8re dans la compr\u00e9hension globale des ph\u00e9nom\u00e8nes de vaporisation. Une excellence nous positionnant comme leader mondial en termes d\u2019expertise sur ce sujet.<\/strong><\/p><p>Cette approche unique non seulement diff\u00e9rencie Versevrage sur le march\u00e9 mais pose \u00e9galement les bases pour de futures avanc\u00e9es th\u00e9rapeutiques utilisant notre technologie de rupture.<\/p>\t\t\t\t\t\t\t\t<\/div>\n\t\t\t\t<\/div>\n\t\t\t\t\t<\/div>\n\t\t<\/div>\n\t\t\t\t\t<\/div>\n\t\t<\/section>\n\t\t\t\t\t<\/div>\n\t\t<\/div>\n\t\t\t\t\t<\/div>\n\t\t<\/section>\n\t\t\t\t<section class=\"elementor-section elementor-top-section elementor-element elementor-element-ede9692 elementor-section-boxed elementor-section-height-default elementor-section-height-default\" data-id=\"ede9692\" data-element_type=\"section\" data-e-type=\"section\">\n\t\t\t\t\t\t<div class=\"elementor-container elementor-column-gap-default\">\n\t\t\t\t\t<div class=\"elementor-column elementor-col-100 elementor-top-column elementor-element elementor-element-d133ffe\" data-id=\"d133ffe\" data-element_type=\"column\" data-e-type=\"column\">\n\t\t\t<div class=\"elementor-widget-wrap elementor-element-populated\">\n\t\t\t\t\t\t<div class=\"elementor-element elementor-element-1ac9af3 elementor-align-center elementor-widget elementor-widget-button\" data-id=\"1ac9af3\" data-element_type=\"widget\" data-e-type=\"widget\" data-widget_type=\"button.default\">\n\t\t\t\t<div class=\"elementor-widget-container\">\n\t\t\t\t\t\t\t\t\t<div class=\"elementor-button-wrapper\">\n\t\t\t\t\t<a class=\"elementor-button elementor-button-link elementor-size-sm\" href=\"https:\/\/nicodiol.fr\/\">\n\t\t\t\t\t\t<span class=\"elementor-button-content-wrapper\">\n\t\t\t\t\t\t\t\t\t<span class=\"elementor-button-text\">More information<\/span>\n\t\t\t\t\t<\/span>\n\t\t\t\t\t<\/a>\n\t\t\t\t<\/div>\n\t\t\t\t\t\t\t\t<\/div>\n\t\t\t\t<\/div>\n\t\t\t\t<div class=\"elementor-element elementor-element-39af096 elementor-widget elementor-widget-text-editor\" data-id=\"39af096\" data-element_type=\"widget\" data-e-type=\"widget\" data-widget_type=\"text-editor.default\">\n\t\t\t\t<div class=\"elementor-widget-container\">\n\t\t\t\t\t\t\t\t\t<section data-id=\"be815c8\" data-element_type=\"section\"><div><div data-id=\"d2e58fc\" data-element_type=\"column\"><div><div data-id=\"004f750\" data-element_type=\"widget\" data-widget_type=\"text-editor.default\"><div><p>\u00a0Venez d\u00e9couvrir les innovations du showroom de Medytec lors de nos <strong>\u00a0<a href=\"https:\/\/medytec.eu\/en\/events\/journees-libre-acces-showroom-medytec\/\" target=\"_blank\" rel=\"noopener\">portes ouvertes<\/a><\/strong> !<\/p><\/div><\/div><\/div><\/div><\/div><\/section><section data-id=\"7da80ef\" data-element_type=\"section\"><div data-id=\"5697dea\" data-element_type=\"column\"><div data-id=\"86355ea\" data-element_type=\"widget\" data-widget_type=\"text-editor.default\"><ul><li><a href=\"https:\/\/www.emoface.fr\/\">Apprivoiser les \u00e9motions pour les enfants autistes<\/a><\/li><li><a href=\"https:\/\/medytec.eu\/en\/2023\/12\/12\/teledyne-solutions-dimagerie-pour-application-medicale\/\">Les solutions d\u2019imagerie pour les applications m\u00e9dicales<\/a><\/li><li><a href=\"https:\/\/medytec.eu\/en\/2023\/03\/14\/les-innovations-en-sante-du-territoire-quand-lia-decrypte-les-images-du-cerveau\/\" target=\"_blank\" rel=\"noopener\">Des outils d\u2019aide \u00e0 la d\u00e9cision clinique pour la radiologie \u2013 Pixyl\u00a0<\/a><\/li><li><a href=\"https:\/\/medytec.eu\/en\/2021\/10\/05\/les-innovations-en-sante-du-territoire-pi-box-innospark-calculs-renaux\/\">Les Pi-Box\u00a9, collecte de calculs r\u00e9naux<\/a><\/li><li><a href=\"https:\/\/medytec.eu\/en\/2021\/07\/08\/les-innovations-en-sante-du-territoire-le-labpad-d-avalun\/\" target=\"_blank\" rel=\"noopener\">Le Labpad<\/a><a href=\"https:\/\/medytec.eu\/en\/2020\/12\/03\/les-innovations-en-sante-du-territoire-les-dispositifs-intuity-ject-mix\/\" target=\"_blank\" rel=\"noopener\">\u00ae<\/a><a href=\"https:\/\/medytec.eu\/en\/2021\/07\/08\/les-innovations-en-sante-du-territoire-le-labpad-d-avalun\/\" target=\"_blank\" rel=\"noopener\">\u00a0de Avalun\u00a0<\/a><\/li><li><a href=\"https:\/\/medytec.eu\/en\/2021\/04\/08\/les-innovations-en-sante-du-territoire-la-technologie-de-steute\/\" target=\"_blank\" rel=\"noopener\">Les p\u00e9dales de Steute<\/a><\/li><li><a href=\"https:\/\/medytec.eu\/en\/2020\/12\/03\/les-innovations-en-sante-du-territoire-les-dispositifs-intuity-ject-mix\/\" target=\"_blank\" rel=\"noopener\">Les dispositifs Intuity\u00ae Ject &amp; Mix<\/a><\/li><li><a href=\"https:\/\/medytec.eu\/en\/2021\/01\/05\/les-innovations-en-sante-du-territoire-le-dispositif-de-neurostimulation-transcutanee-connecte-actitens\/\" target=\"_blank\" rel=\"noreferrer noopener\">Le dispositif de neurostimulation transcutan\u00e9e connect\u00e9 actiTENS<\/a><\/li><li><a href=\"https:\/\/medytec.eu\/en\/2020\/07\/10\/decouvrez-les-innovations-en-sante-du-territoire-le-dispositif-protool\/\">Le dispositif PROTOOL\u00ae<\/a><\/li><li><a href=\"https:\/\/medytec.eu\/en\/2020\/08\/17\/les-innovations-en-sante-du-territoire-la-micro-fabrication-2d-et-3d\/\">La micro fabrication 2D et 3D<\/a><\/li><li><a href=\"https:\/\/medytec.eu\/en\/2020\/09\/23\/les-innovations-en-sante-du-territoire-le-pansement-connecte\/\">Le pansement connect\u00e9 de Grapheal<\/a><\/li><li><a href=\"https:\/\/medytec.eu\/en\/2021\/03\/11\/les-innovations-en-sante-du-territoire-la-solution-remedee-labs\/\" target=\"_blank\" rel=\"noopener\">La solution Remedee Labs pour la prise en charge de la douleur<\/a><\/li><li><a href=\"https:\/\/medytec.eu\/en\/2021\/02\/11\/les-innovations-en-sante-du-territoire-la-plateforme-surgivisio-decential-robotics\/\" target=\"_blank\" rel=\"noreferrer noopener\">La plateforme Surgivisio d\u2019eCential Robotics<\/a><\/li><\/ul><\/div><\/div><\/section>\t\t\t\t\t\t\t\t<\/div>\n\t\t\t\t<\/div>\n\t\t\t\t<div class=\"elementor-element elementor-element-a2a8d0c elementor-widget elementor-widget-spacer\" data-id=\"a2a8d0c\" data-element_type=\"widget\" data-e-type=\"widget\" data-widget_type=\"spacer.default\">\n\t\t\t\t<div class=\"elementor-widget-container\">\n\t\t\t\t\t\t\t<div class=\"elementor-spacer\">\n\t\t\t<div class=\"elementor-spacer-inner\"><\/div>\n\t\t<\/div>\n\t\t\t\t\t\t<\/div>\n\t\t\t\t<\/div>\n\t\t\t\t<div class=\"elementor-element elementor-element-7eaeca8 elementor-widget elementor-widget-text-editor\" data-id=\"7eaeca8\" data-element_type=\"widget\" data-e-type=\"widget\" data-widget_type=\"text-editor.default\">\n\t\t\t\t<div class=\"elementor-widget-container\">\n\t\t\t\t\t\t\t\t\t<p style=\"text-align: right;\">L\u2019\u00e9quipe Medytec<\/p>\t\t\t\t\t\t\t\t<\/div>\n\t\t\t\t<\/div>\n\t\t\t\t\t<\/div>\n\t\t<\/div>\n\t\t\t\t\t<\/div>\n\t\t<\/section>\n\t\t\t\t<\/div>","protected":false},"excerpt":{"rendered":"<p>Le 31 mai marque la Journ\u00e9e mondiale sans tabac, une occasion de rappeler l&rsquo;impact d\u00e9vastateur de la consommation de tabac sur la sant\u00e9 publique et l&rsquo;\u00e9conomie mondiale. Actuellement, environ 1,3 milliard de personnes fument \u00e0 travers le monde, dont 15 millions en France. Ces chiffres alarmants placent le tabac comme la premi\u00e8re cause de d\u00e9c\u00e8s [&hellip;]<\/p>\n","protected":false},"author":4,"featured_media":7494,"comment_status":"closed","ping_status":"closed","sticky":false,"template":"","format":"standard","meta":{"ocean_post_layout":"","ocean_both_sidebars_style":"","ocean_both_sidebars_content_width":0,"ocean_both_sidebars_sidebars_width":0,"ocean_sidebar":"0","ocean_second_sidebar":"0","ocean_disable_margins":"enable","ocean_add_body_class":"","ocean_shortcode_before_top_bar":"","ocean_shortcode_after_top_bar":"","ocean_shortcode_before_header":"","ocean_shortcode_after_header":"","ocean_has_shortcode":"","ocean_shortcode_after_title":"","ocean_shortcode_before_footer_widgets":"","ocean_shortcode_after_footer_widgets":"","ocean_shortcode_before_footer_bottom":"","ocean_shortcode_after_footer_bottom":"","ocean_display_top_bar":"default","ocean_display_header":"default","ocean_header_style":"","ocean_center_header_left_menu":"0","ocean_custom_header_template":"0","ocean_custom_logo":0,"ocean_custom_retina_logo":0,"ocean_custom_logo_max_width":0,"ocean_custom_logo_tablet_max_width":0,"ocean_custom_logo_mobile_max_width":0,"ocean_custom_logo_max_height":0,"ocean_custom_logo_tablet_max_height":0,"ocean_custom_logo_mobile_max_height":0,"ocean_header_custom_menu":"0","ocean_menu_typo_font_family":"0","ocean_menu_typo_font_subset":"","ocean_menu_typo_font_size":0,"ocean_menu_typo_font_size_tablet":0,"ocean_menu_typo_font_size_mobile":0,"ocean_menu_typo_font_size_unit":"px","ocean_menu_typo_font_weight":"","ocean_menu_typo_font_weight_tablet":"","ocean_menu_typo_font_weight_mobile":"","ocean_menu_typo_transform":"","ocean_menu_typo_transform_tablet":"","ocean_menu_typo_transform_mobile":"","ocean_menu_typo_line_height":0,"ocean_menu_typo_line_height_tablet":0,"ocean_menu_typo_line_height_mobile":0,"ocean_menu_typo_line_height_unit":"","ocean_menu_typo_spacing":0,"ocean_menu_typo_spacing_tablet":0,"ocean_menu_typo_spacing_mobile":0,"ocean_menu_typo_spacing_unit":"","ocean_menu_link_color":"","ocean_menu_link_color_hover":"","ocean_menu_link_color_active":"","ocean_menu_link_background":"","ocean_menu_link_hover_background":"","ocean_menu_link_active_background":"","ocean_menu_social_links_bg":"","ocean_menu_social_hover_links_bg":"","ocean_menu_social_links_color":"","ocean_menu_social_hover_links_color":"","ocean_disable_title":"default","ocean_disable_heading":"default","ocean_post_title":"","ocean_post_subheading":"","ocean_post_title_style":"","ocean_post_title_background_color":"","ocean_post_title_background":0,"ocean_post_title_bg_image_position":"","ocean_post_title_bg_image_attachment":"","ocean_post_title_bg_image_repeat":"","ocean_post_title_bg_image_size":"","ocean_post_title_height":0,"ocean_post_title_bg_overlay":0.5,"ocean_post_title_bg_overlay_color":"","ocean_disable_breadcrumbs":"default","ocean_breadcrumbs_color":"","ocean_breadcrumbs_separator_color":"","ocean_breadcrumbs_links_color":"","ocean_breadcrumbs_links_hover_color":"","ocean_display_footer_widgets":"default","ocean_display_footer_bottom":"default","ocean_custom_footer_template":"0","ocean_post_oembed":"","ocean_post_self_hosted_media":"","ocean_post_video_embed":"","ocean_link_format":"","ocean_link_format_target":"self","ocean_quote_format":"","ocean_quote_format_link":"post","ocean_gallery_link_images":"off","ocean_gallery_id":[],"footnotes":""},"categories":[55],"tags":[],"class_list":["post-7491","post","type-post","status-publish","format-standard","has-post-thumbnail","hentry","category-innovations-en-sante","entry","has-media"],"yoast_head":"<!-- This site is optimized with the Yoast SEO plugin v27.5 - https:\/\/yoast.com\/product\/yoast-seo-wordpress\/ -->\n<title>Journ\u00e9e mondiale sans tabac avec Versevrage<\/title>\n<meta name=\"description\" content=\"Start-up innovante qui ambitionne de r\u00e9volutionner le traitement du sevrage tabagique avec la solution NIC\u00d8DI\u00d8L.\" \/>\n<meta name=\"robots\" content=\"index, follow, max-snippet:-1, max-image-preview:large, max-video-preview:-1\" \/>\n<link rel=\"canonical\" href=\"https:\/\/medytec.eu\/en\/2024\/05\/31\/soutenons-la-journee-mondiale-sans-tabac-avec-versevrage\/\" \/>\n<meta property=\"og:locale\" content=\"en_US\" \/>\n<meta property=\"og:type\" content=\"article\" \/>\n<meta property=\"og:title\" content=\"Journ\u00e9e mondiale sans tabac avec Versevrage\" \/>\n<meta property=\"og:description\" content=\"Start-up innovante qui ambitionne de r\u00e9volutionner le traitement du sevrage tabagique avec la solution NIC\u00d8DI\u00d8L.\" \/>\n<meta property=\"og:url\" content=\"https:\/\/medytec.eu\/en\/2024\/05\/31\/soutenons-la-journee-mondiale-sans-tabac-avec-versevrage\/\" \/>\n<meta property=\"og:site_name\" content=\"Medytec\" \/>\n<meta property=\"article:published_time\" content=\"2024-05-31T10:17:29+00:00\" \/>\n<meta property=\"article:modified_time\" content=\"2024-05-31T10:17:32+00:00\" \/>\n<meta property=\"og:image\" content=\"https:\/\/medytec.eu\/wp-content\/uploads\/2024\/05\/versevrage_vert-profil-FB.png\" \/>\n\t<meta property=\"og:image:width\" content=\"4000\" \/>\n\t<meta property=\"og:image:height\" content=\"4000\" \/>\n\t<meta property=\"og:image:type\" content=\"image\/png\" \/>\n<meta name=\"author\" content=\"okparfait\" \/>\n<meta name=\"twitter:card\" content=\"summary_large_image\" \/>\n<meta name=\"twitter:label1\" content=\"Written by\" \/>\n\t<meta name=\"twitter:data1\" content=\"okparfait\" \/>\n\t<meta name=\"twitter:label2\" content=\"Est. reading time\" \/>\n\t<meta name=\"twitter:data2\" content=\"5 minutes\" \/>\n<script type=\"application\/ld+json\" class=\"yoast-schema-graph\">{\"@context\":\"https:\\\/\\\/schema.org\",\"@graph\":[{\"@type\":\"Article\",\"@id\":\"https:\\\/\\\/medytec.eu\\\/2024\\\/05\\\/31\\\/soutenons-la-journee-mondiale-sans-tabac-avec-versevrage\\\/#article\",\"isPartOf\":{\"@id\":\"https:\\\/\\\/medytec.eu\\\/2024\\\/05\\\/31\\\/soutenons-la-journee-mondiale-sans-tabac-avec-versevrage\\\/\"},\"author\":{\"name\":\"okparfait\",\"@id\":\"https:\\\/\\\/medytec.eu\\\/#\\\/schema\\\/person\\\/52643406ade6747ec29f0a5ca286f5fe\"},\"headline\":\"Soutenons la Journ\u00e9e mondiale sans tabac avec VERSEVRAGE !\",\"datePublished\":\"2024-05-31T10:17:29+00:00\",\"dateModified\":\"2024-05-31T10:17:32+00:00\",\"mainEntityOfPage\":{\"@id\":\"https:\\\/\\\/medytec.eu\\\/2024\\\/05\\\/31\\\/soutenons-la-journee-mondiale-sans-tabac-avec-versevrage\\\/\"},\"wordCount\":893,\"publisher\":{\"@id\":\"https:\\\/\\\/medytec.eu\\\/#organization\"},\"image\":{\"@id\":\"https:\\\/\\\/medytec.eu\\\/2024\\\/05\\\/31\\\/soutenons-la-journee-mondiale-sans-tabac-avec-versevrage\\\/#primaryimage\"},\"thumbnailUrl\":\"https:\\\/\\\/medytec.eu\\\/wp-content\\\/uploads\\\/2024\\\/05\\\/versevrage_vert-profil-FB.png\",\"articleSection\":[\"Innovations en sant\u00e9\"],\"inLanguage\":\"en-US\"},{\"@type\":\"WebPage\",\"@id\":\"https:\\\/\\\/medytec.eu\\\/2024\\\/05\\\/31\\\/soutenons-la-journee-mondiale-sans-tabac-avec-versevrage\\\/\",\"url\":\"https:\\\/\\\/medytec.eu\\\/2024\\\/05\\\/31\\\/soutenons-la-journee-mondiale-sans-tabac-avec-versevrage\\\/\",\"name\":\"Journ\u00e9e mondiale sans tabac avec Versevrage\",\"isPartOf\":{\"@id\":\"https:\\\/\\\/medytec.eu\\\/#website\"},\"primaryImageOfPage\":{\"@id\":\"https:\\\/\\\/medytec.eu\\\/2024\\\/05\\\/31\\\/soutenons-la-journee-mondiale-sans-tabac-avec-versevrage\\\/#primaryimage\"},\"image\":{\"@id\":\"https:\\\/\\\/medytec.eu\\\/2024\\\/05\\\/31\\\/soutenons-la-journee-mondiale-sans-tabac-avec-versevrage\\\/#primaryimage\"},\"thumbnailUrl\":\"https:\\\/\\\/medytec.eu\\\/wp-content\\\/uploads\\\/2024\\\/05\\\/versevrage_vert-profil-FB.png\",\"datePublished\":\"2024-05-31T10:17:29+00:00\",\"dateModified\":\"2024-05-31T10:17:32+00:00\",\"description\":\"Start-up innovante qui ambitionne de r\u00e9volutionner le traitement du sevrage tabagique avec la solution NIC\u00d8DI\u00d8L.\",\"breadcrumb\":{\"@id\":\"https:\\\/\\\/medytec.eu\\\/2024\\\/05\\\/31\\\/soutenons-la-journee-mondiale-sans-tabac-avec-versevrage\\\/#breadcrumb\"},\"inLanguage\":\"en-US\",\"potentialAction\":[{\"@type\":\"ReadAction\",\"target\":[\"https:\\\/\\\/medytec.eu\\\/2024\\\/05\\\/31\\\/soutenons-la-journee-mondiale-sans-tabac-avec-versevrage\\\/\"]}]},{\"@type\":\"ImageObject\",\"inLanguage\":\"en-US\",\"@id\":\"https:\\\/\\\/medytec.eu\\\/2024\\\/05\\\/31\\\/soutenons-la-journee-mondiale-sans-tabac-avec-versevrage\\\/#primaryimage\",\"url\":\"https:\\\/\\\/medytec.eu\\\/wp-content\\\/uploads\\\/2024\\\/05\\\/versevrage_vert-profil-FB.png\",\"contentUrl\":\"https:\\\/\\\/medytec.eu\\\/wp-content\\\/uploads\\\/2024\\\/05\\\/versevrage_vert-profil-FB.png\",\"width\":4000,\"height\":4000},{\"@type\":\"BreadcrumbList\",\"@id\":\"https:\\\/\\\/medytec.eu\\\/2024\\\/05\\\/31\\\/soutenons-la-journee-mondiale-sans-tabac-avec-versevrage\\\/#breadcrumb\",\"itemListElement\":[{\"@type\":\"ListItem\",\"position\":1,\"name\":\"Accueil\",\"item\":\"https:\\\/\\\/medytec.eu\\\/\"},{\"@type\":\"ListItem\",\"position\":2,\"name\":\"Soutenons la Journ\u00e9e mondiale sans tabac avec VERSEVRAGE !\"}]},{\"@type\":\"WebSite\",\"@id\":\"https:\\\/\\\/medytec.eu\\\/#website\",\"url\":\"https:\\\/\\\/medytec.eu\\\/\",\"name\":\"Medytec\",\"description\":\"Le hub des technologies de la sant\u00e9 de grenoble-Alpes\",\"publisher\":{\"@id\":\"https:\\\/\\\/medytec.eu\\\/#organization\"},\"potentialAction\":[{\"@type\":\"SearchAction\",\"target\":{\"@type\":\"EntryPoint\",\"urlTemplate\":\"https:\\\/\\\/medytec.eu\\\/?s={search_term_string}\"},\"query-input\":{\"@type\":\"PropertyValueSpecification\",\"valueRequired\":true,\"valueName\":\"search_term_string\"}}],\"inLanguage\":\"en-US\"},{\"@type\":\"Organization\",\"@id\":\"https:\\\/\\\/medytec.eu\\\/#organization\",\"name\":\"MedYtec\",\"url\":\"https:\\\/\\\/medytec.eu\\\/\",\"logo\":{\"@type\":\"ImageObject\",\"inLanguage\":\"en-US\",\"@id\":\"https:\\\/\\\/medytec.eu\\\/#\\\/schema\\\/logo\\\/image\\\/\",\"url\":\"https:\\\/\\\/medytec.eu\\\/wp-content\\\/uploads\\\/2020\\\/02\\\/logo-medytec.png\",\"contentUrl\":\"https:\\\/\\\/medytec.eu\\\/wp-content\\\/uploads\\\/2020\\\/02\\\/logo-medytec.png\",\"width\":426,\"height\":147,\"caption\":\"MedYtec\"},\"image\":{\"@id\":\"https:\\\/\\\/medytec.eu\\\/#\\\/schema\\\/logo\\\/image\\\/\"}},{\"@type\":\"Person\",\"@id\":\"https:\\\/\\\/medytec.eu\\\/#\\\/schema\\\/person\\\/52643406ade6747ec29f0a5ca286f5fe\",\"name\":\"okparfait\",\"url\":\"https:\\\/\\\/medytec.eu\\\/en\\\/author\\\/e486db832ef7dcb5\\\/\"}]}<\/script>\n<!-- \/ Yoast SEO plugin. -->","yoast_head_json":{"title":"Journ\u00e9e mondiale sans tabac avec Versevrage","description":"Start-up innovante qui ambitionne de r\u00e9volutionner le traitement du sevrage tabagique avec la solution NIC\u00d8DI\u00d8L.","robots":{"index":"index","follow":"follow","max-snippet":"max-snippet:-1","max-image-preview":"max-image-preview:large","max-video-preview":"max-video-preview:-1"},"canonical":"https:\/\/medytec.eu\/en\/2024\/05\/31\/soutenons-la-journee-mondiale-sans-tabac-avec-versevrage\/","og_locale":"en_US","og_type":"article","og_title":"Journ\u00e9e mondiale sans tabac avec Versevrage","og_description":"Start-up innovante qui ambitionne de r\u00e9volutionner le traitement du sevrage tabagique avec la solution NIC\u00d8DI\u00d8L.","og_url":"https:\/\/medytec.eu\/en\/2024\/05\/31\/soutenons-la-journee-mondiale-sans-tabac-avec-versevrage\/","og_site_name":"Medytec","article_published_time":"2024-05-31T10:17:29+00:00","article_modified_time":"2024-05-31T10:17:32+00:00","og_image":[{"width":4000,"height":4000,"url":"https:\/\/medytec.eu\/wp-content\/uploads\/2024\/05\/versevrage_vert-profil-FB.png","type":"image\/png"}],"author":"okparfait","twitter_card":"summary_large_image","twitter_misc":{"Written by":"okparfait","Est. reading time":"5 minutes"},"schema":{"@context":"https:\/\/schema.org","@graph":[{"@type":"Article","@id":"https:\/\/medytec.eu\/2024\/05\/31\/soutenons-la-journee-mondiale-sans-tabac-avec-versevrage\/#article","isPartOf":{"@id":"https:\/\/medytec.eu\/2024\/05\/31\/soutenons-la-journee-mondiale-sans-tabac-avec-versevrage\/"},"author":{"name":"okparfait","@id":"https:\/\/medytec.eu\/#\/schema\/person\/52643406ade6747ec29f0a5ca286f5fe"},"headline":"Soutenons la Journ\u00e9e mondiale sans tabac avec VERSEVRAGE !","datePublished":"2024-05-31T10:17:29+00:00","dateModified":"2024-05-31T10:17:32+00:00","mainEntityOfPage":{"@id":"https:\/\/medytec.eu\/2024\/05\/31\/soutenons-la-journee-mondiale-sans-tabac-avec-versevrage\/"},"wordCount":893,"publisher":{"@id":"https:\/\/medytec.eu\/#organization"},"image":{"@id":"https:\/\/medytec.eu\/2024\/05\/31\/soutenons-la-journee-mondiale-sans-tabac-avec-versevrage\/#primaryimage"},"thumbnailUrl":"https:\/\/medytec.eu\/wp-content\/uploads\/2024\/05\/versevrage_vert-profil-FB.png","articleSection":["Innovations en sant\u00e9"],"inLanguage":"en-US"},{"@type":"WebPage","@id":"https:\/\/medytec.eu\/2024\/05\/31\/soutenons-la-journee-mondiale-sans-tabac-avec-versevrage\/","url":"https:\/\/medytec.eu\/2024\/05\/31\/soutenons-la-journee-mondiale-sans-tabac-avec-versevrage\/","name":"Journ\u00e9e mondiale sans tabac avec Versevrage","isPartOf":{"@id":"https:\/\/medytec.eu\/#website"},"primaryImageOfPage":{"@id":"https:\/\/medytec.eu\/2024\/05\/31\/soutenons-la-journee-mondiale-sans-tabac-avec-versevrage\/#primaryimage"},"image":{"@id":"https:\/\/medytec.eu\/2024\/05\/31\/soutenons-la-journee-mondiale-sans-tabac-avec-versevrage\/#primaryimage"},"thumbnailUrl":"https:\/\/medytec.eu\/wp-content\/uploads\/2024\/05\/versevrage_vert-profil-FB.png","datePublished":"2024-05-31T10:17:29+00:00","dateModified":"2024-05-31T10:17:32+00:00","description":"Start-up innovante qui ambitionne de r\u00e9volutionner le traitement du sevrage tabagique avec la solution NIC\u00d8DI\u00d8L.","breadcrumb":{"@id":"https:\/\/medytec.eu\/2024\/05\/31\/soutenons-la-journee-mondiale-sans-tabac-avec-versevrage\/#breadcrumb"},"inLanguage":"en-US","potentialAction":[{"@type":"ReadAction","target":["https:\/\/medytec.eu\/2024\/05\/31\/soutenons-la-journee-mondiale-sans-tabac-avec-versevrage\/"]}]},{"@type":"ImageObject","inLanguage":"en-US","@id":"https:\/\/medytec.eu\/2024\/05\/31\/soutenons-la-journee-mondiale-sans-tabac-avec-versevrage\/#primaryimage","url":"https:\/\/medytec.eu\/wp-content\/uploads\/2024\/05\/versevrage_vert-profil-FB.png","contentUrl":"https:\/\/medytec.eu\/wp-content\/uploads\/2024\/05\/versevrage_vert-profil-FB.png","width":4000,"height":4000},{"@type":"BreadcrumbList","@id":"https:\/\/medytec.eu\/2024\/05\/31\/soutenons-la-journee-mondiale-sans-tabac-avec-versevrage\/#breadcrumb","itemListElement":[{"@type":"ListItem","position":1,"name":"Accueil","item":"https:\/\/medytec.eu\/"},{"@type":"ListItem","position":2,"name":"Soutenons la Journ\u00e9e mondiale sans tabac avec VERSEVRAGE !"}]},{"@type":"WebSite","@id":"https:\/\/medytec.eu\/#website","url":"https:\/\/medytec.eu\/","name":"Medytec","description":"Le hub des technologies de la sant\u00e9 de grenoble-Alpes","publisher":{"@id":"https:\/\/medytec.eu\/#organization"},"potentialAction":[{"@type":"SearchAction","target":{"@type":"EntryPoint","urlTemplate":"https:\/\/medytec.eu\/?s={search_term_string}"},"query-input":{"@type":"PropertyValueSpecification","valueRequired":true,"valueName":"search_term_string"}}],"inLanguage":"en-US"},{"@type":"Organization","@id":"https:\/\/medytec.eu\/#organization","name":"MedYtec","url":"https:\/\/medytec.eu\/","logo":{"@type":"ImageObject","inLanguage":"en-US","@id":"https:\/\/medytec.eu\/#\/schema\/logo\/image\/","url":"https:\/\/medytec.eu\/wp-content\/uploads\/2020\/02\/logo-medytec.png","contentUrl":"https:\/\/medytec.eu\/wp-content\/uploads\/2020\/02\/logo-medytec.png","width":426,"height":147,"caption":"MedYtec"},"image":{"@id":"https:\/\/medytec.eu\/#\/schema\/logo\/image\/"}},{"@type":"Person","@id":"https:\/\/medytec.eu\/#\/schema\/person\/52643406ade6747ec29f0a5ca286f5fe","name":"okparfait","url":"https:\/\/medytec.eu\/en\/author\/e486db832ef7dcb5\/"}]}},"_links":{"self":[{"href":"https:\/\/medytec.eu\/en\/wp-json\/wp\/v2\/posts\/7491","targetHints":{"allow":["GET"]}}],"collection":[{"href":"https:\/\/medytec.eu\/en\/wp-json\/wp\/v2\/posts"}],"about":[{"href":"https:\/\/medytec.eu\/en\/wp-json\/wp\/v2\/types\/post"}],"author":[{"embeddable":true,"href":"https:\/\/medytec.eu\/en\/wp-json\/wp\/v2\/users\/4"}],"replies":[{"embeddable":true,"href":"https:\/\/medytec.eu\/en\/wp-json\/wp\/v2\/comments?post=7491"}],"version-history":[{"count":0,"href":"https:\/\/medytec.eu\/en\/wp-json\/wp\/v2\/posts\/7491\/revisions"}],"wp:featuredmedia":[{"embeddable":true,"href":"https:\/\/medytec.eu\/en\/wp-json\/wp\/v2\/media\/7494"}],"wp:attachment":[{"href":"https:\/\/medytec.eu\/en\/wp-json\/wp\/v2\/media?parent=7491"}],"wp:term":[{"taxonomy":"category","embeddable":true,"href":"https:\/\/medytec.eu\/en\/wp-json\/wp\/v2\/categories?post=7491"},{"taxonomy":"post_tag","embeddable":true,"href":"https:\/\/medytec.eu\/en\/wp-json\/wp\/v2\/tags?post=7491"}],"curies":[{"name":"wp","href":"https:\/\/api.w.org\/{rel}","templated":true}]}}