{"id":6687,"date":"2023-12-13T14:49:29","date_gmt":"2023-12-13T13:49:29","guid":{"rendered":"https:\/\/medytec.eu\/?p=6687"},"modified":"2024-03-14T10:00:07","modified_gmt":"2024-03-14T09:00:07","slug":"visite-avec-grenoble-alpes-tourisme-innovations-sante","status":"publish","type":"post","link":"https:\/\/medytec.eu\/en\/2023\/12\/13\/visite-avec-grenoble-alpes-tourisme-innovations-sante\/","title":{"rendered":"Visite guid\u00e9e avec Grenoble Alpes Tourisme"},"content":{"rendered":"<div data-elementor-type=\"wp-post\" data-elementor-id=\"6687\" class=\"elementor elementor-6687\" data-elementor-post-type=\"post\">\n\t\t\t\t\t\t<section class=\"elementor-section elementor-top-section elementor-element elementor-element-53eb68c elementor-section-boxed elementor-section-height-default elementor-section-height-default\" data-id=\"53eb68c\" data-element_type=\"section\" data-e-type=\"section\">\n\t\t\t\t\t\t<div class=\"elementor-container elementor-column-gap-default\">\n\t\t\t\t\t<div class=\"elementor-column elementor-col-100 elementor-top-column elementor-element elementor-element-ade196e\" data-id=\"ade196e\" data-element_type=\"column\" data-e-type=\"column\">\n\t\t\t<div class=\"elementor-widget-wrap elementor-element-populated\">\n\t\t\t\t\t\t<div class=\"elementor-element elementor-element-88c801c elementor-widget elementor-widget-heading\" data-id=\"88c801c\" data-element_type=\"widget\" data-e-type=\"widget\" data-widget_type=\"heading.default\">\n\t\t\t\t<div class=\"elementor-widget-container\">\n\t\t\t\t\t<h4 class=\"elementor-heading-title elementor-size-default\">20 OCTOBRE 2023 - DE 14H \u00c0 16H30<\/h4>\t\t\t\t<\/div>\n\t\t\t\t<\/div>\n\t\t\t\t\t<\/div>\n\t\t<\/div>\n\t\t\t\t\t<\/div>\n\t\t<\/section>\n\t\t\t\t<section class=\"elementor-section elementor-top-section elementor-element elementor-element-92e9f2a elementor-section-boxed elementor-section-height-default elementor-section-height-default\" data-id=\"92e9f2a\" data-element_type=\"section\" data-e-type=\"section\">\n\t\t\t\t\t\t<div class=\"elementor-container elementor-column-gap-default\">\n\t\t\t\t\t<div class=\"elementor-column elementor-col-100 elementor-top-column elementor-element elementor-element-5cf3855\" data-id=\"5cf3855\" data-element_type=\"column\" data-e-type=\"column\">\n\t\t\t<div class=\"elementor-widget-wrap elementor-element-populated\">\n\t\t\t\t\t\t<div class=\"elementor-element elementor-element-9db61f2 elementor-widget elementor-widget-text-editor\" data-id=\"9db61f2\" data-element_type=\"widget\" data-e-type=\"widget\" data-widget_type=\"text-editor.default\">\n\t\t\t\t<div class=\"elementor-widget-container\">\n\t\t\t\t\t\t\t\t\t<p>Le 20 octobre dernier, en partenariat avec <strong>l&rsquo;Office de Tourisme Grenoble Alpes et le Mus\u00e9e grenoblois des Sciences m\u00e9dicales<\/strong>, Medytec a particip\u00e9 \u00e0 une visite guid\u00e9e ouverte au grand public. Un parcours unique et captivant \u00e0 travers l&rsquo;histoire hospitali\u00e8re et les innovations de pointe qui fa\u00e7onnent l&rsquo;\u00e9cosyst\u00e8me Sant\u00e9 d&rsquo;aujourd&rsquo;hui<em>.<\/em><\/p>\t\t\t\t\t\t\t\t<\/div>\n\t\t\t\t<\/div>\n\t\t\t\t<div class=\"elementor-element elementor-element-0ed83b6 elementor-widget elementor-widget-heading\" data-id=\"0ed83b6\" data-element_type=\"widget\" data-e-type=\"widget\" data-widget_type=\"heading.default\">\n\t\t\t\t<div class=\"elementor-widget-container\">\n\t\t\t\t\t<h3 class=\"elementor-heading-title elementor-size-default\">Plong\u00e9e captivante dans l'histoire hospitali\u00e8re<\/h3>\t\t\t\t<\/div>\n\t\t\t\t<\/div>\n\t\t\t\t\t<\/div>\n\t\t<\/div>\n\t\t\t\t\t<\/div>\n\t\t<\/section>\n\t\t\t\t<section class=\"elementor-section elementor-top-section elementor-element elementor-element-96b3898 elementor-section-boxed elementor-section-height-default elementor-section-height-default\" data-id=\"96b3898\" data-element_type=\"section\" data-e-type=\"section\">\n\t\t\t\t\t\t<div class=\"elementor-container elementor-column-gap-default\">\n\t\t\t\t\t<div class=\"elementor-column elementor-col-100 elementor-top-column elementor-element elementor-element-396e407\" data-id=\"396e407\" data-element_type=\"column\" data-e-type=\"column\">\n\t\t\t<div class=\"elementor-widget-wrap elementor-element-populated\">\n\t\t\t\t\t\t<section class=\"elementor-section elementor-inner-section elementor-element elementor-element-62cdfba elementor-section-boxed elementor-section-height-default elementor-section-height-default\" data-id=\"62cdfba\" data-element_type=\"section\" data-e-type=\"section\">\n\t\t\t\t\t\t<div class=\"elementor-container elementor-column-gap-default\">\n\t\t\t\t\t<div class=\"elementor-column elementor-col-50 elementor-inner-column elementor-element elementor-element-1c89862\" data-id=\"1c89862\" data-element_type=\"column\" data-e-type=\"column\">\n\t\t\t<div class=\"elementor-widget-wrap elementor-element-populated\">\n\t\t\t\t\t\t<div class=\"elementor-element elementor-element-42d2436 elementor-widget elementor-widget-image\" data-id=\"42d2436\" data-element_type=\"widget\" data-e-type=\"widget\" data-widget_type=\"image.default\">\n\t\t\t\t<div class=\"elementor-widget-container\">\n\t\t\t\t\t\t\t\t\t\t\t\t\t\t\t<img fetchpriority=\"high\" decoding=\"async\" width=\"1024\" height=\"768\" src=\"https:\/\/medytec.eu\/wp-content\/uploads\/2023\/12\/Credit-Flavien-Etheve-Agence-Grenoble-Alpes-17-1024x768.jpg\" class=\"attachment-large size-large wp-image-6753\" alt=\"\" srcset=\"https:\/\/medytec.eu\/wp-content\/uploads\/2023\/12\/Credit-Flavien-Etheve-Agence-Grenoble-Alpes-17-1024x768.jpg 1024w, https:\/\/medytec.eu\/wp-content\/uploads\/2023\/12\/Credit-Flavien-Etheve-Agence-Grenoble-Alpes-17-300x225.jpg 300w, https:\/\/medytec.eu\/wp-content\/uploads\/2023\/12\/Credit-Flavien-Etheve-Agence-Grenoble-Alpes-17-768x576.jpg 768w, https:\/\/medytec.eu\/wp-content\/uploads\/2023\/12\/Credit-Flavien-Etheve-Agence-Grenoble-Alpes-17-1536x1152.jpg 1536w, https:\/\/medytec.eu\/wp-content\/uploads\/2023\/12\/Credit-Flavien-Etheve-Agence-Grenoble-Alpes-17-2048x1536.jpg 2048w, https:\/\/medytec.eu\/wp-content\/uploads\/2023\/12\/Credit-Flavien-Etheve-Agence-Grenoble-Alpes-17-16x12.jpg 16w\" sizes=\"(max-width: 1024px) 100vw, 1024px\" \/>\t\t\t\t\t\t\t\t\t\t\t\t\t\t\t<\/div>\n\t\t\t\t<\/div>\n\t\t\t\t\t<\/div>\n\t\t<\/div>\n\t\t\t\t<div class=\"elementor-column elementor-col-50 elementor-inner-column elementor-element elementor-element-7404c5d\" data-id=\"7404c5d\" data-element_type=\"column\" data-e-type=\"column\">\n\t\t\t<div class=\"elementor-widget-wrap elementor-element-populated\">\n\t\t\t\t\t\t<div class=\"elementor-element elementor-element-f1c4c58 elementor-widget elementor-widget-image\" data-id=\"f1c4c58\" data-element_type=\"widget\" data-e-type=\"widget\" data-widget_type=\"image.default\">\n\t\t\t\t<div class=\"elementor-widget-container\">\n\t\t\t\t\t\t\t\t\t\t\t\t<figure class=\"wp-caption\">\n\t\t\t\t\t\t\t\t\t\t<img decoding=\"async\" width=\"225\" height=\"300\" src=\"https:\/\/medytec.eu\/wp-content\/uploads\/2023\/12\/Credit-Flavien-Etheve-Agence-Grenoble-Alpes-28-225x300.jpg\" class=\"attachment-medium size-medium wp-image-6711\" alt=\"\" srcset=\"https:\/\/medytec.eu\/wp-content\/uploads\/2023\/12\/Credit-Flavien-Etheve-Agence-Grenoble-Alpes-28-225x300.jpg 225w, https:\/\/medytec.eu\/wp-content\/uploads\/2023\/12\/Credit-Flavien-Etheve-Agence-Grenoble-Alpes-28-769x1024.jpg 769w, https:\/\/medytec.eu\/wp-content\/uploads\/2023\/12\/Credit-Flavien-Etheve-Agence-Grenoble-Alpes-28-768x1023.jpg 768w, https:\/\/medytec.eu\/wp-content\/uploads\/2023\/12\/Credit-Flavien-Etheve-Agence-Grenoble-Alpes-28-300x400.jpg 300w, https:\/\/medytec.eu\/wp-content\/uploads\/2023\/12\/Credit-Flavien-Etheve-Agence-Grenoble-Alpes-28-1153x1536.jpg 1153w, https:\/\/medytec.eu\/wp-content\/uploads\/2023\/12\/Credit-Flavien-Etheve-Agence-Grenoble-Alpes-28-1538x2048.jpg 1538w, https:\/\/medytec.eu\/wp-content\/uploads\/2023\/12\/Credit-Flavien-Etheve-Agence-Grenoble-Alpes-28-9x12.jpg 9w\" sizes=\"(max-width: 225px) 100vw, 225px\" \/>\t\t\t\t\t\t\t\t\t\t\t<figcaption class=\"widget-image-caption wp-caption-text\">Sylvie Bretagnon, Responsable du mus\u00e9e grenoblois des Sciences m\u00e9dicales <\/figcaption>\n\t\t\t\t\t\t\t\t\t\t<\/figure>\n\t\t\t\t\t\t\t\t\t<\/div>\n\t\t\t\t<\/div>\n\t\t\t\t\t<\/div>\n\t\t<\/div>\n\t\t\t\t\t<\/div>\n\t\t<\/section>\n\t\t\t\t<div class=\"elementor-element elementor-element-12f5f7e elementor-widget elementor-widget-text-editor\" data-id=\"12f5f7e\" data-element_type=\"widget\" data-e-type=\"widget\" data-widget_type=\"text-editor.default\">\n\t\t\t\t<div class=\"elementor-widget-container\">\n\t\t\t\t\t\t\t\t\t<p>La journ\u00e9e a d\u00e9but\u00e9 par une <strong>immersion dans l&rsquo;ancien H\u00f4pital civil<\/strong> : une plong\u00e9e dans le patrimoine architectural du site sant\u00e9. Une visite qui a \u00e9t\u00e9 men\u00e9e par Sylvie Bretagnon, historienne et responsable du mus\u00e9e des sciences m\u00e9dicales. Les participants ont eu l&rsquo;opportunit\u00e9 de d\u00e9couvrir les racines de l&rsquo;h\u00f4pital et son \u00e9volution au fil des si\u00e8cles.<\/p>\t\t\t\t\t\t\t\t<\/div>\n\t\t\t\t<\/div>\n\t\t\t\t\t<\/div>\n\t\t<\/div>\n\t\t\t\t\t<\/div>\n\t\t<\/section>\n\t\t\t\t<section class=\"elementor-section elementor-top-section elementor-element elementor-element-cc71f17 elementor-section-boxed elementor-section-height-default elementor-section-height-default\" data-id=\"cc71f17\" data-element_type=\"section\" data-e-type=\"section\">\n\t\t\t\t\t\t<div class=\"elementor-container elementor-column-gap-default\">\n\t\t\t\t\t<div class=\"elementor-column elementor-col-100 elementor-top-column elementor-element elementor-element-e579911\" data-id=\"e579911\" data-element_type=\"column\" data-e-type=\"column\">\n\t\t\t<div class=\"elementor-widget-wrap elementor-element-populated\">\n\t\t\t\t\t\t<div class=\"elementor-element elementor-element-2be1820 elementor-widget elementor-widget-heading\" data-id=\"2be1820\" data-element_type=\"widget\" data-e-type=\"widget\" data-widget_type=\"heading.default\">\n\t\t\t\t<div class=\"elementor-widget-container\">\n\t\t\t\t\t<h3 class=\"elementor-heading-title elementor-size-default\">\u00c0 la d\u00e9couverte des innovations sant\u00e9<\/h3>\t\t\t\t<\/div>\n\t\t\t\t<\/div>\n\t\t\t\t\t<\/div>\n\t\t<\/div>\n\t\t\t\t\t<\/div>\n\t\t<\/section>\n\t\t\t\t<section class=\"elementor-section elementor-top-section elementor-element elementor-element-709a5ff elementor-section-boxed elementor-section-height-default elementor-section-height-default\" data-id=\"709a5ff\" data-element_type=\"section\" data-e-type=\"section\">\n\t\t\t\t\t\t<div class=\"elementor-container elementor-column-gap-default\">\n\t\t\t\t\t<div class=\"elementor-column elementor-col-100 elementor-top-column elementor-element elementor-element-39fa2e2\" data-id=\"39fa2e2\" data-element_type=\"column\" data-e-type=\"column\">\n\t\t\t<div class=\"elementor-widget-wrap elementor-element-populated\">\n\t\t\t\t\t\t<div class=\"elementor-element elementor-element-75f3907 elementor-widget elementor-widget-text-editor\" data-id=\"75f3907\" data-element_type=\"widget\" data-e-type=\"widget\" data-widget_type=\"text-editor.default\">\n\t\t\t\t<div class=\"elementor-widget-container\">\n\t\t\t\t\t\t\t\t\t<p>La visite s&rsquo;est ensuite orient\u00e9e vers le pr\u00e9sent et le futur, avec une mise en avant des technologies et innovations de pointe expos\u00e9es dans le <strong>showroom de Medytec.<\/strong> Une d\u00e9monstration des derni\u00e8res technologies m\u00e9dicales issues des entreprises du territoire Grenoble Alpes. Les participants ont d\u00e9couvert des innovations qui ont pour ambition d&rsquo;am\u00e9liorer la sant\u00e9 des citoyens dans le monde entier. <i>\u00a0<\/i><\/p><p><span style=\"font-size: 17px; color: var( --e-global-color-text );\"><b>Un grand merci aux 6 personnes qui ont particip\u00e9 \u00e0 cette premi\u00e8re visite guid\u00e9e grand public, et ont \u00e9t\u00e9 impressionn\u00e9 par l&rsquo;histoire et les innovations pr\u00e9sent\u00e9es.<\/b><\/span><\/p>\t\t\t\t\t\t\t\t<\/div>\n\t\t\t\t<\/div>\n\t\t\t\t\t<\/div>\n\t\t<\/div>\n\t\t\t\t\t<\/div>\n\t\t<\/section>\n\t\t\t\t<section class=\"elementor-section elementor-top-section elementor-element elementor-element-a55a49a elementor-section-boxed elementor-section-height-default elementor-section-height-default\" data-id=\"a55a49a\" data-element_type=\"section\" data-e-type=\"section\">\n\t\t\t\t\t\t<div class=\"elementor-container elementor-column-gap-default\">\n\t\t\t\t\t<div class=\"elementor-column elementor-col-100 elementor-top-column elementor-element elementor-element-f54f9f3\" data-id=\"f54f9f3\" data-element_type=\"column\" data-e-type=\"column\">\n\t\t\t<div class=\"elementor-widget-wrap elementor-element-populated\">\n\t\t\t\t\t\t<div class=\"elementor-element elementor-element-973b935 premium-testimonial__skin1 elementor-widget elementor-widget-premium-addon-testimonials\" data-id=\"973b935\" data-element_type=\"widget\" data-e-type=\"widget\" data-settings=\"{&quot;skin&quot;:&quot;skin1&quot;,&quot;img_position&quot;:&quot;relative&quot;,&quot;arrows_lq_effect&quot;:&quot;none&quot;}\" data-widget_type=\"premium-addon-testimonials.default\">\n\t\t\t\t<div class=\"elementor-widget-container\">\n\t\t\t\t\t\n\t\t\n\t\t<div class=\"premium-testimonial-box\">\n\n\t\t\t\n\t\t\t\t<div class=\"premium-testimonial-container\">\n\n\t\t\t\t\t\t\t\t\t\t\t<div class=\"premium-testimonial-upper-quote\">\n\t\t\t\t\t\t\t<svg  class=\"premium-testimonial-quote\" xmlns=\"http:\/\/www.w3.org\/2000\/svg\" aria-hidden=\"true\" width=\"48\" height=\"37\" viewbox=\"0 0 48 37\"><path d=\"m37,37c6.07,0,11-4.93,11-11s-4.93-11-11-11c-.32,0-.63.02-.94.05.54-4.81,2.18-9.43,4.79-13.52.19-.31.2-.7.03-1.01-.18-.32-.51-.52-.88-.52h-2c-.27,0-.54.11-.73.31-5.14,5.41-11.27,14.26-11.27,25.69,0,6.07,4.93,10.99,11,11h0Zm-26,0c6.07,0,11-4.93,11-11s-4.93-11-11-11c-.32,0-.63.02-.94.05.54-4.81,2.18-9.43,4.79-13.52.19-.31.2-.7.03-1.01-.18-.32-.51-.52-.87-.52h-2c-.27,0-.54.11-.73.31C6.13,5.72,0,14.57,0,26c0,6.07,4.93,10.99,11,11h0Zm0,0\"\/><\/svg>\t\t\t\t\t\t<\/div>\n\t\t\t\t\t\n\t\t\t\t\t<div class=\"premium-testimonial-content-wrapper\">\n\n\t\t\t\t\t\t\n\t\t\t\t\t\t<div class=\"premium-testimonial-text-wrapper\">\n\t\t\t\t\t\t\t<div >\n\t\t\t\t\t\t\t\t<p>\u00a0<\/p><p><em>\u00ab\u00a0Visite guid\u00e9e tr\u00e8s int\u00e9ressante et plut\u00f4t originale ! Le fait de l&rsquo;avoir scind\u00e9e en 2 parties avec l&rsquo;histoire d&rsquo;un c\u00f4t\u00e9 et l&rsquo;innovation de l&rsquo;autre permet de d\u00e9couvrir la fili\u00e8re sant\u00e9 du territoire sous deux angles tr\u00e8s diff\u00e9rents.\u00a0\u00bb<\/em><\/p>\t\t\t\t\t\t\t<\/div>\n\t\t\t\t\t\t<\/div>\n\n\t\t\t\t\t\t\n\t\t\t\t\t\t\n\n\t\t\t\t\t\t\t\n\n\t\t\t\t\t\t\t<div class=\"premium-testimonial-author-info\">\n\t\t\t\t\t\t\t\t<h3 class=\"premium-testimonial-person-name\">\n\t\t\t\t\t\t\t\t\t<span >\n\t\t\t\t\t\t\t\t\t\t\t\t\t\t\t\t\t\t\t<\/span>\n\t\t\t\t\t\t\t\t<\/h3>\n\n\t\t\t\t\t\t\t\t\t\t\t\t\t\t\t<\/div>\n\n\t\t\t\t\t\t\n\t\t\t\t\t<\/div>\n\n\t\t\t\t\t\t\t\t\t\t\t<div class=\"premium-testimonial-lower-quote\">\n\t\t\t\t\t\t\t<svg  class=\"premium-testimonial-quote\" xmlns=\"http:\/\/www.w3.org\/2000\/svg\" aria-hidden=\"true\" width=\"48\" height=\"37\" viewbox=\"0 0 48 37\"><path d=\"m37,37c6.07,0,11-4.93,11-11s-4.93-11-11-11c-.32,0-.63.02-.94.05.54-4.81,2.18-9.43,4.79-13.52.19-.31.2-.7.03-1.01-.18-.32-.51-.52-.88-.52h-2c-.27,0-.54.11-.73.31-5.14,5.41-11.27,14.26-11.27,25.69,0,6.07,4.93,10.99,11,11h0Zm-26,0c6.07,0,11-4.93,11-11s-4.93-11-11-11c-.32,0-.63.02-.94.05.54-4.81,2.18-9.43,4.79-13.52.19-.31.2-.7.03-1.01-.18-.32-.51-.52-.87-.52h-2c-.27,0-.54.11-.73.31C6.13,5.72,0,14.57,0,26c0,6.07,4.93,10.99,11,11h0Zm0,0\"\/><\/svg>\t\t\t\t\t\t<\/div>\n\t\t\t\t\t\t\t\t\t<\/div>\n\n\t\t\t\t\t<\/div>\n\t\t\t\t\t\t<\/div>\n\t\t\t\t<\/div>\n\t\t\t\t<div class=\"elementor-element elementor-element-7714cb7 elementor-widget elementor-widget-gallery\" data-id=\"7714cb7\" data-element_type=\"widget\" data-e-type=\"widget\" data-settings=\"{&quot;gallery_layout&quot;:&quot;masonry&quot;,&quot;lazyload&quot;:&quot;yes&quot;,&quot;columns&quot;:4,&quot;columns_tablet&quot;:2,&quot;columns_mobile&quot;:1,&quot;gap&quot;:{&quot;unit&quot;:&quot;px&quot;,&quot;size&quot;:10,&quot;sizes&quot;:[]},&quot;gap_tablet&quot;:{&quot;unit&quot;:&quot;px&quot;,&quot;size&quot;:10,&quot;sizes&quot;:[]},&quot;gap_mobile&quot;:{&quot;unit&quot;:&quot;px&quot;,&quot;size&quot;:10,&quot;sizes&quot;:[]},&quot;link_to&quot;:&quot;file&quot;,&quot;overlay_background&quot;:&quot;yes&quot;,&quot;content_hover_animation&quot;:&quot;fade-in&quot;}\" data-widget_type=\"gallery.default\">\n\t\t\t\t<div class=\"elementor-widget-container\">\n\t\t\t\t\t\t\t<div class=\"elementor-gallery__container\">\n\t\t\t\t\t\t\t<a class=\"e-gallery-item elementor-gallery-item elementor-animated-content\" href=\"https:\/\/medytec.eu\/wp-content\/uploads\/2023\/12\/Credit-Flavien-Etheve-Agence-Grenoble-Alpes-6.jpg\" data-elementor-open-lightbox=\"yes\" data-elementor-lightbox-slideshow=\"7714cb7\" data-elementor-lightbox-title=\"Cr\u00e9dit- Flavien Etheve Agence Grenoble Alpes (6)\" data-e-action-hash=\"#elementor-action%3Aaction%3Dlightbox%26settings%3DeyJpZCI6NjcwMCwidXJsIjoiaHR0cHM6XC9cL21lZHl0ZWMuZXVcL3dwLWNvbnRlbnRcL3VwbG9hZHNcLzIwMjNcLzEyXC9DcmVkaXQtRmxhdmllbi1FdGhldmUtQWdlbmNlLUdyZW5vYmxlLUFscGVzLTYuanBnIiwic2xpZGVzaG93IjoiNzcxNGNiNyJ9\">\n\t\t\t\t\t<div class=\"e-gallery-image elementor-gallery-item__image\" data-thumbnail=\"https:\/\/medytec.eu\/wp-content\/uploads\/2023\/12\/Credit-Flavien-Etheve-Agence-Grenoble-Alpes-6-300x225.jpg\" data-width=\"300\" data-height=\"225\" aria-label=\"\" role=\"img\" ><\/div>\n\t\t\t\t\t\t\t\t\t\t\t<div class=\"elementor-gallery-item__overlay\"><\/div>\n\t\t\t\t\t\t\t\t\t\t\t\t\t\t<\/a>\n\t\t\t\t\t\t\t<a class=\"e-gallery-item elementor-gallery-item elementor-animated-content\" href=\"https:\/\/medytec.eu\/wp-content\/uploads\/2023\/12\/Credit-Flavien-Etheve-Agence-Grenoble-Alpes-16.jpg\" data-elementor-open-lightbox=\"yes\" data-elementor-lightbox-slideshow=\"7714cb7\" data-elementor-lightbox-title=\"Cr\u00e9dit- Flavien Etheve Agence Grenoble Alpes (16)\" data-e-action-hash=\"#elementor-action%3Aaction%3Dlightbox%26settings%3DeyJpZCI6NjcwNSwidXJsIjoiaHR0cHM6XC9cL21lZHl0ZWMuZXVcL3dwLWNvbnRlbnRcL3VwbG9hZHNcLzIwMjNcLzEyXC9DcmVkaXQtRmxhdmllbi1FdGhldmUtQWdlbmNlLUdyZW5vYmxlLUFscGVzLTE2LmpwZyIsInNsaWRlc2hvdyI6Ijc3MTRjYjcifQ%3D%3D\">\n\t\t\t\t\t<div class=\"e-gallery-image elementor-gallery-item__image\" data-thumbnail=\"https:\/\/medytec.eu\/wp-content\/uploads\/2023\/12\/Credit-Flavien-Etheve-Agence-Grenoble-Alpes-16-300x225.jpg\" data-width=\"300\" data-height=\"225\" aria-label=\"\" role=\"img\" ><\/div>\n\t\t\t\t\t\t\t\t\t\t\t<div class=\"elementor-gallery-item__overlay\"><\/div>\n\t\t\t\t\t\t\t\t\t\t\t\t\t\t<\/a>\n\t\t\t\t\t\t\t<a class=\"e-gallery-item elementor-gallery-item elementor-animated-content\" href=\"https:\/\/medytec.eu\/wp-content\/uploads\/2023\/12\/Credit-Flavien-Etheve-Agence-Grenoble-Alpes-12.jpg\" data-elementor-open-lightbox=\"yes\" data-elementor-lightbox-slideshow=\"7714cb7\" data-elementor-lightbox-title=\"Cr\u00e9dit- Flavien Etheve Agence Grenoble Alpes (12)\" data-e-action-hash=\"#elementor-action%3Aaction%3Dlightbox%26settings%3DeyJpZCI6NjcwNiwidXJsIjoiaHR0cHM6XC9cL21lZHl0ZWMuZXVcL3dwLWNvbnRlbnRcL3VwbG9hZHNcLzIwMjNcLzEyXC9DcmVkaXQtRmxhdmllbi1FdGhldmUtQWdlbmNlLUdyZW5vYmxlLUFscGVzLTEyLmpwZyIsInNsaWRlc2hvdyI6Ijc3MTRjYjcifQ%3D%3D\">\n\t\t\t\t\t<div class=\"e-gallery-image elementor-gallery-item__image\" data-thumbnail=\"https:\/\/medytec.eu\/wp-content\/uploads\/2023\/12\/Credit-Flavien-Etheve-Agence-Grenoble-Alpes-12-300x225.jpg\" data-width=\"300\" data-height=\"225\" aria-label=\"\" role=\"img\" ><\/div>\n\t\t\t\t\t\t\t\t\t\t\t<div class=\"elementor-gallery-item__overlay\"><\/div>\n\t\t\t\t\t\t\t\t\t\t\t\t\t\t<\/a>\n\t\t\t\t\t\t\t<a class=\"e-gallery-item elementor-gallery-item elementor-animated-content\" href=\"https:\/\/medytec.eu\/wp-content\/uploads\/2023\/12\/Credit-Flavien-Etheve-Agence-Grenoble-Alpes-7.jpg\" data-elementor-open-lightbox=\"yes\" data-elementor-lightbox-slideshow=\"7714cb7\" data-elementor-lightbox-title=\"Cr\u00e9dit- Flavien Etheve Agence Grenoble Alpes (7)\" data-e-action-hash=\"#elementor-action%3Aaction%3Dlightbox%26settings%3DeyJpZCI6NjcwNywidXJsIjoiaHR0cHM6XC9cL21lZHl0ZWMuZXVcL3dwLWNvbnRlbnRcL3VwbG9hZHNcLzIwMjNcLzEyXC9DcmVkaXQtRmxhdmllbi1FdGhldmUtQWdlbmNlLUdyZW5vYmxlLUFscGVzLTcuanBnIiwic2xpZGVzaG93IjoiNzcxNGNiNyJ9\">\n\t\t\t\t\t<div class=\"e-gallery-image elementor-gallery-item__image\" data-thumbnail=\"https:\/\/medytec.eu\/wp-content\/uploads\/2023\/12\/Credit-Flavien-Etheve-Agence-Grenoble-Alpes-7-300x225.jpg\" data-width=\"300\" data-height=\"225\" aria-label=\"\" role=\"img\" ><\/div>\n\t\t\t\t\t\t\t\t\t\t\t<div class=\"elementor-gallery-item__overlay\"><\/div>\n\t\t\t\t\t\t\t\t\t\t\t\t\t\t<\/a>\n\t\t\t\t\t<\/div>\n\t\t\t\t\t<\/div>\n\t\t\t\t<\/div>\n\t\t\t\t<div class=\"elementor-element elementor-element-c030582 elementor-widget elementor-widget-text-editor\" data-id=\"c030582\" data-element_type=\"widget\" data-e-type=\"widget\" data-widget_type=\"text-editor.default\">\n\t\t\t\t<div class=\"elementor-widget-container\">\n\t\t\t\t\t\t\t\t\t<p style=\"text-align: right;\">Cr\u00e9dit- Flavien Etheve\u00a0 Agence Grenoble Alpes<\/p>\t\t\t\t\t\t\t\t<\/div>\n\t\t\t\t<\/div>\n\t\t\t\t<div class=\"elementor-element elementor-element-731846b elementor-widget elementor-widget-spacer\" data-id=\"731846b\" data-element_type=\"widget\" data-e-type=\"widget\" data-widget_type=\"spacer.default\">\n\t\t\t\t<div class=\"elementor-widget-container\">\n\t\t\t\t\t\t\t<div class=\"elementor-spacer\">\n\t\t\t<div class=\"elementor-spacer-inner\"><\/div>\n\t\t<\/div>\n\t\t\t\t\t\t<\/div>\n\t\t\t\t<\/div>\n\t\t\t\t\t<\/div>\n\t\t<\/div>\n\t\t\t\t\t<\/div>\n\t\t<\/section>\n\t\t\t\t<section class=\"elementor-section elementor-top-section elementor-element elementor-element-889cce9 elementor-section-boxed elementor-section-height-default elementor-section-height-default\" data-id=\"889cce9\" data-element_type=\"section\" data-e-type=\"section\">\n\t\t\t\t\t\t<div class=\"elementor-container elementor-column-gap-default\">\n\t\t\t\t\t<div class=\"elementor-column elementor-col-100 elementor-top-column elementor-element elementor-element-15ec4d2\" data-id=\"15ec4d2\" data-element_type=\"column\" data-e-type=\"column\">\n\t\t\t<div class=\"elementor-widget-wrap elementor-element-populated\">\n\t\t\t\t\t\t<div class=\"elementor-element elementor-element-0129d6d elementor-widget elementor-widget-heading\" data-id=\"0129d6d\" data-element_type=\"widget\" data-e-type=\"widget\" data-widget_type=\"heading.default\">\n\t\t\t\t<div class=\"elementor-widget-container\">\n\t\t\t\t\t<h4 class=\"elementor-heading-title elementor-size-default\">23 FEVRIER 2024 - DE 14H30 \u00e0 16H<\/h4>\t\t\t\t<\/div>\n\t\t\t\t<\/div>\n\t\t\t\t<div class=\"elementor-element elementor-element-1b3f092 elementor-widget elementor-widget-text-editor\" data-id=\"1b3f092\" data-element_type=\"widget\" data-e-type=\"widget\" data-widget_type=\"text-editor.default\">\n\t\t\t\t<div class=\"elementor-widget-container\">\n\t\t\t\t\t\t\t\t\t<p>Suite \u00e0 l&rsquo;enthousiasme suscit\u00e9 par la premi\u00e8re visite guid\u00e9e, une seconde a \u00e9t\u00e9 organis\u00e9e offrant aux participants une nouvelle occasion de d\u00e9couvrir la richesse de notre \u00e9cosyst\u00e8me Sant\u00e9 local.<\/p>\t\t\t\t\t\t\t\t<\/div>\n\t\t\t\t<\/div>\n\t\t\t\t<div class=\"elementor-element elementor-element-7ddcbf3 elementor-widget elementor-widget-gallery\" data-id=\"7ddcbf3\" data-element_type=\"widget\" data-e-type=\"widget\" data-settings=\"{&quot;columns&quot;:3,&quot;lazyload&quot;:&quot;yes&quot;,&quot;gallery_layout&quot;:&quot;grid&quot;,&quot;columns_tablet&quot;:2,&quot;columns_mobile&quot;:1,&quot;gap&quot;:{&quot;unit&quot;:&quot;px&quot;,&quot;size&quot;:10,&quot;sizes&quot;:[]},&quot;gap_tablet&quot;:{&quot;unit&quot;:&quot;px&quot;,&quot;size&quot;:10,&quot;sizes&quot;:[]},&quot;gap_mobile&quot;:{&quot;unit&quot;:&quot;px&quot;,&quot;size&quot;:10,&quot;sizes&quot;:[]},&quot;link_to&quot;:&quot;file&quot;,&quot;aspect_ratio&quot;:&quot;3:2&quot;,&quot;overlay_background&quot;:&quot;yes&quot;,&quot;content_hover_animation&quot;:&quot;fade-in&quot;}\" data-widget_type=\"gallery.default\">\n\t\t\t\t<div class=\"elementor-widget-container\">\n\t\t\t\t\t\t\t<div class=\"elementor-gallery__container\">\n\t\t\t\t\t\t\t<a class=\"e-gallery-item elementor-gallery-item elementor-animated-content\" href=\"https:\/\/medytec.eu\/wp-content\/uploads\/2024\/03\/WhatsApp-Image-2024-02-23-a-14.59.35_548178f8-e1710150735390.jpg\" data-elementor-open-lightbox=\"yes\" data-elementor-lightbox-slideshow=\"7ddcbf3\" data-elementor-lightbox-title=\"WhatsApp Image 2024-02-23 \u00e0 14.59.35_548178f8\" data-e-action-hash=\"#elementor-action%3Aaction%3Dlightbox%26settings%3DeyJpZCI6NzA4MCwidXJsIjoiaHR0cHM6XC9cL21lZHl0ZWMuZXVcL3dwLWNvbnRlbnRcL3VwbG9hZHNcLzIwMjRcLzAzXC9XaGF0c0FwcC1JbWFnZS0yMDI0LTAyLTIzLWEtMTQuNTkuMzVfNTQ4MTc4ZjgtZTE3MTAxNTA3MzUzOTAuanBnIiwic2xpZGVzaG93IjoiN2RkY2JmMyJ9\">\n\t\t\t\t\t<div class=\"e-gallery-image elementor-gallery-item__image\" data-thumbnail=\"https:\/\/medytec.eu\/wp-content\/uploads\/2024\/03\/WhatsApp-Image-2024-02-23-a-14.59.35_548178f8-e1710150735390-300x268.jpg\" data-width=\"300\" data-height=\"268\" aria-label=\"\" role=\"img\" ><\/div>\n\t\t\t\t\t\t\t\t\t\t\t<div class=\"elementor-gallery-item__overlay\"><\/div>\n\t\t\t\t\t\t\t\t\t\t\t\t\t\t<\/a>\n\t\t\t\t\t\t\t<a class=\"e-gallery-item elementor-gallery-item elementor-animated-content\" href=\"https:\/\/medytec.eu\/wp-content\/uploads\/2024\/03\/WhatsApp-Image-2024-02-23-at-14.57.07.jpeg\" data-elementor-open-lightbox=\"yes\" data-elementor-lightbox-slideshow=\"7ddcbf3\" data-elementor-lightbox-title=\"WhatsApp Image 2024-02-23 at 14.57.07\" data-e-action-hash=\"#elementor-action%3Aaction%3Dlightbox%26settings%3DeyJpZCI6NzA4MSwidXJsIjoiaHR0cHM6XC9cL21lZHl0ZWMuZXVcL3dwLWNvbnRlbnRcL3VwbG9hZHNcLzIwMjRcLzAzXC9XaGF0c0FwcC1JbWFnZS0yMDI0LTAyLTIzLWF0LTE0LjU3LjA3LmpwZWciLCJzbGlkZXNob3ciOiI3ZGRjYmYzIn0%3D\">\n\t\t\t\t\t<div class=\"e-gallery-image elementor-gallery-item__image\" data-thumbnail=\"https:\/\/medytec.eu\/wp-content\/uploads\/2024\/03\/WhatsApp-Image-2024-02-23-at-14.57.07-300x225.jpeg\" data-width=\"300\" data-height=\"225\" aria-label=\"\" role=\"img\" ><\/div>\n\t\t\t\t\t\t\t\t\t\t\t<div class=\"elementor-gallery-item__overlay\"><\/div>\n\t\t\t\t\t\t\t\t\t\t\t\t\t\t<\/a>\n\t\t\t\t\t\t\t<a class=\"e-gallery-item elementor-gallery-item elementor-animated-content\" href=\"https:\/\/medytec.eu\/wp-content\/uploads\/2024\/03\/WhatsApp-Image-2024-02-23-at-14.37.44.jpeg\" data-elementor-open-lightbox=\"yes\" data-elementor-lightbox-slideshow=\"7ddcbf3\" data-elementor-lightbox-title=\"WhatsApp Image 2024-02-23 at 14.37.44\" data-e-action-hash=\"#elementor-action%3Aaction%3Dlightbox%26settings%3DeyJpZCI6NzA4MiwidXJsIjoiaHR0cHM6XC9cL21lZHl0ZWMuZXVcL3dwLWNvbnRlbnRcL3VwbG9hZHNcLzIwMjRcLzAzXC9XaGF0c0FwcC1JbWFnZS0yMDI0LTAyLTIzLWF0LTE0LjM3LjQ0LmpwZWciLCJzbGlkZXNob3ciOiI3ZGRjYmYzIn0%3D\">\n\t\t\t\t\t<div class=\"e-gallery-image elementor-gallery-item__image\" data-thumbnail=\"https:\/\/medytec.eu\/wp-content\/uploads\/2024\/03\/WhatsApp-Image-2024-02-23-at-14.37.44-300x225.jpeg\" data-width=\"300\" data-height=\"225\" aria-label=\"\" role=\"img\" ><\/div>\n\t\t\t\t\t\t\t\t\t\t\t<div class=\"elementor-gallery-item__overlay\"><\/div>\n\t\t\t\t\t\t\t\t\t\t\t\t\t\t<\/a>\n\t\t\t\t\t<\/div>\n\t\t\t\t\t<\/div>\n\t\t\t\t<\/div>\n\t\t\t\t<div class=\"elementor-element elementor-element-c8d4ccc elementor-widget elementor-widget-spacer\" data-id=\"c8d4ccc\" data-element_type=\"widget\" data-e-type=\"widget\" data-widget_type=\"spacer.default\">\n\t\t\t\t<div class=\"elementor-widget-container\">\n\t\t\t\t\t\t\t<div class=\"elementor-spacer\">\n\t\t\t<div class=\"elementor-spacer-inner\"><\/div>\n\t\t<\/div>\n\t\t\t\t\t\t<\/div>\n\t\t\t\t<\/div>\n\t\t\t\t<div class=\"elementor-element elementor-element-d03c8a9 elementor-widget elementor-widget-heading\" data-id=\"d03c8a9\" data-element_type=\"widget\" data-e-type=\"widget\" data-widget_type=\"heading.default\">\n\t\t\t\t<div class=\"elementor-widget-container\">\n\t\t\t\t\t<h3 class=\"elementor-heading-title elementor-size-default\">\u00c0 propos de Medytec<\/h3>\t\t\t\t<\/div>\n\t\t\t\t<\/div>\n\t\t\t\t<div class=\"elementor-element elementor-element-43fce7e elementor-widget elementor-widget-text-editor\" data-id=\"43fce7e\" data-element_type=\"widget\" data-e-type=\"widget\" data-widget_type=\"text-editor.default\">\n\t\t\t\t<div class=\"elementor-widget-container\">\n\t\t\t\t\t\t\t\t\t<p>2\u00e8me ville fran\u00e7aise la plus innovante au monde, Grenoble Alpes dispose d&rsquo;atouts uniques dans le domaine des technologies de la sant\u00e9. <strong>Le lieu Medytec rassemble et repr\u00e9sente l&rsquo;excellence des technologies de la sant\u00e9 de Grenoble Alpes. Vitrine des forces et des ambitions de cette Fili\u00e8re, Medytec est \u00e9galement un lieu riche en \u00e9v\u00e8nements.<\/strong><\/p>\t\t\t\t\t\t\t\t<\/div>\n\t\t\t\t<\/div>\n\t\t\t\t<div class=\"elementor-element elementor-element-8226031 elementor-widget elementor-widget-image\" data-id=\"8226031\" data-element_type=\"widget\" data-e-type=\"widget\" data-widget_type=\"image.default\">\n\t\t\t\t<div class=\"elementor-widget-container\">\n\t\t\t\t\t\t\t\t\t\t\t\t\t\t\t<img decoding=\"async\" width=\"474\" height=\"324\" src=\"https:\/\/medytec.eu\/wp-content\/uploads\/2023\/12\/Credit-Flavien-Etheve-Agence-Grenoble-Alpes-5-474x324.jpg\" class=\"attachment-meccarouselthumb size-meccarouselthumb wp-image-6728\" alt=\"\" srcset=\"https:\/\/medytec.eu\/wp-content\/uploads\/2023\/12\/Credit-Flavien-Etheve-Agence-Grenoble-Alpes-5-474x324.jpg 474w, https:\/\/medytec.eu\/wp-content\/uploads\/2023\/12\/Credit-Flavien-Etheve-Agence-Grenoble-Alpes-5-16x12.jpg 16w\" sizes=\"(max-width: 474px) 100vw, 474px\" \/>\t\t\t\t\t\t\t\t\t\t\t\t\t\t\t<\/div>\n\t\t\t\t<\/div>\n\t\t\t\t<div class=\"elementor-element elementor-element-b7fac2c elementor-widget elementor-widget-text-editor\" data-id=\"b7fac2c\" data-element_type=\"widget\" data-e-type=\"widget\" data-widget_type=\"text-editor.default\">\n\t\t\t\t<div class=\"elementor-widget-container\">\n\t\t\t\t\t\t\t\t\t<p>L&rsquo;\u00e9quipe Medytec<\/p>\t\t\t\t\t\t\t\t<\/div>\n\t\t\t\t<\/div>\n\t\t\t\t\t<\/div>\n\t\t<\/div>\n\t\t\t\t\t<\/div>\n\t\t<\/section>\n\t\t\t\t<\/div>","protected":false},"excerpt":{"rendered":"<p>20 OCTOBRE 2023 &#8211; DE 14H \u00c0 16H30 Le 20 octobre dernier, en partenariat avec l&rsquo;Office de Tourisme Grenoble Alpes et le Mus\u00e9e grenoblois des Sciences m\u00e9dicales, Medytec a particip\u00e9 \u00e0 une visite guid\u00e9e ouverte au grand public. Un parcours unique et captivant \u00e0 travers l&rsquo;histoire hospitali\u00e8re et les innovations de pointe qui fa\u00e7onnent l&rsquo;\u00e9cosyst\u00e8me [&hellip;]<\/p>\n","protected":false},"author":4,"featured_media":6712,"comment_status":"closed","ping_status":"open","sticky":false,"template":"","format":"standard","meta":{"ocean_post_layout":"","ocean_both_sidebars_style":"","ocean_both_sidebars_content_width":0,"ocean_both_sidebars_sidebars_width":0,"ocean_sidebar":"0","ocean_second_sidebar":"0","ocean_disable_margins":"enable","ocean_add_body_class":"","ocean_shortcode_before_top_bar":"","ocean_shortcode_after_top_bar":"","ocean_shortcode_before_header":"","ocean_shortcode_after_header":"","ocean_has_shortcode":"","ocean_shortcode_after_title":"","ocean_shortcode_before_footer_widgets":"","ocean_shortcode_after_footer_widgets":"","ocean_shortcode_before_footer_bottom":"","ocean_shortcode_after_footer_bottom":"","ocean_display_top_bar":"off","ocean_display_header":"default","ocean_header_style":"","ocean_center_header_left_menu":"0","ocean_custom_header_template":"0","ocean_custom_logo":0,"ocean_custom_retina_logo":0,"ocean_custom_logo_max_width":0,"ocean_custom_logo_tablet_max_width":0,"ocean_custom_logo_mobile_max_width":0,"ocean_custom_logo_max_height":0,"ocean_custom_logo_tablet_max_height":0,"ocean_custom_logo_mobile_max_height":0,"ocean_header_custom_menu":"0","ocean_menu_typo_font_family":"0","ocean_menu_typo_font_subset":"","ocean_menu_typo_font_size":0,"ocean_menu_typo_font_size_tablet":0,"ocean_menu_typo_font_size_mobile":0,"ocean_menu_typo_font_size_unit":"px","ocean_menu_typo_font_weight":"","ocean_menu_typo_font_weight_tablet":"","ocean_menu_typo_font_weight_mobile":"","ocean_menu_typo_transform":"","ocean_menu_typo_transform_tablet":"","ocean_menu_typo_transform_mobile":"","ocean_menu_typo_line_height":0,"ocean_menu_typo_line_height_tablet":0,"ocean_menu_typo_line_height_mobile":0,"ocean_menu_typo_line_height_unit":"","ocean_menu_typo_spacing":0,"ocean_menu_typo_spacing_tablet":0,"ocean_menu_typo_spacing_mobile":0,"ocean_menu_typo_spacing_unit":"","ocean_menu_link_color":"","ocean_menu_link_color_hover":"","ocean_menu_link_color_active":"","ocean_menu_link_background":"","ocean_menu_link_hover_background":"","ocean_menu_link_active_background":"","ocean_menu_social_links_bg":"","ocean_menu_social_hover_links_bg":"","ocean_menu_social_links_color":"","ocean_menu_social_hover_links_color":"","ocean_disable_title":"default","ocean_disable_heading":"default","ocean_post_title":"","ocean_post_subheading":"","ocean_post_title_style":"","ocean_post_title_background_color":"","ocean_post_title_background":0,"ocean_post_title_bg_image_position":"","ocean_post_title_bg_image_attachment":"","ocean_post_title_bg_image_repeat":"","ocean_post_title_bg_image_size":"","ocean_post_title_height":0,"ocean_post_title_bg_overlay":0.5,"ocean_post_title_bg_overlay_color":"","ocean_disable_breadcrumbs":"default","ocean_breadcrumbs_color":"","ocean_breadcrumbs_separator_color":"","ocean_breadcrumbs_links_color":"","ocean_breadcrumbs_links_hover_color":"","ocean_display_footer_widgets":"default","ocean_display_footer_bottom":"default","ocean_custom_footer_template":"0","ocean_post_oembed":"","ocean_post_self_hosted_media":"","ocean_post_video_embed":"","ocean_link_format":"","ocean_link_format_target":"self","ocean_quote_format":"","ocean_quote_format_link":"post","ocean_gallery_link_images":"off","ocean_gallery_id":[],"footnotes":""},"categories":[70,56],"tags":[],"class_list":["post-6687","post","type-post","status-publish","format-standard","has-post-thumbnail","hentry","category-evenements","category-partenariats","entry","has-media"],"yoast_head":"<!-- This site is optimized with the Yoast SEO plugin v27.5 - https:\/\/yoast.com\/product\/yoast-seo-wordpress\/ -->\n<title>Visite guid\u00e9e avec Grenoble Alpes Tourisme - Medytec<\/title>\n<meta name=\"description\" content=\"Visite guid\u00e9e sur le th\u00e8me : de l\u2019histoire de l\u2019h\u00f4pital de Grenoble \u00e0 la d\u00e9couverte des innovations sant\u00e9 d\u2019aujourd\u2019hui.\" \/>\n<meta name=\"robots\" content=\"index, follow, max-snippet:-1, max-image-preview:large, max-video-preview:-1\" \/>\n<link rel=\"canonical\" href=\"https:\/\/medytec.eu\/en\/2023\/12\/13\/visite-avec-grenoble-alpes-tourisme-innovations-sante\/\" \/>\n<meta property=\"og:locale\" content=\"en_US\" \/>\n<meta property=\"og:type\" content=\"article\" \/>\n<meta property=\"og:title\" content=\"Visite guid\u00e9e avec Grenoble Alpes Tourisme - Medytec\" \/>\n<meta property=\"og:description\" content=\"Visite guid\u00e9e sur le th\u00e8me : de l\u2019histoire de l\u2019h\u00f4pital de Grenoble \u00e0 la d\u00e9couverte des innovations sant\u00e9 d\u2019aujourd\u2019hui.\" \/>\n<meta property=\"og:url\" content=\"https:\/\/medytec.eu\/en\/2023\/12\/13\/visite-avec-grenoble-alpes-tourisme-innovations-sante\/\" \/>\n<meta property=\"og:site_name\" content=\"Medytec\" \/>\n<meta property=\"article:published_time\" content=\"2023-12-13T13:49:29+00:00\" \/>\n<meta property=\"article:modified_time\" content=\"2024-03-14T09:00:07+00:00\" \/>\n<meta property=\"og:image\" content=\"https:\/\/medytec.eu\/wp-content\/uploads\/2023\/12\/Credit-Flavien-Etheve-Agence-Grenoble-Alpes-23-1024x769.jpg\" \/>\n\t<meta property=\"og:image:width\" content=\"1024\" \/>\n\t<meta property=\"og:image:height\" content=\"769\" \/>\n\t<meta property=\"og:image:type\" content=\"image\/jpeg\" \/>\n<meta name=\"author\" content=\"okparfait\" \/>\n<meta name=\"twitter:card\" content=\"summary_large_image\" \/>\n<meta name=\"twitter:description\" content=\"Jeudi 16 juillet, nous avons eu le plaisir de recevoir les membres fondateurs de Medytec pour une visite officielle du lieu.\" \/>\n<meta name=\"twitter:label1\" content=\"Written by\" \/>\n\t<meta name=\"twitter:data1\" content=\"okparfait\" \/>\n\t<meta name=\"twitter:label2\" content=\"Est. reading time\" \/>\n\t<meta name=\"twitter:data2\" content=\"3 minutes\" \/>\n<script type=\"application\/ld+json\" class=\"yoast-schema-graph\">{\"@context\":\"https:\\\/\\\/schema.org\",\"@graph\":[{\"@type\":\"Article\",\"@id\":\"https:\\\/\\\/medytec.eu\\\/fr\\\/2023\\\/12\\\/13\\\/visite-avec-grenoble-alpes-tourisme-innovations-sante\\\/#article\",\"isPartOf\":{\"@id\":\"https:\\\/\\\/medytec.eu\\\/fr\\\/2023\\\/12\\\/13\\\/visite-avec-grenoble-alpes-tourisme-innovations-sante\\\/\"},\"author\":{\"name\":\"okparfait\",\"@id\":\"https:\\\/\\\/medytec.eu\\\/#\\\/schema\\\/person\\\/52643406ade6747ec29f0a5ca286f5fe\"},\"headline\":\"Visite guid\u00e9e avec Grenoble Alpes Tourisme\",\"datePublished\":\"2023-12-13T13:49:29+00:00\",\"dateModified\":\"2024-03-14T09:00:07+00:00\",\"mainEntityOfPage\":{\"@id\":\"https:\\\/\\\/medytec.eu\\\/fr\\\/2023\\\/12\\\/13\\\/visite-avec-grenoble-alpes-tourisme-innovations-sante\\\/\"},\"wordCount\":427,\"publisher\":{\"@id\":\"https:\\\/\\\/medytec.eu\\\/#organization\"},\"image\":{\"@id\":\"https:\\\/\\\/medytec.eu\\\/fr\\\/2023\\\/12\\\/13\\\/visite-avec-grenoble-alpes-tourisme-innovations-sante\\\/#primaryimage\"},\"thumbnailUrl\":\"https:\\\/\\\/medytec.eu\\\/wp-content\\\/uploads\\\/2023\\\/12\\\/Credit-Flavien-Etheve-Agence-Grenoble-Alpes-23.jpg\",\"articleSection\":[\"\u00c9v\u00e8nements\",\"Partenariats\"],\"inLanguage\":\"en-US\"},{\"@type\":\"WebPage\",\"@id\":\"https:\\\/\\\/medytec.eu\\\/fr\\\/2023\\\/12\\\/13\\\/visite-avec-grenoble-alpes-tourisme-innovations-sante\\\/\",\"url\":\"https:\\\/\\\/medytec.eu\\\/fr\\\/2023\\\/12\\\/13\\\/visite-avec-grenoble-alpes-tourisme-innovations-sante\\\/\",\"name\":\"Visite guid\u00e9e avec Grenoble Alpes Tourisme - Medytec\",\"isPartOf\":{\"@id\":\"https:\\\/\\\/medytec.eu\\\/#website\"},\"primaryImageOfPage\":{\"@id\":\"https:\\\/\\\/medytec.eu\\\/fr\\\/2023\\\/12\\\/13\\\/visite-avec-grenoble-alpes-tourisme-innovations-sante\\\/#primaryimage\"},\"image\":{\"@id\":\"https:\\\/\\\/medytec.eu\\\/fr\\\/2023\\\/12\\\/13\\\/visite-avec-grenoble-alpes-tourisme-innovations-sante\\\/#primaryimage\"},\"thumbnailUrl\":\"https:\\\/\\\/medytec.eu\\\/wp-content\\\/uploads\\\/2023\\\/12\\\/Credit-Flavien-Etheve-Agence-Grenoble-Alpes-23.jpg\",\"datePublished\":\"2023-12-13T13:49:29+00:00\",\"dateModified\":\"2024-03-14T09:00:07+00:00\",\"description\":\"Visite guid\u00e9e sur le th\u00e8me : de l\u2019histoire de l\u2019h\u00f4pital de Grenoble \u00e0 la d\u00e9couverte des innovations sant\u00e9 d\u2019aujourd\u2019hui.\",\"breadcrumb\":{\"@id\":\"https:\\\/\\\/medytec.eu\\\/fr\\\/2023\\\/12\\\/13\\\/visite-avec-grenoble-alpes-tourisme-innovations-sante\\\/#breadcrumb\"},\"inLanguage\":\"en-US\",\"potentialAction\":[{\"@type\":\"ReadAction\",\"target\":[\"https:\\\/\\\/medytec.eu\\\/fr\\\/2023\\\/12\\\/13\\\/visite-avec-grenoble-alpes-tourisme-innovations-sante\\\/\"]}]},{\"@type\":\"ImageObject\",\"inLanguage\":\"en-US\",\"@id\":\"https:\\\/\\\/medytec.eu\\\/fr\\\/2023\\\/12\\\/13\\\/visite-avec-grenoble-alpes-tourisme-innovations-sante\\\/#primaryimage\",\"url\":\"https:\\\/\\\/medytec.eu\\\/wp-content\\\/uploads\\\/2023\\\/12\\\/Credit-Flavien-Etheve-Agence-Grenoble-Alpes-23.jpg\",\"contentUrl\":\"https:\\\/\\\/medytec.eu\\\/wp-content\\\/uploads\\\/2023\\\/12\\\/Credit-Flavien-Etheve-Agence-Grenoble-Alpes-23.jpg\",\"width\":5328,\"height\":4000},{\"@type\":\"BreadcrumbList\",\"@id\":\"https:\\\/\\\/medytec.eu\\\/fr\\\/2023\\\/12\\\/13\\\/visite-avec-grenoble-alpes-tourisme-innovations-sante\\\/#breadcrumb\",\"itemListElement\":[{\"@type\":\"ListItem\",\"position\":1,\"name\":\"Accueil\",\"item\":\"https:\\\/\\\/medytec.eu\\\/\"},{\"@type\":\"ListItem\",\"position\":2,\"name\":\"Visite guid\u00e9e avec Grenoble Alpes Tourisme\"}]},{\"@type\":\"WebSite\",\"@id\":\"https:\\\/\\\/medytec.eu\\\/#website\",\"url\":\"https:\\\/\\\/medytec.eu\\\/\",\"name\":\"Medytec\",\"description\":\"Le hub des technologies de la sant\u00e9 de grenoble-Alpes\",\"publisher\":{\"@id\":\"https:\\\/\\\/medytec.eu\\\/#organization\"},\"potentialAction\":[{\"@type\":\"SearchAction\",\"target\":{\"@type\":\"EntryPoint\",\"urlTemplate\":\"https:\\\/\\\/medytec.eu\\\/?s={search_term_string}\"},\"query-input\":{\"@type\":\"PropertyValueSpecification\",\"valueRequired\":true,\"valueName\":\"search_term_string\"}}],\"inLanguage\":\"en-US\"},{\"@type\":\"Organization\",\"@id\":\"https:\\\/\\\/medytec.eu\\\/#organization\",\"name\":\"MedYtec\",\"url\":\"https:\\\/\\\/medytec.eu\\\/\",\"logo\":{\"@type\":\"ImageObject\",\"inLanguage\":\"en-US\",\"@id\":\"https:\\\/\\\/medytec.eu\\\/#\\\/schema\\\/logo\\\/image\\\/\",\"url\":\"https:\\\/\\\/medytec.eu\\\/wp-content\\\/uploads\\\/2020\\\/02\\\/logo-medytec.png\",\"contentUrl\":\"https:\\\/\\\/medytec.eu\\\/wp-content\\\/uploads\\\/2020\\\/02\\\/logo-medytec.png\",\"width\":426,\"height\":147,\"caption\":\"MedYtec\"},\"image\":{\"@id\":\"https:\\\/\\\/medytec.eu\\\/#\\\/schema\\\/logo\\\/image\\\/\"}},{\"@type\":\"Person\",\"@id\":\"https:\\\/\\\/medytec.eu\\\/#\\\/schema\\\/person\\\/52643406ade6747ec29f0a5ca286f5fe\",\"name\":\"okparfait\",\"url\":\"https:\\\/\\\/medytec.eu\\\/en\\\/author\\\/e486db832ef7dcb5\\\/\"}]}<\/script>\n<!-- \/ Yoast SEO plugin. -->","yoast_head_json":{"title":"Visite guid\u00e9e avec Grenoble Alpes Tourisme - Medytec","description":"Visite guid\u00e9e sur le th\u00e8me : de l\u2019histoire de l\u2019h\u00f4pital de Grenoble \u00e0 la d\u00e9couverte des innovations sant\u00e9 d\u2019aujourd\u2019hui.","robots":{"index":"index","follow":"follow","max-snippet":"max-snippet:-1","max-image-preview":"max-image-preview:large","max-video-preview":"max-video-preview:-1"},"canonical":"https:\/\/medytec.eu\/en\/2023\/12\/13\/visite-avec-grenoble-alpes-tourisme-innovations-sante\/","og_locale":"en_US","og_type":"article","og_title":"Visite guid\u00e9e avec Grenoble Alpes Tourisme - Medytec","og_description":"Visite guid\u00e9e sur le th\u00e8me : de l\u2019histoire de l\u2019h\u00f4pital de Grenoble \u00e0 la d\u00e9couverte des innovations sant\u00e9 d\u2019aujourd\u2019hui.","og_url":"https:\/\/medytec.eu\/en\/2023\/12\/13\/visite-avec-grenoble-alpes-tourisme-innovations-sante\/","og_site_name":"Medytec","article_published_time":"2023-12-13T13:49:29+00:00","article_modified_time":"2024-03-14T09:00:07+00:00","og_image":[{"width":1024,"height":769,"url":"https:\/\/medytec.eu\/wp-content\/uploads\/2023\/12\/Credit-Flavien-Etheve-Agence-Grenoble-Alpes-23-1024x769.jpg","type":"image\/jpeg"}],"author":"okparfait","twitter_card":"summary_large_image","twitter_description":"Jeudi 16 juillet, nous avons eu le plaisir de recevoir les membres fondateurs de Medytec pour une visite officielle du lieu.","twitter_misc":{"Written by":"okparfait","Est. reading time":"3 minutes"},"schema":{"@context":"https:\/\/schema.org","@graph":[{"@type":"Article","@id":"https:\/\/medytec.eu\/fr\/2023\/12\/13\/visite-avec-grenoble-alpes-tourisme-innovations-sante\/#article","isPartOf":{"@id":"https:\/\/medytec.eu\/fr\/2023\/12\/13\/visite-avec-grenoble-alpes-tourisme-innovations-sante\/"},"author":{"name":"okparfait","@id":"https:\/\/medytec.eu\/#\/schema\/person\/52643406ade6747ec29f0a5ca286f5fe"},"headline":"Visite guid\u00e9e avec Grenoble Alpes Tourisme","datePublished":"2023-12-13T13:49:29+00:00","dateModified":"2024-03-14T09:00:07+00:00","mainEntityOfPage":{"@id":"https:\/\/medytec.eu\/fr\/2023\/12\/13\/visite-avec-grenoble-alpes-tourisme-innovations-sante\/"},"wordCount":427,"publisher":{"@id":"https:\/\/medytec.eu\/#organization"},"image":{"@id":"https:\/\/medytec.eu\/fr\/2023\/12\/13\/visite-avec-grenoble-alpes-tourisme-innovations-sante\/#primaryimage"},"thumbnailUrl":"https:\/\/medytec.eu\/wp-content\/uploads\/2023\/12\/Credit-Flavien-Etheve-Agence-Grenoble-Alpes-23.jpg","articleSection":["\u00c9v\u00e8nements","Partenariats"],"inLanguage":"en-US"},{"@type":"WebPage","@id":"https:\/\/medytec.eu\/fr\/2023\/12\/13\/visite-avec-grenoble-alpes-tourisme-innovations-sante\/","url":"https:\/\/medytec.eu\/fr\/2023\/12\/13\/visite-avec-grenoble-alpes-tourisme-innovations-sante\/","name":"Visite guid\u00e9e avec Grenoble Alpes Tourisme - Medytec","isPartOf":{"@id":"https:\/\/medytec.eu\/#website"},"primaryImageOfPage":{"@id":"https:\/\/medytec.eu\/fr\/2023\/12\/13\/visite-avec-grenoble-alpes-tourisme-innovations-sante\/#primaryimage"},"image":{"@id":"https:\/\/medytec.eu\/fr\/2023\/12\/13\/visite-avec-grenoble-alpes-tourisme-innovations-sante\/#primaryimage"},"thumbnailUrl":"https:\/\/medytec.eu\/wp-content\/uploads\/2023\/12\/Credit-Flavien-Etheve-Agence-Grenoble-Alpes-23.jpg","datePublished":"2023-12-13T13:49:29+00:00","dateModified":"2024-03-14T09:00:07+00:00","description":"Visite guid\u00e9e sur le th\u00e8me : de l\u2019histoire de l\u2019h\u00f4pital de Grenoble \u00e0 la d\u00e9couverte des innovations sant\u00e9 d\u2019aujourd\u2019hui.","breadcrumb":{"@id":"https:\/\/medytec.eu\/fr\/2023\/12\/13\/visite-avec-grenoble-alpes-tourisme-innovations-sante\/#breadcrumb"},"inLanguage":"en-US","potentialAction":[{"@type":"ReadAction","target":["https:\/\/medytec.eu\/fr\/2023\/12\/13\/visite-avec-grenoble-alpes-tourisme-innovations-sante\/"]}]},{"@type":"ImageObject","inLanguage":"en-US","@id":"https:\/\/medytec.eu\/fr\/2023\/12\/13\/visite-avec-grenoble-alpes-tourisme-innovations-sante\/#primaryimage","url":"https:\/\/medytec.eu\/wp-content\/uploads\/2023\/12\/Credit-Flavien-Etheve-Agence-Grenoble-Alpes-23.jpg","contentUrl":"https:\/\/medytec.eu\/wp-content\/uploads\/2023\/12\/Credit-Flavien-Etheve-Agence-Grenoble-Alpes-23.jpg","width":5328,"height":4000},{"@type":"BreadcrumbList","@id":"https:\/\/medytec.eu\/fr\/2023\/12\/13\/visite-avec-grenoble-alpes-tourisme-innovations-sante\/#breadcrumb","itemListElement":[{"@type":"ListItem","position":1,"name":"Accueil","item":"https:\/\/medytec.eu\/"},{"@type":"ListItem","position":2,"name":"Visite guid\u00e9e avec Grenoble Alpes Tourisme"}]},{"@type":"WebSite","@id":"https:\/\/medytec.eu\/#website","url":"https:\/\/medytec.eu\/","name":"Medytec","description":"Le hub des technologies de la sant\u00e9 de grenoble-Alpes","publisher":{"@id":"https:\/\/medytec.eu\/#organization"},"potentialAction":[{"@type":"SearchAction","target":{"@type":"EntryPoint","urlTemplate":"https:\/\/medytec.eu\/?s={search_term_string}"},"query-input":{"@type":"PropertyValueSpecification","valueRequired":true,"valueName":"search_term_string"}}],"inLanguage":"en-US"},{"@type":"Organization","@id":"https:\/\/medytec.eu\/#organization","name":"MedYtec","url":"https:\/\/medytec.eu\/","logo":{"@type":"ImageObject","inLanguage":"en-US","@id":"https:\/\/medytec.eu\/#\/schema\/logo\/image\/","url":"https:\/\/medytec.eu\/wp-content\/uploads\/2020\/02\/logo-medytec.png","contentUrl":"https:\/\/medytec.eu\/wp-content\/uploads\/2020\/02\/logo-medytec.png","width":426,"height":147,"caption":"MedYtec"},"image":{"@id":"https:\/\/medytec.eu\/#\/schema\/logo\/image\/"}},{"@type":"Person","@id":"https:\/\/medytec.eu\/#\/schema\/person\/52643406ade6747ec29f0a5ca286f5fe","name":"okparfait","url":"https:\/\/medytec.eu\/en\/author\/e486db832ef7dcb5\/"}]}},"_links":{"self":[{"href":"https:\/\/medytec.eu\/en\/wp-json\/wp\/v2\/posts\/6687","targetHints":{"allow":["GET"]}}],"collection":[{"href":"https:\/\/medytec.eu\/en\/wp-json\/wp\/v2\/posts"}],"about":[{"href":"https:\/\/medytec.eu\/en\/wp-json\/wp\/v2\/types\/post"}],"author":[{"embeddable":true,"href":"https:\/\/medytec.eu\/en\/wp-json\/wp\/v2\/users\/4"}],"replies":[{"embeddable":true,"href":"https:\/\/medytec.eu\/en\/wp-json\/wp\/v2\/comments?post=6687"}],"version-history":[{"count":0,"href":"https:\/\/medytec.eu\/en\/wp-json\/wp\/v2\/posts\/6687\/revisions"}],"wp:featuredmedia":[{"embeddable":true,"href":"https:\/\/medytec.eu\/en\/wp-json\/wp\/v2\/media\/6712"}],"wp:attachment":[{"href":"https:\/\/medytec.eu\/en\/wp-json\/wp\/v2\/media?parent=6687"}],"wp:term":[{"taxonomy":"category","embeddable":true,"href":"https:\/\/medytec.eu\/en\/wp-json\/wp\/v2\/categories?post=6687"},{"taxonomy":"post_tag","embeddable":true,"href":"https:\/\/medytec.eu\/en\/wp-json\/wp\/v2\/tags?post=6687"}],"curies":[{"name":"wp","href":"https:\/\/api.w.org\/{rel}","templated":true}]}}