{"id":6463,"date":"2023-11-15T11:46:29","date_gmt":"2023-11-15T10:46:29","guid":{"rendered":"https:\/\/medytec.eu\/?p=6463"},"modified":"2023-11-15T14:33:30","modified_gmt":"2023-11-15T13:33:30","slug":"diabete-embecta","status":"publish","type":"post","link":"https:\/\/medytec.eu\/en\/2023\/11\/15\/diabete-embecta\/","title":{"rendered":"Journ\u00e9e mondiale du diab\u00e8te avec embecta"},"content":{"rendered":"\t\t<div data-elementor-type=\"wp-post\" data-elementor-id=\"6463\" class=\"elementor elementor-6463\" data-elementor-post-type=\"post\">\n\t\t\t\t\t\t<section class=\"elementor-section elementor-top-section elementor-element elementor-element-0fa0d76 elementor-section-boxed elementor-section-height-default elementor-section-height-default\" data-id=\"0fa0d76\" data-element_type=\"section\" data-e-type=\"section\">\n\t\t\t\t\t\t<div class=\"elementor-container elementor-column-gap-default\">\n\t\t\t\t\t<div class=\"elementor-column elementor-col-100 elementor-top-column elementor-element elementor-element-2314ff7\" data-id=\"2314ff7\" data-element_type=\"column\" data-e-type=\"column\">\n\t\t\t<div class=\"elementor-widget-wrap elementor-element-populated\">\n\t\t\t\t\t\t<div class=\"elementor-element elementor-element-0285d54 elementor-widget elementor-widget-heading\" data-id=\"0285d54\" data-element_type=\"widget\" data-e-type=\"widget\" data-widget_type=\"heading.default\">\n\t\t\t\t<div class=\"elementor-widget-container\">\n\t\t\t\t\t<h3 class=\"elementor-heading-title elementor-size-default\">Saviez-vous que le diab\u00e8te est l'une des maladies chroniques les plus r\u00e9pandues dans le monde ?<\/h3>\t\t\t\t<\/div>\n\t\t\t\t<\/div>\n\t\t\t\t\t<\/div>\n\t\t<\/div>\n\t\t\t\t\t<\/div>\n\t\t<\/section>\n\t\t\t\t<section class=\"elementor-section elementor-top-section elementor-element elementor-element-eef4b24 elementor-section-boxed elementor-section-height-default elementor-section-height-default\" data-id=\"eef4b24\" data-element_type=\"section\" data-e-type=\"section\">\n\t\t\t\t\t\t<div class=\"elementor-container elementor-column-gap-default\">\n\t\t\t\t\t<div class=\"elementor-column elementor-col-100 elementor-top-column elementor-element elementor-element-19b5b86\" data-id=\"19b5b86\" data-element_type=\"column\" data-e-type=\"column\">\n\t\t\t<div class=\"elementor-widget-wrap elementor-element-populated\">\n\t\t\t\t\t\t<div class=\"elementor-element elementor-element-92e5a0c elementor-widget elementor-widget-text-editor\" data-id=\"92e5a0c\" data-element_type=\"widget\" data-e-type=\"widget\" data-widget_type=\"text-editor.default\">\n\t\t\t\t<div class=\"elementor-widget-container\">\n\t\t\t\t\t\t\t\t\t<p>Aujourd\u2019hui, <strong>plus d\u2019un demi-milliard de personnes<\/strong> vivent avec le diab\u00e8te, soit <strong>1 adulte sur 10 dans le monde.*<\/strong><\/p>\n<p>En cette journ\u00e9e mondiale du diab\u00e8te, c&rsquo;est l\u2019opportunit\u00e9 de faire un focus sur<strong> l\u2019engagement d\u2019embecta<\/strong> aupr\u00e8s des patients.<\/p>\n<p><em>*Source : FID, Atlas du diab\u00e8te, 10\u00e8 \u00e9dition<\/em><\/p>\t\t\t\t\t\t\t\t<\/div>\n\t\t\t\t<\/div>\n\t\t\t\t<div class=\"elementor-element elementor-element-dc53c2d elementor-widget elementor-widget-spacer\" data-id=\"dc53c2d\" data-element_type=\"widget\" data-e-type=\"widget\" data-widget_type=\"spacer.default\">\n\t\t\t\t<div class=\"elementor-widget-container\">\n\t\t\t\t\t\t\t<div class=\"elementor-spacer\">\n\t\t\t<div class=\"elementor-spacer-inner\"><\/div>\n\t\t<\/div>\n\t\t\t\t\t\t<\/div>\n\t\t\t\t<\/div>\n\t\t\t\t<div class=\"elementor-element elementor-element-c28e6cf elementor-widget elementor-widget-heading\" data-id=\"c28e6cf\" data-element_type=\"widget\" data-e-type=\"widget\" data-widget_type=\"heading.default\">\n\t\t\t\t<div class=\"elementor-widget-container\">\n\t\t\t\t\t<h3 class=\"elementor-heading-title elementor-size-default\">embecta, pr\u00e8s de 100 ans d\u2019exp\u00e9rience dans la gestion du diab\u00e8te<\/h3>\t\t\t\t<\/div>\n\t\t\t\t<\/div>\n\t\t\t\t<div class=\"elementor-element elementor-element-36edf3c elementor-widget elementor-widget-text-editor\" data-id=\"36edf3c\" data-element_type=\"widget\" data-e-type=\"widget\" data-widget_type=\"text-editor.default\">\n\t\t\t\t<div class=\"elementor-widget-container\">\n\t\t\t\t\t\t\t\t\t<p style=\"text-align : justify ;\">embecta, anciennement Unit\u00e9 Diab\u00e8te de BD, est depuis le <strong>1er avril 2022<\/strong> une soci\u00e9t\u00e9 consacr\u00e9e exclusivement \u00e0 la sant\u00e9 et au bien-\u00eatre des personnes vivant avec le diab\u00e8te. Son objectif est de <strong>cr\u00e9er des solutions novatrices<\/strong> pour am\u00e9liorer la vie des personnes atteintes de diab\u00e8te, en leur offrant des outils adapt\u00e9s et faciles \u00e0 utiliser.<\/p>\n\t\t\t\t\t\t\t\t<\/div>\n\t\t\t\t<\/div>\n\t\t\t\t<div class=\"elementor-element elementor-element-5077825 elementor-widget elementor-widget-video\" data-id=\"5077825\" data-element_type=\"widget\" data-e-type=\"widget\" data-settings=\"{&quot;video_type&quot;:&quot;hosted&quot;,&quot;autoplay&quot;:&quot;yes&quot;,&quot;play_on_mobile&quot;:&quot;yes&quot;,&quot;controls&quot;:&quot;yes&quot;}\" data-widget_type=\"video.default\">\n\t\t\t\t<div class=\"elementor-widget-container\">\n\t\t\t\t\t\t\t<div class=\"e-hosted-video elementor-wrapper elementor-open-inline\">\n\t\t\t\t\t<video class=\"elementor-video\" src=\"https:\/\/medytec.eu\/wp-content\/uploads\/2023\/11\/embecta_lifeunlimited_84sec_final_1114_captions.mp4-Original-1.mp4\" autoplay=\"\" controls=\"\" playsinline=\"\" controlsList=\"nodownload\"><\/video>\n\t\t\t\t<\/div>\n\t\t\t\t\t\t<\/div>\n\t\t\t\t<\/div>\n\t\t\t\t<div class=\"elementor-element elementor-element-119b7df elementor-widget elementor-widget-spacer\" data-id=\"119b7df\" data-element_type=\"widget\" data-e-type=\"widget\" data-widget_type=\"spacer.default\">\n\t\t\t\t<div class=\"elementor-widget-container\">\n\t\t\t\t\t\t\t<div class=\"elementor-spacer\">\n\t\t\t<div class=\"elementor-spacer-inner\"><\/div>\n\t\t<\/div>\n\t\t\t\t\t\t<\/div>\n\t\t\t\t<\/div>\n\t\t\t\t\t<\/div>\n\t\t<\/div>\n\t\t\t\t\t<\/div>\n\t\t<\/section>\n\t\t\t\t<section class=\"elementor-section elementor-top-section elementor-element elementor-element-3ec2863 elementor-section-boxed elementor-section-height-default elementor-section-height-default\" data-id=\"3ec2863\" data-element_type=\"section\" data-e-type=\"section\">\n\t\t\t\t\t\t<div class=\"elementor-container elementor-column-gap-default\">\n\t\t\t\t\t<div class=\"elementor-column elementor-col-100 elementor-top-column elementor-element elementor-element-de55b33\" data-id=\"de55b33\" data-element_type=\"column\" data-e-type=\"column\">\n\t\t\t<div class=\"elementor-widget-wrap elementor-element-populated\">\n\t\t\t\t\t\t<div class=\"elementor-element elementor-element-372dfc9 elementor-widget elementor-widget-heading\" data-id=\"372dfc9\" data-element_type=\"widget\" data-e-type=\"widget\" data-widget_type=\"heading.default\">\n\t\t\t\t<div class=\"elementor-widget-container\">\n\t\t\t\t\t<h3 class=\"elementor-heading-title elementor-size-default\">L'innovation au coeur de l'activit\u00e9<\/h3>\t\t\t\t<\/div>\n\t\t\t\t<\/div>\n\t\t\t\t\t<\/div>\n\t\t<\/div>\n\t\t\t\t\t<\/div>\n\t\t<\/section>\n\t\t\t\t<section class=\"elementor-section elementor-top-section elementor-element elementor-element-7da80ef elementor-section-boxed elementor-section-height-default elementor-section-height-default\" data-id=\"7da80ef\" data-element_type=\"section\" data-e-type=\"section\">\n\t\t\t\t\t\t<div class=\"elementor-container elementor-column-gap-default\">\n\t\t\t\t\t<div class=\"elementor-column elementor-col-100 elementor-top-column elementor-element elementor-element-5697dea\" data-id=\"5697dea\" data-element_type=\"column\" data-e-type=\"column\">\n\t\t\t<div class=\"elementor-widget-wrap elementor-element-populated\">\n\t\t\t\t\t\t<div class=\"elementor-element elementor-element-d68c123 elementor-widget elementor-widget-text-editor\" data-id=\"d68c123\" data-element_type=\"widget\" data-e-type=\"widget\" data-widget_type=\"text-editor.default\">\n\t\t\t\t<div class=\"elementor-widget-container\">\n\t\t\t\t\t\t\t\t\t<p style=\"text-align : justify ;\">L&rsquo;une des grandes forces d&#8217;embecta r\u00e9side dans sa capacit\u00e9 \u00e0 int\u00e9grer les <strong>derni\u00e8res avanc\u00e9es technologiques<\/strong> dans le domaine m\u00e9dical. En 1924, BD cr\u00e9e la <strong>premi\u00e8re seringue \u00e0 insuline pour insulinoth\u00e9rapie au monde.<\/strong> Depuis, la soci\u00e9t\u00e9 ne cesse d\u2019innover pour d\u00e9velopper ses dispositifs d\u2019administration.<\/p>\n\t\t\t\t\t\t\t\t<\/div>\n\t\t\t\t<\/div>\n\t\t\t\t<div class=\"elementor-element elementor-element-fe853b0 elementor-widget elementor-widget-heading\" data-id=\"fe853b0\" data-element_type=\"widget\" data-e-type=\"widget\" data-widget_type=\"heading.default\">\n\t\t\t\t<div class=\"elementor-widget-container\">\n\t\t\t\t\t<h3 class=\"elementor-heading-title elementor-size-default\">embecta, l\u2019un des leaders de l\u2019administration d\u2019insuline <\/h3>\t\t\t\t<\/div>\n\t\t\t\t<\/div>\n\t\t\t\t<div class=\"elementor-element elementor-element-27c7166 elementor-widget elementor-widget-text-editor\" data-id=\"27c7166\" data-element_type=\"widget\" data-e-type=\"widget\" data-widget_type=\"text-editor.default\">\n\t\t\t\t<div class=\"elementor-widget-container\">\n\t\t\t\t\t\t\t\t\t<p>Les dispositifs d&rsquo;administration d&rsquo;insuline d\u00e9velopp\u00e9s par embecta sont \u00e9galement \u00e0 la <strong>pointe de l&rsquo;innovation.<\/strong><\/p>\t\t\t\t\t\t\t\t<\/div>\n\t\t\t\t<\/div>\n\t\t\t\t<div class=\"elementor-element elementor-element-7f19676 elementor-widget elementor-widget-image\" data-id=\"7f19676\" data-element_type=\"widget\" data-e-type=\"widget\" data-widget_type=\"image.default\">\n\t\t\t\t<div class=\"elementor-widget-container\">\n\t\t\t\t\t\t\t\t\t\t\t\t<figure class=\"wp-caption\">\n\t\t\t\t\t\t\t\t\t\t<img fetchpriority=\"high\" decoding=\"async\" width=\"1024\" height=\"576\" src=\"https:\/\/medytec.eu\/wp-content\/uploads\/2023\/11\/embecta-1024x576.png\" class=\"attachment-large size-large wp-image-6490\" alt=\"\" srcset=\"https:\/\/medytec.eu\/wp-content\/uploads\/2023\/11\/embecta-1024x576.png 1024w, https:\/\/medytec.eu\/wp-content\/uploads\/2023\/11\/embecta-300x169.png 300w, https:\/\/medytec.eu\/wp-content\/uploads\/2023\/11\/embecta-768x432.png 768w, https:\/\/medytec.eu\/wp-content\/uploads\/2023\/11\/embecta-1536x864.png 1536w, https:\/\/medytec.eu\/wp-content\/uploads\/2023\/11\/embecta-18x10.png 18w, https:\/\/medytec.eu\/wp-content\/uploads\/2023\/11\/embecta-800x450.png 800w, https:\/\/medytec.eu\/wp-content\/uploads\/2023\/11\/embecta.png 1920w\" sizes=\"(max-width: 1024px) 100vw, 1024px\" \/>\t\t\t\t\t\t\t\t\t\t\t<figcaption class=\"widget-image-caption wp-caption-text\">embecta poss\u00e8de une solide exp\u00e9rience en innovation depuis 1924<\/figcaption>\n\t\t\t\t\t\t\t\t\t\t<\/figure>\n\t\t\t\t\t\t\t\t\t<\/div>\n\t\t\t\t<\/div>\n\t\t\t\t<div class=\"elementor-element elementor-element-bbab24b elementor-widget elementor-widget-spacer\" data-id=\"bbab24b\" data-element_type=\"widget\" data-e-type=\"widget\" data-widget_type=\"spacer.default\">\n\t\t\t\t<div class=\"elementor-widget-container\">\n\t\t\t\t\t\t\t<div class=\"elementor-spacer\">\n\t\t\t<div class=\"elementor-spacer-inner\"><\/div>\n\t\t<\/div>\n\t\t\t\t\t\t<\/div>\n\t\t\t\t<\/div>\n\t\t\t\t\t<\/div>\n\t\t<\/div>\n\t\t\t\t\t<\/div>\n\t\t<\/section>\n\t\t\t\t<section class=\"elementor-section elementor-top-section elementor-element elementor-element-ede9692 elementor-section-boxed elementor-section-height-default elementor-section-height-default\" data-id=\"ede9692\" data-element_type=\"section\" data-e-type=\"section\">\n\t\t\t\t\t\t<div class=\"elementor-container elementor-column-gap-default\">\n\t\t\t\t\t<div class=\"elementor-column elementor-col-100 elementor-top-column elementor-element elementor-element-d133ffe\" data-id=\"d133ffe\" data-element_type=\"column\" data-e-type=\"column\">\n\t\t\t<div class=\"elementor-widget-wrap elementor-element-populated\">\n\t\t\t\t\t\t<section class=\"elementor-section elementor-inner-section elementor-element elementor-element-6ef839a elementor-section-boxed elementor-section-height-default elementor-section-height-default\" data-id=\"6ef839a\" data-element_type=\"section\" data-e-type=\"section\">\n\t\t\t\t\t\t<div class=\"elementor-container elementor-column-gap-default\">\n\t\t\t\t\t<div class=\"elementor-column elementor-col-100 elementor-inner-column elementor-element elementor-element-f0e0c48\" data-id=\"f0e0c48\" data-element_type=\"column\" data-e-type=\"column\">\n\t\t\t<div class=\"elementor-widget-wrap elementor-element-populated\">\n\t\t\t\t\t\t<div class=\"elementor-element elementor-element-a646cd9 elementor-widget__width-initial elementor-widget elementor-widget-text-editor\" data-id=\"a646cd9\" data-element_type=\"widget\" data-e-type=\"widget\" data-widget_type=\"text-editor.default\">\n\t\t\t\t<div class=\"elementor-widget-container\">\n\t\t\t\t\t\t\t\t\t<p style=\"text-align : justify ;\">En\u00a0<strong>2018<\/strong>, embecta lance la nouvelle\u00a0<strong>aiguille pour stylo BD Micro-Fine Ultra\u2122 PRO 4\u00a0mm.<\/strong>\u00a0Celle-ci a les m\u00eames technologies que BD Micro-Fine Ultra\u2122 tout en \u00e9tant am\u00e9lior\u00e9e pour plus de confort et de s\u00e9curit\u00e9. L\u2019aiguille BD Micro-Fine Ultra\u2122 PRO a \u00e9t\u00e9 test\u00e9e par des patients et a \u00e9t\u00e9 pr\u00e9f\u00e9r\u00e9e(1) par rapport \u00e0 leur aiguille habituelle.<\/p>\n\t\t\t\t\t\t\t\t<\/div>\n\t\t\t\t<\/div>\n\t\t\t\t\t<\/div>\n\t\t<\/div>\n\t\t\t\t\t<\/div>\n\t\t<\/section>\n\t\t\t\t<div class=\"elementor-element elementor-element-37fb844 elementor-widget elementor-widget-image\" data-id=\"37fb844\" data-element_type=\"widget\" data-e-type=\"widget\" data-widget_type=\"image.default\">\n\t\t\t\t<div class=\"elementor-widget-container\">\n\t\t\t\t\t\t\t\t\t\t\t\t\t\t\t<img decoding=\"async\" width=\"768\" height=\"768\" src=\"https:\/\/medytec.eu\/wp-content\/uploads\/2023\/11\/Minimalist-Business-Talk-LinkedIn-Post-1-768x768.png\" class=\"attachment-medium_large size-medium_large wp-image-6503\" alt=\"\" srcset=\"https:\/\/medytec.eu\/wp-content\/uploads\/2023\/11\/Minimalist-Business-Talk-LinkedIn-Post-1-768x768.png 768w, https:\/\/medytec.eu\/wp-content\/uploads\/2023\/11\/Minimalist-Business-Talk-LinkedIn-Post-1-300x300.png 300w, https:\/\/medytec.eu\/wp-content\/uploads\/2023\/11\/Minimalist-Business-Talk-LinkedIn-Post-1-1024x1024.png 1024w, https:\/\/medytec.eu\/wp-content\/uploads\/2023\/11\/Minimalist-Business-Talk-LinkedIn-Post-1-150x150.png 150w, https:\/\/medytec.eu\/wp-content\/uploads\/2023\/11\/Minimalist-Business-Talk-LinkedIn-Post-1-12x12.png 12w, https:\/\/medytec.eu\/wp-content\/uploads\/2023\/11\/Minimalist-Business-Talk-LinkedIn-Post-1-600x600.png 600w, https:\/\/medytec.eu\/wp-content\/uploads\/2023\/11\/Minimalist-Business-Talk-LinkedIn-Post-1.png 1200w\" sizes=\"(max-width: 768px) 100vw, 768px\" \/>\t\t\t\t\t\t\t\t\t\t\t\t\t\t\t<\/div>\n\t\t\t\t<\/div>\n\t\t\t\t<div class=\"elementor-element elementor-element-03e500f elementor-widget elementor-widget-text-editor\" data-id=\"03e500f\" data-element_type=\"widget\" data-e-type=\"widget\" data-widget_type=\"text-editor.default\">\n\t\t\t\t<div class=\"elementor-widget-container\">\n\t\t\t\t\t\t\t\t\t<p>Et toujours\u00a0:\u00a0<\/p><p><strong>Insertion et retrait de l\u2019aiguille moins douloureux :<\/strong><\/p><ul><li>La <strong>technologie 5 biseaux<\/strong>\u00a0permet de r\u00e9duire la force de p\u00e9n\u00e9tration (2)<\/li><li>La <strong>lubrification de l\u2019aiguille<\/strong> selon une formule unique \u00e0 BD permet une insertion plus facile dans la peau<\/li><\/ul><p><strong>Meilleure s\u00e9curit\u00e9 et confiance dans la dose inject\u00e9e<\/strong><\/p><ul><li>La <strong>compatibilit\u00e9 est garantie avec\u00a0les stylos injecteurs les plus largement<\/strong> utilis\u00e9s dans le traitement du diab\u00e8te<\/li><li>La technologie <strong>Paroi Extra Fine<\/strong>\u00a0permet une injection plus facile et plus rapide (3)<\/li><\/ul>\t\t\t\t\t\t\t\t<\/div>\n\t\t\t\t<\/div>\n\t\t\t\t<div class=\"elementor-element elementor-element-653f135 elementor-widget elementor-widget-heading\" data-id=\"653f135\" data-element_type=\"widget\" data-e-type=\"widget\" data-widget_type=\"heading.default\">\n\t\t\t\t<div class=\"elementor-widget-container\">\n\t\t\t\t\t<h3 class=\"elementor-heading-title elementor-size-default\">Une approche holistique de la gestion du diab\u00e8te<\/h3>\t\t\t\t<\/div>\n\t\t\t\t<\/div>\n\t\t\t\t<div class=\"elementor-element elementor-element-f1c2edf elementor-widget elementor-widget-text-editor\" data-id=\"f1c2edf\" data-element_type=\"widget\" data-e-type=\"widget\" data-widget_type=\"text-editor.default\">\n\t\t\t\t<div class=\"elementor-widget-container\">\n\t\t\t\t\t\t\t\t\t<p style=\"text-align: justify;\">embecta s\u2019engage \u00e0 offrir des ressources et un <strong>soutien complet aux personnes atteintes de diab\u00e8te :\u00a0 <\/strong>une application digitale , un guide sur la bonne technique d\u2019injection, des grilles de rotation pour \u00e9viter le risque de d\u00e9velopper des lipohypertrophies, des fiches pratiques sur les associations r\u00e9serv\u00e9es aux patients diab\u00e9tiques et d\u2019autres outils et fonctionnalit\u00e9s pour r\u00e9pondre au mieux aux pr\u00e9occupations des patients.<\/p>\t\t\t\t\t\t\t\t<\/div>\n\t\t\t\t<\/div>\n\t\t\t\t<div class=\"elementor-element elementor-element-11b95de elementor-widget elementor-widget-heading\" data-id=\"11b95de\" data-element_type=\"widget\" data-e-type=\"widget\" data-widget_type=\"heading.default\">\n\t\t\t\t<div class=\"elementor-widget-container\">\n\t\t\t\t\t<h3 class=\"elementor-heading-title elementor-size-default\">Chiffres et informations cl\u00e9s embecta en 2021<\/h3>\t\t\t\t<\/div>\n\t\t\t\t<\/div>\n\t\t\t\t<div class=\"elementor-element elementor-element-8a957b7 elementor-widget elementor-widget-text-editor\" data-id=\"8a957b7\" data-element_type=\"widget\" data-e-type=\"widget\" data-widget_type=\"text-editor.default\">\n\t\t\t\t<div class=\"elementor-widget-container\">\n\t\t\t\t\t\t\t\t\t<ul><li><strong>Plus de 7 milliards d\u2019aiguilles \u00e0 stylo<\/strong> et seringues \u00e0 insuline produites chaque ann\u00e9e au niveau mondial<\/li><li><strong>3 sites de production<\/strong> dans le monde entier, fournissant aux clients des produits de haute qualit\u00e9, s\u00fbrs et fiables<\/li><li><strong>Pr\u00e8s de 30 millions de personnes vivant avec le diab\u00e8te<\/strong> utilisent les produits embecta<\/li><li>Les produits embecta sont utilis\u00e9s pour aider \u00e0 la gestion du diab\u00e8te dans <strong>plus de 100 pays<\/strong><\/li><li><strong>Plus de 2000 employ\u00e9s<\/strong> enthousiastes \u00e0 l\u2019id\u00e9e d\u2019\u00eatre \u00e0 l\u2019origine d\u2019innovations et d\u2019am\u00e9lioration continue des standards de prise en charge du diab\u00e8te \u00e0 l\u2019\u00e9chelle mondiale<\/li><\/ul>\t\t\t\t\t\t\t\t<\/div>\n\t\t\t\t<\/div>\n\t\t\t\t<div class=\"elementor-element elementor-element-9829739 elementor-widget elementor-widget-text-editor\" data-id=\"9829739\" data-element_type=\"widget\" data-e-type=\"widget\" data-widget_type=\"text-editor.default\">\n\t\t\t\t<div class=\"elementor-widget-container\">\n\t\t\t\t\t\t\t\t\t<h6>(1) **** 226 patients diab\u00e9tiques sous insulinoth\u00e9rapie ont \u00e9t\u00e9 \u00e9tudi\u00e9s avec une \u00e9chelle visuelle analogique de 150 mm (scores moyens &gt; 0 mm ; diff\u00e9rence cliniquement significative \u00ad 5 mm). L\u2019embase de l\u2019aiguille BD Micro-Fine Ultra PRO 4mm a d\u00e9montr\u00e9 sa sup\u00e9riorit\u00e9 par rapport \u00e0 tous les groupes de comparaison combin\u00e9s et sa capacit\u00e9 globale \u00e0 maintenir le stylo en toute s\u00e9curit\u00e9 contre la peau sans vaciller. [(P &lt;0,05)(Moyenne 17,0 mm, IC \u00e0 95 %, +11,3 \u00e0 +22,6 mm)]. Whooley S, Briskin T, Gibney MA, Blank LR, Berube J, Pflug BK. Evaluating the User Performance\nand Experience with a Re-Engineered 4 mm \u00d7 32G Pen Needle: A Randomized Trial with Similar\nLength\/Gauge Needles. Diabetes Ther. 2019; doi:10.1007\/s13300-019-0585-7<\/h6>\n<h6><strong>(2) Etudes en 2 parties : &#8211; Evaluation en laboratoire sur la force de p\u00e9n\u00e9tration : 60 aiguilles de marques et de tailles diff\u00e9rentes (4,5 et 8mm) 3 et 5 biseaux sur une peau artificielle. &#8211; Etude clinique sur la facilit\u00e9 d&rsquo;insertion : comparaison faite sur des sujets s&rsquo;injectant de l&rsquo;insuline sur l&rsquo;adh\u00e9sion, la douleur et la pr\u00e9f\u00e9rence. 86 patients dont 29% de diab\u00e9tique de type 1 et 71% de diab\u00e9tique de type 2 utilisant des stylos \u00e0 insuline au moins 1 fois par jour depuis plus de 2 mois.<\/strong><\/h6>\n<h6><strong>Hirsch LJ, Gibney MA, Albanese J, et al. Comparative glycemic control, safety and patient ratings for a new 4 mm x 32G insulin pen needle in adults with diabetes. Curr Med Res Opin. 2010;26(6):1531-1541<\/strong><\/h6>\n<h6><strong>(3) HCP: Quantitative testing of XTW and comparable PNs with the 3 insulin pens for thumb force, flow rate, and time to deliver medication. A prospective, randomized, 2-period, open-label, crossover trial was then conducted in patients aged 35 to 80 years with type 1 or type 2 DM who injected insulin by pen for \u22652 months, with at least 1 daily dose \u226510 U. Patient: Study on 3 insulin pens for thumb force, flow rate, and time to deliver medication. Patients aged 35 to 80 years with type 1 or type 2 DM who injected insulin by pen for \u22652 months, with at least 1 daily dose \u226510 U.<\/strong><\/h6>\n<h6><strong>Aronson R, Gibney MA, Oza K, B\u00e9rub\u00e9 J, Kassler-Taub K, Hirsch L. Insulin pen needles: effects of extra-thin wall needle technology on preference, confidence, and other patient ratings. Clin Ther. 2013;35(7):923-933. 2.<\/strong> International<strong> Organization for Standardization (ISO). Stainless steel needle tubing for the manufacture of medical devices: requirements and test methods. Second edition. ISO 9626:2016: 2016.<\/strong><\/h6>\t\t\t\t\t\t\t\t<\/div>\n\t\t\t\t<\/div>\n\t\t\t\t<div class=\"elementor-element elementor-element-1ac9af3 elementor-align-center elementor-widget elementor-widget-button\" data-id=\"1ac9af3\" data-element_type=\"widget\" data-e-type=\"widget\" data-widget_type=\"button.default\">\n\t\t\t\t<div class=\"elementor-widget-container\">\n\t\t\t\t\t\t\t\t\t<div class=\"elementor-button-wrapper\">\n\t\t\t\t\t<a class=\"elementor-button elementor-button-link elementor-size-sm\" href=\"https:\/\/go.embecta.com\/all-in-fr-fr\">\n\t\t\t\t\t\t<span class=\"elementor-button-content-wrapper\">\n\t\t\t\t\t\t\t\t\t<span class=\"elementor-button-text\">En savoir plus<\/span>\n\t\t\t\t\t<\/span>\n\t\t\t\t\t<\/a>\n\t\t\t\t<\/div>\n\t\t\t\t\t\t\t\t<\/div>\n\t\t\t\t<\/div>\n\t\t\t\t<div class=\"elementor-element elementor-element-a2a8d0c elementor-widget elementor-widget-spacer\" data-id=\"a2a8d0c\" data-element_type=\"widget\" data-e-type=\"widget\" data-widget_type=\"spacer.default\">\n\t\t\t\t<div class=\"elementor-widget-container\">\n\t\t\t\t\t\t\t<div class=\"elementor-spacer\">\n\t\t\t<div class=\"elementor-spacer-inner\"><\/div>\n\t\t<\/div>\n\t\t\t\t\t\t<\/div>\n\t\t\t\t<\/div>\n\t\t\t\t<div class=\"elementor-element elementor-element-7eaeca8 elementor-widget elementor-widget-text-editor\" data-id=\"7eaeca8\" data-element_type=\"widget\" data-e-type=\"widget\" data-widget_type=\"text-editor.default\">\n\t\t\t\t<div class=\"elementor-widget-container\">\n\t\t\t\t\t\t\t\t\t<p style=\"text-align: right;\">L\u2019\u00e9quipe Medytec<\/p>\t\t\t\t\t\t\t\t<\/div>\n\t\t\t\t<\/div>\n\t\t\t\t\t<\/div>\n\t\t<\/div>\n\t\t\t\t\t<\/div>\n\t\t<\/section>\n\t\t\t\t<\/div>\n\t\t","protected":false},"excerpt":{"rendered":"<p>Saviez-vous que le diab\u00e8te est l&rsquo;une des maladies chroniques les plus r\u00e9pandues dans le monde ? Aujourd\u2019hui, plus d\u2019un demi-milliard de personnes vivent avec le diab\u00e8te, soit 1 adulte sur 10 dans le monde.* En cette journ\u00e9e mondiale du diab\u00e8te, c&rsquo;est l\u2019opportunit\u00e9 de faire un focus sur l\u2019engagement d\u2019embecta aupr\u00e8s des patients. *Source : FID, [&hellip;]<\/p>\n","protected":false},"author":4,"featured_media":6535,"comment_status":"closed","ping_status":"closed","sticky":false,"template":"","format":"standard","meta":{"ocean_post_layout":"","ocean_both_sidebars_style":"","ocean_both_sidebars_content_width":0,"ocean_both_sidebars_sidebars_width":0,"ocean_sidebar":"0","ocean_second_sidebar":"0","ocean_disable_margins":"enable","ocean_add_body_class":"","ocean_shortcode_before_top_bar":"","ocean_shortcode_after_top_bar":"","ocean_shortcode_before_header":"","ocean_shortcode_after_header":"","ocean_has_shortcode":"","ocean_shortcode_after_title":"","ocean_shortcode_before_footer_widgets":"","ocean_shortcode_after_footer_widgets":"","ocean_shortcode_before_footer_bottom":"","ocean_shortcode_after_footer_bottom":"","ocean_display_top_bar":"default","ocean_display_header":"default","ocean_header_style":"","ocean_center_header_left_menu":"0","ocean_custom_header_template":"0","ocean_custom_logo":0,"ocean_custom_retina_logo":0,"ocean_custom_logo_max_width":0,"ocean_custom_logo_tablet_max_width":0,"ocean_custom_logo_mobile_max_width":0,"ocean_custom_logo_max_height":0,"ocean_custom_logo_tablet_max_height":0,"ocean_custom_logo_mobile_max_height":0,"ocean_header_custom_menu":"0","ocean_menu_typo_font_family":"0","ocean_menu_typo_font_subset":"","ocean_menu_typo_font_size":0,"ocean_menu_typo_font_size_tablet":0,"ocean_menu_typo_font_size_mobile":0,"ocean_menu_typo_font_size_unit":"px","ocean_menu_typo_font_weight":"","ocean_menu_typo_font_weight_tablet":"","ocean_menu_typo_font_weight_mobile":"","ocean_menu_typo_transform":"","ocean_menu_typo_transform_tablet":"","ocean_menu_typo_transform_mobile":"","ocean_menu_typo_line_height":0,"ocean_menu_typo_line_height_tablet":0,"ocean_menu_typo_line_height_mobile":0,"ocean_menu_typo_line_height_unit":"","ocean_menu_typo_spacing":0,"ocean_menu_typo_spacing_tablet":0,"ocean_menu_typo_spacing_mobile":0,"ocean_menu_typo_spacing_unit":"","ocean_menu_link_color":"","ocean_menu_link_color_hover":"","ocean_menu_link_color_active":"","ocean_menu_link_background":"","ocean_menu_link_hover_background":"","ocean_menu_link_active_background":"","ocean_menu_social_links_bg":"","ocean_menu_social_hover_links_bg":"","ocean_menu_social_links_color":"","ocean_menu_social_hover_links_color":"","ocean_disable_title":"default","ocean_disable_heading":"default","ocean_post_title":"","ocean_post_subheading":"","ocean_post_title_style":"","ocean_post_title_background_color":"","ocean_post_title_background":0,"ocean_post_title_bg_image_position":"","ocean_post_title_bg_image_attachment":"","ocean_post_title_bg_image_repeat":"","ocean_post_title_bg_image_size":"","ocean_post_title_height":0,"ocean_post_title_bg_overlay":0.5,"ocean_post_title_bg_overlay_color":"","ocean_disable_breadcrumbs":"default","ocean_breadcrumbs_color":"","ocean_breadcrumbs_separator_color":"","ocean_breadcrumbs_links_color":"","ocean_breadcrumbs_links_hover_color":"","ocean_display_footer_widgets":"default","ocean_display_footer_bottom":"default","ocean_custom_footer_template":"0","ocean_post_oembed":"","ocean_post_self_hosted_media":"","ocean_post_video_embed":"","ocean_link_format":"","ocean_link_format_target":"self","ocean_quote_format":"","ocean_quote_format_link":"post","ocean_gallery_link_images":"off","ocean_gallery_id":[],"footnotes":""},"categories":[55],"tags":[],"class_list":["post-6463","post","type-post","status-publish","format-standard","has-post-thumbnail","hentry","category-innovations-en-sante","entry","has-media"],"yoast_head":"<!-- This site is optimized with the Yoast SEO plugin v27.5 - https:\/\/yoast.com\/product\/yoast-seo-wordpress\/ -->\n<title>Journ\u00e9e mondiale du diab\u00e8te avec embecta - Medytec<\/title>\n<meta name=\"description\" content=\"D\u00e9couvrez l&#039;engagement d&#039;embecta, acteur incontournable dans la lutte contre le diab\u00e8te depuis pr\u00e8s de 100 ans.\" \/>\n<meta name=\"robots\" content=\"index, follow, max-snippet:-1, max-image-preview:large, max-video-preview:-1\" \/>\n<link rel=\"canonical\" href=\"https:\/\/medytec.eu\/en\/2023\/11\/15\/diabete-embecta\/\" \/>\n<meta property=\"og:locale\" content=\"en_US\" \/>\n<meta property=\"og:type\" content=\"article\" \/>\n<meta property=\"og:title\" content=\"Journ\u00e9e mondiale du diab\u00e8te avec embecta - Medytec\" \/>\n<meta property=\"og:description\" content=\"D\u00e9couvrez l&#039;engagement d&#039;embecta, acteur incontournable dans la lutte contre le diab\u00e8te depuis pr\u00e8s de 100 ans.\" \/>\n<meta property=\"og:url\" content=\"https:\/\/medytec.eu\/en\/2023\/11\/15\/diabete-embecta\/\" \/>\n<meta property=\"og:site_name\" content=\"Medytec\" \/>\n<meta property=\"article:published_time\" content=\"2023-11-15T10:46:29+00:00\" \/>\n<meta property=\"article:modified_time\" content=\"2023-11-15T13:33:30+00:00\" \/>\n<meta property=\"og:image\" content=\"https:\/\/medytec.eu\/wp-content\/uploads\/2023\/11\/embecta-1000-x-500-px-1.png\" \/>\n\t<meta property=\"og:image:width\" content=\"1000\" \/>\n\t<meta property=\"og:image:height\" content=\"500\" \/>\n\t<meta property=\"og:image:type\" content=\"image\/png\" \/>\n<meta name=\"author\" content=\"okparfait\" \/>\n<meta name=\"twitter:card\" content=\"summary_large_image\" \/>\n<meta name=\"twitter:label1\" content=\"Written by\" \/>\n\t<meta name=\"twitter:data1\" content=\"okparfait\" \/>\n\t<meta name=\"twitter:label2\" content=\"Est. reading time\" \/>\n\t<meta name=\"twitter:data2\" content=\"5 minutes\" \/>\n<script type=\"application\/ld+json\" class=\"yoast-schema-graph\">{\"@context\":\"https:\\\/\\\/schema.org\",\"@graph\":[{\"@type\":\"Article\",\"@id\":\"https:\\\/\\\/medytec.eu\\\/2023\\\/11\\\/15\\\/diabete-embecta\\\/#article\",\"isPartOf\":{\"@id\":\"https:\\\/\\\/medytec.eu\\\/2023\\\/11\\\/15\\\/diabete-embecta\\\/\"},\"author\":{\"name\":\"okparfait\",\"@id\":\"https:\\\/\\\/medytec.eu\\\/#\\\/schema\\\/person\\\/52643406ade6747ec29f0a5ca286f5fe\"},\"headline\":\"Journ\u00e9e mondiale du diab\u00e8te avec embecta\",\"datePublished\":\"2023-11-15T10:46:29+00:00\",\"dateModified\":\"2023-11-15T13:33:30+00:00\",\"mainEntityOfPage\":{\"@id\":\"https:\\\/\\\/medytec.eu\\\/2023\\\/11\\\/15\\\/diabete-embecta\\\/\"},\"wordCount\":976,\"publisher\":{\"@id\":\"https:\\\/\\\/medytec.eu\\\/#organization\"},\"image\":{\"@id\":\"https:\\\/\\\/medytec.eu\\\/2023\\\/11\\\/15\\\/diabete-embecta\\\/#primaryimage\"},\"thumbnailUrl\":\"https:\\\/\\\/medytec.eu\\\/wp-content\\\/uploads\\\/2023\\\/11\\\/embecta-1000-x-500-px-1.png\",\"articleSection\":[\"Innovations en sant\u00e9\"],\"inLanguage\":\"en-US\"},{\"@type\":\"WebPage\",\"@id\":\"https:\\\/\\\/medytec.eu\\\/2023\\\/11\\\/15\\\/diabete-embecta\\\/\",\"url\":\"https:\\\/\\\/medytec.eu\\\/2023\\\/11\\\/15\\\/diabete-embecta\\\/\",\"name\":\"Journ\u00e9e mondiale du diab\u00e8te avec embecta - Medytec\",\"isPartOf\":{\"@id\":\"https:\\\/\\\/medytec.eu\\\/#website\"},\"primaryImageOfPage\":{\"@id\":\"https:\\\/\\\/medytec.eu\\\/2023\\\/11\\\/15\\\/diabete-embecta\\\/#primaryimage\"},\"image\":{\"@id\":\"https:\\\/\\\/medytec.eu\\\/2023\\\/11\\\/15\\\/diabete-embecta\\\/#primaryimage\"},\"thumbnailUrl\":\"https:\\\/\\\/medytec.eu\\\/wp-content\\\/uploads\\\/2023\\\/11\\\/embecta-1000-x-500-px-1.png\",\"datePublished\":\"2023-11-15T10:46:29+00:00\",\"dateModified\":\"2023-11-15T13:33:30+00:00\",\"description\":\"D\u00e9couvrez l'engagement d'embecta, acteur incontournable dans la lutte contre le diab\u00e8te depuis pr\u00e8s de 100 ans.\",\"breadcrumb\":{\"@id\":\"https:\\\/\\\/medytec.eu\\\/2023\\\/11\\\/15\\\/diabete-embecta\\\/#breadcrumb\"},\"inLanguage\":\"en-US\",\"potentialAction\":[{\"@type\":\"ReadAction\",\"target\":[\"https:\\\/\\\/medytec.eu\\\/2023\\\/11\\\/15\\\/diabete-embecta\\\/\"]}]},{\"@type\":\"ImageObject\",\"inLanguage\":\"en-US\",\"@id\":\"https:\\\/\\\/medytec.eu\\\/2023\\\/11\\\/15\\\/diabete-embecta\\\/#primaryimage\",\"url\":\"https:\\\/\\\/medytec.eu\\\/wp-content\\\/uploads\\\/2023\\\/11\\\/embecta-1000-x-500-px-1.png\",\"contentUrl\":\"https:\\\/\\\/medytec.eu\\\/wp-content\\\/uploads\\\/2023\\\/11\\\/embecta-1000-x-500-px-1.png\",\"width\":1000,\"height\":500},{\"@type\":\"BreadcrumbList\",\"@id\":\"https:\\\/\\\/medytec.eu\\\/2023\\\/11\\\/15\\\/diabete-embecta\\\/#breadcrumb\",\"itemListElement\":[{\"@type\":\"ListItem\",\"position\":1,\"name\":\"Accueil\",\"item\":\"https:\\\/\\\/medytec.eu\\\/\"},{\"@type\":\"ListItem\",\"position\":2,\"name\":\"Journ\u00e9e mondiale du diab\u00e8te avec embecta\"}]},{\"@type\":\"WebSite\",\"@id\":\"https:\\\/\\\/medytec.eu\\\/#website\",\"url\":\"https:\\\/\\\/medytec.eu\\\/\",\"name\":\"Medytec\",\"description\":\"Le hub des technologies de la sant\u00e9 de grenoble-Alpes\",\"publisher\":{\"@id\":\"https:\\\/\\\/medytec.eu\\\/#organization\"},\"potentialAction\":[{\"@type\":\"SearchAction\",\"target\":{\"@type\":\"EntryPoint\",\"urlTemplate\":\"https:\\\/\\\/medytec.eu\\\/?s={search_term_string}\"},\"query-input\":{\"@type\":\"PropertyValueSpecification\",\"valueRequired\":true,\"valueName\":\"search_term_string\"}}],\"inLanguage\":\"en-US\"},{\"@type\":\"Organization\",\"@id\":\"https:\\\/\\\/medytec.eu\\\/#organization\",\"name\":\"MedYtec\",\"url\":\"https:\\\/\\\/medytec.eu\\\/\",\"logo\":{\"@type\":\"ImageObject\",\"inLanguage\":\"en-US\",\"@id\":\"https:\\\/\\\/medytec.eu\\\/#\\\/schema\\\/logo\\\/image\\\/\",\"url\":\"https:\\\/\\\/medytec.eu\\\/wp-content\\\/uploads\\\/2020\\\/02\\\/logo-medytec.png\",\"contentUrl\":\"https:\\\/\\\/medytec.eu\\\/wp-content\\\/uploads\\\/2020\\\/02\\\/logo-medytec.png\",\"width\":426,\"height\":147,\"caption\":\"MedYtec\"},\"image\":{\"@id\":\"https:\\\/\\\/medytec.eu\\\/#\\\/schema\\\/logo\\\/image\\\/\"}},{\"@type\":\"Person\",\"@id\":\"https:\\\/\\\/medytec.eu\\\/#\\\/schema\\\/person\\\/52643406ade6747ec29f0a5ca286f5fe\",\"name\":\"okparfait\",\"url\":\"https:\\\/\\\/medytec.eu\\\/en\\\/author\\\/e486db832ef7dcb5\\\/\"}]}<\/script>\n<!-- \/ Yoast SEO plugin. -->","yoast_head_json":{"title":"Journ\u00e9e mondiale du diab\u00e8te avec embecta - Medytec","description":"D\u00e9couvrez l'engagement d'embecta, acteur incontournable dans la lutte contre le diab\u00e8te depuis pr\u00e8s de 100 ans.","robots":{"index":"index","follow":"follow","max-snippet":"max-snippet:-1","max-image-preview":"max-image-preview:large","max-video-preview":"max-video-preview:-1"},"canonical":"https:\/\/medytec.eu\/en\/2023\/11\/15\/diabete-embecta\/","og_locale":"en_US","og_type":"article","og_title":"Journ\u00e9e mondiale du diab\u00e8te avec embecta - Medytec","og_description":"D\u00e9couvrez l'engagement d'embecta, acteur incontournable dans la lutte contre le diab\u00e8te depuis pr\u00e8s de 100 ans.","og_url":"https:\/\/medytec.eu\/en\/2023\/11\/15\/diabete-embecta\/","og_site_name":"Medytec","article_published_time":"2023-11-15T10:46:29+00:00","article_modified_time":"2023-11-15T13:33:30+00:00","og_image":[{"width":1000,"height":500,"url":"https:\/\/medytec.eu\/wp-content\/uploads\/2023\/11\/embecta-1000-x-500-px-1.png","type":"image\/png"}],"author":"okparfait","twitter_card":"summary_large_image","twitter_misc":{"Written by":"okparfait","Est. reading time":"5 minutes"},"schema":{"@context":"https:\/\/schema.org","@graph":[{"@type":"Article","@id":"https:\/\/medytec.eu\/2023\/11\/15\/diabete-embecta\/#article","isPartOf":{"@id":"https:\/\/medytec.eu\/2023\/11\/15\/diabete-embecta\/"},"author":{"name":"okparfait","@id":"https:\/\/medytec.eu\/#\/schema\/person\/52643406ade6747ec29f0a5ca286f5fe"},"headline":"Journ\u00e9e mondiale du diab\u00e8te avec embecta","datePublished":"2023-11-15T10:46:29+00:00","dateModified":"2023-11-15T13:33:30+00:00","mainEntityOfPage":{"@id":"https:\/\/medytec.eu\/2023\/11\/15\/diabete-embecta\/"},"wordCount":976,"publisher":{"@id":"https:\/\/medytec.eu\/#organization"},"image":{"@id":"https:\/\/medytec.eu\/2023\/11\/15\/diabete-embecta\/#primaryimage"},"thumbnailUrl":"https:\/\/medytec.eu\/wp-content\/uploads\/2023\/11\/embecta-1000-x-500-px-1.png","articleSection":["Innovations en sant\u00e9"],"inLanguage":"en-US"},{"@type":"WebPage","@id":"https:\/\/medytec.eu\/2023\/11\/15\/diabete-embecta\/","url":"https:\/\/medytec.eu\/2023\/11\/15\/diabete-embecta\/","name":"Journ\u00e9e mondiale du diab\u00e8te avec embecta - Medytec","isPartOf":{"@id":"https:\/\/medytec.eu\/#website"},"primaryImageOfPage":{"@id":"https:\/\/medytec.eu\/2023\/11\/15\/diabete-embecta\/#primaryimage"},"image":{"@id":"https:\/\/medytec.eu\/2023\/11\/15\/diabete-embecta\/#primaryimage"},"thumbnailUrl":"https:\/\/medytec.eu\/wp-content\/uploads\/2023\/11\/embecta-1000-x-500-px-1.png","datePublished":"2023-11-15T10:46:29+00:00","dateModified":"2023-11-15T13:33:30+00:00","description":"D\u00e9couvrez l'engagement d'embecta, acteur incontournable dans la lutte contre le diab\u00e8te depuis pr\u00e8s de 100 ans.","breadcrumb":{"@id":"https:\/\/medytec.eu\/2023\/11\/15\/diabete-embecta\/#breadcrumb"},"inLanguage":"en-US","potentialAction":[{"@type":"ReadAction","target":["https:\/\/medytec.eu\/2023\/11\/15\/diabete-embecta\/"]}]},{"@type":"ImageObject","inLanguage":"en-US","@id":"https:\/\/medytec.eu\/2023\/11\/15\/diabete-embecta\/#primaryimage","url":"https:\/\/medytec.eu\/wp-content\/uploads\/2023\/11\/embecta-1000-x-500-px-1.png","contentUrl":"https:\/\/medytec.eu\/wp-content\/uploads\/2023\/11\/embecta-1000-x-500-px-1.png","width":1000,"height":500},{"@type":"BreadcrumbList","@id":"https:\/\/medytec.eu\/2023\/11\/15\/diabete-embecta\/#breadcrumb","itemListElement":[{"@type":"ListItem","position":1,"name":"Accueil","item":"https:\/\/medytec.eu\/"},{"@type":"ListItem","position":2,"name":"Journ\u00e9e mondiale du diab\u00e8te avec embecta"}]},{"@type":"WebSite","@id":"https:\/\/medytec.eu\/#website","url":"https:\/\/medytec.eu\/","name":"Medytec","description":"Le hub des technologies de la sant\u00e9 de grenoble-Alpes","publisher":{"@id":"https:\/\/medytec.eu\/#organization"},"potentialAction":[{"@type":"SearchAction","target":{"@type":"EntryPoint","urlTemplate":"https:\/\/medytec.eu\/?s={search_term_string}"},"query-input":{"@type":"PropertyValueSpecification","valueRequired":true,"valueName":"search_term_string"}}],"inLanguage":"en-US"},{"@type":"Organization","@id":"https:\/\/medytec.eu\/#organization","name":"MedYtec","url":"https:\/\/medytec.eu\/","logo":{"@type":"ImageObject","inLanguage":"en-US","@id":"https:\/\/medytec.eu\/#\/schema\/logo\/image\/","url":"https:\/\/medytec.eu\/wp-content\/uploads\/2020\/02\/logo-medytec.png","contentUrl":"https:\/\/medytec.eu\/wp-content\/uploads\/2020\/02\/logo-medytec.png","width":426,"height":147,"caption":"MedYtec"},"image":{"@id":"https:\/\/medytec.eu\/#\/schema\/logo\/image\/"}},{"@type":"Person","@id":"https:\/\/medytec.eu\/#\/schema\/person\/52643406ade6747ec29f0a5ca286f5fe","name":"okparfait","url":"https:\/\/medytec.eu\/en\/author\/e486db832ef7dcb5\/"}]}},"_links":{"self":[{"href":"https:\/\/medytec.eu\/en\/wp-json\/wp\/v2\/posts\/6463","targetHints":{"allow":["GET"]}}],"collection":[{"href":"https:\/\/medytec.eu\/en\/wp-json\/wp\/v2\/posts"}],"about":[{"href":"https:\/\/medytec.eu\/en\/wp-json\/wp\/v2\/types\/post"}],"author":[{"embeddable":true,"href":"https:\/\/medytec.eu\/en\/wp-json\/wp\/v2\/users\/4"}],"replies":[{"embeddable":true,"href":"https:\/\/medytec.eu\/en\/wp-json\/wp\/v2\/comments?post=6463"}],"version-history":[{"count":0,"href":"https:\/\/medytec.eu\/en\/wp-json\/wp\/v2\/posts\/6463\/revisions"}],"wp:featuredmedia":[{"embeddable":true,"href":"https:\/\/medytec.eu\/en\/wp-json\/wp\/v2\/media\/6535"}],"wp:attachment":[{"href":"https:\/\/medytec.eu\/en\/wp-json\/wp\/v2\/media?parent=6463"}],"wp:term":[{"taxonomy":"category","embeddable":true,"href":"https:\/\/medytec.eu\/en\/wp-json\/wp\/v2\/categories?post=6463"},{"taxonomy":"post_tag","embeddable":true,"href":"https:\/\/medytec.eu\/en\/wp-json\/wp\/v2\/tags?post=6463"}],"curies":[{"name":"wp","href":"https:\/\/api.w.org\/{rel}","templated":true}]}}