{"id":6435,"date":"2023-10-17T16:00:22","date_gmt":"2023-10-17T14:00:22","guid":{"rendered":"https:\/\/medytec.eu\/?p=6435"},"modified":"2023-10-17T16:00:27","modified_gmt":"2023-10-17T14:00:27","slug":"journee-europeenne-de-la-prostate-avec-koelis","status":"publish","type":"post","link":"https:\/\/medytec.eu\/en\/2023\/10\/17\/journee-europeenne-de-la-prostate-avec-koelis\/","title":{"rendered":"Journ\u00e9e Europ\u00e9enne de la Prostate avec KOELIS"},"content":{"rendered":"<div data-elementor-type=\"wp-post\" data-elementor-id=\"6435\" class=\"elementor elementor-6435\" data-elementor-post-type=\"post\">\n\t\t\t\t\t\t<section class=\"elementor-section elementor-top-section elementor-element elementor-element-a111971 elementor-section-boxed elementor-section-height-default elementor-section-height-default\" data-id=\"a111971\" data-element_type=\"section\" data-e-type=\"section\">\n\t\t\t\t\t\t<div class=\"elementor-container elementor-column-gap-default\">\n\t\t\t\t\t<div class=\"elementor-column elementor-col-100 elementor-top-column elementor-element elementor-element-8af8f62\" data-id=\"8af8f62\" data-element_type=\"column\" data-e-type=\"column\">\n\t\t\t<div class=\"elementor-widget-wrap elementor-element-populated\">\n\t\t\t\t\t\t<div class=\"elementor-element elementor-element-57206bc elementor-widget elementor-widget-text-editor\" data-id=\"57206bc\" data-element_type=\"widget\" data-e-type=\"widget\" data-widget_type=\"text-editor.default\">\n\t\t\t\t<div class=\"elementor-widget-container\">\n\t\t\t\t\t\t\t\t\t<p style=\"text-align: left;\">Dans le\u00a0<span style=\"color: #00a8bc;\"><a style=\"color: #00a8bc;\" href=\"https:\/\/medytec.eu\/en\/vos-evenements\/espaces-medytec\/\" target=\"_blank\" rel=\"noreferrer noopener\">unique<\/a>\u00a0<\/span>de Medytec, nous exposons les solutions et les produits innovants d\u00e9velopp\u00e9s par les entreprises de notre<span style=\"color: #00a8bc;\">\u00a0<a style=\"color: #00a8bc;\" href=\"https:\/\/medytec.eu\/en\/un-ecosysteme-d-excellence-en-sante\/grenoble-alpes-territoire-pionnier\/\" target=\"_blank\" rel=\"noreferrer noopener\">territoire<\/a><\/span>.<\/p>\t\t\t\t\t\t\t\t<\/div>\n\t\t\t\t<\/div>\n\t\t\t\t\t<\/div>\n\t\t<\/div>\n\t\t\t\t\t<\/div>\n\t\t<\/section>\n\t\t\t\t<section class=\"elementor-section elementor-top-section elementor-element elementor-element-9d8c126 elementor-section-boxed elementor-section-height-default elementor-section-height-default\" data-id=\"9d8c126\" data-element_type=\"section\" data-e-type=\"section\">\n\t\t\t\t\t\t<div class=\"elementor-container elementor-column-gap-default\">\n\t\t\t\t\t<div class=\"elementor-column elementor-col-100 elementor-top-column elementor-element elementor-element-a42c911\" data-id=\"a42c911\" data-element_type=\"column\" data-e-type=\"column\">\n\t\t\t<div class=\"elementor-widget-wrap elementor-element-populated\">\n\t\t\t\t\t\t<div class=\"elementor-element elementor-element-548a213 elementor-widget elementor-widget-image\" data-id=\"548a213\" data-element_type=\"widget\" data-e-type=\"widget\" data-widget_type=\"image.default\">\n\t\t\t\t<div class=\"elementor-widget-container\">\n\t\t\t\t\t\t\t\t\t\t\t\t\t\t\t<img decoding=\"async\" width=\"300\" height=\"124\" src=\"https:\/\/medytec.eu\/wp-content\/uploads\/2023\/10\/Koelis_Logo-light_background_-e1697550758254.png\" class=\"attachment-medium size-medium wp-image-6437\" alt=\"\" srcset=\"https:\/\/medytec.eu\/wp-content\/uploads\/2023\/10\/Koelis_Logo-light_background_-e1697550758254.png 300w, https:\/\/medytec.eu\/wp-content\/uploads\/2023\/10\/Koelis_Logo-light_background_-e1697550758254-18x7.png 18w\" sizes=\"(max-width: 300px) 100vw, 300px\" \/>\t\t\t\t\t\t\t\t\t\t\t\t\t\t\t<\/div>\n\t\t\t\t<\/div>\n\t\t\t\t<div class=\"elementor-element elementor-element-41f47ac elementor-widget elementor-widget-heading\" data-id=\"41f47ac\" data-element_type=\"widget\" data-e-type=\"widget\" data-widget_type=\"heading.default\">\n\t\t\t\t<div class=\"elementor-widget-container\">\n\t\t\t\t\t<h1 class=\"elementor-heading-title elementor-size-default\"><h3 style=\"font-family: CeraPro, sans-serif;font-style: normal;text-align: justify;white-space: normal\"><span style=\"font-size: 30px;font-weight: 600\"> Soutenons la Journ\u00e9e Europ\u00e9enne de la Prostate avec KOELIS ! &nbsp;<\/span><\/h3><\/h1>\t\t\t\t<\/div>\n\t\t\t\t<\/div>\n\t\t\t\t\t<\/div>\n\t\t<\/div>\n\t\t\t\t\t<\/div>\n\t\t<\/section>\n\t\t\t\t<section class=\"elementor-section elementor-top-section elementor-element elementor-element-0fa0d76 elementor-section-boxed elementor-section-height-default elementor-section-height-default\" data-id=\"0fa0d76\" data-element_type=\"section\" data-e-type=\"section\">\n\t\t\t\t\t\t<div class=\"elementor-container elementor-column-gap-default\">\n\t\t\t\t\t<div class=\"elementor-column elementor-col-100 elementor-top-column elementor-element elementor-element-2314ff7\" data-id=\"2314ff7\" data-element_type=\"column\" data-e-type=\"column\">\n\t\t\t<div class=\"elementor-widget-wrap elementor-element-populated\">\n\t\t\t\t\t\t<div class=\"elementor-element elementor-element-0285d54 elementor-widget elementor-widget-heading\" data-id=\"0285d54\" data-element_type=\"widget\" data-e-type=\"widget\" data-widget_type=\"heading.default\">\n\t\t\t\t<div class=\"elementor-widget-container\">\n\t\t\t\t\t<h4 class=\"elementor-heading-title elementor-size-default\">Saviez-vous que le cancer de la prostate est l'un des cancers les plus courants chez les hommes ?<\/h4>\t\t\t\t<\/div>\n\t\t\t\t<\/div>\n\t\t\t\t\t<\/div>\n\t\t<\/div>\n\t\t\t\t\t<\/div>\n\t\t<\/section>\n\t\t\t\t<section class=\"elementor-section elementor-top-section elementor-element elementor-element-eef4b24 elementor-section-boxed elementor-section-height-default elementor-section-height-default\" data-id=\"eef4b24\" data-element_type=\"section\" data-e-type=\"section\">\n\t\t\t\t\t\t<div class=\"elementor-container elementor-column-gap-default\">\n\t\t\t\t\t<div class=\"elementor-column elementor-col-100 elementor-top-column elementor-element elementor-element-19b5b86\" data-id=\"19b5b86\" data-element_type=\"column\" data-e-type=\"column\">\n\t\t\t<div class=\"elementor-widget-wrap elementor-element-populated\">\n\t\t\t\t\t\t<div class=\"elementor-element elementor-element-92e5a0c elementor-widget elementor-widget-text-editor\" data-id=\"92e5a0c\" data-element_type=\"widget\" data-e-type=\"widget\" data-widget_type=\"text-editor.default\">\n\t\t\t\t<div class=\"elementor-widget-container\">\n\t\t\t\t\t\t\t\t\t<p class=\"MsoNormal\">C&rsquo;est pourquoi nous devons accorder une attention particuli\u00e8re \u00e0 cette journ\u00e9e de sensibilisation.<br \/><br \/>C&rsquo;est \u00e9galement l&rsquo;occasion de saluer l&rsquo;engagement remarquable de\u00a0<a href=\"https:\/\/www.linkedin.com\/company\/koelis\/\" data-attribute-index=\"0\" data-entity-type=\"MINI_COMPANY\">KOELIS<\/a>\u00a0dans la lutte contre le cancer de la prostate. Leur travail r\u00e9volutionnaire dans le diagnostic et le traitement contribue \u00e0 am\u00e9liorer la vie de nombreux patients.<br \/><br \/>Ensemble, faisons un pas de plus vers une meilleure sant\u00e9 masculine.<\/p>\t\t\t\t\t\t\t\t<\/div>\n\t\t\t\t<\/div>\n\t\t\t\t<div class=\"elementor-element elementor-element-d752e7c elementor-widget elementor-widget-heading\" data-id=\"d752e7c\" data-element_type=\"widget\" data-e-type=\"widget\" data-widget_type=\"heading.default\">\n\t\t\t\t<div class=\"elementor-widget-container\">\n\t\t\t\t\t<h1 class=\"elementor-heading-title elementor-size-default\"><h3 style=\"font-family: CeraPro, sans-serif;font-style: normal;text-align: justify;white-space: normal\"><span style=\"font-size: 30px;font-weight: 600\"> Quelques chiffres marquants &nbsp;<\/span><\/h3><\/h1>\t\t\t\t<\/div>\n\t\t\t\t<\/div>\n\t\t\t\t\t<\/div>\n\t\t<\/div>\n\t\t\t\t\t<\/div>\n\t\t<\/section>\n\t\t\t\t<section class=\"elementor-section elementor-top-section elementor-element elementor-element-f218a2f elementor-section-boxed elementor-section-height-default elementor-section-height-default\" data-id=\"f218a2f\" data-element_type=\"section\" data-e-type=\"section\">\n\t\t\t\t\t\t<div class=\"elementor-container elementor-column-gap-default\">\n\t\t\t\t\t<div class=\"elementor-column elementor-col-33 elementor-top-column elementor-element elementor-element-d76ff6e\" data-id=\"d76ff6e\" data-element_type=\"column\" data-e-type=\"column\">\n\t\t\t<div class=\"elementor-widget-wrap elementor-element-populated\">\n\t\t\t\t\t\t<div class=\"elementor-element elementor-element-58664d4 elementor-widget elementor-widget-image\" data-id=\"58664d4\" data-element_type=\"widget\" data-e-type=\"widget\" data-widget_type=\"image.default\">\n\t\t\t\t<div class=\"elementor-widget-container\">\n\t\t\t\t\t\t\t\t\t\t\t\t\t\t\t<img fetchpriority=\"high\" decoding=\"async\" width=\"819\" height=\"1024\" src=\"https:\/\/medytec.eu\/wp-content\/uploads\/2023\/10\/2-819x1024.png\" class=\"attachment-large size-large wp-image-6438\" alt=\"\" srcset=\"https:\/\/medytec.eu\/wp-content\/uploads\/2023\/10\/2-819x1024.png 819w, https:\/\/medytec.eu\/wp-content\/uploads\/2023\/10\/2-240x300.png 240w, https:\/\/medytec.eu\/wp-content\/uploads\/2023\/10\/2-768x960.png 768w, https:\/\/medytec.eu\/wp-content\/uploads\/2023\/10\/2-10x12.png 10w, https:\/\/medytec.eu\/wp-content\/uploads\/2023\/10\/2.png 1200w\" sizes=\"(max-width: 819px) 100vw, 819px\" \/>\t\t\t\t\t\t\t\t\t\t\t\t\t\t\t<\/div>\n\t\t\t\t<\/div>\n\t\t\t\t\t<\/div>\n\t\t<\/div>\n\t\t\t\t<div class=\"elementor-column elementor-col-33 elementor-top-column elementor-element elementor-element-1855dc7\" data-id=\"1855dc7\" data-element_type=\"column\" data-e-type=\"column\">\n\t\t\t<div class=\"elementor-widget-wrap elementor-element-populated\">\n\t\t\t\t\t\t<div class=\"elementor-element elementor-element-699129c elementor-widget elementor-widget-image\" data-id=\"699129c\" data-element_type=\"widget\" data-e-type=\"widget\" data-widget_type=\"image.default\">\n\t\t\t\t<div class=\"elementor-widget-container\">\n\t\t\t\t\t\t\t\t\t\t\t\t\t\t\t<img decoding=\"async\" width=\"819\" height=\"1024\" src=\"https:\/\/medytec.eu\/wp-content\/uploads\/2023\/10\/3-819x1024.png\" class=\"attachment-large size-large wp-image-6439\" alt=\"\" srcset=\"https:\/\/medytec.eu\/wp-content\/uploads\/2023\/10\/3-819x1024.png 819w, https:\/\/medytec.eu\/wp-content\/uploads\/2023\/10\/3-240x300.png 240w, https:\/\/medytec.eu\/wp-content\/uploads\/2023\/10\/3-768x960.png 768w, https:\/\/medytec.eu\/wp-content\/uploads\/2023\/10\/3-10x12.png 10w, https:\/\/medytec.eu\/wp-content\/uploads\/2023\/10\/3.png 1200w\" sizes=\"(max-width: 819px) 100vw, 819px\" \/>\t\t\t\t\t\t\t\t\t\t\t\t\t\t\t<\/div>\n\t\t\t\t<\/div>\n\t\t\t\t\t<\/div>\n\t\t<\/div>\n\t\t\t\t<div class=\"elementor-column elementor-col-33 elementor-top-column elementor-element elementor-element-e5acbc9\" data-id=\"e5acbc9\" data-element_type=\"column\" data-e-type=\"column\">\n\t\t\t<div class=\"elementor-widget-wrap elementor-element-populated\">\n\t\t\t\t\t\t<div class=\"elementor-element elementor-element-676d277 elementor-widget elementor-widget-image\" data-id=\"676d277\" data-element_type=\"widget\" data-e-type=\"widget\" data-widget_type=\"image.default\">\n\t\t\t\t<div class=\"elementor-widget-container\">\n\t\t\t\t\t\t\t\t\t\t\t\t\t\t\t<img loading=\"lazy\" decoding=\"async\" width=\"819\" height=\"1024\" src=\"https:\/\/medytec.eu\/wp-content\/uploads\/2023\/10\/4-819x1024.png\" class=\"attachment-large size-large wp-image-6440\" alt=\"\" srcset=\"https:\/\/medytec.eu\/wp-content\/uploads\/2023\/10\/4-819x1024.png 819w, https:\/\/medytec.eu\/wp-content\/uploads\/2023\/10\/4-240x300.png 240w, https:\/\/medytec.eu\/wp-content\/uploads\/2023\/10\/4-768x960.png 768w, https:\/\/medytec.eu\/wp-content\/uploads\/2023\/10\/4-10x12.png 10w, https:\/\/medytec.eu\/wp-content\/uploads\/2023\/10\/4.png 1200w\" sizes=\"(max-width: 819px) 100vw, 819px\" \/>\t\t\t\t\t\t\t\t\t\t\t\t\t\t\t<\/div>\n\t\t\t\t<\/div>\n\t\t\t\t\t<\/div>\n\t\t<\/div>\n\t\t\t\t\t<\/div>\n\t\t<\/section>\n\t\t\t\t<section class=\"elementor-section elementor-top-section elementor-element elementor-element-3ec2863 elementor-section-boxed elementor-section-height-default elementor-section-height-default\" data-id=\"3ec2863\" data-element_type=\"section\" data-e-type=\"section\">\n\t\t\t\t\t\t<div class=\"elementor-container elementor-column-gap-default\">\n\t\t\t\t\t<div class=\"elementor-column elementor-col-100 elementor-top-column elementor-element elementor-element-de55b33\" data-id=\"de55b33\" data-element_type=\"column\" data-e-type=\"column\">\n\t\t\t<div class=\"elementor-widget-wrap elementor-element-populated\">\n\t\t\t\t\t\t<div class=\"elementor-element elementor-element-4e35800 elementor-widget elementor-widget-heading\" data-id=\"4e35800\" data-element_type=\"widget\" data-e-type=\"widget\" data-widget_type=\"heading.default\">\n\t\t\t\t<div class=\"elementor-widget-container\">\n\t\t\t\t\t<h1 class=\"elementor-heading-title elementor-size-default\"><h3 style=\"font-family: CeraPro, sans-serif;font-style: normal;text-align: justify;white-space: normal\"><span style=\"font-size: 30px;font-weight: 600\"> Solutions KOELIS - Cognitive versus elastic fusion &nbsp;<\/span><\/h3><\/h1>\t\t\t\t<\/div>\n\t\t\t\t<\/div>\n\t\t\t\t<div class=\"elementor-element elementor-element-7955cf7 elementor-widget elementor-widget-video\" data-id=\"7955cf7\" data-element_type=\"widget\" data-e-type=\"widget\" data-settings=\"{&quot;video_type&quot;:&quot;hosted&quot;,&quot;controls&quot;:&quot;yes&quot;}\" data-widget_type=\"video.default\">\n\t\t\t\t<div class=\"elementor-widget-container\">\n\t\t\t\t\t\t\t<div class=\"e-hosted-video elementor-wrapper elementor-open-inline\">\n\t\t\t\t\t<video class=\"elementor-video\" src=\"https:\/\/www.youtube.com\/watch?v=95dM2Bp0qkQ\" controls=\"\" preload=\"metadata\"><\/video>\n\t\t\t\t<\/div>\n\t\t\t\t\t\t<\/div>\n\t\t\t\t<\/div>\n\t\t\t\t\t<\/div>\n\t\t<\/div>\n\t\t\t\t\t<\/div>\n\t\t<\/section>\n\t\t\t\t<section class=\"elementor-section elementor-top-section elementor-element elementor-element-be815c8 elementor-section-boxed elementor-section-height-default elementor-section-height-default\" data-id=\"be815c8\" data-element_type=\"section\" data-e-type=\"section\">\n\t\t\t\t\t\t<div class=\"elementor-container elementor-column-gap-default\">\n\t\t\t\t\t<div class=\"elementor-column elementor-col-100 elementor-top-column elementor-element elementor-element-d2e58fc\" data-id=\"d2e58fc\" data-element_type=\"column\" data-e-type=\"column\">\n\t\t\t<div class=\"elementor-widget-wrap elementor-element-populated\">\n\t\t\t\t\t\t<div class=\"elementor-element elementor-element-004f750 elementor-widget elementor-widget-text-editor\" data-id=\"004f750\" data-element_type=\"widget\" data-e-type=\"widget\" data-widget_type=\"text-editor.default\">\n\t\t\t\t<div class=\"elementor-widget-container\">\n\t\t\t\t\t\t\t\t\t<p><img decoding=\"async\" class=\"emoji\" role=\"img\" draggable=\"false\" src=\"https:\/\/s.w.org\/images\/core\/emoji\/13.1.0\/svg\/27a1.svg\" alt=\"\u27a1\" \/> Venez d\u00e9couvrir les innovations du showroom de Medytec lors de nos <strong>\u00a0<span style=\"color: #00a8bc;\"><a style=\"color: #00a8bc;\" href=\"https:\/\/medytec.eu\/en\/events\/journees-libre-acces-showroom-medytec\/\" target=\"_blank\" rel=\"noopener\">portes ouvertes<\/a><\/span><\/strong>\u00a0!<\/p>\t\t\t\t\t\t\t\t<\/div>\n\t\t\t\t<\/div>\n\t\t\t\t\t<\/div>\n\t\t<\/div>\n\t\t\t\t\t<\/div>\n\t\t<\/section>\n\t\t\t\t<section class=\"elementor-section elementor-top-section elementor-element elementor-element-7da80ef elementor-section-boxed elementor-section-height-default elementor-section-height-default\" data-id=\"7da80ef\" data-element_type=\"section\" data-e-type=\"section\">\n\t\t\t\t\t\t<div class=\"elementor-container elementor-column-gap-default\">\n\t\t\t\t\t<div class=\"elementor-column elementor-col-100 elementor-top-column elementor-element elementor-element-5697dea\" data-id=\"5697dea\" data-element_type=\"column\" data-e-type=\"column\">\n\t\t\t<div class=\"elementor-widget-wrap elementor-element-populated\">\n\t\t\t\t\t\t<div class=\"elementor-element elementor-element-86355ea elementor-widget elementor-widget-text-editor\" data-id=\"86355ea\" data-element_type=\"widget\" data-e-type=\"widget\" data-widget_type=\"text-editor.default\">\n\t\t\t\t<div class=\"elementor-widget-container\">\n\t\t\t\t\t\t\t\t\t<ul><li style=\"font-size: 20px;\"><a style=\"font-size: 20px; background-color: #ffffff; color: #00a8bc;\" href=\"https:\/\/medytec.eu\/en\/2023\/03\/14\/les-innovations-en-sante-du-territoire-quand-lia-decrypte-les-images-du-cerveau\/\" target=\"_blank\" rel=\"noopener\">Des outils d\u2019aide \u00e0 la d\u00e9cision clinique pour la radiologie &#8211; Pixyl\u00a0<\/a><\/li><li style=\"font-size: 20px;\"><a style=\"font-size: 20px;\" href=\"https:\/\/medytec.eu\/en\/2021\/10\/05\/les-innovations-en-sante-du-territoire-pi-box-innospark-calculs-renaux\/\"><span style=\"font-size: 20px; color: #00a8bc;\">Les Pi-Box\u00a9, collecte de calculs r\u00e9naux<\/span><\/a><\/li><li style=\"font-size: 20px;\"><a style=\"font-size: 20px; background-color: #ffffff; color: #00a8bc;\" href=\"https:\/\/medytec.eu\/en\/2021\/07\/08\/les-innovations-en-sante-du-territoire-le-labpad-d-avalun\/\" target=\"_blank\" rel=\"noopener\">Le Labpad<\/a><a style=\"font-size: 20px; background-color: #ffffff; color: #00a8bc;\" href=\"https:\/\/medytec.eu\/en\/2020\/12\/03\/les-innovations-en-sante-du-territoire-les-dispositifs-intuity-ject-mix\/\" target=\"_blank\" rel=\"noopener\">\u00ae<\/a><a style=\"font-size: 20px; background-color: #ffffff; color: #00a8bc;\" href=\"https:\/\/medytec.eu\/en\/2021\/07\/08\/les-innovations-en-sante-du-territoire-le-labpad-d-avalun\/\" target=\"_blank\" rel=\"noopener\"> de Avalun\u00a0<\/a><\/li><li style=\"font-size: 20px;\"><a style=\"font-size: 20px; color: #00a8bc;\" href=\"https:\/\/medytec.eu\/en\/2021\/04\/08\/les-innovations-en-sante-du-territoire-la-technologie-de-steute\/\" target=\"_blank\" rel=\"noopener\">Les p\u00e9dales de Steute<\/a><\/li><li style=\"font-size: 20px;\"><a style=\"font-size: 20px; background-color: #ffffff; color: #00a8bc;\" href=\"https:\/\/medytec.eu\/en\/2020\/12\/03\/les-innovations-en-sante-du-territoire-les-dispositifs-intuity-ject-mix\/\" target=\"_blank\" rel=\"noopener\">Les dispositifs Intuity\u00ae Ject &amp; Mix<\/a><\/li><li style=\"font-size: 20px;\"><span style=\"font-size: 20px; color: #00a8bc;\"><a style=\"font-size: 20px; color: #00a8bc;\" href=\"https:\/\/medytec.eu\/en\/2021\/01\/05\/les-innovations-en-sante-du-territoire-le-dispositif-de-neurostimulation-transcutanee-connecte-actitens\/\" target=\"_blank\" rel=\"noreferrer noopener\">Le dispositif de neurostimulation transcutan\u00e9e connect\u00e9 actiTENS<\/a><\/span><\/li><li><span style=\"font-size: 20px; color: #00a8bc;\"><a style=\"font-size: 20px; color: #00a8bc;\" href=\"https:\/\/medytec.eu\/en\/2020\/07\/10\/decouvrez-les-innovations-en-sante-du-territoire-le-dispositif-protool\/\">Le dispositif PROTOOL\u00ae<\/a><\/span><\/li><li style=\"font-size: 20px;\"><span style=\"font-size: 20px; color: #00a8bc;\"><a style=\"font-size: 20px; color: #00a8bc;\" href=\"https:\/\/medytec.eu\/en\/2020\/08\/17\/les-innovations-en-sante-du-territoire-la-micro-fabrication-2d-et-3d\/\">La micro fabrication 2D et 3D<\/a><\/span><\/li><li style=\"font-size: 20px;\"><span style=\"font-size: 20px; color: #00a8bc;\"><a style=\"font-size: 20px; color: #00a8bc;\" href=\"https:\/\/medytec.eu\/en\/2020\/09\/23\/les-innovations-en-sante-du-territoire-le-pansement-connecte\/\">Le pansement connect\u00e9 de Grapheal<\/a><\/span><\/li><li style=\"font-size: 20px;\"><span style=\"font-size: 20px; color: #00a8bc;\"><a style=\"font-size: 20px; color: #00a8bc;\" href=\"https:\/\/medytec.eu\/en\/2021\/03\/11\/les-innovations-en-sante-du-territoire-la-solution-remedee-labs\/\" target=\"_blank\" rel=\"noopener\">La solution Remedee Labs pour la prise en charge de la douleur<\/a><\/span><\/li><li style=\"font-size: 20px;\"><span style=\"font-size: 20px; color: #00a8bc;\"><a style=\"font-size: 20px; color: #00a8bc;\" href=\"https:\/\/medytec.eu\/en\/2021\/02\/11\/les-innovations-en-sante-du-territoire-la-plateforme-surgivisio-decential-robotics\/\" target=\"_blank\" rel=\"noreferrer noopener\">La plateforme Surgivisio d\u2019eCential Robotics<\/a><\/span><\/li><\/ul>\t\t\t\t\t\t\t\t<\/div>\n\t\t\t\t<\/div>\n\t\t\t\t\t<\/div>\n\t\t<\/div>\n\t\t\t\t\t<\/div>\n\t\t<\/section>\n\t\t\t\t<section class=\"elementor-section elementor-top-section elementor-element elementor-element-2bf8240 elementor-section-boxed elementor-section-height-default elementor-section-height-default\" data-id=\"2bf8240\" data-element_type=\"section\" data-e-type=\"section\">\n\t\t\t\t\t\t<div class=\"elementor-container elementor-column-gap-default\">\n\t\t\t\t\t<div class=\"elementor-column elementor-col-100 elementor-top-column elementor-element elementor-element-b0ff414\" data-id=\"b0ff414\" data-element_type=\"column\" data-e-type=\"column\">\n\t\t\t<div class=\"elementor-widget-wrap elementor-element-populated\">\n\t\t\t\t\t\t<div class=\"elementor-element elementor-element-e4a1dda elementor-widget elementor-widget-text-editor\" data-id=\"e4a1dda\" data-element_type=\"widget\" data-e-type=\"widget\" data-widget_type=\"text-editor.default\">\n\t\t\t\t<div class=\"elementor-widget-container\">\n\t\t\t\t\t\t\t\t\t<p style=\"text-align: right;\"><span style=\"font-family: Roboto, sans-serif; font-size: 20px; font-style: normal; font-variant-ligatures: normal; font-variant-caps: normal; font-weight: 400; text-align: right;\">L\u2019\u00e9quipe Medytec<\/span><\/p>\t\t\t\t\t\t\t\t<\/div>\n\t\t\t\t<\/div>\n\t\t\t\t\t<\/div>\n\t\t<\/div>\n\t\t\t\t\t<\/div>\n\t\t<\/section>\n\t\t\t\t<\/div>","protected":false},"excerpt":{"rendered":"<p>Dans le\u00a0showroom\u00a0de Medytec, nous exposons les solutions et les produits innovants d\u00e9velopp\u00e9s par les entreprises de notre\u00a0territoire. Soutenons la Journ\u00e9e Europ\u00e9enne de la Prostate avec KOELIS ! &nbsp; Saviez-vous que le cancer de la prostate est l&rsquo;un des cancers les plus courants chez les hommes ? C&rsquo;est pourquoi nous devons accorder une attention particuli\u00e8re \u00e0 [&hellip;]<\/p>\n","protected":false},"author":4,"featured_media":6445,"comment_status":"closed","ping_status":"closed","sticky":false,"template":"","format":"standard","meta":{"ocean_post_layout":"","ocean_both_sidebars_style":"","ocean_both_sidebars_content_width":0,"ocean_both_sidebars_sidebars_width":0,"ocean_sidebar":"0","ocean_second_sidebar":"0","ocean_disable_margins":"enable","ocean_add_body_class":"","ocean_shortcode_before_top_bar":"","ocean_shortcode_after_top_bar":"","ocean_shortcode_before_header":"","ocean_shortcode_after_header":"","ocean_has_shortcode":"","ocean_shortcode_after_title":"","ocean_shortcode_before_footer_widgets":"","ocean_shortcode_after_footer_widgets":"","ocean_shortcode_before_footer_bottom":"","ocean_shortcode_after_footer_bottom":"","ocean_display_top_bar":"default","ocean_display_header":"default","ocean_header_style":"","ocean_center_header_left_menu":"0","ocean_custom_header_template":"0","ocean_custom_logo":0,"ocean_custom_retina_logo":0,"ocean_custom_logo_max_width":0,"ocean_custom_logo_tablet_max_width":0,"ocean_custom_logo_mobile_max_width":0,"ocean_custom_logo_max_height":0,"ocean_custom_logo_tablet_max_height":0,"ocean_custom_logo_mobile_max_height":0,"ocean_header_custom_menu":"0","ocean_menu_typo_font_family":"0","ocean_menu_typo_font_subset":"","ocean_menu_typo_font_size":0,"ocean_menu_typo_font_size_tablet":0,"ocean_menu_typo_font_size_mobile":0,"ocean_menu_typo_font_size_unit":"px","ocean_menu_typo_font_weight":"","ocean_menu_typo_font_weight_tablet":"","ocean_menu_typo_font_weight_mobile":"","ocean_menu_typo_transform":"","ocean_menu_typo_transform_tablet":"","ocean_menu_typo_transform_mobile":"","ocean_menu_typo_line_height":0,"ocean_menu_typo_line_height_tablet":0,"ocean_menu_typo_line_height_mobile":0,"ocean_menu_typo_line_height_unit":"","ocean_menu_typo_spacing":0,"ocean_menu_typo_spacing_tablet":0,"ocean_menu_typo_spacing_mobile":0,"ocean_menu_typo_spacing_unit":"","ocean_menu_link_color":"","ocean_menu_link_color_hover":"","ocean_menu_link_color_active":"","ocean_menu_link_background":"","ocean_menu_link_hover_background":"","ocean_menu_link_active_background":"","ocean_menu_social_links_bg":"","ocean_menu_social_hover_links_bg":"","ocean_menu_social_links_color":"","ocean_menu_social_hover_links_color":"","ocean_disable_title":"default","ocean_disable_heading":"default","ocean_post_title":"","ocean_post_subheading":"","ocean_post_title_style":"","ocean_post_title_background_color":"","ocean_post_title_background":0,"ocean_post_title_bg_image_position":"","ocean_post_title_bg_image_attachment":"","ocean_post_title_bg_image_repeat":"","ocean_post_title_bg_image_size":"","ocean_post_title_height":0,"ocean_post_title_bg_overlay":0.5,"ocean_post_title_bg_overlay_color":"","ocean_disable_breadcrumbs":"default","ocean_breadcrumbs_color":"","ocean_breadcrumbs_separator_color":"","ocean_breadcrumbs_links_color":"","ocean_breadcrumbs_links_hover_color":"","ocean_display_footer_widgets":"default","ocean_display_footer_bottom":"default","ocean_custom_footer_template":"0","ocean_post_oembed":"","ocean_post_self_hosted_media":"","ocean_post_video_embed":"","ocean_link_format":"","ocean_link_format_target":"self","ocean_quote_format":"","ocean_quote_format_link":"post","ocean_gallery_link_images":"off","ocean_gallery_id":[],"footnotes":""},"categories":[55],"tags":[],"class_list":["post-6435","post","type-post","status-publish","format-standard","has-post-thumbnail","hentry","category-innovations-en-sante","entry","has-media"],"yoast_head":"<!-- This site is optimized with the Yoast SEO plugin v27.5 - https:\/\/yoast.com\/product\/yoast-seo-wordpress\/ -->\n<title>Journ\u00e9e Europ\u00e9enne de la Prostate avec KOELIS - Medytec<\/title>\n<meta name=\"description\" content=\"C&#039;est \u00e9galement l&#039;occasion de saluer l&#039;engagement remarquable de KOELIS dans la lutte contre le cancer de la prostate.\" \/>\n<meta name=\"robots\" content=\"index, follow, max-snippet:-1, max-image-preview:large, max-video-preview:-1\" \/>\n<link rel=\"canonical\" href=\"https:\/\/medytec.eu\/en\/2023\/10\/17\/journee-europeenne-de-la-prostate-avec-koelis\/\" \/>\n<meta property=\"og:locale\" content=\"en_US\" \/>\n<meta property=\"og:type\" content=\"article\" \/>\n<meta property=\"og:title\" content=\"Journ\u00e9e Europ\u00e9enne de la Prostate avec KOELIS - Medytec\" \/>\n<meta property=\"og:description\" content=\"C&#039;est \u00e9galement l&#039;occasion de saluer l&#039;engagement remarquable de KOELIS dans la lutte contre le cancer de la prostate.\" \/>\n<meta property=\"og:url\" content=\"https:\/\/medytec.eu\/en\/2023\/10\/17\/journee-europeenne-de-la-prostate-avec-koelis\/\" \/>\n<meta property=\"og:site_name\" content=\"Medytec\" \/>\n<meta property=\"article:published_time\" content=\"2023-10-17T14:00:22+00:00\" \/>\n<meta property=\"article:modified_time\" content=\"2023-10-17T14:00:27+00:00\" \/>\n<meta property=\"og:image\" content=\"https:\/\/medytec.eu\/wp-content\/uploads\/2023\/10\/Journee-prostate-Koelis.png\" \/>\n\t<meta property=\"og:image:width\" content=\"1200\" \/>\n\t<meta property=\"og:image:height\" content=\"1500\" \/>\n\t<meta property=\"og:image:type\" content=\"image\/png\" \/>\n<meta name=\"author\" content=\"okparfait\" \/>\n<meta name=\"twitter:card\" content=\"summary_large_image\" \/>\n<meta name=\"twitter:label1\" content=\"Written by\" \/>\n\t<meta name=\"twitter:data1\" content=\"okparfait\" \/>\n\t<meta name=\"twitter:label2\" content=\"Est. reading time\" \/>\n\t<meta name=\"twitter:data2\" content=\"3 minutes\" \/>\n<script type=\"application\/ld+json\" class=\"yoast-schema-graph\">{\"@context\":\"https:\\\/\\\/schema.org\",\"@graph\":[{\"@type\":\"Article\",\"@id\":\"https:\\\/\\\/medytec.eu\\\/2023\\\/10\\\/17\\\/journee-europeenne-de-la-prostate-avec-koelis\\\/#article\",\"isPartOf\":{\"@id\":\"https:\\\/\\\/medytec.eu\\\/2023\\\/10\\\/17\\\/journee-europeenne-de-la-prostate-avec-koelis\\\/\"},\"author\":{\"name\":\"okparfait\",\"@id\":\"https:\\\/\\\/medytec.eu\\\/#\\\/schema\\\/person\\\/52643406ade6747ec29f0a5ca286f5fe\"},\"headline\":\"Journ\u00e9e Europ\u00e9enne de la Prostate avec KOELIS\",\"datePublished\":\"2023-10-17T14:00:22+00:00\",\"dateModified\":\"2023-10-17T14:00:27+00:00\",\"mainEntityOfPage\":{\"@id\":\"https:\\\/\\\/medytec.eu\\\/2023\\\/10\\\/17\\\/journee-europeenne-de-la-prostate-avec-koelis\\\/\"},\"wordCount\":239,\"publisher\":{\"@id\":\"https:\\\/\\\/medytec.eu\\\/#organization\"},\"image\":{\"@id\":\"https:\\\/\\\/medytec.eu\\\/2023\\\/10\\\/17\\\/journee-europeenne-de-la-prostate-avec-koelis\\\/#primaryimage\"},\"thumbnailUrl\":\"https:\\\/\\\/medytec.eu\\\/wp-content\\\/uploads\\\/2023\\\/10\\\/Journee-prostate-Koelis.png\",\"articleSection\":[\"Innovations en sant\u00e9\"],\"inLanguage\":\"en-US\"},{\"@type\":\"WebPage\",\"@id\":\"https:\\\/\\\/medytec.eu\\\/2023\\\/10\\\/17\\\/journee-europeenne-de-la-prostate-avec-koelis\\\/\",\"url\":\"https:\\\/\\\/medytec.eu\\\/2023\\\/10\\\/17\\\/journee-europeenne-de-la-prostate-avec-koelis\\\/\",\"name\":\"Journ\u00e9e Europ\u00e9enne de la Prostate avec KOELIS - Medytec\",\"isPartOf\":{\"@id\":\"https:\\\/\\\/medytec.eu\\\/#website\"},\"primaryImageOfPage\":{\"@id\":\"https:\\\/\\\/medytec.eu\\\/2023\\\/10\\\/17\\\/journee-europeenne-de-la-prostate-avec-koelis\\\/#primaryimage\"},\"image\":{\"@id\":\"https:\\\/\\\/medytec.eu\\\/2023\\\/10\\\/17\\\/journee-europeenne-de-la-prostate-avec-koelis\\\/#primaryimage\"},\"thumbnailUrl\":\"https:\\\/\\\/medytec.eu\\\/wp-content\\\/uploads\\\/2023\\\/10\\\/Journee-prostate-Koelis.png\",\"datePublished\":\"2023-10-17T14:00:22+00:00\",\"dateModified\":\"2023-10-17T14:00:27+00:00\",\"description\":\"C'est \u00e9galement l'occasion de saluer l'engagement remarquable de KOELIS dans la lutte contre le cancer de la prostate.\",\"breadcrumb\":{\"@id\":\"https:\\\/\\\/medytec.eu\\\/2023\\\/10\\\/17\\\/journee-europeenne-de-la-prostate-avec-koelis\\\/#breadcrumb\"},\"inLanguage\":\"en-US\",\"potentialAction\":[{\"@type\":\"ReadAction\",\"target\":[\"https:\\\/\\\/medytec.eu\\\/2023\\\/10\\\/17\\\/journee-europeenne-de-la-prostate-avec-koelis\\\/\"]}]},{\"@type\":\"ImageObject\",\"inLanguage\":\"en-US\",\"@id\":\"https:\\\/\\\/medytec.eu\\\/2023\\\/10\\\/17\\\/journee-europeenne-de-la-prostate-avec-koelis\\\/#primaryimage\",\"url\":\"https:\\\/\\\/medytec.eu\\\/wp-content\\\/uploads\\\/2023\\\/10\\\/Journee-prostate-Koelis.png\",\"contentUrl\":\"https:\\\/\\\/medytec.eu\\\/wp-content\\\/uploads\\\/2023\\\/10\\\/Journee-prostate-Koelis.png\",\"width\":1200,\"height\":1500},{\"@type\":\"BreadcrumbList\",\"@id\":\"https:\\\/\\\/medytec.eu\\\/2023\\\/10\\\/17\\\/journee-europeenne-de-la-prostate-avec-koelis\\\/#breadcrumb\",\"itemListElement\":[{\"@type\":\"ListItem\",\"position\":1,\"name\":\"Accueil\",\"item\":\"https:\\\/\\\/medytec.eu\\\/\"},{\"@type\":\"ListItem\",\"position\":2,\"name\":\"Journ\u00e9e Europ\u00e9enne de la Prostate avec KOELIS\"}]},{\"@type\":\"WebSite\",\"@id\":\"https:\\\/\\\/medytec.eu\\\/#website\",\"url\":\"https:\\\/\\\/medytec.eu\\\/\",\"name\":\"Medytec\",\"description\":\"Le hub des technologies de la sant\u00e9 de grenoble-Alpes\",\"publisher\":{\"@id\":\"https:\\\/\\\/medytec.eu\\\/#organization\"},\"potentialAction\":[{\"@type\":\"SearchAction\",\"target\":{\"@type\":\"EntryPoint\",\"urlTemplate\":\"https:\\\/\\\/medytec.eu\\\/?s={search_term_string}\"},\"query-input\":{\"@type\":\"PropertyValueSpecification\",\"valueRequired\":true,\"valueName\":\"search_term_string\"}}],\"inLanguage\":\"en-US\"},{\"@type\":\"Organization\",\"@id\":\"https:\\\/\\\/medytec.eu\\\/#organization\",\"name\":\"MedYtec\",\"url\":\"https:\\\/\\\/medytec.eu\\\/\",\"logo\":{\"@type\":\"ImageObject\",\"inLanguage\":\"en-US\",\"@id\":\"https:\\\/\\\/medytec.eu\\\/#\\\/schema\\\/logo\\\/image\\\/\",\"url\":\"https:\\\/\\\/medytec.eu\\\/wp-content\\\/uploads\\\/2020\\\/02\\\/logo-medytec.png\",\"contentUrl\":\"https:\\\/\\\/medytec.eu\\\/wp-content\\\/uploads\\\/2020\\\/02\\\/logo-medytec.png\",\"width\":426,\"height\":147,\"caption\":\"MedYtec\"},\"image\":{\"@id\":\"https:\\\/\\\/medytec.eu\\\/#\\\/schema\\\/logo\\\/image\\\/\"}},{\"@type\":\"Person\",\"@id\":\"https:\\\/\\\/medytec.eu\\\/#\\\/schema\\\/person\\\/52643406ade6747ec29f0a5ca286f5fe\",\"name\":\"okparfait\",\"url\":\"https:\\\/\\\/medytec.eu\\\/en\\\/author\\\/e486db832ef7dcb5\\\/\"}]}<\/script>\n<!-- \/ Yoast SEO plugin. -->","yoast_head_json":{"title":"Journ\u00e9e Europ\u00e9enne de la Prostate avec KOELIS - Medytec","description":"C'est \u00e9galement l'occasion de saluer l'engagement remarquable de KOELIS dans la lutte contre le cancer de la prostate.","robots":{"index":"index","follow":"follow","max-snippet":"max-snippet:-1","max-image-preview":"max-image-preview:large","max-video-preview":"max-video-preview:-1"},"canonical":"https:\/\/medytec.eu\/en\/2023\/10\/17\/journee-europeenne-de-la-prostate-avec-koelis\/","og_locale":"en_US","og_type":"article","og_title":"Journ\u00e9e Europ\u00e9enne de la Prostate avec KOELIS - Medytec","og_description":"C'est \u00e9galement l'occasion de saluer l'engagement remarquable de KOELIS dans la lutte contre le cancer de la prostate.","og_url":"https:\/\/medytec.eu\/en\/2023\/10\/17\/journee-europeenne-de-la-prostate-avec-koelis\/","og_site_name":"Medytec","article_published_time":"2023-10-17T14:00:22+00:00","article_modified_time":"2023-10-17T14:00:27+00:00","og_image":[{"width":1200,"height":1500,"url":"https:\/\/medytec.eu\/wp-content\/uploads\/2023\/10\/Journee-prostate-Koelis.png","type":"image\/png"}],"author":"okparfait","twitter_card":"summary_large_image","twitter_misc":{"Written by":"okparfait","Est. reading time":"3 minutes"},"schema":{"@context":"https:\/\/schema.org","@graph":[{"@type":"Article","@id":"https:\/\/medytec.eu\/2023\/10\/17\/journee-europeenne-de-la-prostate-avec-koelis\/#article","isPartOf":{"@id":"https:\/\/medytec.eu\/2023\/10\/17\/journee-europeenne-de-la-prostate-avec-koelis\/"},"author":{"name":"okparfait","@id":"https:\/\/medytec.eu\/#\/schema\/person\/52643406ade6747ec29f0a5ca286f5fe"},"headline":"Journ\u00e9e Europ\u00e9enne de la Prostate avec KOELIS","datePublished":"2023-10-17T14:00:22+00:00","dateModified":"2023-10-17T14:00:27+00:00","mainEntityOfPage":{"@id":"https:\/\/medytec.eu\/2023\/10\/17\/journee-europeenne-de-la-prostate-avec-koelis\/"},"wordCount":239,"publisher":{"@id":"https:\/\/medytec.eu\/#organization"},"image":{"@id":"https:\/\/medytec.eu\/2023\/10\/17\/journee-europeenne-de-la-prostate-avec-koelis\/#primaryimage"},"thumbnailUrl":"https:\/\/medytec.eu\/wp-content\/uploads\/2023\/10\/Journee-prostate-Koelis.png","articleSection":["Innovations en sant\u00e9"],"inLanguage":"en-US"},{"@type":"WebPage","@id":"https:\/\/medytec.eu\/2023\/10\/17\/journee-europeenne-de-la-prostate-avec-koelis\/","url":"https:\/\/medytec.eu\/2023\/10\/17\/journee-europeenne-de-la-prostate-avec-koelis\/","name":"Journ\u00e9e Europ\u00e9enne de la Prostate avec KOELIS - Medytec","isPartOf":{"@id":"https:\/\/medytec.eu\/#website"},"primaryImageOfPage":{"@id":"https:\/\/medytec.eu\/2023\/10\/17\/journee-europeenne-de-la-prostate-avec-koelis\/#primaryimage"},"image":{"@id":"https:\/\/medytec.eu\/2023\/10\/17\/journee-europeenne-de-la-prostate-avec-koelis\/#primaryimage"},"thumbnailUrl":"https:\/\/medytec.eu\/wp-content\/uploads\/2023\/10\/Journee-prostate-Koelis.png","datePublished":"2023-10-17T14:00:22+00:00","dateModified":"2023-10-17T14:00:27+00:00","description":"C'est \u00e9galement l'occasion de saluer l'engagement remarquable de KOELIS dans la lutte contre le cancer de la prostate.","breadcrumb":{"@id":"https:\/\/medytec.eu\/2023\/10\/17\/journee-europeenne-de-la-prostate-avec-koelis\/#breadcrumb"},"inLanguage":"en-US","potentialAction":[{"@type":"ReadAction","target":["https:\/\/medytec.eu\/2023\/10\/17\/journee-europeenne-de-la-prostate-avec-koelis\/"]}]},{"@type":"ImageObject","inLanguage":"en-US","@id":"https:\/\/medytec.eu\/2023\/10\/17\/journee-europeenne-de-la-prostate-avec-koelis\/#primaryimage","url":"https:\/\/medytec.eu\/wp-content\/uploads\/2023\/10\/Journee-prostate-Koelis.png","contentUrl":"https:\/\/medytec.eu\/wp-content\/uploads\/2023\/10\/Journee-prostate-Koelis.png","width":1200,"height":1500},{"@type":"BreadcrumbList","@id":"https:\/\/medytec.eu\/2023\/10\/17\/journee-europeenne-de-la-prostate-avec-koelis\/#breadcrumb","itemListElement":[{"@type":"ListItem","position":1,"name":"Accueil","item":"https:\/\/medytec.eu\/"},{"@type":"ListItem","position":2,"name":"Journ\u00e9e Europ\u00e9enne de la Prostate avec KOELIS"}]},{"@type":"WebSite","@id":"https:\/\/medytec.eu\/#website","url":"https:\/\/medytec.eu\/","name":"Medytec","description":"Le hub des technologies de la sant\u00e9 de grenoble-Alpes","publisher":{"@id":"https:\/\/medytec.eu\/#organization"},"potentialAction":[{"@type":"SearchAction","target":{"@type":"EntryPoint","urlTemplate":"https:\/\/medytec.eu\/?s={search_term_string}"},"query-input":{"@type":"PropertyValueSpecification","valueRequired":true,"valueName":"search_term_string"}}],"inLanguage":"en-US"},{"@type":"Organization","@id":"https:\/\/medytec.eu\/#organization","name":"MedYtec","url":"https:\/\/medytec.eu\/","logo":{"@type":"ImageObject","inLanguage":"en-US","@id":"https:\/\/medytec.eu\/#\/schema\/logo\/image\/","url":"https:\/\/medytec.eu\/wp-content\/uploads\/2020\/02\/logo-medytec.png","contentUrl":"https:\/\/medytec.eu\/wp-content\/uploads\/2020\/02\/logo-medytec.png","width":426,"height":147,"caption":"MedYtec"},"image":{"@id":"https:\/\/medytec.eu\/#\/schema\/logo\/image\/"}},{"@type":"Person","@id":"https:\/\/medytec.eu\/#\/schema\/person\/52643406ade6747ec29f0a5ca286f5fe","name":"okparfait","url":"https:\/\/medytec.eu\/en\/author\/e486db832ef7dcb5\/"}]}},"_links":{"self":[{"href":"https:\/\/medytec.eu\/en\/wp-json\/wp\/v2\/posts\/6435","targetHints":{"allow":["GET"]}}],"collection":[{"href":"https:\/\/medytec.eu\/en\/wp-json\/wp\/v2\/posts"}],"about":[{"href":"https:\/\/medytec.eu\/en\/wp-json\/wp\/v2\/types\/post"}],"author":[{"embeddable":true,"href":"https:\/\/medytec.eu\/en\/wp-json\/wp\/v2\/users\/4"}],"replies":[{"embeddable":true,"href":"https:\/\/medytec.eu\/en\/wp-json\/wp\/v2\/comments?post=6435"}],"version-history":[{"count":0,"href":"https:\/\/medytec.eu\/en\/wp-json\/wp\/v2\/posts\/6435\/revisions"}],"wp:featuredmedia":[{"embeddable":true,"href":"https:\/\/medytec.eu\/en\/wp-json\/wp\/v2\/media\/6445"}],"wp:attachment":[{"href":"https:\/\/medytec.eu\/en\/wp-json\/wp\/v2\/media?parent=6435"}],"wp:term":[{"taxonomy":"category","embeddable":true,"href":"https:\/\/medytec.eu\/en\/wp-json\/wp\/v2\/categories?post=6435"},{"taxonomy":"post_tag","embeddable":true,"href":"https:\/\/medytec.eu\/en\/wp-json\/wp\/v2\/tags?post=6435"}],"curies":[{"name":"wp","href":"https:\/\/api.w.org\/{rel}","templated":true}]}}