{"id":5664,"date":"2023-05-12T15:12:14","date_gmt":"2023-05-12T13:12:14","guid":{"rendered":"https:\/\/medytec.eu\/?p=5664"},"modified":"2023-05-12T15:13:22","modified_gmt":"2023-05-12T13:13:22","slug":"realisez-votre-contenu-visuel-a-medytec","status":"publish","type":"post","link":"https:\/\/medytec.eu\/en\/2023\/05\/12\/realisez-votre-contenu-visuel-a-medytec\/","title":{"rendered":"R\u00e9alisez votre contenu visuel \u00e0 Medytec\u00a0!"},"content":{"rendered":"<div data-elementor-type=\"wp-post\" data-elementor-id=\"5664\" class=\"elementor elementor-5664\" data-elementor-post-type=\"post\">\n\t\t\t\t\t\t<section class=\"elementor-section elementor-top-section elementor-element elementor-element-60ab934 elementor-section-boxed elementor-section-height-default elementor-section-height-default\" data-id=\"60ab934\" data-element_type=\"section\" data-e-type=\"section\">\n\t\t\t\t\t\t<div class=\"elementor-container elementor-column-gap-default\">\n\t\t\t\t\t<div class=\"elementor-column elementor-col-100 elementor-top-column elementor-element elementor-element-d8e2be8\" data-id=\"d8e2be8\" data-element_type=\"column\" data-e-type=\"column\">\n\t\t\t<div class=\"elementor-widget-wrap elementor-element-populated\">\n\t\t\t\t\t\t<div class=\"elementor-element elementor-element-153a740 elementor-widget elementor-widget-heading\" data-id=\"153a740\" data-element_type=\"widget\" data-e-type=\"widget\" data-widget_type=\"heading.default\">\n\t\t\t\t<div class=\"elementor-widget-container\">\n\t\t\t\t\t<h3 class=\"elementor-heading-title elementor-size-default\">L'importance des contenus visuels pour votre communication<\/h3>\t\t\t\t<\/div>\n\t\t\t\t<\/div>\n\t\t\t\t\t<\/div>\n\t\t<\/div>\n\t\t\t\t\t<\/div>\n\t\t<\/section>\n\t\t\t\t<section class=\"elementor-section elementor-top-section elementor-element elementor-element-24b15e9 elementor-section-boxed elementor-section-height-default elementor-section-height-default\" data-id=\"24b15e9\" data-element_type=\"section\" data-e-type=\"section\">\n\t\t\t\t\t\t<div class=\"elementor-container elementor-column-gap-default\">\n\t\t\t\t\t<div class=\"elementor-column elementor-col-100 elementor-top-column elementor-element elementor-element-1b205cce\" data-id=\"1b205cce\" data-element_type=\"column\" data-e-type=\"column\">\n\t\t\t<div class=\"elementor-widget-wrap elementor-element-populated\">\n\t\t\t\t\t\t<div class=\"elementor-element elementor-element-219e8f8d elementor-widget elementor-widget-text-editor\" data-id=\"219e8f8d\" data-element_type=\"widget\" data-e-type=\"widget\" data-widget_type=\"text-editor.default\">\n\t\t\t\t<div class=\"elementor-widget-container\">\n\t\t\t\t\t\t\t\t\t<p style=\"font-weight: 400;\">Derni\u00e8rement, le contenu visuel s\u2019est impos\u00e9 comme <strong>l\u2019outil de communication le plus percutant dans les campagnes de communication<\/strong>. Ils sont essentiels dans une strat\u00e9gie de communication pour une entreprise. Ils permettent de gagner en visibilit\u00e9, d&rsquo;accro\u00eetre la notori\u00e9t\u00e9 et de pr\u00e9senter de mani\u00e8re efficace des produits et services.<\/p>\t\t\t\t\t\t\t\t<\/div>\n\t\t\t\t<\/div>\n\t\t\t\t\t<\/div>\n\t\t<\/div>\n\t\t\t\t\t<\/div>\n\t\t<\/section>\n\t\t\t\t<section class=\"elementor-section elementor-top-section elementor-element elementor-element-5417f65 elementor-section-boxed elementor-section-height-default elementor-section-height-default\" data-id=\"5417f65\" data-element_type=\"section\" data-e-type=\"section\">\n\t\t\t\t\t\t<div class=\"elementor-container elementor-column-gap-default\">\n\t\t\t\t\t<div class=\"elementor-column elementor-col-100 elementor-top-column elementor-element elementor-element-578ac1d\" data-id=\"578ac1d\" data-element_type=\"column\" data-e-type=\"column\">\n\t\t\t<div class=\"elementor-widget-wrap elementor-element-populated\">\n\t\t\t\t\t\t<div class=\"elementor-element elementor-element-129f0ab elementor-widget elementor-widget-heading\" data-id=\"129f0ab\" data-element_type=\"widget\" data-e-type=\"widget\" data-widget_type=\"heading.default\">\n\t\t\t\t<div class=\"elementor-widget-container\">\n\t\t\t\t\t<h3 class=\"elementor-heading-title elementor-size-default\">Medytec l\u2019espace id\u00e9al pour la cr\u00e9ation de vos contenus visuels ! <\/h3>\t\t\t\t<\/div>\n\t\t\t\t<\/div>\n\t\t\t\t\t<\/div>\n\t\t<\/div>\n\t\t\t\t\t<\/div>\n\t\t<\/section>\n\t\t\t\t<section class=\"elementor-section elementor-top-section elementor-element elementor-element-87f8d90 elementor-section-boxed elementor-section-height-default elementor-section-height-default\" data-id=\"87f8d90\" data-element_type=\"section\" data-e-type=\"section\">\n\t\t\t\t\t\t<div class=\"elementor-container elementor-column-gap-default\">\n\t\t\t\t\t<div class=\"elementor-column elementor-col-100 elementor-top-column elementor-element elementor-element-b3d7e1b\" data-id=\"b3d7e1b\" data-element_type=\"column\" data-e-type=\"column\">\n\t\t\t<div class=\"elementor-widget-wrap elementor-element-populated\">\n\t\t\t\t\t\t<div class=\"elementor-element elementor-element-a697962 elementor-widget elementor-widget-text-editor\" data-id=\"a697962\" data-element_type=\"widget\" data-e-type=\"widget\" data-widget_type=\"text-editor.default\">\n\t\t\t\t<div class=\"elementor-widget-container\">\n\t\t\t\t\t\t\t\t\t<p style=\"font-weight: 400;\">Situ\u00e9 au sein de la p\u00e9pini\u00e8re BIOPOLIS, Medytec est le lieu qui rassemble et repr\u00e9sente l\u2019excellence des technologies de la sant\u00e9 de Grenoble Alpes.<\/p><p>L&rsquo;espace Medytec est id\u00e9al pour la r\u00e9alisation de contenus visuels :<\/p><ul><li style=\"font-weight: 400;\"><strong>originaux et en parfaite ad\u00e9quation avec votre activit\u00e9 : <\/strong>le design et la sc\u00e9nographie du lieu sont 100% d\u00e9di\u00e9s Sant\u00e9<\/li><li><strong>dynamiques et modernes<\/strong> :\u00a0le mobilier et les couleurs du lieu sont inspir\u00e9s d\u2019espaces cr\u00e9atifs<\/li><\/ul><p style=\"font-weight: 400;\">Egalement, le showroom est dot\u00e9 de 14 \u00e9crans tactiles qui peuvent \u00eatre personnalis\u00e9s selon vos souhaits en y ajoutant des logos, des vid\u00e9os et des photos !<\/p>\t\t\t\t\t\t\t\t<\/div>\n\t\t\t\t<\/div>\n\t\t\t\t\t<\/div>\n\t\t<\/div>\n\t\t\t\t\t<\/div>\n\t\t<\/section>\n\t\t\t\t<section class=\"elementor-section elementor-top-section elementor-element elementor-element-8b2d598 elementor-section-boxed elementor-section-height-default elementor-section-height-default\" data-id=\"8b2d598\" data-element_type=\"section\" data-e-type=\"section\">\n\t\t\t\t\t\t<div class=\"elementor-container elementor-column-gap-default\">\n\t\t\t\t\t<div class=\"elementor-column elementor-col-50 elementor-top-column elementor-element elementor-element-c717974\" data-id=\"c717974\" data-element_type=\"column\" data-e-type=\"column\">\n\t\t\t<div class=\"elementor-widget-wrap elementor-element-populated\">\n\t\t\t\t\t\t<div class=\"elementor-element elementor-element-981a0c6 elementor-widget elementor-widget-image\" data-id=\"981a0c6\" data-element_type=\"widget\" data-e-type=\"widget\" data-widget_type=\"image.default\">\n\t\t\t\t<div class=\"elementor-widget-container\">\n\t\t\t\t\t\t\t\t\t\t\t\t\t\t\t<img fetchpriority=\"high\" decoding=\"async\" width=\"1024\" height=\"683\" src=\"https:\/\/medytec.eu\/wp-content\/uploads\/2023\/05\/Medytec-@Credit-Louis-Laforet-3-1024x683.jpg\" class=\"attachment-large size-large wp-image-5698\" alt=\"\" srcset=\"https:\/\/medytec.eu\/wp-content\/uploads\/2023\/05\/Medytec-@Credit-Louis-Laforet-3-1024x683.jpg 1024w, https:\/\/medytec.eu\/wp-content\/uploads\/2023\/05\/Medytec-@Credit-Louis-Laforet-3-300x200.jpg 300w, https:\/\/medytec.eu\/wp-content\/uploads\/2023\/05\/Medytec-@Credit-Louis-Laforet-3-768x512.jpg 768w, https:\/\/medytec.eu\/wp-content\/uploads\/2023\/05\/Medytec-@Credit-Louis-Laforet-3-391x260.jpg 391w, https:\/\/medytec.eu\/wp-content\/uploads\/2023\/05\/Medytec-@Credit-Louis-Laforet-3-1536x1024.jpg 1536w, https:\/\/medytec.eu\/wp-content\/uploads\/2023\/05\/Medytec-@Credit-Louis-Laforet-3-2048x1365.jpg 2048w, https:\/\/medytec.eu\/wp-content\/uploads\/2023\/05\/Medytec-@Credit-Louis-Laforet-3-18x12.jpg 18w\" sizes=\"(max-width: 1024px) 100vw, 1024px\" \/>\t\t\t\t\t\t\t\t\t\t\t\t\t\t\t<\/div>\n\t\t\t\t<\/div>\n\t\t\t\t\t<\/div>\n\t\t<\/div>\n\t\t\t\t<div class=\"elementor-column elementor-col-50 elementor-top-column elementor-element elementor-element-f8c8280\" data-id=\"f8c8280\" data-element_type=\"column\" data-e-type=\"column\">\n\t\t\t<div class=\"elementor-widget-wrap elementor-element-populated\">\n\t\t\t\t\t\t<div class=\"elementor-element elementor-element-d954971 elementor-widget elementor-widget-image\" data-id=\"d954971\" data-element_type=\"widget\" data-e-type=\"widget\" data-widget_type=\"image.default\">\n\t\t\t\t<div class=\"elementor-widget-container\">\n\t\t\t\t\t\t\t\t\t\t\t\t\t\t\t<img decoding=\"async\" width=\"1024\" height=\"683\" src=\"https:\/\/medytec.eu\/wp-content\/uploads\/2023\/05\/@Credit-Grenoble-Alpes-Metropole-\u2013-Lucas-Frangella-1-1-1024x683.jpg\" class=\"attachment-large size-large wp-image-5699\" alt=\"\" srcset=\"https:\/\/medytec.eu\/wp-content\/uploads\/2023\/05\/@Credit-Grenoble-Alpes-Metropole-\u2013-Lucas-Frangella-1-1-1024x683.jpg 1024w, https:\/\/medytec.eu\/wp-content\/uploads\/2023\/05\/@Credit-Grenoble-Alpes-Metropole-\u2013-Lucas-Frangella-1-1-300x200.jpg 300w, https:\/\/medytec.eu\/wp-content\/uploads\/2023\/05\/@Credit-Grenoble-Alpes-Metropole-\u2013-Lucas-Frangella-1-1-768x512.jpg 768w, https:\/\/medytec.eu\/wp-content\/uploads\/2023\/05\/@Credit-Grenoble-Alpes-Metropole-\u2013-Lucas-Frangella-1-1-391x260.jpg 391w, https:\/\/medytec.eu\/wp-content\/uploads\/2023\/05\/@Credit-Grenoble-Alpes-Metropole-\u2013-Lucas-Frangella-1-1-1536x1024.jpg 1536w\" sizes=\"(max-width: 1024px) 100vw, 1024px\" \/>\t\t\t\t\t\t\t\t\t\t\t\t\t\t\t<\/div>\n\t\t\t\t<\/div>\n\t\t\t\t\t<\/div>\n\t\t<\/div>\n\t\t\t\t\t<\/div>\n\t\t<\/section>\n\t\t\t\t<section class=\"elementor-section elementor-top-section elementor-element elementor-element-c395322 elementor-section-boxed elementor-section-height-default elementor-section-height-default\" data-id=\"c395322\" data-element_type=\"section\" data-e-type=\"section\">\n\t\t\t\t\t\t<div class=\"elementor-container elementor-column-gap-default\">\n\t\t\t\t\t<div class=\"elementor-column elementor-col-100 elementor-top-column elementor-element elementor-element-304b5fb\" data-id=\"304b5fb\" data-element_type=\"column\" data-e-type=\"column\">\n\t\t\t<div class=\"elementor-widget-wrap elementor-element-populated\">\n\t\t\t\t\t\t<div class=\"elementor-element elementor-element-58fe7c9 elementor-widget elementor-widget-text-editor\" data-id=\"58fe7c9\" data-element_type=\"widget\" data-e-type=\"widget\" data-widget_type=\"text-editor.default\">\n\t\t\t\t<div class=\"elementor-widget-container\">\n\t\t\t\t\t\t\t\t\t<p style=\"font-weight: 400;\">Ainsi, r\u00e9aliser vos vid\u00e9os dans cet espace vous permettra d&rsquo;avoir un lieu en accord avec le contenu que vous proposez et avec l\u2019activit\u00e9 de votre entreprise.<\/p><p style=\"font-weight: 400;\"><strong>En conclusion, utilisez le lieu Medytec pour r\u00e9aliser vos contenus visuels et booster votre communication.<\/strong><\/p>\t\t\t\t\t\t\t\t<\/div>\n\t\t\t\t<\/div>\n\t\t\t\t\t<\/div>\n\t\t<\/div>\n\t\t\t\t\t<\/div>\n\t\t<\/section>\n\t\t\t\t<section class=\"elementor-section elementor-top-section elementor-element elementor-element-52e7b86 elementor-section-boxed elementor-section-height-default elementor-section-height-default\" data-id=\"52e7b86\" data-element_type=\"section\" data-e-type=\"section\">\n\t\t\t\t\t\t<div class=\"elementor-container elementor-column-gap-default\">\n\t\t\t\t\t<div class=\"elementor-column elementor-col-100 elementor-top-column elementor-element elementor-element-b0bffba\" data-id=\"b0bffba\" data-element_type=\"column\" data-e-type=\"column\">\n\t\t\t<div class=\"elementor-widget-wrap elementor-element-populated\">\n\t\t\t\t\t\t<div class=\"elementor-element elementor-element-3333813 elementor-widget elementor-widget-heading\" data-id=\"3333813\" data-element_type=\"widget\" data-e-type=\"widget\" data-widget_type=\"heading.default\">\n\t\t\t\t<div class=\"elementor-widget-container\">\n\t\t\t\t\t<h3 class=\"elementor-heading-title elementor-size-default\">Medytec est \u00e9quip\u00e9 pour la r\u00e9alisation de  vos contenus ! <\/h3>\t\t\t\t<\/div>\n\t\t\t\t<\/div>\n\t\t\t\t\t<\/div>\n\t\t<\/div>\n\t\t\t\t\t<\/div>\n\t\t<\/section>\n\t\t\t\t<section class=\"elementor-section elementor-top-section elementor-element elementor-element-7402f1d elementor-section-boxed elementor-section-height-default elementor-section-height-default\" data-id=\"7402f1d\" data-element_type=\"section\" data-e-type=\"section\">\n\t\t\t\t\t\t<div class=\"elementor-container elementor-column-gap-default\">\n\t\t\t\t\t<div class=\"elementor-column elementor-col-100 elementor-top-column elementor-element elementor-element-145c028\" data-id=\"145c028\" data-element_type=\"column\" data-e-type=\"column\">\n\t\t\t<div class=\"elementor-widget-wrap elementor-element-populated\">\n\t\t\t\t\t\t<div class=\"elementor-element elementor-element-739d779 elementor-widget elementor-widget-text-editor\" data-id=\"739d779\" data-element_type=\"widget\" data-e-type=\"widget\" data-widget_type=\"text-editor.default\">\n\t\t\t\t<div class=\"elementor-widget-container\">\n\t\t\t\t\t\t\t\t\t<p style=\"font-weight: 400;\">Notre lieu est disponible si vous souhaitez r\u00e9aliser des vid\u00e9os et des photos avec un prestataire. Egalement, depuis peu, nous avons la capacit\u00e9 de produire des vid\u00e9os de qualit\u00e9, qu&rsquo;il s&rsquo;agisse de pr\u00e9sentations d&rsquo;entreprises, d&rsquo;interviews ou de pr\u00e9sentations de produits.<\/p><p style=\"font-weight: 400;\"><strong>Pour r\u00e9aliser cela, Medytec s&rsquo;est \u00e9quip\u00e9 d\u2019une cam\u00e9ra et de microphones sans fils Rode pour des prises audios de haute qualit\u00e9 professionnelles.<\/strong><\/p><p>Nous pouvons \u00e9galement vous proposer un service suppl\u00e9mentaire de r\u00e9alisation et montage de la vid\u00e9o by MEDICALPS.<\/p>\t\t\t\t\t\t\t\t<\/div>\n\t\t\t\t<\/div>\n\t\t\t\t\t<\/div>\n\t\t<\/div>\n\t\t\t\t\t<\/div>\n\t\t<\/section>\n\t\t\t\t<section class=\"elementor-section elementor-top-section elementor-element elementor-element-8c12a6d elementor-section-boxed elementor-section-height-default elementor-section-height-default\" data-id=\"8c12a6d\" data-element_type=\"section\" data-e-type=\"section\">\n\t\t\t\t\t\t<div class=\"elementor-container elementor-column-gap-default\">\n\t\t\t\t\t<div class=\"elementor-column elementor-col-100 elementor-top-column elementor-element elementor-element-1133f88\" data-id=\"1133f88\" data-element_type=\"column\" data-e-type=\"column\">\n\t\t\t<div class=\"elementor-widget-wrap elementor-element-populated\">\n\t\t\t\t\t\t<div class=\"elementor-element elementor-element-8891ee9 elementor-widget elementor-widget-heading\" data-id=\"8891ee9\" data-element_type=\"widget\" data-e-type=\"widget\" data-widget_type=\"heading.default\">\n\t\t\t\t<div class=\"elementor-widget-container\">\n\t\t\t\t\t<h3 class=\"elementor-heading-title elementor-size-default\">Voici des exemples de contenus r\u00e9alis\u00e9s au sein de Medytec <\/h3>\t\t\t\t<\/div>\n\t\t\t\t<\/div>\n\t\t\t\t\t<\/div>\n\t\t<\/div>\n\t\t\t\t\t<\/div>\n\t\t<\/section>\n\t\t\t\t<section class=\"elementor-section elementor-top-section elementor-element elementor-element-0b9a908 elementor-section-boxed elementor-section-height-default elementor-section-height-default\" data-id=\"0b9a908\" data-element_type=\"section\" data-e-type=\"section\">\n\t\t\t\t\t\t<div class=\"elementor-container elementor-column-gap-default\">\n\t\t\t\t\t<div class=\"elementor-column elementor-col-50 elementor-top-column elementor-element elementor-element-3924209\" data-id=\"3924209\" data-element_type=\"column\" data-e-type=\"column\">\n\t\t\t<div class=\"elementor-widget-wrap elementor-element-populated\">\n\t\t\t\t\t\t<div class=\"elementor-element elementor-element-14c515b elementor-widget elementor-widget-video\" data-id=\"14c515b\" data-element_type=\"widget\" data-e-type=\"widget\" data-settings=\"{&quot;youtube_url&quot;:&quot;https:\\\/\\\/youtu.be\\\/u-vPK22s4kQ&quot;,&quot;video_type&quot;:&quot;youtube&quot;,&quot;controls&quot;:&quot;yes&quot;}\" data-widget_type=\"video.default\">\n\t\t\t\t<div class=\"elementor-widget-container\">\n\t\t\t\t\t\t\t<div class=\"elementor-wrapper elementor-open-inline\">\n\t\t\t<div class=\"elementor-video\"><\/div>\t\t<\/div>\n\t\t\t\t\t\t<\/div>\n\t\t\t\t<\/div>\n\t\t\t\t\t<\/div>\n\t\t<\/div>\n\t\t\t\t<div class=\"elementor-column elementor-col-50 elementor-top-column elementor-element elementor-element-612691a\" data-id=\"612691a\" data-element_type=\"column\" data-e-type=\"column\">\n\t\t\t<div class=\"elementor-widget-wrap elementor-element-populated\">\n\t\t\t\t\t\t<div class=\"elementor-element elementor-element-52e728e elementor-widget elementor-widget-video\" data-id=\"52e728e\" data-element_type=\"widget\" data-e-type=\"widget\" data-settings=\"{&quot;youtube_url&quot;:&quot;https:\\\/\\\/youtu.be\\\/5L4dk2lxOnI&quot;,&quot;video_type&quot;:&quot;youtube&quot;,&quot;controls&quot;:&quot;yes&quot;}\" data-widget_type=\"video.default\">\n\t\t\t\t<div class=\"elementor-widget-container\">\n\t\t\t\t\t\t\t<div class=\"elementor-wrapper elementor-open-inline\">\n\t\t\t<div class=\"elementor-video\"><\/div>\t\t<\/div>\n\t\t\t\t\t\t<\/div>\n\t\t\t\t<\/div>\n\t\t\t\t\t<\/div>\n\t\t<\/div>\n\t\t\t\t\t<\/div>\n\t\t<\/section>\n\t\t\t\t<section class=\"elementor-section elementor-top-section elementor-element elementor-element-36253d9 elementor-section-boxed elementor-section-height-default elementor-section-height-default\" data-id=\"36253d9\" data-element_type=\"section\" data-e-type=\"section\">\n\t\t\t\t\t\t<div class=\"elementor-container elementor-column-gap-default\">\n\t\t\t\t\t<div class=\"elementor-column elementor-col-50 elementor-top-column elementor-element elementor-element-98754dd\" data-id=\"98754dd\" data-element_type=\"column\" data-e-type=\"column\">\n\t\t\t<div class=\"elementor-widget-wrap elementor-element-populated\">\n\t\t\t\t\t\t<div class=\"elementor-element elementor-element-4a3bb50 elementor-widget elementor-widget-video\" data-id=\"4a3bb50\" data-element_type=\"widget\" data-e-type=\"widget\" data-settings=\"{&quot;video_type&quot;:&quot;hosted&quot;,&quot;controls&quot;:&quot;yes&quot;}\" data-widget_type=\"video.default\">\n\t\t\t\t<div class=\"elementor-widget-container\">\n\t\t\t\t\t\t\t<div class=\"e-hosted-video elementor-wrapper elementor-open-inline\">\n\t\t\t\t\t<video class=\"elementor-video\" src=\"https:\/\/medytec.eu\/wp-content\/uploads\/2023\/05\/VIDEO-Presentation-BD-VF-short.mp4\" controls=\"\" preload=\"metadata\" controlslist=\"nodownload\" poster=\"https:\/\/medytec.eu\/wp-content\/uploads\/2023\/05\/Journee-mondiale-de-la-sante-Interview-BD.jpg\"><\/video>\n\t\t\t\t<\/div>\n\t\t\t\t\t\t<\/div>\n\t\t\t\t<\/div>\n\t\t\t\t\t<\/div>\n\t\t<\/div>\n\t\t\t\t<div class=\"elementor-column elementor-col-50 elementor-top-column elementor-element elementor-element-b2a731c\" data-id=\"b2a731c\" data-element_type=\"column\" data-e-type=\"column\">\n\t\t\t<div class=\"elementor-widget-wrap elementor-element-populated\">\n\t\t\t\t\t\t<div class=\"elementor-element elementor-element-0d1ebff elementor-widget elementor-widget-video\" data-id=\"0d1ebff\" data-element_type=\"widget\" data-e-type=\"widget\" data-settings=\"{&quot;video_type&quot;:&quot;hosted&quot;,&quot;controls&quot;:&quot;yes&quot;}\" data-widget_type=\"video.default\">\n\t\t\t\t<div class=\"elementor-widget-container\">\n\t\t\t\t\t\t\t<div class=\"e-hosted-video elementor-wrapper elementor-open-inline\">\n\t\t\t\t\t<video class=\"elementor-video\" src=\"https:\/\/medytec.eu\/wp-content\/uploads\/2023\/04\/Presentation-du-cabinet-avocat-KELTEN.mp4\" controls=\"\" preload=\"metadata\" controlslist=\"nodownload\" poster=\"https:\/\/medytec.eu\/wp-content\/uploads\/2023\/05\/KELTEN.jpg\"><\/video>\n\t\t\t\t<\/div>\n\t\t\t\t\t\t<\/div>\n\t\t\t\t<\/div>\n\t\t\t\t\t<\/div>\n\t\t<\/div>\n\t\t\t\t\t<\/div>\n\t\t<\/section>\n\t\t\t\t<section class=\"elementor-section elementor-top-section elementor-element elementor-element-52eb1c3 elementor-section-boxed elementor-section-height-default elementor-section-height-default\" data-id=\"52eb1c3\" data-element_type=\"section\" data-e-type=\"section\">\n\t\t\t\t\t\t<div class=\"elementor-container elementor-column-gap-default\">\n\t\t\t\t\t<div class=\"elementor-column elementor-col-100 elementor-top-column elementor-element elementor-element-ee303e9\" data-id=\"ee303e9\" data-element_type=\"column\" data-e-type=\"column\">\n\t\t\t<div class=\"elementor-widget-wrap elementor-element-populated\">\n\t\t\t\t\t\t<div class=\"elementor-element elementor-element-1fca915 elementor-widget elementor-widget-image\" data-id=\"1fca915\" data-element_type=\"widget\" data-e-type=\"widget\" data-widget_type=\"image.default\">\n\t\t\t\t<div class=\"elementor-widget-container\">\n\t\t\t\t\t\t\t\t\t\t\t\t\t\t\t<img decoding=\"async\" width=\"300\" height=\"300\" src=\"https:\/\/medytec.eu\/wp-content\/uploads\/2023\/05\/photo-medytec-300x300.jpeg\" class=\"attachment-thumblist size-thumblist wp-image-5704\" alt=\"\" srcset=\"https:\/\/medytec.eu\/wp-content\/uploads\/2023\/05\/photo-medytec-300x300.jpeg 300w, https:\/\/medytec.eu\/wp-content\/uploads\/2023\/05\/photo-medytec-150x150.jpeg 150w\" sizes=\"(max-width: 300px) 100vw, 300px\" \/>\t\t\t\t\t\t\t\t\t\t\t\t\t\t\t<\/div>\n\t\t\t\t<\/div>\n\t\t\t\t\t<\/div>\n\t\t<\/div>\n\t\t\t\t\t<\/div>\n\t\t<\/section>\n\t\t\t\t<section class=\"elementor-section elementor-top-section elementor-element elementor-element-03e51e1 elementor-section-boxed elementor-section-height-default elementor-section-height-default\" data-id=\"03e51e1\" data-element_type=\"section\" data-e-type=\"section\">\n\t\t\t\t\t\t<div class=\"elementor-container elementor-column-gap-default\">\n\t\t\t\t\t<div class=\"elementor-column elementor-col-100 elementor-top-column elementor-element elementor-element-df8e0e0\" data-id=\"df8e0e0\" data-element_type=\"column\" data-e-type=\"column\">\n\t\t\t<div class=\"elementor-widget-wrap elementor-element-populated\">\n\t\t\t\t\t\t<div class=\"elementor-element elementor-element-f1d1b65 elementor-widget elementor-widget-heading\" data-id=\"f1d1b65\" data-element_type=\"widget\" data-e-type=\"widget\" data-widget_type=\"heading.default\">\n\t\t\t\t<div class=\"elementor-widget-container\">\n\t\t\t\t\t<h3 class=\"elementor-heading-title elementor-size-default\">Contactez-nous pour en savoir plus !<\/h3>\t\t\t\t<\/div>\n\t\t\t\t<\/div>\n\t\t\t\t\t<\/div>\n\t\t<\/div>\n\t\t\t\t\t<\/div>\n\t\t<\/section>\n\t\t\t\t<section class=\"elementor-section elementor-top-section elementor-element elementor-element-a0b8b6b elementor-section-boxed elementor-section-height-default elementor-section-height-default\" data-id=\"a0b8b6b\" data-element_type=\"section\" data-e-type=\"section\">\n\t\t\t\t\t\t<div class=\"elementor-container elementor-column-gap-default\">\n\t\t\t\t\t<div class=\"elementor-column elementor-col-100 elementor-top-column elementor-element elementor-element-4b8aa36\" data-id=\"4b8aa36\" data-element_type=\"column\" data-e-type=\"column\">\n\t\t\t<div class=\"elementor-widget-wrap elementor-element-populated\">\n\t\t\t\t\t\t<div class=\"elementor-element elementor-element-649578e elementor-widget elementor-widget-text-editor\" data-id=\"649578e\" data-element_type=\"widget\" data-e-type=\"widget\" data-widget_type=\"text-editor.default\">\n\t\t\t\t<div class=\"elementor-widget-container\">\n\t\t\t\t\t\t\t\t\t<p style=\"font-weight: 400;\">En somme, nous mettons \u00e0 votre disposition un espace unique et personnalisable pour r\u00e9aliser vos photos et vid\u00e9os, ainsi que les \u00e9quipements professionnels n\u00e9cessaires pour produire des r\u00e9sultats de qualit\u00e9.<\/p><p style=\"font-weight: 400;\">N&rsquo;h\u00e9sitez pas \u00e0 nous contacter pour discuter de votre projet et de la mani\u00e8re dont nous pouvons vous aider \u00e0 atteindre vos objectifs de communication.<\/p>\t\t\t\t\t\t\t\t<\/div>\n\t\t\t\t<\/div>\n\t\t\t\t\t<\/div>\n\t\t<\/div>\n\t\t\t\t\t<\/div>\n\t\t<\/section>\n\t\t\t\t<section class=\"elementor-section elementor-top-section elementor-element elementor-element-5c07236 elementor-section-boxed elementor-section-height-default elementor-section-height-default\" data-id=\"5c07236\" data-element_type=\"section\" data-e-type=\"section\">\n\t\t\t\t\t\t<div class=\"elementor-container elementor-column-gap-default\">\n\t\t\t\t\t<div class=\"elementor-column elementor-col-100 elementor-top-column elementor-element elementor-element-c1a7d3a\" data-id=\"c1a7d3a\" data-element_type=\"column\" data-e-type=\"column\">\n\t\t\t<div class=\"elementor-widget-wrap elementor-element-populated\">\n\t\t\t\t\t\t<div class=\"elementor-element elementor-element-e8800c9 elementor-widget elementor-widget-text-editor\" data-id=\"e8800c9\" data-element_type=\"widget\" data-e-type=\"widget\" data-widget_type=\"text-editor.default\">\n\t\t\t\t<div class=\"elementor-widget-container\">\n\t\t\t\t\t\t\t\t\t<p style=\"font-weight: 400;\"><strong>Pour plus de visibilit\u00e9, n\u2019h\u00e9sitez pas \u00e0 tagger @Medytec sur vos publications et nous relayerons votre actualit\u00e9\u00a0!<\/strong><\/p>\t\t\t\t\t\t\t\t<\/div>\n\t\t\t\t<\/div>\n\t\t\t\t\t<\/div>\n\t\t<\/div>\n\t\t\t\t\t<\/div>\n\t\t<\/section>\n\t\t\t\t<\/div>","protected":false},"excerpt":{"rendered":"<p>L&rsquo;importance des contenus visuels pour votre communication Derni\u00e8rement, le contenu visuel s\u2019est impos\u00e9 comme l\u2019outil de communication le plus percutant dans les campagnes de communication. Ils sont essentiels dans une strat\u00e9gie de communication pour une entreprise. Ils permettent de gagner en visibilit\u00e9, d&rsquo;accro\u00eetre la notori\u00e9t\u00e9 et de pr\u00e9senter de mani\u00e8re efficace des produits et services. [&hellip;]<\/p>\n","protected":false},"author":4,"featured_media":5733,"comment_status":"closed","ping_status":"open","sticky":false,"template":"","format":"standard","meta":{"ocean_post_layout":"","ocean_both_sidebars_style":"","ocean_both_sidebars_content_width":0,"ocean_both_sidebars_sidebars_width":0,"ocean_sidebar":"0","ocean_second_sidebar":"0","ocean_disable_margins":"enable","ocean_add_body_class":"","ocean_shortcode_before_top_bar":"","ocean_shortcode_after_top_bar":"","ocean_shortcode_before_header":"","ocean_shortcode_after_header":"","ocean_has_shortcode":"","ocean_shortcode_after_title":"","ocean_shortcode_before_footer_widgets":"","ocean_shortcode_after_footer_widgets":"","ocean_shortcode_before_footer_bottom":"","ocean_shortcode_after_footer_bottom":"","ocean_display_top_bar":"off","ocean_display_header":"default","ocean_header_style":"","ocean_center_header_left_menu":"0","ocean_custom_header_template":"0","ocean_custom_logo":0,"ocean_custom_retina_logo":0,"ocean_custom_logo_max_width":0,"ocean_custom_logo_tablet_max_width":0,"ocean_custom_logo_mobile_max_width":0,"ocean_custom_logo_max_height":0,"ocean_custom_logo_tablet_max_height":0,"ocean_custom_logo_mobile_max_height":0,"ocean_header_custom_menu":"0","ocean_menu_typo_font_family":"0","ocean_menu_typo_font_subset":"","ocean_menu_typo_font_size":0,"ocean_menu_typo_font_size_tablet":0,"ocean_menu_typo_font_size_mobile":0,"ocean_menu_typo_font_size_unit":"px","ocean_menu_typo_font_weight":"","ocean_menu_typo_font_weight_tablet":"","ocean_menu_typo_font_weight_mobile":"","ocean_menu_typo_transform":"","ocean_menu_typo_transform_tablet":"","ocean_menu_typo_transform_mobile":"","ocean_menu_typo_line_height":0,"ocean_menu_typo_line_height_tablet":0,"ocean_menu_typo_line_height_mobile":0,"ocean_menu_typo_line_height_unit":"","ocean_menu_typo_spacing":0,"ocean_menu_typo_spacing_tablet":0,"ocean_menu_typo_spacing_mobile":0,"ocean_menu_typo_spacing_unit":"","ocean_menu_link_color":"","ocean_menu_link_color_hover":"","ocean_menu_link_color_active":"","ocean_menu_link_background":"","ocean_menu_link_hover_background":"","ocean_menu_link_active_background":"","ocean_menu_social_links_bg":"","ocean_menu_social_hover_links_bg":"","ocean_menu_social_links_color":"","ocean_menu_social_hover_links_color":"","ocean_disable_title":"default","ocean_disable_heading":"default","ocean_post_title":"","ocean_post_subheading":"","ocean_post_title_style":"","ocean_post_title_background_color":"","ocean_post_title_background":0,"ocean_post_title_bg_image_position":"","ocean_post_title_bg_image_attachment":"","ocean_post_title_bg_image_repeat":"","ocean_post_title_bg_image_size":"","ocean_post_title_height":0,"ocean_post_title_bg_overlay":0.5,"ocean_post_title_bg_overlay_color":"","ocean_disable_breadcrumbs":"default","ocean_breadcrumbs_color":"","ocean_breadcrumbs_separator_color":"","ocean_breadcrumbs_links_color":"","ocean_breadcrumbs_links_hover_color":"","ocean_display_footer_widgets":"default","ocean_display_footer_bottom":"default","ocean_custom_footer_template":"0","ocean_post_oembed":"","ocean_post_self_hosted_media":"","ocean_post_video_embed":"","ocean_link_format":"","ocean_link_format_target":"self","ocean_quote_format":"","ocean_quote_format_link":"post","ocean_gallery_link_images":"off","ocean_gallery_id":[],"footnotes":""},"categories":[76,70],"tags":[],"class_list":["post-5664","post","type-post","status-publish","format-standard","has-post-thumbnail","hentry","category-equipements-medytec","category-evenements","entry","has-media"],"yoast_head":"<!-- This site is optimized with the Yoast SEO plugin v27.5 - https:\/\/yoast.com\/product\/yoast-seo-wordpress\/ -->\n<title>R\u00e9alisez votre contenu visuel \u00e0 Medytec\u00a0!<\/title>\n<meta name=\"description\" content=\"Medytec est l&#039;espace id\u00e9al pour r\u00e9aliser contenus visuels, avec \u00e0 votre disposition tous les \u00e9quipements professionnels n\u00e9cessaires.\" \/>\n<meta name=\"robots\" content=\"index, follow, max-snippet:-1, max-image-preview:large, max-video-preview:-1\" \/>\n<link rel=\"canonical\" href=\"https:\/\/medytec.eu\/en\/2023\/05\/12\/realisez-votre-contenu-visuel-a-medytec\/\" \/>\n<meta property=\"og:locale\" content=\"en_US\" \/>\n<meta property=\"og:type\" content=\"article\" \/>\n<meta property=\"og:title\" content=\"R\u00e9alisez votre contenu visuel \u00e0 Medytec\u00a0!\" \/>\n<meta property=\"og:description\" content=\"Medytec est l&#039;espace id\u00e9al pour r\u00e9aliser contenus visuels, avec \u00e0 votre disposition tous les \u00e9quipements professionnels n\u00e9cessaires.\" \/>\n<meta property=\"og:url\" content=\"https:\/\/medytec.eu\/en\/2023\/05\/12\/realisez-votre-contenu-visuel-a-medytec\/\" \/>\n<meta property=\"og:site_name\" content=\"Medytec\" \/>\n<meta property=\"article:published_time\" content=\"2023-05-12T13:12:14+00:00\" \/>\n<meta property=\"article:modified_time\" content=\"2023-05-12T13:13:22+00:00\" \/>\n<meta property=\"og:image\" content=\"https:\/\/medytec.eu\/wp-content\/uploads\/2023\/05\/image_6483441.jpg\" \/>\n\t<meta property=\"og:image:width\" content=\"2048\" \/>\n\t<meta property=\"og:image:height\" content=\"1536\" \/>\n\t<meta property=\"og:image:type\" content=\"image\/jpeg\" \/>\n<meta name=\"author\" content=\"okparfait\" \/>\n<meta name=\"twitter:card\" content=\"summary_large_image\" \/>\n<meta name=\"twitter:label1\" content=\"Written by\" \/>\n\t<meta name=\"twitter:data1\" content=\"okparfait\" \/>\n\t<meta name=\"twitter:label2\" content=\"Est. reading time\" \/>\n\t<meta name=\"twitter:data2\" content=\"3 minutes\" \/>\n<script type=\"application\/ld+json\" class=\"yoast-schema-graph\">{\"@context\":\"https:\\\/\\\/schema.org\",\"@graph\":[{\"@type\":\"Article\",\"@id\":\"https:\\\/\\\/medytec.eu\\\/2023\\\/05\\\/12\\\/realisez-votre-contenu-visuel-a-medytec\\\/#article\",\"isPartOf\":{\"@id\":\"https:\\\/\\\/medytec.eu\\\/2023\\\/05\\\/12\\\/realisez-votre-contenu-visuel-a-medytec\\\/\"},\"author\":{\"name\":\"okparfait\",\"@id\":\"https:\\\/\\\/medytec.eu\\\/#\\\/schema\\\/person\\\/52643406ade6747ec29f0a5ca286f5fe\"},\"headline\":\"R\u00e9alisez votre contenu visuel \u00e0 Medytec\u00a0!\",\"datePublished\":\"2023-05-12T13:12:14+00:00\",\"dateModified\":\"2023-05-12T13:13:22+00:00\",\"mainEntityOfPage\":{\"@id\":\"https:\\\/\\\/medytec.eu\\\/2023\\\/05\\\/12\\\/realisez-votre-contenu-visuel-a-medytec\\\/\"},\"wordCount\":460,\"publisher\":{\"@id\":\"https:\\\/\\\/medytec.eu\\\/#organization\"},\"image\":{\"@id\":\"https:\\\/\\\/medytec.eu\\\/2023\\\/05\\\/12\\\/realisez-votre-contenu-visuel-a-medytec\\\/#primaryimage\"},\"thumbnailUrl\":\"https:\\\/\\\/medytec.eu\\\/wp-content\\\/uploads\\\/2023\\\/05\\\/image_6483441.jpg\",\"articleSection\":[\"Equipements Medytec\",\"\u00c9v\u00e8nements\"],\"inLanguage\":\"en-US\"},{\"@type\":\"WebPage\",\"@id\":\"https:\\\/\\\/medytec.eu\\\/2023\\\/05\\\/12\\\/realisez-votre-contenu-visuel-a-medytec\\\/\",\"url\":\"https:\\\/\\\/medytec.eu\\\/2023\\\/05\\\/12\\\/realisez-votre-contenu-visuel-a-medytec\\\/\",\"name\":\"R\u00e9alisez votre contenu visuel \u00e0 Medytec\u00a0!\",\"isPartOf\":{\"@id\":\"https:\\\/\\\/medytec.eu\\\/#website\"},\"primaryImageOfPage\":{\"@id\":\"https:\\\/\\\/medytec.eu\\\/2023\\\/05\\\/12\\\/realisez-votre-contenu-visuel-a-medytec\\\/#primaryimage\"},\"image\":{\"@id\":\"https:\\\/\\\/medytec.eu\\\/2023\\\/05\\\/12\\\/realisez-votre-contenu-visuel-a-medytec\\\/#primaryimage\"},\"thumbnailUrl\":\"https:\\\/\\\/medytec.eu\\\/wp-content\\\/uploads\\\/2023\\\/05\\\/image_6483441.jpg\",\"datePublished\":\"2023-05-12T13:12:14+00:00\",\"dateModified\":\"2023-05-12T13:13:22+00:00\",\"description\":\"Medytec est l'espace id\u00e9al pour r\u00e9aliser contenus visuels, avec \u00e0 votre disposition tous les \u00e9quipements professionnels n\u00e9cessaires.\",\"breadcrumb\":{\"@id\":\"https:\\\/\\\/medytec.eu\\\/2023\\\/05\\\/12\\\/realisez-votre-contenu-visuel-a-medytec\\\/#breadcrumb\"},\"inLanguage\":\"en-US\",\"potentialAction\":[{\"@type\":\"ReadAction\",\"target\":[\"https:\\\/\\\/medytec.eu\\\/2023\\\/05\\\/12\\\/realisez-votre-contenu-visuel-a-medytec\\\/\"]}]},{\"@type\":\"ImageObject\",\"inLanguage\":\"en-US\",\"@id\":\"https:\\\/\\\/medytec.eu\\\/2023\\\/05\\\/12\\\/realisez-votre-contenu-visuel-a-medytec\\\/#primaryimage\",\"url\":\"https:\\\/\\\/medytec.eu\\\/wp-content\\\/uploads\\\/2023\\\/05\\\/image_6483441.jpg\",\"contentUrl\":\"https:\\\/\\\/medytec.eu\\\/wp-content\\\/uploads\\\/2023\\\/05\\\/image_6483441.jpg\",\"width\":2048,\"height\":1536},{\"@type\":\"BreadcrumbList\",\"@id\":\"https:\\\/\\\/medytec.eu\\\/2023\\\/05\\\/12\\\/realisez-votre-contenu-visuel-a-medytec\\\/#breadcrumb\",\"itemListElement\":[{\"@type\":\"ListItem\",\"position\":1,\"name\":\"Accueil\",\"item\":\"https:\\\/\\\/medytec.eu\\\/\"},{\"@type\":\"ListItem\",\"position\":2,\"name\":\"R\u00e9alisez votre contenu visuel \u00e0 Medytec\u00a0!\"}]},{\"@type\":\"WebSite\",\"@id\":\"https:\\\/\\\/medytec.eu\\\/#website\",\"url\":\"https:\\\/\\\/medytec.eu\\\/\",\"name\":\"Medytec\",\"description\":\"Le hub des technologies de la sant\u00e9 de grenoble-Alpes\",\"publisher\":{\"@id\":\"https:\\\/\\\/medytec.eu\\\/#organization\"},\"potentialAction\":[{\"@type\":\"SearchAction\",\"target\":{\"@type\":\"EntryPoint\",\"urlTemplate\":\"https:\\\/\\\/medytec.eu\\\/?s={search_term_string}\"},\"query-input\":{\"@type\":\"PropertyValueSpecification\",\"valueRequired\":true,\"valueName\":\"search_term_string\"}}],\"inLanguage\":\"en-US\"},{\"@type\":\"Organization\",\"@id\":\"https:\\\/\\\/medytec.eu\\\/#organization\",\"name\":\"MedYtec\",\"url\":\"https:\\\/\\\/medytec.eu\\\/\",\"logo\":{\"@type\":\"ImageObject\",\"inLanguage\":\"en-US\",\"@id\":\"https:\\\/\\\/medytec.eu\\\/#\\\/schema\\\/logo\\\/image\\\/\",\"url\":\"https:\\\/\\\/medytec.eu\\\/wp-content\\\/uploads\\\/2020\\\/02\\\/logo-medytec.png\",\"contentUrl\":\"https:\\\/\\\/medytec.eu\\\/wp-content\\\/uploads\\\/2020\\\/02\\\/logo-medytec.png\",\"width\":426,\"height\":147,\"caption\":\"MedYtec\"},\"image\":{\"@id\":\"https:\\\/\\\/medytec.eu\\\/#\\\/schema\\\/logo\\\/image\\\/\"}},{\"@type\":\"Person\",\"@id\":\"https:\\\/\\\/medytec.eu\\\/#\\\/schema\\\/person\\\/52643406ade6747ec29f0a5ca286f5fe\",\"name\":\"okparfait\",\"url\":\"https:\\\/\\\/medytec.eu\\\/en\\\/author\\\/e486db832ef7dcb5\\\/\"}]}<\/script>\n<!-- \/ Yoast SEO plugin. -->","yoast_head_json":{"title":"R\u00e9alisez votre contenu visuel \u00e0 Medytec\u00a0!","description":"Medytec est l'espace id\u00e9al pour r\u00e9aliser contenus visuels, avec \u00e0 votre disposition tous les \u00e9quipements professionnels n\u00e9cessaires.","robots":{"index":"index","follow":"follow","max-snippet":"max-snippet:-1","max-image-preview":"max-image-preview:large","max-video-preview":"max-video-preview:-1"},"canonical":"https:\/\/medytec.eu\/en\/2023\/05\/12\/realisez-votre-contenu-visuel-a-medytec\/","og_locale":"en_US","og_type":"article","og_title":"R\u00e9alisez votre contenu visuel \u00e0 Medytec\u00a0!","og_description":"Medytec est l'espace id\u00e9al pour r\u00e9aliser contenus visuels, avec \u00e0 votre disposition tous les \u00e9quipements professionnels n\u00e9cessaires.","og_url":"https:\/\/medytec.eu\/en\/2023\/05\/12\/realisez-votre-contenu-visuel-a-medytec\/","og_site_name":"Medytec","article_published_time":"2023-05-12T13:12:14+00:00","article_modified_time":"2023-05-12T13:13:22+00:00","og_image":[{"width":2048,"height":1536,"url":"https:\/\/medytec.eu\/wp-content\/uploads\/2023\/05\/image_6483441.jpg","type":"image\/jpeg"}],"author":"okparfait","twitter_card":"summary_large_image","twitter_misc":{"Written by":"okparfait","Est. reading time":"3 minutes"},"schema":{"@context":"https:\/\/schema.org","@graph":[{"@type":"Article","@id":"https:\/\/medytec.eu\/2023\/05\/12\/realisez-votre-contenu-visuel-a-medytec\/#article","isPartOf":{"@id":"https:\/\/medytec.eu\/2023\/05\/12\/realisez-votre-contenu-visuel-a-medytec\/"},"author":{"name":"okparfait","@id":"https:\/\/medytec.eu\/#\/schema\/person\/52643406ade6747ec29f0a5ca286f5fe"},"headline":"R\u00e9alisez votre contenu visuel \u00e0 Medytec\u00a0!","datePublished":"2023-05-12T13:12:14+00:00","dateModified":"2023-05-12T13:13:22+00:00","mainEntityOfPage":{"@id":"https:\/\/medytec.eu\/2023\/05\/12\/realisez-votre-contenu-visuel-a-medytec\/"},"wordCount":460,"publisher":{"@id":"https:\/\/medytec.eu\/#organization"},"image":{"@id":"https:\/\/medytec.eu\/2023\/05\/12\/realisez-votre-contenu-visuel-a-medytec\/#primaryimage"},"thumbnailUrl":"https:\/\/medytec.eu\/wp-content\/uploads\/2023\/05\/image_6483441.jpg","articleSection":["Equipements Medytec","\u00c9v\u00e8nements"],"inLanguage":"en-US"},{"@type":"WebPage","@id":"https:\/\/medytec.eu\/2023\/05\/12\/realisez-votre-contenu-visuel-a-medytec\/","url":"https:\/\/medytec.eu\/2023\/05\/12\/realisez-votre-contenu-visuel-a-medytec\/","name":"R\u00e9alisez votre contenu visuel \u00e0 Medytec\u00a0!","isPartOf":{"@id":"https:\/\/medytec.eu\/#website"},"primaryImageOfPage":{"@id":"https:\/\/medytec.eu\/2023\/05\/12\/realisez-votre-contenu-visuel-a-medytec\/#primaryimage"},"image":{"@id":"https:\/\/medytec.eu\/2023\/05\/12\/realisez-votre-contenu-visuel-a-medytec\/#primaryimage"},"thumbnailUrl":"https:\/\/medytec.eu\/wp-content\/uploads\/2023\/05\/image_6483441.jpg","datePublished":"2023-05-12T13:12:14+00:00","dateModified":"2023-05-12T13:13:22+00:00","description":"Medytec est l'espace id\u00e9al pour r\u00e9aliser contenus visuels, avec \u00e0 votre disposition tous les \u00e9quipements professionnels n\u00e9cessaires.","breadcrumb":{"@id":"https:\/\/medytec.eu\/2023\/05\/12\/realisez-votre-contenu-visuel-a-medytec\/#breadcrumb"},"inLanguage":"en-US","potentialAction":[{"@type":"ReadAction","target":["https:\/\/medytec.eu\/2023\/05\/12\/realisez-votre-contenu-visuel-a-medytec\/"]}]},{"@type":"ImageObject","inLanguage":"en-US","@id":"https:\/\/medytec.eu\/2023\/05\/12\/realisez-votre-contenu-visuel-a-medytec\/#primaryimage","url":"https:\/\/medytec.eu\/wp-content\/uploads\/2023\/05\/image_6483441.jpg","contentUrl":"https:\/\/medytec.eu\/wp-content\/uploads\/2023\/05\/image_6483441.jpg","width":2048,"height":1536},{"@type":"BreadcrumbList","@id":"https:\/\/medytec.eu\/2023\/05\/12\/realisez-votre-contenu-visuel-a-medytec\/#breadcrumb","itemListElement":[{"@type":"ListItem","position":1,"name":"Accueil","item":"https:\/\/medytec.eu\/"},{"@type":"ListItem","position":2,"name":"R\u00e9alisez votre contenu visuel \u00e0 Medytec\u00a0!"}]},{"@type":"WebSite","@id":"https:\/\/medytec.eu\/#website","url":"https:\/\/medytec.eu\/","name":"Medytec","description":"Le hub des technologies de la sant\u00e9 de grenoble-Alpes","publisher":{"@id":"https:\/\/medytec.eu\/#organization"},"potentialAction":[{"@type":"SearchAction","target":{"@type":"EntryPoint","urlTemplate":"https:\/\/medytec.eu\/?s={search_term_string}"},"query-input":{"@type":"PropertyValueSpecification","valueRequired":true,"valueName":"search_term_string"}}],"inLanguage":"en-US"},{"@type":"Organization","@id":"https:\/\/medytec.eu\/#organization","name":"MedYtec","url":"https:\/\/medytec.eu\/","logo":{"@type":"ImageObject","inLanguage":"en-US","@id":"https:\/\/medytec.eu\/#\/schema\/logo\/image\/","url":"https:\/\/medytec.eu\/wp-content\/uploads\/2020\/02\/logo-medytec.png","contentUrl":"https:\/\/medytec.eu\/wp-content\/uploads\/2020\/02\/logo-medytec.png","width":426,"height":147,"caption":"MedYtec"},"image":{"@id":"https:\/\/medytec.eu\/#\/schema\/logo\/image\/"}},{"@type":"Person","@id":"https:\/\/medytec.eu\/#\/schema\/person\/52643406ade6747ec29f0a5ca286f5fe","name":"okparfait","url":"https:\/\/medytec.eu\/en\/author\/e486db832ef7dcb5\/"}]}},"_links":{"self":[{"href":"https:\/\/medytec.eu\/en\/wp-json\/wp\/v2\/posts\/5664","targetHints":{"allow":["GET"]}}],"collection":[{"href":"https:\/\/medytec.eu\/en\/wp-json\/wp\/v2\/posts"}],"about":[{"href":"https:\/\/medytec.eu\/en\/wp-json\/wp\/v2\/types\/post"}],"author":[{"embeddable":true,"href":"https:\/\/medytec.eu\/en\/wp-json\/wp\/v2\/users\/4"}],"replies":[{"embeddable":true,"href":"https:\/\/medytec.eu\/en\/wp-json\/wp\/v2\/comments?post=5664"}],"version-history":[{"count":0,"href":"https:\/\/medytec.eu\/en\/wp-json\/wp\/v2\/posts\/5664\/revisions"}],"wp:featuredmedia":[{"embeddable":true,"href":"https:\/\/medytec.eu\/en\/wp-json\/wp\/v2\/media\/5733"}],"wp:attachment":[{"href":"https:\/\/medytec.eu\/en\/wp-json\/wp\/v2\/media?parent=5664"}],"wp:term":[{"taxonomy":"category","embeddable":true,"href":"https:\/\/medytec.eu\/en\/wp-json\/wp\/v2\/categories?post=5664"},{"taxonomy":"post_tag","embeddable":true,"href":"https:\/\/medytec.eu\/en\/wp-json\/wp\/v2\/tags?post=5664"}],"curies":[{"name":"wp","href":"https:\/\/api.w.org\/{rel}","templated":true}]}}