{"id":565,"date":"2020-03-24T15:47:11","date_gmt":"2020-03-24T14:47:11","guid":{"rendered":"https:\/\/medytec.eu\/?p=565"},"modified":"2021-07-06T16:29:00","modified_gmt":"2021-07-06T14:29:00","slug":"le-projet-prend-forme-et-se-concretise-decouvrez-medytec","status":"publish","type":"post","link":"https:\/\/medytec.eu\/en\/2020\/03\/24\/le-projet-prend-forme-et-se-concretise-decouvrez-medytec\/","title":{"rendered":"Le projet prend forme et se concr\u00e9tise : d\u00e9couvrez Medytec"},"content":{"rendered":"<div data-elementor-type=\"wp-post\" data-elementor-id=\"565\" class=\"elementor elementor-565\" data-elementor-post-type=\"post\">\n\t\t\t\t\t\t<section class=\"elementor-section elementor-top-section elementor-element elementor-element-7d500dc2 elementor-section-boxed elementor-section-height-default elementor-section-height-default\" data-id=\"7d500dc2\" data-element_type=\"section\" data-e-type=\"section\">\n\t\t\t\t\t\t<div class=\"elementor-container elementor-column-gap-default\">\n\t\t\t\t\t<div class=\"elementor-column elementor-col-100 elementor-top-column elementor-element elementor-element-6c1f86a5\" data-id=\"6c1f86a5\" data-element_type=\"column\" data-e-type=\"column\">\n\t\t\t<div class=\"elementor-widget-wrap elementor-element-populated\">\n\t\t\t\t\t\t<div class=\"elementor-element elementor-element-544da96e elementor-widget elementor-widget-text-editor\" data-id=\"544da96e\" data-element_type=\"widget\" data-e-type=\"widget\" data-widget_type=\"text-editor.default\">\n\t\t\t\t<div class=\"elementor-widget-container\">\n\t\t\t\t\t\t\t\t\t<p>Nous sommes fiers de&nbsp;<span style=\"font-size: 20px; color: var( --e-global-color-text );\">vous pr\u00e9senter le nom officiel de ce lieu embl\u00e9matique&nbsp;: MedYtec.<\/span><\/p>\n<blockquote class=\"wp-block-quote\">\n<p><em>\u00ab&nbsp;Innovation flourishes best when the right people are brought together to share expertise&nbsp;\u2026 \u2018knowledge triangle\u2019, is the principle that when experts from business, research and education work together as one, an optimal environment for innovation is created.\u00bb<\/em><\/p>\n<p><cite><em>EIT Heath<\/em><\/cite><\/p>\n<\/blockquote>\n<p>Le Y de MedYtec symbolise la fertilisation crois\u00e9e tr\u00e8s pr\u00e9sente sur notre territoire du meilleur de l\u2019Industrie, de la Formation et de la Recherche au service de la m\u00e9decine de demain. <br>Ce lieu embl\u00e9matique repr\u00e9sente l\u2019excellence de l\u2019\u00e9cosyst\u00e8me de l\u2019innovation pour la sant\u00e9 de Grenoble Alpes<\/p>\n<p><strong style=\"color: #333333; font-size: 30px;\">&nbsp;<\/strong><\/p>\n<p><strong style=\"color: #333333; font-size: 30px;\">AVANC\u00c9E DES TRAVAUX<\/strong><\/p>\n<p><img fetchpriority=\"high\" decoding=\"async\" class=\"wp-image-489 size-full aligncenter\" style=\"font-size: 20px; color: var( --e-global-color-text );\" src=\"https:\/\/medytec.eu\/wp-content\/uploads\/2020\/03\/avancee-des-travaux.jpg\" alt=\"\" width=\"514\" height=\"290\" srcset=\"https:\/\/medytec.eu\/wp-content\/uploads\/2020\/03\/avancee-des-travaux.jpg 514w, https:\/\/medytec.eu\/wp-content\/uploads\/2020\/03\/avancee-des-travaux-300x169.jpg 300w\" sizes=\"(max-width: 514px) 100vw, 514px\" \/><\/p>\n<p><\/p>\n<h3><span style=\"color: #333333; font-size: 30px;\">17 janvier, les murs sont pr\u00eats, la peinture va commencer !<\/span><\/h3>\n<p><span style=\"font-size: 20px; color: var( --e-global-color-text );\">Dans un espace total de 140 m2 utilisables pour une capacit\u00e9 de 100 personnes, ce c\u00f4t\u00e9 du mur incarne le p\u00f4le atelier\/d\u00e9monstration. Cet espace disposera d\u2019une table haute permettant d\u2019accueillir jusqu\u2019\u00e0 12 personnes. Les inserts dans le mur accueilleront des \u00e9crans et des vitrines dans lesquels seront expos\u00e9s vos produits.<\/span><\/p>\n<p><img decoding=\"async\" width=\"514\" height=\"290\" class=\"wp-image-490 aligncenter\" style=\"font-size: 20px; color: var( --e-global-color-text );\" src=\"https:\/\/medytec.eu\/wp-content\/uploads\/2020\/03\/avancee-des-travaux-2.gif\" alt=\"\"><\/p>\n<p><span style=\"font-size: 30px; color: #333333;\">&nbsp;<\/span><\/p>\n<h3><span style=\"font-size: 30px; color: #333333;\">22 janvier, les travaux avancent vite et les murs prennent des couleurs&nbsp;!<\/span><\/h3>\n<p><span style=\"color: var( --e-global-color-text ); font-size: 20px;\">Retrouvez ici l\u2019espace de conf\u00e9rences pouvant accueillir&nbsp;<\/span><span style=\"font-size: 20px; color: var( --e-global-color-text );\">jusqu\u2019\u00e0 50 personnes, que vous pouvez imaginer assises sur un gradin situ\u00e9 sous&nbsp;<\/span><span style=\"font-size: 20px; color: var( --e-global-color-text );\">les fen\u00eatres.<\/span><\/p>\n<p><span style=\"color: var( --e-global-color-text ); font-size: 20px;\">\u00c0 l\u2019occasion de formation ou de petit-d\u00e9jeuner, l\u2019\u00e9cran g\u00e9ant situ\u00e9 en face pr\u00e9sentera divers supports de communication \u00e0 l\u2019assistance.<\/span><\/p>\n<p>Les locaux de MEDICALPS, gestionnaire du lieu, font \u00e9galement peau neuve&nbsp;! Notre \u00e9quipe de 5 s\u2019installera au plus pr\u00e8s de MEDYTEC pour toujours plus de r\u00e9activit\u00e9, de disponibilit\u00e9 et de convivialit\u00e9. Une meeting box d\u2019\u00e9changes BtoB ainsi qu\u2019une salle de r\u00e9union de 4 \u00e0 9 personnes seront \u00e9galement \u00e0 votre disposition.<\/p>\t\t\t\t\t\t\t\t<\/div>\n\t\t\t\t<\/div>\n\t\t\t\t\t<\/div>\n\t\t<\/div>\n\t\t\t\t\t<\/div>\n\t\t<\/section>\n\t\t\t\t<\/div>","protected":false},"excerpt":{"rendered":"<p>Nous sommes fiers de&nbsp;vous pr\u00e9senter le nom officiel de ce lieu embl\u00e9matique&nbsp;: MedYtec. \u00ab&nbsp;Innovation flourishes best when the right people are brought together to share expertise&nbsp;\u2026 \u2018knowledge triangle\u2019, is the principle that when experts from business, research and education work together as one, an optimal environment for innovation is created.\u00bb EIT Heath Le Y de [&hellip;]<\/p>\n","protected":false},"author":4,"featured_media":488,"comment_status":"closed","ping_status":"open","sticky":false,"template":"","format":"standard","meta":{"ocean_post_layout":"","ocean_both_sidebars_style":"","ocean_both_sidebars_content_width":0,"ocean_both_sidebars_sidebars_width":0,"ocean_sidebar":"0","ocean_second_sidebar":"0","ocean_disable_margins":"enable","ocean_add_body_class":"","ocean_shortcode_before_top_bar":"","ocean_shortcode_after_top_bar":"","ocean_shortcode_before_header":"","ocean_shortcode_after_header":"","ocean_has_shortcode":"","ocean_shortcode_after_title":"","ocean_shortcode_before_footer_widgets":"","ocean_shortcode_after_footer_widgets":"","ocean_shortcode_before_footer_bottom":"","ocean_shortcode_after_footer_bottom":"","ocean_display_top_bar":"off","ocean_display_header":"default","ocean_header_style":"","ocean_center_header_left_menu":"0","ocean_custom_header_template":"0","ocean_custom_logo":0,"ocean_custom_retina_logo":0,"ocean_custom_logo_max_width":0,"ocean_custom_logo_tablet_max_width":0,"ocean_custom_logo_mobile_max_width":0,"ocean_custom_logo_max_height":0,"ocean_custom_logo_tablet_max_height":0,"ocean_custom_logo_mobile_max_height":0,"ocean_header_custom_menu":"0","ocean_menu_typo_font_family":"0","ocean_menu_typo_font_subset":"","ocean_menu_typo_font_size":0,"ocean_menu_typo_font_size_tablet":0,"ocean_menu_typo_font_size_mobile":0,"ocean_menu_typo_font_size_unit":"px","ocean_menu_typo_font_weight":"","ocean_menu_typo_font_weight_tablet":"","ocean_menu_typo_font_weight_mobile":"","ocean_menu_typo_transform":"","ocean_menu_typo_transform_tablet":"","ocean_menu_typo_transform_mobile":"","ocean_menu_typo_line_height":0,"ocean_menu_typo_line_height_tablet":0,"ocean_menu_typo_line_height_mobile":0,"ocean_menu_typo_line_height_unit":"","ocean_menu_typo_spacing":0,"ocean_menu_typo_spacing_tablet":0,"ocean_menu_typo_spacing_mobile":0,"ocean_menu_typo_spacing_unit":"","ocean_menu_link_color":"","ocean_menu_link_color_hover":"","ocean_menu_link_color_active":"","ocean_menu_link_background":"","ocean_menu_link_hover_background":"","ocean_menu_link_active_background":"","ocean_menu_social_links_bg":"","ocean_menu_social_hover_links_bg":"","ocean_menu_social_links_color":"","ocean_menu_social_hover_links_color":"","ocean_disable_title":"default","ocean_disable_heading":"default","ocean_post_title":"","ocean_post_subheading":"","ocean_post_title_style":"","ocean_post_title_background_color":"","ocean_post_title_background":0,"ocean_post_title_bg_image_position":"","ocean_post_title_bg_image_attachment":"","ocean_post_title_bg_image_repeat":"","ocean_post_title_bg_image_size":"","ocean_post_title_height":0,"ocean_post_title_bg_overlay":0.5,"ocean_post_title_bg_overlay_color":"","ocean_disable_breadcrumbs":"default","ocean_breadcrumbs_color":"","ocean_breadcrumbs_separator_color":"","ocean_breadcrumbs_links_color":"","ocean_breadcrumbs_links_hover_color":"","ocean_display_footer_widgets":"default","ocean_display_footer_bottom":"default","ocean_custom_footer_template":"0","ocean_post_oembed":"","ocean_post_self_hosted_media":"","ocean_post_video_embed":"","ocean_link_format":"","ocean_link_format_target":"self","ocean_quote_format":"","ocean_quote_format_link":"post","ocean_gallery_link_images":"off","ocean_gallery_id":[],"footnotes":""},"categories":[1],"tags":[],"class_list":["post-565","post","type-post","status-publish","format-standard","has-post-thumbnail","hentry","category-construction-du-lieu","entry","has-media"],"yoast_head":"<!-- This site is optimized with the Yoast SEO plugin v27.5 - https:\/\/yoast.com\/product\/yoast-seo-wordpress\/ -->\n<title>Le projet prend forme et se concr\u00e9tise : d\u00e9couvrez Medytec - Medytec<\/title>\n<meta name=\"description\" content=\"D\u00e9couvrez Medytec : Le Y de MedYtec symbolise la fertilisation crois\u00e9e du meilleur de l\u2019Industrie, de la Formation &amp; Recherche.\" \/>\n<meta name=\"robots\" content=\"index, follow, max-snippet:-1, max-image-preview:large, max-video-preview:-1\" \/>\n<link rel=\"canonical\" href=\"http:\/\/medytec.eu\/en\/2020\/03\/24\/le-projet-prend-forme-et-se-concretise-decouvrez-medytec\/\" \/>\n<meta property=\"og:locale\" content=\"en_US\" \/>\n<meta property=\"og:type\" content=\"article\" \/>\n<meta property=\"og:title\" content=\"Le projet prend forme et se concr\u00e9tise : d\u00e9couvrez Medytec - Medytec\" \/>\n<meta property=\"og:description\" content=\"D\u00e9couvrez Medytec : Le Y de MedYtec symbolise la fertilisation crois\u00e9e du meilleur de l\u2019Industrie, de la Formation &amp; Recherche.\" \/>\n<meta property=\"og:url\" content=\"http:\/\/medytec.eu\/en\/2020\/03\/24\/le-projet-prend-forme-et-se-concretise-decouvrez-medytec\/\" \/>\n<meta property=\"og:site_name\" content=\"Medytec\" \/>\n<meta property=\"article:published_time\" content=\"2020-03-24T14:47:11+00:00\" \/>\n<meta property=\"article:modified_time\" content=\"2021-07-06T14:29:00+00:00\" \/>\n<meta property=\"og:image\" content=\"https:\/\/medytec.eu\/wp-content\/uploads\/2020\/03\/decouvrez-medytec.jpg\" \/>\n\t<meta property=\"og:image:width\" content=\"383\" \/>\n\t<meta property=\"og:image:height\" content=\"286\" \/>\n\t<meta property=\"og:image:type\" content=\"image\/jpeg\" \/>\n<meta name=\"author\" content=\"okparfait\" \/>\n<meta name=\"twitter:card\" content=\"summary_large_image\" \/>\n<meta name=\"twitter:label1\" content=\"Written by\" \/>\n\t<meta name=\"twitter:data1\" content=\"okparfait\" \/>\n\t<meta name=\"twitter:label2\" content=\"Est. reading time\" \/>\n\t<meta name=\"twitter:data2\" content=\"2 minutes\" \/>\n<script type=\"application\/ld+json\" class=\"yoast-schema-graph\">{\"@context\":\"https:\\\/\\\/schema.org\",\"@graph\":[{\"@type\":\"Article\",\"@id\":\"http:\\\/\\\/medytec.eu\\\/fr\\\/2020\\\/03\\\/24\\\/le-projet-prend-forme-et-se-concretise-decouvrez-medytec\\\/#article\",\"isPartOf\":{\"@id\":\"http:\\\/\\\/medytec.eu\\\/fr\\\/2020\\\/03\\\/24\\\/le-projet-prend-forme-et-se-concretise-decouvrez-medytec\\\/\"},\"author\":{\"name\":\"okparfait\",\"@id\":\"https:\\\/\\\/medytec.eu\\\/#\\\/schema\\\/person\\\/52643406ade6747ec29f0a5ca286f5fe\"},\"headline\":\"Le projet prend forme et se concr\u00e9tise : d\u00e9couvrez Medytec\",\"datePublished\":\"2020-03-24T14:47:11+00:00\",\"dateModified\":\"2021-07-06T14:29:00+00:00\",\"mainEntityOfPage\":{\"@id\":\"http:\\\/\\\/medytec.eu\\\/fr\\\/2020\\\/03\\\/24\\\/le-projet-prend-forme-et-se-concretise-decouvrez-medytec\\\/\"},\"wordCount\":311,\"publisher\":{\"@id\":\"https:\\\/\\\/medytec.eu\\\/#organization\"},\"image\":{\"@id\":\"http:\\\/\\\/medytec.eu\\\/fr\\\/2020\\\/03\\\/24\\\/le-projet-prend-forme-et-se-concretise-decouvrez-medytec\\\/#primaryimage\"},\"thumbnailUrl\":\"https:\\\/\\\/medytec.eu\\\/wp-content\\\/uploads\\\/2020\\\/03\\\/decouvrez-medytec.jpg\",\"articleSection\":[\"Construction du lieu\"],\"inLanguage\":\"en-US\"},{\"@type\":\"WebPage\",\"@id\":\"http:\\\/\\\/medytec.eu\\\/fr\\\/2020\\\/03\\\/24\\\/le-projet-prend-forme-et-se-concretise-decouvrez-medytec\\\/\",\"url\":\"http:\\\/\\\/medytec.eu\\\/fr\\\/2020\\\/03\\\/24\\\/le-projet-prend-forme-et-se-concretise-decouvrez-medytec\\\/\",\"name\":\"Le projet prend forme et se concr\u00e9tise : d\u00e9couvrez Medytec - Medytec\",\"isPartOf\":{\"@id\":\"https:\\\/\\\/medytec.eu\\\/#website\"},\"primaryImageOfPage\":{\"@id\":\"http:\\\/\\\/medytec.eu\\\/fr\\\/2020\\\/03\\\/24\\\/le-projet-prend-forme-et-se-concretise-decouvrez-medytec\\\/#primaryimage\"},\"image\":{\"@id\":\"http:\\\/\\\/medytec.eu\\\/fr\\\/2020\\\/03\\\/24\\\/le-projet-prend-forme-et-se-concretise-decouvrez-medytec\\\/#primaryimage\"},\"thumbnailUrl\":\"https:\\\/\\\/medytec.eu\\\/wp-content\\\/uploads\\\/2020\\\/03\\\/decouvrez-medytec.jpg\",\"datePublished\":\"2020-03-24T14:47:11+00:00\",\"dateModified\":\"2021-07-06T14:29:00+00:00\",\"description\":\"D\u00e9couvrez Medytec : Le Y de MedYtec symbolise la fertilisation crois\u00e9e du meilleur de l\u2019Industrie, de la Formation & Recherche.\",\"breadcrumb\":{\"@id\":\"http:\\\/\\\/medytec.eu\\\/fr\\\/2020\\\/03\\\/24\\\/le-projet-prend-forme-et-se-concretise-decouvrez-medytec\\\/#breadcrumb\"},\"inLanguage\":\"en-US\",\"potentialAction\":[{\"@type\":\"ReadAction\",\"target\":[\"http:\\\/\\\/medytec.eu\\\/fr\\\/2020\\\/03\\\/24\\\/le-projet-prend-forme-et-se-concretise-decouvrez-medytec\\\/\"]}]},{\"@type\":\"ImageObject\",\"inLanguage\":\"en-US\",\"@id\":\"http:\\\/\\\/medytec.eu\\\/fr\\\/2020\\\/03\\\/24\\\/le-projet-prend-forme-et-se-concretise-decouvrez-medytec\\\/#primaryimage\",\"url\":\"https:\\\/\\\/medytec.eu\\\/wp-content\\\/uploads\\\/2020\\\/03\\\/decouvrez-medytec.jpg\",\"contentUrl\":\"https:\\\/\\\/medytec.eu\\\/wp-content\\\/uploads\\\/2020\\\/03\\\/decouvrez-medytec.jpg\",\"width\":383,\"height\":286,\"caption\":\"D\u00e9couvrez Medytec\"},{\"@type\":\"BreadcrumbList\",\"@id\":\"http:\\\/\\\/medytec.eu\\\/fr\\\/2020\\\/03\\\/24\\\/le-projet-prend-forme-et-se-concretise-decouvrez-medytec\\\/#breadcrumb\",\"itemListElement\":[{\"@type\":\"ListItem\",\"position\":1,\"name\":\"Accueil\",\"item\":\"https:\\\/\\\/medytec.eu\\\/\"},{\"@type\":\"ListItem\",\"position\":2,\"name\":\"Le projet prend forme et se concr\u00e9tise : d\u00e9couvrez Medytec\"}]},{\"@type\":\"WebSite\",\"@id\":\"https:\\\/\\\/medytec.eu\\\/#website\",\"url\":\"https:\\\/\\\/medytec.eu\\\/\",\"name\":\"Medytec\",\"description\":\"Le hub des technologies de la sant\u00e9 de grenoble-Alpes\",\"publisher\":{\"@id\":\"https:\\\/\\\/medytec.eu\\\/#organization\"},\"potentialAction\":[{\"@type\":\"SearchAction\",\"target\":{\"@type\":\"EntryPoint\",\"urlTemplate\":\"https:\\\/\\\/medytec.eu\\\/?s={search_term_string}\"},\"query-input\":{\"@type\":\"PropertyValueSpecification\",\"valueRequired\":true,\"valueName\":\"search_term_string\"}}],\"inLanguage\":\"en-US\"},{\"@type\":\"Organization\",\"@id\":\"https:\\\/\\\/medytec.eu\\\/#organization\",\"name\":\"MedYtec\",\"url\":\"https:\\\/\\\/medytec.eu\\\/\",\"logo\":{\"@type\":\"ImageObject\",\"inLanguage\":\"en-US\",\"@id\":\"https:\\\/\\\/medytec.eu\\\/#\\\/schema\\\/logo\\\/image\\\/\",\"url\":\"https:\\\/\\\/medytec.eu\\\/wp-content\\\/uploads\\\/2020\\\/02\\\/logo-medytec.png\",\"contentUrl\":\"https:\\\/\\\/medytec.eu\\\/wp-content\\\/uploads\\\/2020\\\/02\\\/logo-medytec.png\",\"width\":426,\"height\":147,\"caption\":\"MedYtec\"},\"image\":{\"@id\":\"https:\\\/\\\/medytec.eu\\\/#\\\/schema\\\/logo\\\/image\\\/\"}},{\"@type\":\"Person\",\"@id\":\"https:\\\/\\\/medytec.eu\\\/#\\\/schema\\\/person\\\/52643406ade6747ec29f0a5ca286f5fe\",\"name\":\"okparfait\",\"url\":\"https:\\\/\\\/medytec.eu\\\/en\\\/author\\\/e486db832ef7dcb5\\\/\"}]}<\/script>\n<!-- \/ Yoast SEO plugin. -->","yoast_head_json":{"title":"Le projet prend forme et se concr\u00e9tise : d\u00e9couvrez Medytec - Medytec","description":"D\u00e9couvrez Medytec : Le Y de MedYtec symbolise la fertilisation crois\u00e9e du meilleur de l\u2019Industrie, de la Formation & Recherche.","robots":{"index":"index","follow":"follow","max-snippet":"max-snippet:-1","max-image-preview":"max-image-preview:large","max-video-preview":"max-video-preview:-1"},"canonical":"http:\/\/medytec.eu\/en\/2020\/03\/24\/le-projet-prend-forme-et-se-concretise-decouvrez-medytec\/","og_locale":"en_US","og_type":"article","og_title":"Le projet prend forme et se concr\u00e9tise : d\u00e9couvrez Medytec - Medytec","og_description":"D\u00e9couvrez Medytec : Le Y de MedYtec symbolise la fertilisation crois\u00e9e du meilleur de l\u2019Industrie, de la Formation & Recherche.","og_url":"http:\/\/medytec.eu\/en\/2020\/03\/24\/le-projet-prend-forme-et-se-concretise-decouvrez-medytec\/","og_site_name":"Medytec","article_published_time":"2020-03-24T14:47:11+00:00","article_modified_time":"2021-07-06T14:29:00+00:00","og_image":[{"width":383,"height":286,"url":"https:\/\/medytec.eu\/wp-content\/uploads\/2020\/03\/decouvrez-medytec.jpg","type":"image\/jpeg"}],"author":"okparfait","twitter_card":"summary_large_image","twitter_misc":{"Written by":"okparfait","Est. reading time":"2 minutes"},"schema":{"@context":"https:\/\/schema.org","@graph":[{"@type":"Article","@id":"http:\/\/medytec.eu\/fr\/2020\/03\/24\/le-projet-prend-forme-et-se-concretise-decouvrez-medytec\/#article","isPartOf":{"@id":"http:\/\/medytec.eu\/fr\/2020\/03\/24\/le-projet-prend-forme-et-se-concretise-decouvrez-medytec\/"},"author":{"name":"okparfait","@id":"https:\/\/medytec.eu\/#\/schema\/person\/52643406ade6747ec29f0a5ca286f5fe"},"headline":"Le projet prend forme et se concr\u00e9tise : d\u00e9couvrez Medytec","datePublished":"2020-03-24T14:47:11+00:00","dateModified":"2021-07-06T14:29:00+00:00","mainEntityOfPage":{"@id":"http:\/\/medytec.eu\/fr\/2020\/03\/24\/le-projet-prend-forme-et-se-concretise-decouvrez-medytec\/"},"wordCount":311,"publisher":{"@id":"https:\/\/medytec.eu\/#organization"},"image":{"@id":"http:\/\/medytec.eu\/fr\/2020\/03\/24\/le-projet-prend-forme-et-se-concretise-decouvrez-medytec\/#primaryimage"},"thumbnailUrl":"https:\/\/medytec.eu\/wp-content\/uploads\/2020\/03\/decouvrez-medytec.jpg","articleSection":["Construction du lieu"],"inLanguage":"en-US"},{"@type":"WebPage","@id":"http:\/\/medytec.eu\/fr\/2020\/03\/24\/le-projet-prend-forme-et-se-concretise-decouvrez-medytec\/","url":"http:\/\/medytec.eu\/fr\/2020\/03\/24\/le-projet-prend-forme-et-se-concretise-decouvrez-medytec\/","name":"Le projet prend forme et se concr\u00e9tise : d\u00e9couvrez Medytec - Medytec","isPartOf":{"@id":"https:\/\/medytec.eu\/#website"},"primaryImageOfPage":{"@id":"http:\/\/medytec.eu\/fr\/2020\/03\/24\/le-projet-prend-forme-et-se-concretise-decouvrez-medytec\/#primaryimage"},"image":{"@id":"http:\/\/medytec.eu\/fr\/2020\/03\/24\/le-projet-prend-forme-et-se-concretise-decouvrez-medytec\/#primaryimage"},"thumbnailUrl":"https:\/\/medytec.eu\/wp-content\/uploads\/2020\/03\/decouvrez-medytec.jpg","datePublished":"2020-03-24T14:47:11+00:00","dateModified":"2021-07-06T14:29:00+00:00","description":"D\u00e9couvrez Medytec : Le Y de MedYtec symbolise la fertilisation crois\u00e9e du meilleur de l\u2019Industrie, de la Formation & Recherche.","breadcrumb":{"@id":"http:\/\/medytec.eu\/fr\/2020\/03\/24\/le-projet-prend-forme-et-se-concretise-decouvrez-medytec\/#breadcrumb"},"inLanguage":"en-US","potentialAction":[{"@type":"ReadAction","target":["http:\/\/medytec.eu\/fr\/2020\/03\/24\/le-projet-prend-forme-et-se-concretise-decouvrez-medytec\/"]}]},{"@type":"ImageObject","inLanguage":"en-US","@id":"http:\/\/medytec.eu\/fr\/2020\/03\/24\/le-projet-prend-forme-et-se-concretise-decouvrez-medytec\/#primaryimage","url":"https:\/\/medytec.eu\/wp-content\/uploads\/2020\/03\/decouvrez-medytec.jpg","contentUrl":"https:\/\/medytec.eu\/wp-content\/uploads\/2020\/03\/decouvrez-medytec.jpg","width":383,"height":286,"caption":"D\u00e9couvrez Medytec"},{"@type":"BreadcrumbList","@id":"http:\/\/medytec.eu\/fr\/2020\/03\/24\/le-projet-prend-forme-et-se-concretise-decouvrez-medytec\/#breadcrumb","itemListElement":[{"@type":"ListItem","position":1,"name":"Accueil","item":"https:\/\/medytec.eu\/"},{"@type":"ListItem","position":2,"name":"Le projet prend forme et se concr\u00e9tise : d\u00e9couvrez Medytec"}]},{"@type":"WebSite","@id":"https:\/\/medytec.eu\/#website","url":"https:\/\/medytec.eu\/","name":"Medytec","description":"Le hub des technologies de la sant\u00e9 de grenoble-Alpes","publisher":{"@id":"https:\/\/medytec.eu\/#organization"},"potentialAction":[{"@type":"SearchAction","target":{"@type":"EntryPoint","urlTemplate":"https:\/\/medytec.eu\/?s={search_term_string}"},"query-input":{"@type":"PropertyValueSpecification","valueRequired":true,"valueName":"search_term_string"}}],"inLanguage":"en-US"},{"@type":"Organization","@id":"https:\/\/medytec.eu\/#organization","name":"MedYtec","url":"https:\/\/medytec.eu\/","logo":{"@type":"ImageObject","inLanguage":"en-US","@id":"https:\/\/medytec.eu\/#\/schema\/logo\/image\/","url":"https:\/\/medytec.eu\/wp-content\/uploads\/2020\/02\/logo-medytec.png","contentUrl":"https:\/\/medytec.eu\/wp-content\/uploads\/2020\/02\/logo-medytec.png","width":426,"height":147,"caption":"MedYtec"},"image":{"@id":"https:\/\/medytec.eu\/#\/schema\/logo\/image\/"}},{"@type":"Person","@id":"https:\/\/medytec.eu\/#\/schema\/person\/52643406ade6747ec29f0a5ca286f5fe","name":"okparfait","url":"https:\/\/medytec.eu\/en\/author\/e486db832ef7dcb5\/"}]}},"_links":{"self":[{"href":"https:\/\/medytec.eu\/en\/wp-json\/wp\/v2\/posts\/565","targetHints":{"allow":["GET"]}}],"collection":[{"href":"https:\/\/medytec.eu\/en\/wp-json\/wp\/v2\/posts"}],"about":[{"href":"https:\/\/medytec.eu\/en\/wp-json\/wp\/v2\/types\/post"}],"author":[{"embeddable":true,"href":"https:\/\/medytec.eu\/en\/wp-json\/wp\/v2\/users\/4"}],"replies":[{"embeddable":true,"href":"https:\/\/medytec.eu\/en\/wp-json\/wp\/v2\/comments?post=565"}],"version-history":[{"count":0,"href":"https:\/\/medytec.eu\/en\/wp-json\/wp\/v2\/posts\/565\/revisions"}],"wp:featuredmedia":[{"embeddable":true,"href":"https:\/\/medytec.eu\/en\/wp-json\/wp\/v2\/media\/488"}],"wp:attachment":[{"href":"https:\/\/medytec.eu\/en\/wp-json\/wp\/v2\/media?parent=565"}],"wp:term":[{"taxonomy":"category","embeddable":true,"href":"https:\/\/medytec.eu\/en\/wp-json\/wp\/v2\/categories?post=565"},{"taxonomy":"post_tag","embeddable":true,"href":"https:\/\/medytec.eu\/en\/wp-json\/wp\/v2\/tags?post=565"}],"curies":[{"name":"wp","href":"https:\/\/api.w.org\/{rel}","templated":true}]}}