{"id":5551,"date":"2023-03-14T15:47:40","date_gmt":"2023-03-14T14:47:40","guid":{"rendered":"https:\/\/medytec.eu\/?p=5551"},"modified":"2023-03-14T16:03:00","modified_gmt":"2023-03-14T15:03:00","slug":"les-innovations-en-sante-du-territoire-etudes-defficacite-en-phase-preclinique-dedies-aux-pathologies-du-cerveau","status":"publish","type":"post","link":"https:\/\/medytec.eu\/en\/2023\/03\/14\/les-innovations-en-sante-du-territoire-etudes-defficacite-en-phase-preclinique-dedies-aux-pathologies-du-cerveau\/","title":{"rendered":"Les innovations en sant\u00e9 du territoire : \u00e9tudes  pr\u00e9cliniques d\u00e9di\u00e9es aux pathologies du cerveau"},"content":{"rendered":"<div data-elementor-type=\"wp-post\" data-elementor-id=\"5551\" class=\"elementor elementor-5551\" data-elementor-post-type=\"post\">\n\t\t\t\t\t\t<section class=\"elementor-section elementor-top-section elementor-element elementor-element-a111971 elementor-section-boxed elementor-section-height-default elementor-section-height-default\" data-id=\"a111971\" data-element_type=\"section\" data-e-type=\"section\">\n\t\t\t\t\t\t<div class=\"elementor-container elementor-column-gap-default\">\n\t\t\t\t\t<div class=\"elementor-column elementor-col-100 elementor-top-column elementor-element elementor-element-8af8f62\" data-id=\"8af8f62\" data-element_type=\"column\" data-e-type=\"column\">\n\t\t\t<div class=\"elementor-widget-wrap elementor-element-populated\">\n\t\t\t\t\t\t<div class=\"elementor-element elementor-element-57206bc elementor-widget elementor-widget-text-editor\" data-id=\"57206bc\" data-element_type=\"widget\" data-e-type=\"widget\" data-widget_type=\"text-editor.default\">\n\t\t\t\t<div class=\"elementor-widget-container\">\n\t\t\t\t\t\t\t\t\t<p style=\"text-align: left;\">Dans le\u00a0<span style=\"color: #00a8bc;\"><a style=\"color: #00a8bc;\" href=\"https:\/\/medytec.eu\/en\/vos-evenements\/espaces-medytec\/\" target=\"_blank\" rel=\"noreferrer noopener\">unique<\/a>\u00a0<\/span>de Medytec, nous exposons les solutions et les produits innovants d\u00e9velopp\u00e9s par les entreprises de notre<span style=\"color: #00a8bc;\">\u00a0<a style=\"color: #00a8bc;\" href=\"https:\/\/medytec.eu\/en\/un-ecosysteme-d-excellence-en-sante\/grenoble-alpes-territoire-pionnier\/\" target=\"_blank\" rel=\"noreferrer noopener\">territoire<\/a><\/span>.<\/p>\t\t\t\t\t\t\t\t<\/div>\n\t\t\t\t<\/div>\n\t\t\t\t\t<\/div>\n\t\t<\/div>\n\t\t\t\t\t<\/div>\n\t\t<\/section>\n\t\t\t\t<section class=\"elementor-section elementor-top-section elementor-element elementor-element-9d8c126 elementor-section-boxed elementor-section-height-default elementor-section-height-default\" data-id=\"9d8c126\" data-element_type=\"section\" data-e-type=\"section\">\n\t\t\t\t\t\t<div class=\"elementor-container elementor-column-gap-default\">\n\t\t\t\t\t<div class=\"elementor-column elementor-col-100 elementor-top-column elementor-element elementor-element-a42c911\" data-id=\"a42c911\" data-element_type=\"column\" data-e-type=\"column\">\n\t\t\t<div class=\"elementor-widget-wrap elementor-element-populated\">\n\t\t\t\t\t\t<div class=\"elementor-element elementor-element-548a213 elementor-widget elementor-widget-image\" data-id=\"548a213\" data-element_type=\"widget\" data-e-type=\"widget\" data-widget_type=\"image.default\">\n\t\t\t\t<div class=\"elementor-widget-container\">\n\t\t\t\t\t\t\t\t\t\t\t\t\t\t\t<img fetchpriority=\"high\" decoding=\"async\" width=\"300\" height=\"300\" src=\"https:\/\/medytec.eu\/wp-content\/uploads\/2023\/03\/1-Logo-Synapcell-QUADRI-300x300.png\" class=\"attachment-medium size-medium wp-image-5558\" alt=\"\" srcset=\"https:\/\/medytec.eu\/wp-content\/uploads\/2023\/03\/1-Logo-Synapcell-QUADRI-300x300.png 300w, https:\/\/medytec.eu\/wp-content\/uploads\/2023\/03\/1-Logo-Synapcell-QUADRI-1024x1024.png 1024w, https:\/\/medytec.eu\/wp-content\/uploads\/2023\/03\/1-Logo-Synapcell-QUADRI-150x150.png 150w, https:\/\/medytec.eu\/wp-content\/uploads\/2023\/03\/1-Logo-Synapcell-QUADRI-768x768.png 768w, https:\/\/medytec.eu\/wp-content\/uploads\/2023\/03\/1-Logo-Synapcell-QUADRI-12x12.png 12w, https:\/\/medytec.eu\/wp-content\/uploads\/2023\/03\/1-Logo-Synapcell-QUADRI-600x600.png 600w, https:\/\/medytec.eu\/wp-content\/uploads\/2023\/03\/1-Logo-Synapcell-QUADRI.png 1500w\" sizes=\"(max-width: 300px) 100vw, 300px\" \/>\t\t\t\t\t\t\t\t\t\t\t\t\t\t\t<\/div>\n\t\t\t\t<\/div>\n\t\t\t\t<div class=\"elementor-element elementor-element-41f47ac elementor-widget elementor-widget-heading\" data-id=\"41f47ac\" data-element_type=\"widget\" data-e-type=\"widget\" data-widget_type=\"heading.default\">\n\t\t\t\t<div class=\"elementor-widget-container\">\n\t\t\t\t\t<h1 class=\"elementor-heading-title elementor-size-default\"><h3 style=\"font-family: CeraPro, sans-serif;font-style: normal;text-align: justify;white-space: normal\"><span style=\"font-size: 30px;font-weight: 600\"> QUI EST SYNAPCELL ?  &nbsp;<\/span><\/h3><\/h1>\t\t\t\t<\/div>\n\t\t\t\t<\/div>\n\t\t\t\t\t<\/div>\n\t\t<\/div>\n\t\t\t\t\t<\/div>\n\t\t<\/section>\n\t\t\t\t<section class=\"elementor-section elementor-top-section elementor-element elementor-element-0fa0d76 elementor-section-boxed elementor-section-height-default elementor-section-height-default\" data-id=\"0fa0d76\" data-element_type=\"section\" data-e-type=\"section\">\n\t\t\t\t\t\t<div class=\"elementor-container elementor-column-gap-default\">\n\t\t\t\t\t<div class=\"elementor-column elementor-col-100 elementor-top-column elementor-element elementor-element-2314ff7\" data-id=\"2314ff7\" data-element_type=\"column\" data-e-type=\"column\">\n\t\t\t<div class=\"elementor-widget-wrap elementor-element-populated\">\n\t\t\t\t\t\t<div class=\"elementor-element elementor-element-745306f elementor-widget elementor-widget-text-editor\" data-id=\"745306f\" data-element_type=\"widget\" data-e-type=\"widget\" data-widget_type=\"text-editor.default\">\n\t\t\t\t<div class=\"elementor-widget-container\">\n\t\t\t\t\t\t\t\t\t<p>SynapCell est une PME innovante Grenobloise qui propose depuis 2005 une solution d\u2019aide \u00e0 la prise de d\u00e9cision pour les entreprises pharmaceutiques et de biotechnologie d\u00e9veloppant des traitements contre les maladies du cerveau.<\/p>\t\t\t\t\t\t\t\t<\/div>\n\t\t\t\t<\/div>\n\t\t\t\t\t<\/div>\n\t\t<\/div>\n\t\t\t\t\t<\/div>\n\t\t<\/section>\n\t\t\t\t<section class=\"elementor-section elementor-top-section elementor-element elementor-element-eef4b24 elementor-section-boxed elementor-section-height-default elementor-section-height-default\" data-id=\"eef4b24\" data-element_type=\"section\" data-e-type=\"section\">\n\t\t\t\t\t\t<div class=\"elementor-container elementor-column-gap-default\">\n\t\t\t\t\t<div class=\"elementor-column elementor-col-100 elementor-top-column elementor-element elementor-element-19b5b86\" data-id=\"19b5b86\" data-element_type=\"column\" data-e-type=\"column\">\n\t\t\t<div class=\"elementor-widget-wrap elementor-element-populated\">\n\t\t\t\t\t\t<div class=\"elementor-element elementor-element-92e5a0c elementor-widget elementor-widget-text-editor\" data-id=\"92e5a0c\" data-element_type=\"widget\" data-e-type=\"widget\" data-widget_type=\"text-editor.default\">\n\t\t\t\t<div class=\"elementor-widget-container\">\n\t\t\t\t\t\t\t\t\t<p>Le d\u00e9veloppement de nouveaux m\u00e9dicaments est un processus long, co\u00fbteux et \u00e0 fort risque d\u2019\u00e9chec. Si un traitement r\u00e9ussit \u00e0 passer en phase clinique, il a encore 9 chances sur 10 d\u2019\u00e9chouer avant la mise sur le march\u00e9.<\/p><p>\u00a0<\/p>\t\t\t\t\t\t\t\t<\/div>\n\t\t\t\t<\/div>\n\t\t\t\t\t<\/div>\n\t\t<\/div>\n\t\t\t\t\t<\/div>\n\t\t<\/section>\n\t\t\t\t<section class=\"elementor-section elementor-top-section elementor-element elementor-element-ea69178 elementor-section-boxed elementor-section-height-default elementor-section-height-default\" data-id=\"ea69178\" data-element_type=\"section\" data-e-type=\"section\">\n\t\t\t\t\t\t<div class=\"elementor-container elementor-column-gap-default\">\n\t\t\t\t\t<div class=\"elementor-column elementor-col-33 elementor-top-column elementor-element elementor-element-30919bf\" data-id=\"30919bf\" data-element_type=\"column\" data-e-type=\"column\">\n\t\t\t<div class=\"elementor-widget-wrap elementor-element-populated\">\n\t\t\t\t\t\t<div class=\"elementor-element elementor-element-cf27581 elementor-widget elementor-widget-image\" data-id=\"cf27581\" data-element_type=\"widget\" data-e-type=\"widget\" data-widget_type=\"image.default\">\n\t\t\t\t<div class=\"elementor-widget-container\">\n\t\t\t\t\t\t\t\t\t\t\t\t\t\t\t<img decoding=\"async\" width=\"1024\" height=\"683\" src=\"https:\/\/medytec.eu\/wp-content\/uploads\/2023\/03\/DSC_0393-1024x683.jpg\" class=\"attachment-large size-large wp-image-5559\" alt=\"\" srcset=\"https:\/\/medytec.eu\/wp-content\/uploads\/2023\/03\/DSC_0393-1024x683.jpg 1024w, https:\/\/medytec.eu\/wp-content\/uploads\/2023\/03\/DSC_0393-e1678804863312-300x200.jpg 300w, https:\/\/medytec.eu\/wp-content\/uploads\/2023\/03\/DSC_0393-768x512.jpg 768w, https:\/\/medytec.eu\/wp-content\/uploads\/2023\/03\/DSC_0393-e1678804863312-391x260.jpg 391w, https:\/\/medytec.eu\/wp-content\/uploads\/2023\/03\/DSC_0393-1536x1024.jpg 1536w, https:\/\/medytec.eu\/wp-content\/uploads\/2023\/03\/DSC_0393-2048x1365.jpg 2048w, https:\/\/medytec.eu\/wp-content\/uploads\/2023\/03\/DSC_0393-e1678804863312-18x12.jpg 18w, https:\/\/medytec.eu\/wp-content\/uploads\/2023\/03\/DSC_0393-e1678804863312.jpg 500w\" sizes=\"(max-width: 1024px) 100vw, 1024px\" \/>\t\t\t\t\t\t\t\t\t\t\t\t\t\t\t<\/div>\n\t\t\t\t<\/div>\n\t\t\t\t\t<\/div>\n\t\t<\/div>\n\t\t\t\t<div class=\"elementor-column elementor-col-66 elementor-top-column elementor-element elementor-element-dc0492a\" data-id=\"dc0492a\" data-element_type=\"column\" data-e-type=\"column\">\n\t\t\t<div class=\"elementor-widget-wrap elementor-element-populated\">\n\t\t\t\t\t\t<div class=\"elementor-element elementor-element-7e6b43b elementor-widget elementor-widget-text-editor\" data-id=\"7e6b43b\" data-element_type=\"widget\" data-e-type=\"widget\" data-widget_type=\"text-editor.default\">\n\t\t\t\t<div class=\"elementor-widget-container\">\n\t\t\t\t\t\t\t\t\t<p>Afin d\u2019augmenter le taux de r\u00e9ussite des m\u00e9dicaments destin\u00e9s aux pathologies du cerveau, SynapCell propose des \u00e9tudes d\u2019efficacit\u00e9 en phase pr\u00e9clinique gr\u00e2ce \u00e0 sa plateforme CUE\u00ae. La plateforme repose sur ses experts en Neurosciences, la technologie bas\u00e9e sur l\u2019\u00e9lectroenc\u00e9phalogramme (EEG), et des algorithmes propri\u00e9taires d\u2019analyse du signal utilisant entre autres le Deep Learning.<\/p>\t\t\t\t\t\t\t\t<\/div>\n\t\t\t\t<\/div>\n\t\t\t\t\t<\/div>\n\t\t<\/div>\n\t\t\t\t\t<\/div>\n\t\t<\/section>\n\t\t\t\t<section class=\"elementor-section elementor-top-section elementor-element elementor-element-3ec2863 elementor-section-boxed elementor-section-height-default elementor-section-height-default\" data-id=\"3ec2863\" data-element_type=\"section\" data-e-type=\"section\">\n\t\t\t\t\t\t<div class=\"elementor-container elementor-column-gap-default\">\n\t\t\t\t\t<div class=\"elementor-column elementor-col-100 elementor-top-column elementor-element elementor-element-de55b33\" data-id=\"de55b33\" data-element_type=\"column\" data-e-type=\"column\">\n\t\t\t<div class=\"elementor-widget-wrap elementor-element-populated\">\n\t\t\t\t\t\t<div class=\"elementor-element elementor-element-d3cd1a6 elementor-widget elementor-widget-heading\" data-id=\"d3cd1a6\" data-element_type=\"widget\" data-e-type=\"widget\" data-widget_type=\"heading.default\">\n\t\t\t\t<div class=\"elementor-widget-container\">\n\t\t\t\t\t<h1 class=\"elementor-heading-title elementor-size-default\"><h3 style=\"font-family: CeraPro, sans-serif;font-style: normal;text-align: justify;white-space: normal\"><span style=\"font-size: 30px;font-weight: 600\">LE PATIENT AU C\u0152UR DE SON ACTIVIT\u00c9&nbsp;<\/span><\/h3><\/h1>\t\t\t\t<\/div>\n\t\t\t\t<\/div>\n\t\t\t\t\t<\/div>\n\t\t<\/div>\n\t\t\t\t\t<\/div>\n\t\t<\/section>\n\t\t\t\t<section class=\"elementor-section elementor-top-section elementor-element elementor-element-bdf2177 elementor-section-boxed elementor-section-height-default elementor-section-height-default\" data-id=\"bdf2177\" data-element_type=\"section\" data-e-type=\"section\">\n\t\t\t\t\t\t<div class=\"elementor-container elementor-column-gap-default\">\n\t\t\t\t\t<div class=\"elementor-column elementor-col-100 elementor-top-column elementor-element elementor-element-bac67fe\" data-id=\"bac67fe\" data-element_type=\"column\" data-e-type=\"column\">\n\t\t\t<div class=\"elementor-widget-wrap elementor-element-populated\">\n\t\t\t\t\t\t<div class=\"elementor-element elementor-element-e45263c elementor-widget elementor-widget-text-editor\" data-id=\"e45263c\" data-element_type=\"widget\" data-e-type=\"widget\" data-widget_type=\"text-editor.default\">\n\t\t\t\t<div class=\"elementor-widget-container\">\n\t\t\t\t\t\t\t\t\t<p>L\u2019\u00e9lectroenc\u00e9phalogramme est un instrument qui permet de mesurer de fa\u00e7on objective et quantitative l\u2019activit\u00e9 c\u00e9r\u00e9brale en temps r\u00e9el \u00e0 l\u2019aide d\u2019\u00e9lectrodes. Largement utilis\u00e9 en clinique pour diagnostiquer des maladies neurologiques telles que l\u2019\u00e9pilepsie, il est employ\u00e9 chez SynapCell pour d\u00e9tecter une activit\u00e9 anormale li\u00e9e \u00e0 une maladie et pour suivre l\u2019effet th\u00e9rapeutique d\u2019un m\u00e9dicament sur cette activit\u00e9 anormale au cours du temps sur des mod\u00e8les biologiques.<\/p><p>Utiliser cette technologie d\u00e8s la phase pr\u00e9clinique permet de se rapprocher le plus possible des conditions chez l\u2019humain, et donc de pr\u00e9dire l\u2019efficacit\u00e9 d\u2019un traitement avant m\u00eame que celui-ci n\u2019entre en phase clinique. <b>Les services propos\u00e9s par SynapCell permettent ainsi d\u2019identifier des candidats m\u00e9dicaments \u00e0 fort potentiel th\u00e9rapeutique contre des maladies comme l\u2019\u00e9pilepsie, la maladie de Parkinson, la schizophr\u00e9nie ou encore les maladies neurod\u00e9g\u00e9n\u00e9ratives. <\/b>L\u2019identification pr\u00e9coce de candidats m\u00e9dicaments \u00e0 fort potentiel permet de faciliter la mise sur le march\u00e9 de traitements qui seront efficaces aupr\u00e8s des patients et apporteront un vrai gain th\u00e9rapeutique.\u00a0<\/p>\t\t\t\t\t\t\t\t<\/div>\n\t\t\t\t<\/div>\n\t\t\t\t\t<\/div>\n\t\t<\/div>\n\t\t\t\t\t<\/div>\n\t\t<\/section>\n\t\t\t\t<section class=\"elementor-section elementor-top-section elementor-element elementor-element-039b832 elementor-section-boxed elementor-section-height-default elementor-section-height-default\" data-id=\"039b832\" data-element_type=\"section\" data-e-type=\"section\">\n\t\t\t\t\t\t<div class=\"elementor-container elementor-column-gap-default\">\n\t\t\t\t\t<div class=\"elementor-column elementor-col-33 elementor-top-column elementor-element elementor-element-c088463\" data-id=\"c088463\" data-element_type=\"column\" data-e-type=\"column\">\n\t\t\t<div class=\"elementor-widget-wrap elementor-element-populated\">\n\t\t\t\t\t\t<div class=\"elementor-element elementor-element-332415e elementor-widget elementor-widget-image\" data-id=\"332415e\" data-element_type=\"widget\" data-e-type=\"widget\" data-widget_type=\"image.default\">\n\t\t\t\t<div class=\"elementor-widget-container\">\n\t\t\t\t\t\t\t\t\t\t\t\t\t\t\t<img decoding=\"async\" width=\"500\" height=\"333\" src=\"https:\/\/medytec.eu\/wp-content\/uploads\/2023\/03\/Enfant-epilepsie-Copie.jpg\" class=\"attachment-large size-large wp-image-5562\" alt=\"\" srcset=\"https:\/\/medytec.eu\/wp-content\/uploads\/2023\/03\/Enfant-epilepsie-Copie.jpg 500w, https:\/\/medytec.eu\/wp-content\/uploads\/2023\/03\/Enfant-epilepsie-Copie-300x200.jpg 300w, https:\/\/medytec.eu\/wp-content\/uploads\/2023\/03\/Enfant-epilepsie-Copie-391x260.jpg 391w, https:\/\/medytec.eu\/wp-content\/uploads\/2023\/03\/Enfant-epilepsie-Copie-18x12.jpg 18w\" sizes=\"(max-width: 500px) 100vw, 500px\" \/>\t\t\t\t\t\t\t\t\t\t\t\t\t\t\t<\/div>\n\t\t\t\t<\/div>\n\t\t\t\t\t<\/div>\n\t\t<\/div>\n\t\t\t\t<div class=\"elementor-column elementor-col-66 elementor-top-column elementor-element elementor-element-1fcab9d\" data-id=\"1fcab9d\" data-element_type=\"column\" data-e-type=\"column\">\n\t\t\t<div class=\"elementor-widget-wrap elementor-element-populated\">\n\t\t\t\t\t\t<div class=\"elementor-element elementor-element-da23dde elementor-widget elementor-widget-text-editor\" data-id=\"da23dde\" data-element_type=\"widget\" data-e-type=\"widget\" data-widget_type=\"text-editor.default\">\n\t\t\t\t<div class=\"elementor-widget-container\">\n\t\t\t\t\t\t\t\t\t<p>Gr\u00e2ce \u00e0 leur r\u00e9putation de leader mondial du Drug Discovery bas\u00e9e sur l\u2019EEG et expert de l\u2019\u00e9pilepsie, SynapCell a pu nouer des relations fortes avec des clients bas\u00e9s aux USA, Japon et Europe qui ont d\u00e9bouch\u00e9 sur des publications communes. La soci\u00e9t\u00e9 pharmaceutique Pfizer a notamment pu d\u00e9montrer gr\u00e2ce \u00e0 SynapCell l\u2019effet anti\u00e9pileptique d\u2019une de ses mol\u00e9cules, maintenant d\u00e9velopp\u00e9e par Cerevel Therapeutics.<\/p>\t\t\t\t\t\t\t\t<\/div>\n\t\t\t\t<\/div>\n\t\t\t\t\t<\/div>\n\t\t<\/div>\n\t\t\t\t\t<\/div>\n\t\t<\/section>\n\t\t\t\t<section class=\"elementor-section elementor-top-section elementor-element elementor-element-cae3509 elementor-section-boxed elementor-section-height-default elementor-section-height-default\" data-id=\"cae3509\" data-element_type=\"section\" data-e-type=\"section\">\n\t\t\t\t\t\t<div class=\"elementor-container elementor-column-gap-default\">\n\t\t\t\t\t<div class=\"elementor-column elementor-col-100 elementor-top-column elementor-element elementor-element-90e49b6\" data-id=\"90e49b6\" data-element_type=\"column\" data-e-type=\"column\">\n\t\t\t<div class=\"elementor-widget-wrap elementor-element-populated\">\n\t\t\t\t\t\t<div class=\"elementor-element elementor-element-2abdf0e elementor-widget elementor-widget-heading\" data-id=\"2abdf0e\" data-element_type=\"widget\" data-e-type=\"widget\" data-widget_type=\"heading.default\">\n\t\t\t\t<div class=\"elementor-widget-container\">\n\t\t\t\t\t<h1 class=\"elementor-heading-title elementor-size-default\"><h3 style=\"font-family: CeraPro, sans-serif;font-style: normal;text-align: justify;white-space: normal\"><span style=\"font-size: 30px;font-weight: 600\">SYNAPCELL EN QUELQUES CHIFFRES&nbsp;<\/span><\/h3><\/h1>\t\t\t\t<\/div>\n\t\t\t\t<\/div>\n\t\t\t\t\t<\/div>\n\t\t<\/div>\n\t\t\t\t\t<\/div>\n\t\t<\/section>\n\t\t\t\t<section class=\"elementor-section elementor-top-section elementor-element elementor-element-b9e07c8 elementor-section-boxed elementor-section-height-default elementor-section-height-default\" data-id=\"b9e07c8\" data-element_type=\"section\" data-e-type=\"section\">\n\t\t\t\t\t\t<div class=\"elementor-container elementor-column-gap-default\">\n\t\t\t\t\t<div class=\"elementor-column elementor-col-100 elementor-top-column elementor-element elementor-element-64808d8\" data-id=\"64808d8\" data-element_type=\"column\" data-e-type=\"column\">\n\t\t\t<div class=\"elementor-widget-wrap elementor-element-populated\">\n\t\t\t\t\t\t<div class=\"elementor-element elementor-element-d54e3a1 elementor-widget elementor-widget-text-editor\" data-id=\"d54e3a1\" data-element_type=\"widget\" data-e-type=\"widget\" data-widget_type=\"text-editor.default\">\n\t\t\t\t<div class=\"elementor-widget-container\">\n\t\t\t\t\t\t\t\t\t<p>Gr\u00e2ce \u00e0 son expertise et sa plateforme CUE\u00ae \u00e0 haute valeur ajout\u00e9e, SynapCell b\u00e9n\u00e9ficie d\u2019une croissance importante qui peut \u00eatre visible au travers de ses r\u00e9sultats r\u00e9cents&nbsp;:<\/p>\n<ul>\n<li><b>100% du chiffre d\u2019affaires en 2022 a \u00e9t\u00e9 r\u00e9alis\u00e9 \u00e0 l\u2019export<\/b><\/li>\n<li><b>Locaux en propres \u00e0 Isiparc, Saint-Ismier, depuis 2017<\/b><\/li>\n<li><b>+ de 150 \u00e9tudes r\u00e9alis\u00e9es depuis 2017<\/b><\/li>\n<li><b>Laur\u00e9at du concours i-Nov vague 9 de l\u2019\u00e9tat en 2023<\/b><\/li>\n<\/ul>\t\t\t\t\t\t\t\t<\/div>\n\t\t\t\t<\/div>\n\t\t\t\t\t<\/div>\n\t\t<\/div>\n\t\t\t\t\t<\/div>\n\t\t<\/section>\n\t\t\t\t<section class=\"elementor-section elementor-top-section elementor-element elementor-element-be815c8 elementor-section-boxed elementor-section-height-default elementor-section-height-default\" data-id=\"be815c8\" data-element_type=\"section\" data-e-type=\"section\">\n\t\t\t\t\t\t<div class=\"elementor-container elementor-column-gap-default\">\n\t\t\t\t\t<div class=\"elementor-column elementor-col-100 elementor-top-column elementor-element elementor-element-d2e58fc\" data-id=\"d2e58fc\" data-element_type=\"column\" data-e-type=\"column\">\n\t\t\t<div class=\"elementor-widget-wrap elementor-element-populated\">\n\t\t\t\t\t\t<div class=\"elementor-element elementor-element-cf1b912 elementor-widget-divider--view-line elementor-widget elementor-widget-divider\" data-id=\"cf1b912\" data-element_type=\"widget\" data-e-type=\"widget\" data-widget_type=\"divider.default\">\n\t\t\t\t<div class=\"elementor-widget-container\">\n\t\t\t\t\t\t\t<div class=\"elementor-divider\">\n\t\t\t<span class=\"elementor-divider-separator\">\n\t\t\t\t\t\t<\/span>\n\t\t<\/div>\n\t\t\t\t\t\t<\/div>\n\t\t\t\t<\/div>\n\t\t\t\t\t<\/div>\n\t\t<\/div>\n\t\t\t\t\t<\/div>\n\t\t<\/section>\n\t\t\t\t<section class=\"elementor-section elementor-top-section elementor-element elementor-element-a7d4880 elementor-section-full_width elementor-section-height-default elementor-section-height-default\" data-id=\"a7d4880\" data-element_type=\"section\" data-e-type=\"section\" data-settings=\"{&quot;background_background&quot;:&quot;classic&quot;}\">\n\t\t\t\t\t\t<div class=\"elementor-container elementor-column-gap-default\">\n\t\t\t\t\t<div class=\"elementor-column elementor-col-50 elementor-top-column elementor-element elementor-element-c4f2529\" data-id=\"c4f2529\" data-element_type=\"column\" data-e-type=\"column\">\n\t\t\t<div class=\"elementor-widget-wrap elementor-element-populated\">\n\t\t\t\t\t\t<div class=\"elementor-element elementor-element-24688ce elementor-widget elementor-widget-image\" data-id=\"24688ce\" data-element_type=\"widget\" data-e-type=\"widget\" data-widget_type=\"image.default\">\n\t\t\t\t<div class=\"elementor-widget-container\">\n\t\t\t\t\t\t\t\t\t\t\t\t\t\t\t<img loading=\"lazy\" decoding=\"async\" width=\"1024\" height=\"1024\" src=\"https:\/\/medytec.eu\/wp-content\/uploads\/2023\/03\/1-Logo-Synapcell-QUADRI-1024x1024.png\" class=\"attachment-large size-large wp-image-5558\" alt=\"\" srcset=\"https:\/\/medytec.eu\/wp-content\/uploads\/2023\/03\/1-Logo-Synapcell-QUADRI-1024x1024.png 1024w, https:\/\/medytec.eu\/wp-content\/uploads\/2023\/03\/1-Logo-Synapcell-QUADRI-300x300.png 300w, https:\/\/medytec.eu\/wp-content\/uploads\/2023\/03\/1-Logo-Synapcell-QUADRI-150x150.png 150w, https:\/\/medytec.eu\/wp-content\/uploads\/2023\/03\/1-Logo-Synapcell-QUADRI-768x768.png 768w, https:\/\/medytec.eu\/wp-content\/uploads\/2023\/03\/1-Logo-Synapcell-QUADRI-12x12.png 12w, https:\/\/medytec.eu\/wp-content\/uploads\/2023\/03\/1-Logo-Synapcell-QUADRI-600x600.png 600w, https:\/\/medytec.eu\/wp-content\/uploads\/2023\/03\/1-Logo-Synapcell-QUADRI.png 1500w\" sizes=\"(max-width: 1024px) 100vw, 1024px\" \/>\t\t\t\t\t\t\t\t\t\t\t\t\t\t\t<\/div>\n\t\t\t\t<\/div>\n\t\t\t\t\t<\/div>\n\t\t<\/div>\n\t\t\t\t<div class=\"elementor-column elementor-col-50 elementor-top-column elementor-element elementor-element-f860353\" data-id=\"f860353\" data-element_type=\"column\" data-e-type=\"column\">\n\t\t\t<div class=\"elementor-widget-wrap elementor-element-populated\">\n\t\t\t\t\t\t<div class=\"elementor-element elementor-element-9bd59fd elementor-widget elementor-widget-heading\" data-id=\"9bd59fd\" data-element_type=\"widget\" data-e-type=\"widget\" data-widget_type=\"heading.default\">\n\t\t\t\t<div class=\"elementor-widget-container\">\n\t\t\t\t\t<h1 class=\"elementor-heading-title elementor-size-default\">Contact<\/h1>\t\t\t\t<\/div>\n\t\t\t\t<\/div>\n\t\t\t\t<div class=\"elementor-element elementor-element-cb41e3a elementor-icon-list--layout-traditional elementor-list-item-link-full_width elementor-widget elementor-widget-icon-list\" data-id=\"cb41e3a\" data-element_type=\"widget\" data-e-type=\"widget\" data-widget_type=\"icon-list.default\">\n\t\t\t\t<div class=\"elementor-widget-container\">\n\t\t\t\t\t\t\t<ul class=\"elementor-icon-list-items\">\n\t\t\t\t\t\t\t<li class=\"elementor-icon-list-item\">\n\t\t\t\t\t\t\t\t\t\t\t<span class=\"elementor-icon-list-icon\">\n\t\t\t\t\t\t\t<i aria-hidden=\"true\" class=\"fas fa-angle-right\"><\/i>\t\t\t\t\t\t<\/span>\n\t\t\t\t\t\t\t\t\t\t<span class=\"elementor-icon-list-text\">Corinne Roucard, Chief Executive Officer<\/span>\n\t\t\t\t\t\t\t\t\t<\/li>\n\t\t\t\t\t\t\t\t<li class=\"elementor-icon-list-item\">\n\t\t\t\t\t\t\t\t\t\t\t<span class=\"elementor-icon-list-icon\">\n\t\t\t\t\t\t\t<i aria-hidden=\"true\" class=\"fas fa-map-marker-alt\"><\/i>\t\t\t\t\t\t<\/span>\n\t\t\t\t\t\t\t\t\t\t<span class=\"elementor-icon-list-text\">B\u00e2timent SYNERGY, 38330 Saint-Ismier<\/span>\n\t\t\t\t\t\t\t\t\t<\/li>\n\t\t\t\t\t\t\t\t<li class=\"elementor-icon-list-item\">\n\t\t\t\t\t\t\t\t\t\t\t<a href=\"https:\/\/synapcell.com\/\">\n\n\t\t\t\t\t\t\t\t\t\t\t\t<span class=\"elementor-icon-list-icon\">\n\t\t\t\t\t\t\t<i aria-hidden=\"true\" class=\"fas fa-dot-circle\"><\/i>\t\t\t\t\t\t<\/span>\n\t\t\t\t\t\t\t\t\t\t<span class=\"elementor-icon-list-text\">Site internet<\/span>\n\t\t\t\t\t\t\t\t\t\t\t<\/a>\n\t\t\t\t\t\t\t\t\t<\/li>\n\t\t\t\t\t\t\t\t<li class=\"elementor-icon-list-item\">\n\t\t\t\t\t\t\t\t\t\t\t<a href=\"https:\/\/www.linkedin.com\/company\/synapcell\/\">\n\n\t\t\t\t\t\t\t\t\t\t\t\t<span class=\"elementor-icon-list-icon\">\n\t\t\t\t\t\t\t<i aria-hidden=\"true\" class=\"fab fa-linkedin\"><\/i>\t\t\t\t\t\t<\/span>\n\t\t\t\t\t\t\t\t\t\t<span class=\"elementor-icon-list-text\">LinkedIn<\/span>\n\t\t\t\t\t\t\t\t\t\t\t<\/a>\n\t\t\t\t\t\t\t\t\t<\/li>\n\t\t\t\t\t\t<\/ul>\n\t\t\t\t\t\t<\/div>\n\t\t\t\t<\/div>\n\t\t\t\t\t<\/div>\n\t\t<\/div>\n\t\t\t\t\t<\/div>\n\t\t<\/section>\n\t\t\t\t<section class=\"elementor-section elementor-top-section elementor-element elementor-element-9e6b637 elementor-section-boxed elementor-section-height-default elementor-section-height-default\" data-id=\"9e6b637\" data-element_type=\"section\" data-e-type=\"section\">\n\t\t\t\t\t\t<div class=\"elementor-container elementor-column-gap-default\">\n\t\t\t\t\t<div class=\"elementor-column elementor-col-100 elementor-top-column elementor-element elementor-element-8c84c63\" data-id=\"8c84c63\" data-element_type=\"column\" data-e-type=\"column\">\n\t\t\t<div class=\"elementor-widget-wrap elementor-element-populated\">\n\t\t\t\t\t\t<div class=\"elementor-element elementor-element-76ffa28 elementor-widget elementor-widget-spacer\" data-id=\"76ffa28\" data-element_type=\"widget\" data-e-type=\"widget\" data-widget_type=\"spacer.default\">\n\t\t\t\t<div class=\"elementor-widget-container\">\n\t\t\t\t\t\t\t<div class=\"elementor-spacer\">\n\t\t\t<div class=\"elementor-spacer-inner\"><\/div>\n\t\t<\/div>\n\t\t\t\t\t\t<\/div>\n\t\t\t\t<\/div>\n\t\t\t\t<div class=\"elementor-element elementor-element-e474fbf elementor-widget elementor-widget-text-editor\" data-id=\"e474fbf\" data-element_type=\"widget\" data-e-type=\"widget\" data-widget_type=\"text-editor.default\">\n\t\t\t\t<div class=\"elementor-widget-container\">\n\t\t\t\t\t\t\t\t\t<p><img decoding=\"async\" class=\"emoji\" role=\"img\" draggable=\"false\" src=\"https:\/\/s.w.org\/images\/core\/emoji\/13.1.0\/svg\/27a1.svg\" alt=\"\u27a1\" \/> Venez d\u00e9couvrir les innovations du showroom de Medytec lors de nos <strong>\u00a0<span style=\"color: #00a8bc;\"><a style=\"color: #00a8bc;\" href=\"https:\/\/medytec.eu\/en\/events\/journees-libre-acces-showroom-medytec\/\" target=\"_blank\" rel=\"noopener\">portes ouvertes<\/a><\/span><\/strong>\u00a0!<\/p>\t\t\t\t\t\t\t\t<\/div>\n\t\t\t\t<\/div>\n\t\t\t\t\t<\/div>\n\t\t<\/div>\n\t\t\t\t\t<\/div>\n\t\t<\/section>\n\t\t\t\t<section class=\"elementor-section elementor-top-section elementor-element elementor-element-7da80ef elementor-section-boxed elementor-section-height-default elementor-section-height-default\" data-id=\"7da80ef\" data-element_type=\"section\" data-e-type=\"section\">\n\t\t\t\t\t\t<div class=\"elementor-container elementor-column-gap-default\">\n\t\t\t\t\t<div class=\"elementor-column elementor-col-100 elementor-top-column elementor-element elementor-element-5697dea\" data-id=\"5697dea\" data-element_type=\"column\" data-e-type=\"column\">\n\t\t\t<div class=\"elementor-widget-wrap elementor-element-populated\">\n\t\t\t\t\t\t<div class=\"elementor-element elementor-element-86355ea elementor-widget elementor-widget-text-editor\" data-id=\"86355ea\" data-element_type=\"widget\" data-e-type=\"widget\" data-widget_type=\"text-editor.default\">\n\t\t\t\t<div class=\"elementor-widget-container\">\n\t\t\t\t\t\t\t\t\t<ul><li style=\"font-size: 20px;\"><a style=\"font-size: 20px; background-color: #ffffff; color: #00a8bc;\" href=\"https:\/\/medytec.eu\/en\/2023\/03\/14\/les-innovations-en-sante-du-territoire-quand-lia-decrypte-les-images-du-cerveau\/\" target=\"_blank\" rel=\"noopener\">Des outils d\u2019aide \u00e0 la d\u00e9cision clinique pour la radiologie &#8211; Pixyl\u00a0<\/a><\/li><li style=\"font-size: 20px;\"><a style=\"font-size: 20px;\" href=\"https:\/\/medytec.eu\/en\/2021\/10\/05\/les-innovations-en-sante-du-territoire-pi-box-innospark-calculs-renaux\/\"><span style=\"font-size: 20px; color: #00a8bc;\">Les Pi-Box\u00a9, collecte de calculs r\u00e9naux<\/span><\/a><\/li><li style=\"font-size: 20px;\"><a style=\"font-size: 20px; background-color: #ffffff; color: #00a8bc;\" href=\"https:\/\/medytec.eu\/en\/2021\/07\/08\/les-innovations-en-sante-du-territoire-le-labpad-d-avalun\/\" target=\"_blank\" rel=\"noopener\">Le Labpad<\/a><a style=\"font-size: 20px; background-color: #ffffff; color: #00a8bc;\" href=\"https:\/\/medytec.eu\/en\/2020\/12\/03\/les-innovations-en-sante-du-territoire-les-dispositifs-intuity-ject-mix\/\" target=\"_blank\" rel=\"noopener\">\u00ae<\/a><a style=\"font-size: 20px; background-color: #ffffff; color: #00a8bc;\" href=\"https:\/\/medytec.eu\/en\/2021\/07\/08\/les-innovations-en-sante-du-territoire-le-labpad-d-avalun\/\" target=\"_blank\" rel=\"noopener\"> de Avalun\u00a0<\/a><\/li><li style=\"font-size: 20px;\"><a style=\"font-size: 20px; color: #00a8bc;\" href=\"https:\/\/medytec.eu\/en\/2021\/04\/08\/les-innovations-en-sante-du-territoire-la-technologie-de-steute\/\" target=\"_blank\" rel=\"noopener\">Les p\u00e9dales de Steute<\/a><\/li><li style=\"font-size: 20px;\"><a style=\"font-size: 20px; background-color: #ffffff; color: #00a8bc;\" href=\"https:\/\/medytec.eu\/en\/2020\/12\/03\/les-innovations-en-sante-du-territoire-les-dispositifs-intuity-ject-mix\/\" target=\"_blank\" rel=\"noopener\">Les dispositifs Intuity\u00ae Ject &amp; Mix<\/a><\/li><li style=\"font-size: 20px;\"><span style=\"font-size: 20px; color: #00a8bc;\"><a style=\"font-size: 20px; color: #00a8bc;\" href=\"https:\/\/medytec.eu\/en\/2021\/01\/05\/les-innovations-en-sante-du-territoire-le-dispositif-de-neurostimulation-transcutanee-connecte-actitens\/\" target=\"_blank\" rel=\"noreferrer noopener\">Le dispositif de neurostimulation transcutan\u00e9e connect\u00e9 actiTENS<\/a><\/span><\/li><li><span style=\"font-size: 20px; color: #00a8bc;\"><a style=\"font-size: 20px; color: #00a8bc;\" href=\"https:\/\/medytec.eu\/en\/2020\/07\/10\/decouvrez-les-innovations-en-sante-du-territoire-le-dispositif-protool\/\">Le dispositif PROTOOL\u00ae<\/a><\/span><\/li><li style=\"font-size: 20px;\"><span style=\"font-size: 20px; color: #00a8bc;\"><a style=\"font-size: 20px; color: #00a8bc;\" href=\"https:\/\/medytec.eu\/en\/2020\/08\/17\/les-innovations-en-sante-du-territoire-la-micro-fabrication-2d-et-3d\/\">La micro fabrication 2D et 3D<\/a><\/span><\/li><li style=\"font-size: 20px;\"><span style=\"font-size: 20px; color: #00a8bc;\"><a style=\"font-size: 20px; color: #00a8bc;\" href=\"https:\/\/medytec.eu\/en\/2020\/09\/23\/les-innovations-en-sante-du-territoire-le-pansement-connecte\/\">Le pansement connect\u00e9 de Grapheal<\/a><\/span><\/li><li style=\"font-size: 20px;\"><span style=\"font-size: 20px; color: #00a8bc;\"><a style=\"font-size: 20px; color: #00a8bc;\" href=\"https:\/\/medytec.eu\/en\/2021\/03\/11\/les-innovations-en-sante-du-territoire-la-solution-remedee-labs\/\" target=\"_blank\" rel=\"noopener\">La solution Remedee Labs pour la prise en charge de la douleur<\/a><\/span><\/li><li style=\"font-size: 20px;\"><span style=\"font-size: 20px; color: #00a8bc;\"><a style=\"font-size: 20px; color: #00a8bc;\" href=\"https:\/\/medytec.eu\/en\/2021\/02\/11\/les-innovations-en-sante-du-territoire-la-plateforme-surgivisio-decential-robotics\/\" target=\"_blank\" rel=\"noreferrer noopener\">La plateforme Surgivisio d\u2019eCential Robotics<\/a><\/span><\/li><\/ul>\t\t\t\t\t\t\t\t<\/div>\n\t\t\t\t<\/div>\n\t\t\t\t\t<\/div>\n\t\t<\/div>\n\t\t\t\t\t<\/div>\n\t\t<\/section>\n\t\t\t\t<section class=\"elementor-section elementor-top-section elementor-element elementor-element-2bf8240 elementor-section-boxed elementor-section-height-default elementor-section-height-default\" data-id=\"2bf8240\" data-element_type=\"section\" data-e-type=\"section\">\n\t\t\t\t\t\t<div class=\"elementor-container elementor-column-gap-default\">\n\t\t\t\t\t<div class=\"elementor-column elementor-col-100 elementor-top-column elementor-element elementor-element-b0ff414\" data-id=\"b0ff414\" data-element_type=\"column\" data-e-type=\"column\">\n\t\t\t<div class=\"elementor-widget-wrap elementor-element-populated\">\n\t\t\t\t\t\t<div class=\"elementor-element elementor-element-e4a1dda elementor-widget elementor-widget-text-editor\" data-id=\"e4a1dda\" data-element_type=\"widget\" data-e-type=\"widget\" data-widget_type=\"text-editor.default\">\n\t\t\t\t<div class=\"elementor-widget-container\">\n\t\t\t\t\t\t\t\t\t<p style=\"text-align: right;\"><span style=\"font-family: Roboto, sans-serif; font-size: 20px; font-style: normal; font-variant-ligatures: normal; font-variant-caps: normal; font-weight: 400; text-align: right;\">L\u2019\u00e9quipe Medytec<\/span><\/p>\t\t\t\t\t\t\t\t<\/div>\n\t\t\t\t<\/div>\n\t\t\t\t\t<\/div>\n\t\t<\/div>\n\t\t\t\t\t<\/div>\n\t\t<\/section>\n\t\t\t\t<\/div>","protected":false},"excerpt":{"rendered":"<p>Dans le\u00a0showroom\u00a0de Medytec, nous exposons les solutions et les produits innovants d\u00e9velopp\u00e9s par les entreprises de notre\u00a0territoire. QUI EST SYNAPCELL ? &nbsp; SynapCell est une PME innovante Grenobloise qui propose depuis 2005 une solution d\u2019aide \u00e0 la prise de d\u00e9cision pour les entreprises pharmaceutiques et de biotechnologie d\u00e9veloppant des traitements contre les maladies du cerveau. [&hellip;]<\/p>\n","protected":false},"author":4,"featured_media":5555,"comment_status":"closed","ping_status":"closed","sticky":false,"template":"","format":"standard","meta":{"ocean_post_layout":"","ocean_both_sidebars_style":"","ocean_both_sidebars_content_width":0,"ocean_both_sidebars_sidebars_width":0,"ocean_sidebar":"0","ocean_second_sidebar":"0","ocean_disable_margins":"enable","ocean_add_body_class":"","ocean_shortcode_before_top_bar":"","ocean_shortcode_after_top_bar":"","ocean_shortcode_before_header":"","ocean_shortcode_after_header":"","ocean_has_shortcode":"","ocean_shortcode_after_title":"","ocean_shortcode_before_footer_widgets":"","ocean_shortcode_after_footer_widgets":"","ocean_shortcode_before_footer_bottom":"","ocean_shortcode_after_footer_bottom":"","ocean_display_top_bar":"default","ocean_display_header":"default","ocean_header_style":"","ocean_center_header_left_menu":"0","ocean_custom_header_template":"0","ocean_custom_logo":0,"ocean_custom_retina_logo":0,"ocean_custom_logo_max_width":0,"ocean_custom_logo_tablet_max_width":0,"ocean_custom_logo_mobile_max_width":0,"ocean_custom_logo_max_height":0,"ocean_custom_logo_tablet_max_height":0,"ocean_custom_logo_mobile_max_height":0,"ocean_header_custom_menu":"0","ocean_menu_typo_font_family":"0","ocean_menu_typo_font_subset":"","ocean_menu_typo_font_size":0,"ocean_menu_typo_font_size_tablet":0,"ocean_menu_typo_font_size_mobile":0,"ocean_menu_typo_font_size_unit":"px","ocean_menu_typo_font_weight":"","ocean_menu_typo_font_weight_tablet":"","ocean_menu_typo_font_weight_mobile":"","ocean_menu_typo_transform":"","ocean_menu_typo_transform_tablet":"","ocean_menu_typo_transform_mobile":"","ocean_menu_typo_line_height":0,"ocean_menu_typo_line_height_tablet":0,"ocean_menu_typo_line_height_mobile":0,"ocean_menu_typo_line_height_unit":"","ocean_menu_typo_spacing":0,"ocean_menu_typo_spacing_tablet":0,"ocean_menu_typo_spacing_mobile":0,"ocean_menu_typo_spacing_unit":"","ocean_menu_link_color":"","ocean_menu_link_color_hover":"","ocean_menu_link_color_active":"","ocean_menu_link_background":"","ocean_menu_link_hover_background":"","ocean_menu_link_active_background":"","ocean_menu_social_links_bg":"","ocean_menu_social_hover_links_bg":"","ocean_menu_social_links_color":"","ocean_menu_social_hover_links_color":"","ocean_disable_title":"default","ocean_disable_heading":"default","ocean_post_title":"","ocean_post_subheading":"","ocean_post_title_style":"","ocean_post_title_background_color":"","ocean_post_title_background":0,"ocean_post_title_bg_image_position":"","ocean_post_title_bg_image_attachment":"","ocean_post_title_bg_image_repeat":"","ocean_post_title_bg_image_size":"","ocean_post_title_height":0,"ocean_post_title_bg_overlay":0.5,"ocean_post_title_bg_overlay_color":"","ocean_disable_breadcrumbs":"default","ocean_breadcrumbs_color":"","ocean_breadcrumbs_separator_color":"","ocean_breadcrumbs_links_color":"","ocean_breadcrumbs_links_hover_color":"","ocean_display_footer_widgets":"default","ocean_display_footer_bottom":"default","ocean_custom_footer_template":"0","ocean_post_oembed":"","ocean_post_self_hosted_media":"","ocean_post_video_embed":"","ocean_link_format":"","ocean_link_format_target":"self","ocean_quote_format":"","ocean_quote_format_link":"post","ocean_gallery_link_images":"off","ocean_gallery_id":[],"footnotes":""},"categories":[55],"tags":[],"class_list":["post-5551","post","type-post","status-publish","format-standard","has-post-thumbnail","hentry","category-innovations-en-sante","entry","has-media"],"yoast_head":"<!-- This site is optimized with the Yoast SEO plugin v27.5 - https:\/\/yoast.com\/product\/yoast-seo-wordpress\/ -->\n<title>Les innovations en sant\u00e9 du territoire : \u00e9tudes pr\u00e9cliniques d\u00e9di\u00e9es aux pathologies du cerveau - Medytec<\/title>\n<meta name=\"description\" content=\"D\u00e9couvrez SynapCell, une PME Grenobloise de biotechnologies, sp\u00e9cialis\u00e9e dans l\u2019expertise pr\u00e9clinique de m\u00e9dicaments\" \/>\n<meta name=\"robots\" content=\"index, follow, max-snippet:-1, max-image-preview:large, max-video-preview:-1\" \/>\n<link rel=\"canonical\" href=\"https:\/\/medytec.eu\/en\/2023\/03\/14\/les-innovations-en-sante-du-territoire-etudes-defficacite-en-phase-preclinique-dedies-aux-pathologies-du-cerveau\/\" \/>\n<meta property=\"og:locale\" content=\"en_US\" \/>\n<meta property=\"og:type\" content=\"article\" \/>\n<meta property=\"og:title\" content=\"Les innovations en sant\u00e9 du territoire : \u00e9tudes pr\u00e9cliniques d\u00e9di\u00e9es aux pathologies du cerveau - Medytec\" \/>\n<meta property=\"og:description\" content=\"D\u00e9couvrez SynapCell, une PME Grenobloise de biotechnologies, sp\u00e9cialis\u00e9e dans l\u2019expertise pr\u00e9clinique de m\u00e9dicaments\" \/>\n<meta property=\"og:url\" content=\"https:\/\/medytec.eu\/en\/2023\/03\/14\/les-innovations-en-sante-du-territoire-etudes-defficacite-en-phase-preclinique-dedies-aux-pathologies-du-cerveau\/\" \/>\n<meta property=\"og:site_name\" content=\"Medytec\" \/>\n<meta property=\"article:published_time\" content=\"2023-03-14T14:47:40+00:00\" \/>\n<meta property=\"article:modified_time\" content=\"2023-03-14T15:03:00+00:00\" \/>\n<meta property=\"og:image\" content=\"https:\/\/medytec.eu\/wp-content\/uploads\/2023\/03\/synapcell.jpg\" \/>\n\t<meta property=\"og:image:width\" content=\"1312\" \/>\n\t<meta property=\"og:image:height\" content=\"977\" \/>\n\t<meta property=\"og:image:type\" content=\"image\/jpeg\" \/>\n<meta name=\"author\" content=\"okparfait\" \/>\n<meta name=\"twitter:card\" content=\"summary_large_image\" \/>\n<meta name=\"twitter:label1\" content=\"Written by\" \/>\n\t<meta name=\"twitter:data1\" content=\"okparfait\" \/>\n\t<meta name=\"twitter:label2\" content=\"Est. reading time\" \/>\n\t<meta name=\"twitter:data2\" content=\"4 minutes\" \/>\n<script type=\"application\/ld+json\" class=\"yoast-schema-graph\">{\"@context\":\"https:\\\/\\\/schema.org\",\"@graph\":[{\"@type\":\"Article\",\"@id\":\"https:\\\/\\\/medytec.eu\\\/fr\\\/2023\\\/03\\\/14\\\/les-innovations-en-sante-du-territoire-etudes-defficacite-en-phase-preclinique-dedies-aux-pathologies-du-cerveau\\\/#article\",\"isPartOf\":{\"@id\":\"https:\\\/\\\/medytec.eu\\\/fr\\\/2023\\\/03\\\/14\\\/les-innovations-en-sante-du-territoire-etudes-defficacite-en-phase-preclinique-dedies-aux-pathologies-du-cerveau\\\/\"},\"author\":{\"name\":\"okparfait\",\"@id\":\"https:\\\/\\\/medytec.eu\\\/#\\\/schema\\\/person\\\/52643406ade6747ec29f0a5ca286f5fe\"},\"headline\":\"Les innovations en sant\u00e9 du territoire : \u00e9tudes pr\u00e9cliniques d\u00e9di\u00e9es aux pathologies du cerveau\",\"datePublished\":\"2023-03-14T14:47:40+00:00\",\"dateModified\":\"2023-03-14T15:03:00+00:00\",\"mainEntityOfPage\":{\"@id\":\"https:\\\/\\\/medytec.eu\\\/fr\\\/2023\\\/03\\\/14\\\/les-innovations-en-sante-du-territoire-etudes-defficacite-en-phase-preclinique-dedies-aux-pathologies-du-cerveau\\\/\"},\"wordCount\":636,\"publisher\":{\"@id\":\"https:\\\/\\\/medytec.eu\\\/#organization\"},\"image\":{\"@id\":\"https:\\\/\\\/medytec.eu\\\/fr\\\/2023\\\/03\\\/14\\\/les-innovations-en-sante-du-territoire-etudes-defficacite-en-phase-preclinique-dedies-aux-pathologies-du-cerveau\\\/#primaryimage\"},\"thumbnailUrl\":\"https:\\\/\\\/medytec.eu\\\/wp-content\\\/uploads\\\/2023\\\/03\\\/synapcell.jpg\",\"articleSection\":[\"Innovations en sant\u00e9\"],\"inLanguage\":\"en-US\"},{\"@type\":\"WebPage\",\"@id\":\"https:\\\/\\\/medytec.eu\\\/fr\\\/2023\\\/03\\\/14\\\/les-innovations-en-sante-du-territoire-etudes-defficacite-en-phase-preclinique-dedies-aux-pathologies-du-cerveau\\\/\",\"url\":\"https:\\\/\\\/medytec.eu\\\/fr\\\/2023\\\/03\\\/14\\\/les-innovations-en-sante-du-territoire-etudes-defficacite-en-phase-preclinique-dedies-aux-pathologies-du-cerveau\\\/\",\"name\":\"Les innovations en sant\u00e9 du territoire : \u00e9tudes pr\u00e9cliniques d\u00e9di\u00e9es aux pathologies du cerveau - Medytec\",\"isPartOf\":{\"@id\":\"https:\\\/\\\/medytec.eu\\\/#website\"},\"primaryImageOfPage\":{\"@id\":\"https:\\\/\\\/medytec.eu\\\/fr\\\/2023\\\/03\\\/14\\\/les-innovations-en-sante-du-territoire-etudes-defficacite-en-phase-preclinique-dedies-aux-pathologies-du-cerveau\\\/#primaryimage\"},\"image\":{\"@id\":\"https:\\\/\\\/medytec.eu\\\/fr\\\/2023\\\/03\\\/14\\\/les-innovations-en-sante-du-territoire-etudes-defficacite-en-phase-preclinique-dedies-aux-pathologies-du-cerveau\\\/#primaryimage\"},\"thumbnailUrl\":\"https:\\\/\\\/medytec.eu\\\/wp-content\\\/uploads\\\/2023\\\/03\\\/synapcell.jpg\",\"datePublished\":\"2023-03-14T14:47:40+00:00\",\"dateModified\":\"2023-03-14T15:03:00+00:00\",\"description\":\"D\u00e9couvrez SynapCell, une PME Grenobloise de biotechnologies, sp\u00e9cialis\u00e9e dans l\u2019expertise pr\u00e9clinique de m\u00e9dicaments\",\"breadcrumb\":{\"@id\":\"https:\\\/\\\/medytec.eu\\\/fr\\\/2023\\\/03\\\/14\\\/les-innovations-en-sante-du-territoire-etudes-defficacite-en-phase-preclinique-dedies-aux-pathologies-du-cerveau\\\/#breadcrumb\"},\"inLanguage\":\"en-US\",\"potentialAction\":[{\"@type\":\"ReadAction\",\"target\":[\"https:\\\/\\\/medytec.eu\\\/fr\\\/2023\\\/03\\\/14\\\/les-innovations-en-sante-du-territoire-etudes-defficacite-en-phase-preclinique-dedies-aux-pathologies-du-cerveau\\\/\"]}]},{\"@type\":\"ImageObject\",\"inLanguage\":\"en-US\",\"@id\":\"https:\\\/\\\/medytec.eu\\\/fr\\\/2023\\\/03\\\/14\\\/les-innovations-en-sante-du-territoire-etudes-defficacite-en-phase-preclinique-dedies-aux-pathologies-du-cerveau\\\/#primaryimage\",\"url\":\"https:\\\/\\\/medytec.eu\\\/wp-content\\\/uploads\\\/2023\\\/03\\\/synapcell.jpg\",\"contentUrl\":\"https:\\\/\\\/medytec.eu\\\/wp-content\\\/uploads\\\/2023\\\/03\\\/synapcell.jpg\",\"width\":1312,\"height\":977},{\"@type\":\"BreadcrumbList\",\"@id\":\"https:\\\/\\\/medytec.eu\\\/fr\\\/2023\\\/03\\\/14\\\/les-innovations-en-sante-du-territoire-etudes-defficacite-en-phase-preclinique-dedies-aux-pathologies-du-cerveau\\\/#breadcrumb\",\"itemListElement\":[{\"@type\":\"ListItem\",\"position\":1,\"name\":\"Accueil\",\"item\":\"https:\\\/\\\/medytec.eu\\\/\"},{\"@type\":\"ListItem\",\"position\":2,\"name\":\"Les innovations en sant\u00e9 du territoire : \u00e9tudes pr\u00e9cliniques d\u00e9di\u00e9es aux pathologies du cerveau\"}]},{\"@type\":\"WebSite\",\"@id\":\"https:\\\/\\\/medytec.eu\\\/#website\",\"url\":\"https:\\\/\\\/medytec.eu\\\/\",\"name\":\"Medytec\",\"description\":\"Le hub des technologies de la sant\u00e9 de grenoble-Alpes\",\"publisher\":{\"@id\":\"https:\\\/\\\/medytec.eu\\\/#organization\"},\"potentialAction\":[{\"@type\":\"SearchAction\",\"target\":{\"@type\":\"EntryPoint\",\"urlTemplate\":\"https:\\\/\\\/medytec.eu\\\/?s={search_term_string}\"},\"query-input\":{\"@type\":\"PropertyValueSpecification\",\"valueRequired\":true,\"valueName\":\"search_term_string\"}}],\"inLanguage\":\"en-US\"},{\"@type\":\"Organization\",\"@id\":\"https:\\\/\\\/medytec.eu\\\/#organization\",\"name\":\"MedYtec\",\"url\":\"https:\\\/\\\/medytec.eu\\\/\",\"logo\":{\"@type\":\"ImageObject\",\"inLanguage\":\"en-US\",\"@id\":\"https:\\\/\\\/medytec.eu\\\/#\\\/schema\\\/logo\\\/image\\\/\",\"url\":\"https:\\\/\\\/medytec.eu\\\/wp-content\\\/uploads\\\/2020\\\/02\\\/logo-medytec.png\",\"contentUrl\":\"https:\\\/\\\/medytec.eu\\\/wp-content\\\/uploads\\\/2020\\\/02\\\/logo-medytec.png\",\"width\":426,\"height\":147,\"caption\":\"MedYtec\"},\"image\":{\"@id\":\"https:\\\/\\\/medytec.eu\\\/#\\\/schema\\\/logo\\\/image\\\/\"}},{\"@type\":\"Person\",\"@id\":\"https:\\\/\\\/medytec.eu\\\/#\\\/schema\\\/person\\\/52643406ade6747ec29f0a5ca286f5fe\",\"name\":\"okparfait\",\"url\":\"https:\\\/\\\/medytec.eu\\\/en\\\/author\\\/e486db832ef7dcb5\\\/\"}]}<\/script>\n<!-- \/ Yoast SEO plugin. -->","yoast_head_json":{"title":"Les innovations en sant\u00e9 du territoire : \u00e9tudes pr\u00e9cliniques d\u00e9di\u00e9es aux pathologies du cerveau - Medytec","description":"D\u00e9couvrez SynapCell, une PME Grenobloise de biotechnologies, sp\u00e9cialis\u00e9e dans l\u2019expertise pr\u00e9clinique de m\u00e9dicaments","robots":{"index":"index","follow":"follow","max-snippet":"max-snippet:-1","max-image-preview":"max-image-preview:large","max-video-preview":"max-video-preview:-1"},"canonical":"https:\/\/medytec.eu\/en\/2023\/03\/14\/les-innovations-en-sante-du-territoire-etudes-defficacite-en-phase-preclinique-dedies-aux-pathologies-du-cerveau\/","og_locale":"en_US","og_type":"article","og_title":"Les innovations en sant\u00e9 du territoire : \u00e9tudes pr\u00e9cliniques d\u00e9di\u00e9es aux pathologies du cerveau - Medytec","og_description":"D\u00e9couvrez SynapCell, une PME Grenobloise de biotechnologies, sp\u00e9cialis\u00e9e dans l\u2019expertise pr\u00e9clinique de m\u00e9dicaments","og_url":"https:\/\/medytec.eu\/en\/2023\/03\/14\/les-innovations-en-sante-du-territoire-etudes-defficacite-en-phase-preclinique-dedies-aux-pathologies-du-cerveau\/","og_site_name":"Medytec","article_published_time":"2023-03-14T14:47:40+00:00","article_modified_time":"2023-03-14T15:03:00+00:00","og_image":[{"width":1312,"height":977,"url":"https:\/\/medytec.eu\/wp-content\/uploads\/2023\/03\/synapcell.jpg","type":"image\/jpeg"}],"author":"okparfait","twitter_card":"summary_large_image","twitter_misc":{"Written by":"okparfait","Est. reading time":"4 minutes"},"schema":{"@context":"https:\/\/schema.org","@graph":[{"@type":"Article","@id":"https:\/\/medytec.eu\/fr\/2023\/03\/14\/les-innovations-en-sante-du-territoire-etudes-defficacite-en-phase-preclinique-dedies-aux-pathologies-du-cerveau\/#article","isPartOf":{"@id":"https:\/\/medytec.eu\/fr\/2023\/03\/14\/les-innovations-en-sante-du-territoire-etudes-defficacite-en-phase-preclinique-dedies-aux-pathologies-du-cerveau\/"},"author":{"name":"okparfait","@id":"https:\/\/medytec.eu\/#\/schema\/person\/52643406ade6747ec29f0a5ca286f5fe"},"headline":"Les innovations en sant\u00e9 du territoire : \u00e9tudes pr\u00e9cliniques d\u00e9di\u00e9es aux pathologies du cerveau","datePublished":"2023-03-14T14:47:40+00:00","dateModified":"2023-03-14T15:03:00+00:00","mainEntityOfPage":{"@id":"https:\/\/medytec.eu\/fr\/2023\/03\/14\/les-innovations-en-sante-du-territoire-etudes-defficacite-en-phase-preclinique-dedies-aux-pathologies-du-cerveau\/"},"wordCount":636,"publisher":{"@id":"https:\/\/medytec.eu\/#organization"},"image":{"@id":"https:\/\/medytec.eu\/fr\/2023\/03\/14\/les-innovations-en-sante-du-territoire-etudes-defficacite-en-phase-preclinique-dedies-aux-pathologies-du-cerveau\/#primaryimage"},"thumbnailUrl":"https:\/\/medytec.eu\/wp-content\/uploads\/2023\/03\/synapcell.jpg","articleSection":["Innovations en sant\u00e9"],"inLanguage":"en-US"},{"@type":"WebPage","@id":"https:\/\/medytec.eu\/fr\/2023\/03\/14\/les-innovations-en-sante-du-territoire-etudes-defficacite-en-phase-preclinique-dedies-aux-pathologies-du-cerveau\/","url":"https:\/\/medytec.eu\/fr\/2023\/03\/14\/les-innovations-en-sante-du-territoire-etudes-defficacite-en-phase-preclinique-dedies-aux-pathologies-du-cerveau\/","name":"Les innovations en sant\u00e9 du territoire : \u00e9tudes pr\u00e9cliniques d\u00e9di\u00e9es aux pathologies du cerveau - Medytec","isPartOf":{"@id":"https:\/\/medytec.eu\/#website"},"primaryImageOfPage":{"@id":"https:\/\/medytec.eu\/fr\/2023\/03\/14\/les-innovations-en-sante-du-territoire-etudes-defficacite-en-phase-preclinique-dedies-aux-pathologies-du-cerveau\/#primaryimage"},"image":{"@id":"https:\/\/medytec.eu\/fr\/2023\/03\/14\/les-innovations-en-sante-du-territoire-etudes-defficacite-en-phase-preclinique-dedies-aux-pathologies-du-cerveau\/#primaryimage"},"thumbnailUrl":"https:\/\/medytec.eu\/wp-content\/uploads\/2023\/03\/synapcell.jpg","datePublished":"2023-03-14T14:47:40+00:00","dateModified":"2023-03-14T15:03:00+00:00","description":"D\u00e9couvrez SynapCell, une PME Grenobloise de biotechnologies, sp\u00e9cialis\u00e9e dans l\u2019expertise pr\u00e9clinique de m\u00e9dicaments","breadcrumb":{"@id":"https:\/\/medytec.eu\/fr\/2023\/03\/14\/les-innovations-en-sante-du-territoire-etudes-defficacite-en-phase-preclinique-dedies-aux-pathologies-du-cerveau\/#breadcrumb"},"inLanguage":"en-US","potentialAction":[{"@type":"ReadAction","target":["https:\/\/medytec.eu\/fr\/2023\/03\/14\/les-innovations-en-sante-du-territoire-etudes-defficacite-en-phase-preclinique-dedies-aux-pathologies-du-cerveau\/"]}]},{"@type":"ImageObject","inLanguage":"en-US","@id":"https:\/\/medytec.eu\/fr\/2023\/03\/14\/les-innovations-en-sante-du-territoire-etudes-defficacite-en-phase-preclinique-dedies-aux-pathologies-du-cerveau\/#primaryimage","url":"https:\/\/medytec.eu\/wp-content\/uploads\/2023\/03\/synapcell.jpg","contentUrl":"https:\/\/medytec.eu\/wp-content\/uploads\/2023\/03\/synapcell.jpg","width":1312,"height":977},{"@type":"BreadcrumbList","@id":"https:\/\/medytec.eu\/fr\/2023\/03\/14\/les-innovations-en-sante-du-territoire-etudes-defficacite-en-phase-preclinique-dedies-aux-pathologies-du-cerveau\/#breadcrumb","itemListElement":[{"@type":"ListItem","position":1,"name":"Accueil","item":"https:\/\/medytec.eu\/"},{"@type":"ListItem","position":2,"name":"Les innovations en sant\u00e9 du territoire : \u00e9tudes pr\u00e9cliniques d\u00e9di\u00e9es aux pathologies du cerveau"}]},{"@type":"WebSite","@id":"https:\/\/medytec.eu\/#website","url":"https:\/\/medytec.eu\/","name":"Medytec","description":"Le hub des technologies de la sant\u00e9 de grenoble-Alpes","publisher":{"@id":"https:\/\/medytec.eu\/#organization"},"potentialAction":[{"@type":"SearchAction","target":{"@type":"EntryPoint","urlTemplate":"https:\/\/medytec.eu\/?s={search_term_string}"},"query-input":{"@type":"PropertyValueSpecification","valueRequired":true,"valueName":"search_term_string"}}],"inLanguage":"en-US"},{"@type":"Organization","@id":"https:\/\/medytec.eu\/#organization","name":"MedYtec","url":"https:\/\/medytec.eu\/","logo":{"@type":"ImageObject","inLanguage":"en-US","@id":"https:\/\/medytec.eu\/#\/schema\/logo\/image\/","url":"https:\/\/medytec.eu\/wp-content\/uploads\/2020\/02\/logo-medytec.png","contentUrl":"https:\/\/medytec.eu\/wp-content\/uploads\/2020\/02\/logo-medytec.png","width":426,"height":147,"caption":"MedYtec"},"image":{"@id":"https:\/\/medytec.eu\/#\/schema\/logo\/image\/"}},{"@type":"Person","@id":"https:\/\/medytec.eu\/#\/schema\/person\/52643406ade6747ec29f0a5ca286f5fe","name":"okparfait","url":"https:\/\/medytec.eu\/en\/author\/e486db832ef7dcb5\/"}]}},"_links":{"self":[{"href":"https:\/\/medytec.eu\/en\/wp-json\/wp\/v2\/posts\/5551","targetHints":{"allow":["GET"]}}],"collection":[{"href":"https:\/\/medytec.eu\/en\/wp-json\/wp\/v2\/posts"}],"about":[{"href":"https:\/\/medytec.eu\/en\/wp-json\/wp\/v2\/types\/post"}],"author":[{"embeddable":true,"href":"https:\/\/medytec.eu\/en\/wp-json\/wp\/v2\/users\/4"}],"replies":[{"embeddable":true,"href":"https:\/\/medytec.eu\/en\/wp-json\/wp\/v2\/comments?post=5551"}],"version-history":[{"count":0,"href":"https:\/\/medytec.eu\/en\/wp-json\/wp\/v2\/posts\/5551\/revisions"}],"wp:featuredmedia":[{"embeddable":true,"href":"https:\/\/medytec.eu\/en\/wp-json\/wp\/v2\/media\/5555"}],"wp:attachment":[{"href":"https:\/\/medytec.eu\/en\/wp-json\/wp\/v2\/media?parent=5551"}],"wp:term":[{"taxonomy":"category","embeddable":true,"href":"https:\/\/medytec.eu\/en\/wp-json\/wp\/v2\/categories?post=5551"},{"taxonomy":"post_tag","embeddable":true,"href":"https:\/\/medytec.eu\/en\/wp-json\/wp\/v2\/tags?post=5551"}],"curies":[{"name":"wp","href":"https:\/\/api.w.org\/{rel}","templated":true}]}}