{"id":5525,"date":"2023-03-14T12:12:05","date_gmt":"2023-03-14T11:12:05","guid":{"rendered":"https:\/\/medytec.eu\/?p=5525"},"modified":"2023-03-14T15:53:45","modified_gmt":"2023-03-14T14:53:45","slug":"les-innovations-en-sante-du-territoire-quand-lia-decrypte-les-images-du-cerveau","status":"publish","type":"post","link":"https:\/\/medytec.eu\/en\/2023\/03\/14\/les-innovations-en-sante-du-territoire-quand-lia-decrypte-les-images-du-cerveau\/","title":{"rendered":"Les innovations en sant\u00e9 du territoire : quand l\u2019IA d\u00e9crypte les images du cerveau"},"content":{"rendered":"<div data-elementor-type=\"wp-post\" data-elementor-id=\"5525\" class=\"elementor elementor-5525\" data-elementor-post-type=\"post\">\n\t\t\t\t\t\t<section class=\"elementor-section elementor-top-section elementor-element elementor-element-a111971 elementor-section-boxed elementor-section-height-default elementor-section-height-default\" data-id=\"a111971\" data-element_type=\"section\" data-e-type=\"section\">\n\t\t\t\t\t\t<div class=\"elementor-container elementor-column-gap-default\">\n\t\t\t\t\t<div class=\"elementor-column elementor-col-100 elementor-top-column elementor-element elementor-element-8af8f62\" data-id=\"8af8f62\" data-element_type=\"column\" data-e-type=\"column\">\n\t\t\t<div class=\"elementor-widget-wrap elementor-element-populated\">\n\t\t\t\t\t\t<div class=\"elementor-element elementor-element-57206bc elementor-widget elementor-widget-text-editor\" data-id=\"57206bc\" data-element_type=\"widget\" data-e-type=\"widget\" data-widget_type=\"text-editor.default\">\n\t\t\t\t<div class=\"elementor-widget-container\">\n\t\t\t\t\t\t\t\t\t<p style=\"text-align: left;\">Dans le\u00a0<span style=\"color: #00a8bc;\"><a style=\"color: #00a8bc;\" href=\"https:\/\/medytec.eu\/en\/vos-evenements\/espaces-medytec\/\" target=\"_blank\" rel=\"noreferrer noopener\">unique<\/a>\u00a0<\/span>de Medytec, nous exposons les solutions et les produits innovants d\u00e9velopp\u00e9s par les entreprises de notre<span style=\"color: #00a8bc;\">\u00a0<a style=\"color: #00a8bc;\" href=\"https:\/\/medytec.eu\/en\/un-ecosysteme-d-excellence-en-sante\/grenoble-alpes-territoire-pionnier\/\" target=\"_blank\" rel=\"noreferrer noopener\">territoire<\/a><\/span>.<\/p>\t\t\t\t\t\t\t\t<\/div>\n\t\t\t\t<\/div>\n\t\t\t\t\t<\/div>\n\t\t<\/div>\n\t\t\t\t\t<\/div>\n\t\t<\/section>\n\t\t\t\t<section class=\"elementor-section elementor-top-section elementor-element elementor-element-9d8c126 elementor-section-boxed elementor-section-height-default elementor-section-height-default\" data-id=\"9d8c126\" data-element_type=\"section\" data-e-type=\"section\">\n\t\t\t\t\t\t<div class=\"elementor-container elementor-column-gap-default\">\n\t\t\t\t\t<div class=\"elementor-column elementor-col-100 elementor-top-column elementor-element elementor-element-a42c911\" data-id=\"a42c911\" data-element_type=\"column\" data-e-type=\"column\">\n\t\t\t<div class=\"elementor-widget-wrap elementor-element-populated\">\n\t\t\t\t\t\t<div class=\"elementor-element elementor-element-548a213 elementor-widget elementor-widget-image\" data-id=\"548a213\" data-element_type=\"widget\" data-e-type=\"widget\" data-widget_type=\"image.default\">\n\t\t\t\t<div class=\"elementor-widget-container\">\n\t\t\t\t\t\t\t\t\t\t\t\t\t\t\t<img decoding=\"async\" width=\"300\" height=\"55\" src=\"https:\/\/medytec.eu\/wp-content\/uploads\/2023\/03\/pixyl_logo_blue-300x55.png\" class=\"attachment-medium size-medium wp-image-5529\" alt=\"\" srcset=\"https:\/\/medytec.eu\/wp-content\/uploads\/2023\/03\/pixyl_logo_blue-300x55.png 300w, https:\/\/medytec.eu\/wp-content\/uploads\/2023\/03\/pixyl_logo_blue-18x3.png 18w, https:\/\/medytec.eu\/wp-content\/uploads\/2023\/03\/pixyl_logo_blue.png 755w\" sizes=\"(max-width: 300px) 100vw, 300px\" \/>\t\t\t\t\t\t\t\t\t\t\t\t\t\t\t<\/div>\n\t\t\t\t<\/div>\n\t\t\t\t<div class=\"elementor-element elementor-element-ccbaaf7 elementor-widget elementor-widget-spacer\" data-id=\"ccbaaf7\" data-element_type=\"widget\" data-e-type=\"widget\" data-widget_type=\"spacer.default\">\n\t\t\t\t<div class=\"elementor-widget-container\">\n\t\t\t\t\t\t\t<div class=\"elementor-spacer\">\n\t\t\t<div class=\"elementor-spacer-inner\"><\/div>\n\t\t<\/div>\n\t\t\t\t\t\t<\/div>\n\t\t\t\t<\/div>\n\t\t\t\t<div class=\"elementor-element elementor-element-41f47ac elementor-widget elementor-widget-heading\" data-id=\"41f47ac\" data-element_type=\"widget\" data-e-type=\"widget\" data-widget_type=\"heading.default\">\n\t\t\t\t<div class=\"elementor-widget-container\">\n\t\t\t\t\t<h1 class=\"elementor-heading-title elementor-size-default\"><h3 style=\"font-family: CeraPro, sans-serif;font-style: normal;text-align: justify;white-space: normal\"><span style=\"font-size: 30px;font-weight: 600\"> Des outils d\u2019aide \u00e0 la d\u00e9cision clinique pour la radiologie &nbsp;<\/span><\/h3><\/h1>\t\t\t\t<\/div>\n\t\t\t\t<\/div>\n\t\t\t\t\t<\/div>\n\t\t<\/div>\n\t\t\t\t\t<\/div>\n\t\t<\/section>\n\t\t\t\t<section class=\"elementor-section elementor-top-section elementor-element elementor-element-0fa0d76 elementor-section-boxed elementor-section-height-default elementor-section-height-default\" data-id=\"0fa0d76\" data-element_type=\"section\" data-e-type=\"section\">\n\t\t\t\t\t\t<div class=\"elementor-container elementor-column-gap-default\">\n\t\t\t\t\t<div class=\"elementor-column elementor-col-100 elementor-top-column elementor-element elementor-element-2314ff7\" data-id=\"2314ff7\" data-element_type=\"column\" data-e-type=\"column\">\n\t\t\t<div class=\"elementor-widget-wrap elementor-element-populated\">\n\t\t\t\t\t\t<div class=\"elementor-element elementor-element-745306f elementor-widget elementor-widget-text-editor\" data-id=\"745306f\" data-element_type=\"widget\" data-e-type=\"widget\" data-widget_type=\"text-editor.default\">\n\t\t\t\t<div class=\"elementor-widget-container\">\n\t\t\t\t\t\t\t\t\t<p><b>Spin-off de l\u2019Inria et de l\u2019Inserm fond\u00e9e en 2015, Pixyl est une startup bas\u00e9e \u00e0 Grenoble, au c\u0153ur des Alpes fran\u00e7aises, sp\u00e9cialis\u00e9e dans l\u2019analyse automatique des images m\u00e9dicales. Sa mission est de mettre \u00e0 disposition des radiologues et m\u00e9decins les derni\u00e8res avanc\u00e9es en mati\u00e8re d\u2019intelligence artificielle afin d\u2019am\u00e9liorer le diagnostic, le suivi et la prise en charge des patients.<\/b><\/p>\t\t\t\t\t\t\t\t<\/div>\n\t\t\t\t<\/div>\n\t\t\t\t\t<\/div>\n\t\t<\/div>\n\t\t\t\t\t<\/div>\n\t\t<\/section>\n\t\t\t\t<section class=\"elementor-section elementor-top-section elementor-element elementor-element-eef4b24 elementor-section-boxed elementor-section-height-default elementor-section-height-default\" data-id=\"eef4b24\" data-element_type=\"section\" data-e-type=\"section\">\n\t\t\t\t\t\t<div class=\"elementor-container elementor-column-gap-default\">\n\t\t\t\t\t<div class=\"elementor-column elementor-col-100 elementor-top-column elementor-element elementor-element-19b5b86\" data-id=\"19b5b86\" data-element_type=\"column\" data-e-type=\"column\">\n\t\t\t<div class=\"elementor-widget-wrap elementor-element-populated\">\n\t\t\t\t\t\t<div class=\"elementor-element elementor-element-92e5a0c elementor-widget elementor-widget-text-editor\" data-id=\"92e5a0c\" data-element_type=\"widget\" data-e-type=\"widget\" data-widget_type=\"text-editor.default\">\n\t\t\t\t<div class=\"elementor-widget-container\">\n\t\t\t\t\t\t\t\t\t<p><span style=\"font-size: 20px;\">Les b\u00e9n\u00e9fices m\u00e9dico-\u00e9conomiques sont ambitieux. D\u2019une part, la sensibilit\u00e9 et la sp\u00e9cificit\u00e9 des outils permettent une pr\u00e9cision optimale dans l\u2019interpr\u00e9tation des images. \u201c<\/span><em style=\"font-size: 20px;\">L\u2019utilisation de Pixyl a permis une facilitation et une s\u00e9curisation de notre activit\u00e9. Comme tout outil, s\u2019il n\u2019est pas parfait, il nous permet quand m\u00eame de gagner beaucoup en fiabilit\u00e9 et en tranquillit\u00e9.<\/em><span style=\"font-size: 20px;\">\u201d, confie le Dr Arnaud Beauguitte, radiologue au P\u00f4le d&rsquo;Imagerie et de Canc\u00e9rologie du Pont Saint Vaast. V\u00e9ritable soutien \u00e0 la d\u00e9cision clinique, l\u2019algorithme facilite le diagnostic et le suivi des pathologies, et favorise ainsi des choix plus \u00e9clair\u00e9s de traitement et de prise en charge. \u201c<\/span><em style=\"font-size: 20px;\">Tr\u00e8s souvent, pour ne pas dire toujours, cette analyse par l\u2019intelligence artificielle permet de corriger la premi\u00e8re analyse du radiologue.<\/em><span style=\"font-size: 20px;\">\u201d, affirme le Dr St\u00e9phane Cantin, radiologue et pr\u00e9sident du groupe clinique du Mail \u00e0 Grenoble.<\/span><\/p><p>D\u2019autre part, la rapidit\u00e9 des analyses Pixyl permet une optimisation du temps d\u2019analyse par le m\u00e9decin, en le d\u00e9chargeant de t\u00e2ches r\u00e9p\u00e9titives et fastidieuses. L\u2019analyse des images m\u00e9dicales est en effet une t\u00e2che extr\u00eamement chronophage pour les radiologues, qui doivent en plus jongler avec les r\u00e9ductions d\u2019effectifs et l\u2019augmentation du nombre et de la complexit\u00e9 des images \u00e0 interpr\u00e9ter. Gr\u00e2ce \u00e0 Pixyl, le radiologue est plus efficace et se concentre directement sur l\u2019essentiel. \u201c<em>\u00c7a soulage un petit peu le radiologue, vu les volumes d\u2019examens qu\u2019on brasse c\u2019est plut\u00f4t agr\u00e9able, et \u00e7a lui donne de la confiance dans son diagnostic.<\/em>\u201d, t\u00e9moigne le Dr Cantin.<\/p><p>Convaincue de l\u2019importance de l\u2019ergonomie de sa technologie, l\u2019\u00e9quipe de Pixyl s\u2019est \u00e9galement attach\u00e9e \u00e0 l\u2019int\u00e9grer de fa\u00e7on parfaitement fluide et transparente dans le flux de travail des professionnels de sant\u00e9, permettant alors d\u2019en exploiter toute la puissance.<\/p><p>Vainqueure du concours d&rsquo;analyse de donn\u00e9es de la Soci\u00e9t\u00e9 Fran\u00e7aise de Radiologie en octobre 2019, Pixyl s\u2019impose alors comme un leader de l\u2019analyse automatis\u00e9e des clich\u00e9s de neuroimagerie. L\u2019\u00e9quipe a r\u00e9ussi \u00e0 faire le lien entre l\u2019imagerie c\u00e9r\u00e9brale et la pr\u00e9diction de handicap pour les patients atteints de Scl\u00e9rose en Plaques, en combinant l\u2019expertise de radiologues avec des techniques d\u2019intelligence artificielle.<\/p>\t\t\t\t\t\t\t\t<\/div>\n\t\t\t\t<\/div>\n\t\t\t\t\t<\/div>\n\t\t<\/div>\n\t\t\t\t\t<\/div>\n\t\t<\/section>\n\t\t\t\t<section class=\"elementor-section elementor-top-section elementor-element elementor-element-3ec2863 elementor-section-boxed elementor-section-height-default elementor-section-height-default\" data-id=\"3ec2863\" data-element_type=\"section\" data-e-type=\"section\">\n\t\t\t\t\t\t<div class=\"elementor-container elementor-column-gap-default\">\n\t\t\t\t\t<div class=\"elementor-column elementor-col-100 elementor-top-column elementor-element elementor-element-de55b33\" data-id=\"de55b33\" data-element_type=\"column\" data-e-type=\"column\">\n\t\t\t<div class=\"elementor-widget-wrap elementor-element-populated\">\n\t\t\t\t\t\t<div class=\"elementor-element elementor-element-d3cd1a6 elementor-widget elementor-widget-heading\" data-id=\"d3cd1a6\" data-element_type=\"widget\" data-e-type=\"widget\" data-widget_type=\"heading.default\">\n\t\t\t\t<div class=\"elementor-widget-container\">\n\t\t\t\t\t<h1 class=\"elementor-heading-title elementor-size-default\"><h3 style=\"font-family: CeraPro, sans-serif;font-style: normal;text-align: justify;white-space: normal\"><span style=\"font-size: 30px;font-weight: 600\">Pixyl.Neuro: quand l\u2019IA d\u00e9crypte les images du cerveau&nbsp;<\/span><\/h3><\/h1>\t\t\t\t<\/div>\n\t\t\t\t<\/div>\n\t\t\t\t\t<\/div>\n\t\t<\/div>\n\t\t\t\t\t<\/div>\n\t\t<\/section>\n\t\t\t\t<section class=\"elementor-section elementor-top-section elementor-element elementor-element-ea69178 elementor-section-boxed elementor-section-height-default elementor-section-height-default\" data-id=\"ea69178\" data-element_type=\"section\" data-e-type=\"section\">\n\t\t\t\t\t\t<div class=\"elementor-container elementor-column-gap-default\">\n\t\t\t\t\t<div class=\"elementor-column elementor-col-33 elementor-top-column elementor-element elementor-element-30919bf\" data-id=\"30919bf\" data-element_type=\"column\" data-e-type=\"column\">\n\t\t\t<div class=\"elementor-widget-wrap elementor-element-populated\">\n\t\t\t\t\t\t<div class=\"elementor-element elementor-element-cf27581 elementor-widget elementor-widget-image\" data-id=\"cf27581\" data-element_type=\"widget\" data-e-type=\"widget\" data-widget_type=\"image.default\">\n\t\t\t\t<div class=\"elementor-widget-container\">\n\t\t\t\t\t\t\t\t\t\t\t\t\t\t\t<img decoding=\"async\" src=\"https:\/\/medytec.eu\/wp-content\/uploads\/2023\/03\/Pixyl.Neuro_.MS-segmentation.gif\" title=\"\" alt=\"\" loading=\"lazy\" \/>\t\t\t\t\t\t\t\t\t\t\t\t\t\t\t<\/div>\n\t\t\t\t<\/div>\n\t\t\t\t\t<\/div>\n\t\t<\/div>\n\t\t\t\t<div class=\"elementor-column elementor-col-66 elementor-top-column elementor-element elementor-element-dc0492a\" data-id=\"dc0492a\" data-element_type=\"column\" data-e-type=\"column\">\n\t\t\t<div class=\"elementor-widget-wrap elementor-element-populated\">\n\t\t\t\t\t\t<div class=\"elementor-element elementor-element-7e6b43b elementor-widget elementor-widget-text-editor\" data-id=\"7e6b43b\" data-element_type=\"widget\" data-e-type=\"widget\" data-widget_type=\"text-editor.default\">\n\t\t\t\t<div class=\"elementor-widget-container\">\n\t\t\t\t\t\t\t\t\t<p>La solution Pixyl.Neuro, orient\u00e9e sur les maladies ou troubles neurologiques (Scl\u00e9rose en Plaques, maladie d\u2019Alzheimer, diverses d\u00e9mences, troubles psychiatriques, etc), a re\u00e7u le <strong>marquage CE en 2019<\/strong>, marquant le d\u00e9but de sa commercialisation en Europe. Aujourd\u2019hui, la solution d\u2019aide au diagnostic est d\u00e9ploy\u00e9e dans plus de 40 centres \u00e0 travers l\u2019Europe, directement et via des partenaires distributeurs.<\/p>\t\t\t\t\t\t\t\t<\/div>\n\t\t\t\t<\/div>\n\t\t\t\t\t<\/div>\n\t\t<\/div>\n\t\t\t\t\t<\/div>\n\t\t<\/section>\n\t\t\t\t<section class=\"elementor-section elementor-top-section elementor-element elementor-element-bdf2177 elementor-section-boxed elementor-section-height-default elementor-section-height-default\" data-id=\"bdf2177\" data-element_type=\"section\" data-e-type=\"section\">\n\t\t\t\t\t\t<div class=\"elementor-container elementor-column-gap-default\">\n\t\t\t\t\t<div class=\"elementor-column elementor-col-100 elementor-top-column elementor-element elementor-element-bac67fe\" data-id=\"bac67fe\" data-element_type=\"column\" data-e-type=\"column\">\n\t\t\t<div class=\"elementor-widget-wrap elementor-element-populated\">\n\t\t\t\t\t\t<div class=\"elementor-element elementor-element-e45263c elementor-widget elementor-widget-text-editor\" data-id=\"e45263c\" data-element_type=\"widget\" data-e-type=\"widget\" data-widget_type=\"text-editor.default\">\n\t\t\t\t<div class=\"elementor-widget-container\">\n\t\t\t\t\t\t\t\t\t<p>Cette technologie embarque deux outils compl\u00e9mentaires pour l\u2019analyse automatique des clich\u00e9s d\u2019imagerie par r\u00e9sonance magn\u00e9tique (IRM) du cerveau. Un premier outil est d\u00e9di\u00e9 au diagnostic et au suivi des patients atteints de maladies affectant la substance blanche du cerveau, comme la Scl\u00e9rose en Plaques. Le logiciel Pixyl.Neuro.MS permet la d\u00e9tection des l\u00e9sions sp\u00e9cifiques sur les images IRM, ainsi que leur quantification et leur classification selon leur localisation dans les r\u00e9gions sp\u00e9cifiques du cerveau. En cas d\u2019IRM ant\u00e9rieure, la solution est \u00e9galement \u00e0 m\u00eame d\u2019\u00e9valuer l\u2019\u00e9volution dans le temps de chaque l\u00e9sion, permettant un suivi fin de l\u2019activit\u00e9 de la maladie. Le second volet est un outil de volum\u00e9trie c\u00e9r\u00e9brale. Pixyl.Neuro.BV identifie les diff\u00e9rentes structures du cerveau, calcule leur volume ainsi que l\u2019\u00e9volution des volumes dans le temps, et compare les valeurs du patient aux valeurs d\u2019une population normale \u201csaine\u201d. Cet outil permet notamment l\u2019aide au diagnostic et au suivi de la maladie d\u2019Alzheimer, mais est \u00e9galement pr\u00e9cieux pour d\u2019autres types de d\u00e9mences ou pour les troubles psychiatriques (ex: schizophr\u00e9nie).<\/p><p>L\u2019analyse de Pixyl est retourn\u00e9e au radiologue en seulement quelques minutes, mettant en \u00e9vidence les anomalies et fournissant des mesures cliniquement pertinentes pour faciliter la prise de d\u00e9cision dans le temps de la consultation. \u201c<em>La rapidit\u00e9 du retour des analyses, avec des temps de traitement de 5-7 minutes, rend possible l&rsquo;utilisation en routine de ces outils.<\/em>\u201d pr\u00e9cise le Dr Cantin.<\/p><p>En plus de son utilisation en routine clinique, la technologie d\u00e9velopp\u00e9e par Pixyl est \u00e9galement utilis\u00e9e en recherche m\u00e9dicale ainsi que dans les essais cliniques.<\/p>\t\t\t\t\t\t\t\t<\/div>\n\t\t\t\t<\/div>\n\t\t\t\t\t<\/div>\n\t\t<\/div>\n\t\t\t\t\t<\/div>\n\t\t<\/section>\n\t\t\t\t<section class=\"elementor-section elementor-top-section elementor-element elementor-element-cae3509 elementor-section-boxed elementor-section-height-default elementor-section-height-default\" data-id=\"cae3509\" data-element_type=\"section\" data-e-type=\"section\">\n\t\t\t\t\t\t<div class=\"elementor-container elementor-column-gap-default\">\n\t\t\t\t\t<div class=\"elementor-column elementor-col-100 elementor-top-column elementor-element elementor-element-90e49b6\" data-id=\"90e49b6\" data-element_type=\"column\" data-e-type=\"column\">\n\t\t\t<div class=\"elementor-widget-wrap elementor-element-populated\">\n\t\t\t\t\t\t<div class=\"elementor-element elementor-element-2abdf0e elementor-widget elementor-widget-heading\" data-id=\"2abdf0e\" data-element_type=\"widget\" data-e-type=\"widget\" data-widget_type=\"heading.default\">\n\t\t\t\t<div class=\"elementor-widget-container\">\n\t\t\t\t\t<h1 class=\"elementor-heading-title elementor-size-default\"><h3 style=\"font-family: CeraPro, sans-serif;font-style: normal;text-align: justify;white-space: normal\"><span style=\"font-size: 30px;font-weight: 600\">De nouvelles ambitions&nbsp;<\/span><\/h3><\/h1>\t\t\t\t<\/div>\n\t\t\t\t<\/div>\n\t\t\t\t\t<\/div>\n\t\t<\/div>\n\t\t\t\t\t<\/div>\n\t\t<\/section>\n\t\t\t\t<section class=\"elementor-section elementor-top-section elementor-element elementor-element-b9e07c8 elementor-section-boxed elementor-section-height-default elementor-section-height-default\" data-id=\"b9e07c8\" data-element_type=\"section\" data-e-type=\"section\">\n\t\t\t\t\t\t<div class=\"elementor-container elementor-column-gap-default\">\n\t\t\t\t\t<div class=\"elementor-column elementor-col-100 elementor-top-column elementor-element elementor-element-64808d8\" data-id=\"64808d8\" data-element_type=\"column\" data-e-type=\"column\">\n\t\t\t<div class=\"elementor-widget-wrap elementor-element-populated\">\n\t\t\t\t\t\t<div class=\"elementor-element elementor-element-d54e3a1 elementor-widget elementor-widget-text-editor\" data-id=\"d54e3a1\" data-element_type=\"widget\" data-e-type=\"widget\" data-widget_type=\"text-editor.default\">\n\t\t\t\t<div class=\"elementor-widget-container\">\n\t\t\t\t\t\t\t\t\t<p>La startup ne compte pas s\u2019arr\u00eater en si bon chemin. En pleine conqu\u00eate du march\u00e9 europ\u00e9en, Pixyl pr\u00e9pare \u00e9galement son implantation aux Etats-Unis. Son portefeuille d\u2019outils est \u00e9galement en constante \u00e9volution. En parall\u00e8le d\u2019une permanente am\u00e9lioration des solutions actuelles, de nouvelles briques technologiques sont en cours de d\u00e9veloppement pour d\u2019autres organes et modalit\u00e9s d\u2019imagerie. Un projet est notamment en cours sur le cancer du foie dans le cadre du consortium AI DReAM pilot\u00e9 par GE Healthcare, et financ\u00e9 par bpifrance.<\/p>\n<p>Et sur le cerveau, la startup compte pousser la technologie encore plus loin. Lanc\u00e9 en 2022, <b>le projet de Recherche hospitalo-universitaire en sant\u00e9 PRIMUS (Projection in Multiple Sclerosis),<\/b> port\u00e9 par le CHU de Rennes et impliquants des partenaires acad\u00e9miques (CHU de Nantes, INRIA, etc) et industriels (Pixyl, Biogen, Merck, etc), vise \u00e0 transformer la prise en charge des patients atteints de Scl\u00e9rose en Plaques<sup>1<\/sup>. Ce projet innovant, dont Pixyl est un acteur cl\u00e9, est le premier \u00e0 combiner des donn\u00e9es radiologiques, cliniques et biologiques, pour pr\u00e9dire l\u2019\u00e9volution de la maladie en fonction des diff\u00e9rents traitements disponibles. In fine, cet outil d\u2019aide \u00e0 la prise de d\u00e9cision th\u00e9rapeutique permettra de personnaliser la prise en charge des patients, mais \u00e9galement de les rendre acteurs de leur propre suivi.<\/p>\n<p class=\"MsoNormal\"><em><sup><span lang=\"fr\">1<\/span><\/sup><span lang=\"fr\"> Ce projet b\u00e9n\u00e9ficie d\u2019une aide de l&rsquo;Etat g\u00e9r\u00e9e par l&rsquo;Agence Nationale de la Recherche (ANR) au titre du 3eme PIA int\u00e9gr\u00e9 \u00e0 France 2023<\/span><\/em><\/p>\t\t\t\t\t\t\t\t<\/div>\n\t\t\t\t<\/div>\n\t\t\t\t\t<\/div>\n\t\t<\/div>\n\t\t\t\t\t<\/div>\n\t\t<\/section>\n\t\t\t\t<section class=\"elementor-section elementor-top-section elementor-element elementor-element-4ff6020 elementor-section-boxed elementor-section-height-default elementor-section-height-default\" data-id=\"4ff6020\" data-element_type=\"section\" data-e-type=\"section\">\n\t\t\t\t\t\t<div class=\"elementor-container elementor-column-gap-default\">\n\t\t\t\t\t<div class=\"elementor-column elementor-col-100 elementor-top-column elementor-element elementor-element-abae8fd\" data-id=\"abae8fd\" data-element_type=\"column\" data-e-type=\"column\">\n\t\t\t<div class=\"elementor-widget-wrap elementor-element-populated\">\n\t\t\t\t\t\t<div class=\"elementor-element elementor-element-732a43f elementor-align-center elementor-widget elementor-widget-button\" data-id=\"732a43f\" data-element_type=\"widget\" data-e-type=\"widget\" data-widget_type=\"button.default\">\n\t\t\t\t<div class=\"elementor-widget-container\">\n\t\t\t\t\t\t\t\t\t<div class=\"elementor-button-wrapper\">\n\t\t\t\t\t<a class=\"elementor-button elementor-button-link elementor-size-sm\" href=\"https:\/\/www.ofsep.org\/fr\/rhu-primus\">\n\t\t\t\t\t\t<span class=\"elementor-button-content-wrapper\">\n\t\t\t\t\t\t\t\t\t<span class=\"elementor-button-text\">Plus d'informations sur PRIMUS<\/span>\n\t\t\t\t\t<\/span>\n\t\t\t\t\t<\/a>\n\t\t\t\t<\/div>\n\t\t\t\t\t\t\t\t<\/div>\n\t\t\t\t<\/div>\n\t\t\t\t\t<\/div>\n\t\t<\/div>\n\t\t\t\t\t<\/div>\n\t\t<\/section>\n\t\t\t\t<section class=\"elementor-section elementor-top-section elementor-element elementor-element-be815c8 elementor-section-boxed elementor-section-height-default elementor-section-height-default\" data-id=\"be815c8\" data-element_type=\"section\" data-e-type=\"section\">\n\t\t\t\t\t\t<div class=\"elementor-container elementor-column-gap-default\">\n\t\t\t\t\t<div class=\"elementor-column elementor-col-100 elementor-top-column elementor-element elementor-element-d2e58fc\" data-id=\"d2e58fc\" data-element_type=\"column\" data-e-type=\"column\">\n\t\t\t<div class=\"elementor-widget-wrap elementor-element-populated\">\n\t\t\t\t\t\t<div class=\"elementor-element elementor-element-cf1b912 elementor-widget-divider--view-line elementor-widget elementor-widget-divider\" data-id=\"cf1b912\" data-element_type=\"widget\" data-e-type=\"widget\" data-widget_type=\"divider.default\">\n\t\t\t\t<div class=\"elementor-widget-container\">\n\t\t\t\t\t\t\t<div class=\"elementor-divider\">\n\t\t\t<span class=\"elementor-divider-separator\">\n\t\t\t\t\t\t<\/span>\n\t\t<\/div>\n\t\t\t\t\t\t<\/div>\n\t\t\t\t<\/div>\n\t\t\t\t\t<\/div>\n\t\t<\/div>\n\t\t\t\t\t<\/div>\n\t\t<\/section>\n\t\t\t\t<section class=\"elementor-section elementor-top-section elementor-element elementor-element-a7d4880 elementor-section-full_width elementor-section-height-default elementor-section-height-default\" data-id=\"a7d4880\" data-element_type=\"section\" data-e-type=\"section\" data-settings=\"{&quot;background_background&quot;:&quot;classic&quot;}\">\n\t\t\t\t\t\t<div class=\"elementor-container elementor-column-gap-default\">\n\t\t\t\t\t<div class=\"elementor-column elementor-col-50 elementor-top-column elementor-element elementor-element-c4f2529\" data-id=\"c4f2529\" data-element_type=\"column\" data-e-type=\"column\">\n\t\t\t<div class=\"elementor-widget-wrap elementor-element-populated\">\n\t\t\t\t\t\t<div class=\"elementor-element elementor-element-24688ce elementor-widget elementor-widget-image\" data-id=\"24688ce\" data-element_type=\"widget\" data-e-type=\"widget\" data-widget_type=\"image.default\">\n\t\t\t\t<div class=\"elementor-widget-container\">\n\t\t\t\t\t\t\t\t\t\t\t\t\t\t\t<img decoding=\"async\" width=\"300\" height=\"55\" src=\"https:\/\/medytec.eu\/wp-content\/uploads\/2023\/03\/pixyl_logo_blue-300x55.png\" class=\"attachment-medium size-medium wp-image-5529\" alt=\"\" srcset=\"https:\/\/medytec.eu\/wp-content\/uploads\/2023\/03\/pixyl_logo_blue-300x55.png 300w, https:\/\/medytec.eu\/wp-content\/uploads\/2023\/03\/pixyl_logo_blue-18x3.png 18w, https:\/\/medytec.eu\/wp-content\/uploads\/2023\/03\/pixyl_logo_blue.png 755w\" sizes=\"(max-width: 300px) 100vw, 300px\" \/>\t\t\t\t\t\t\t\t\t\t\t\t\t\t\t<\/div>\n\t\t\t\t<\/div>\n\t\t\t\t\t<\/div>\n\t\t<\/div>\n\t\t\t\t<div class=\"elementor-column elementor-col-50 elementor-top-column elementor-element elementor-element-f860353\" data-id=\"f860353\" data-element_type=\"column\" data-e-type=\"column\">\n\t\t\t<div class=\"elementor-widget-wrap elementor-element-populated\">\n\t\t\t\t\t\t<div class=\"elementor-element elementor-element-9bd59fd elementor-widget elementor-widget-heading\" data-id=\"9bd59fd\" data-element_type=\"widget\" data-e-type=\"widget\" data-widget_type=\"heading.default\">\n\t\t\t\t<div class=\"elementor-widget-container\">\n\t\t\t\t\t<h1 class=\"elementor-heading-title elementor-size-default\">Contact<\/h1>\t\t\t\t<\/div>\n\t\t\t\t<\/div>\n\t\t\t\t<div class=\"elementor-element elementor-element-cb41e3a elementor-icon-list--layout-traditional elementor-list-item-link-full_width elementor-widget elementor-widget-icon-list\" data-id=\"cb41e3a\" data-element_type=\"widget\" data-e-type=\"widget\" data-widget_type=\"icon-list.default\">\n\t\t\t\t<div class=\"elementor-widget-container\">\n\t\t\t\t\t\t\t<ul class=\"elementor-icon-list-items\">\n\t\t\t\t\t\t\t<li class=\"elementor-icon-list-item\">\n\t\t\t\t\t\t\t\t\t\t\t<span class=\"elementor-icon-list-icon\">\n\t\t\t\t\t\t\t<i aria-hidden=\"true\" class=\"fas fa-angle-right\"><\/i>\t\t\t\t\t\t<\/span>\n\t\t\t\t\t\t\t\t\t\t<span class=\"elementor-icon-list-text\">Senan Doyle - CEO, Co-Founder<\/span>\n\t\t\t\t\t\t\t\t\t<\/li>\n\t\t\t\t\t\t\t\t<li class=\"elementor-icon-list-item\">\n\t\t\t\t\t\t\t\t\t\t\t<span class=\"elementor-icon-list-icon\">\n\t\t\t\t\t\t\t<i aria-hidden=\"true\" class=\"fas fa-map-marker-alt\"><\/i>\t\t\t\t\t\t<\/span>\n\t\t\t\t\t\t\t\t\t\t<span class=\"elementor-icon-list-text\">5 Avenue du Grand Sablon 38700 La Tronche<\/span>\n\t\t\t\t\t\t\t\t\t<\/li>\n\t\t\t\t\t\t\t\t<li class=\"elementor-icon-list-item\">\n\t\t\t\t\t\t\t\t\t\t\t<a href=\"https:\/\/pixyl.ai\/\">\n\n\t\t\t\t\t\t\t\t\t\t\t\t<span class=\"elementor-icon-list-icon\">\n\t\t\t\t\t\t\t<i aria-hidden=\"true\" class=\"fas fa-dot-circle\"><\/i>\t\t\t\t\t\t<\/span>\n\t\t\t\t\t\t\t\t\t\t<span class=\"elementor-icon-list-text\">Site internet<\/span>\n\t\t\t\t\t\t\t\t\t\t\t<\/a>\n\t\t\t\t\t\t\t\t\t<\/li>\n\t\t\t\t\t\t\t\t<li class=\"elementor-icon-list-item\">\n\t\t\t\t\t\t\t\t\t\t\t<a href=\"https:\/\/www.linkedin.com\/company\/pixyl-medical\">\n\n\t\t\t\t\t\t\t\t\t\t\t\t<span class=\"elementor-icon-list-icon\">\n\t\t\t\t\t\t\t<i aria-hidden=\"true\" class=\"fab fa-linkedin\"><\/i>\t\t\t\t\t\t<\/span>\n\t\t\t\t\t\t\t\t\t\t<span class=\"elementor-icon-list-text\">LinkedIn<\/span>\n\t\t\t\t\t\t\t\t\t\t\t<\/a>\n\t\t\t\t\t\t\t\t\t<\/li>\n\t\t\t\t\t\t<\/ul>\n\t\t\t\t\t\t<\/div>\n\t\t\t\t<\/div>\n\t\t\t\t\t<\/div>\n\t\t<\/div>\n\t\t\t\t\t<\/div>\n\t\t<\/section>\n\t\t\t\t<section class=\"elementor-section elementor-top-section elementor-element elementor-element-9e6b637 elementor-section-boxed elementor-section-height-default elementor-section-height-default\" data-id=\"9e6b637\" data-element_type=\"section\" data-e-type=\"section\">\n\t\t\t\t\t\t<div class=\"elementor-container elementor-column-gap-default\">\n\t\t\t\t\t<div class=\"elementor-column elementor-col-100 elementor-top-column elementor-element elementor-element-8c84c63\" data-id=\"8c84c63\" data-element_type=\"column\" data-e-type=\"column\">\n\t\t\t<div class=\"elementor-widget-wrap elementor-element-populated\">\n\t\t\t\t\t\t<div class=\"elementor-element elementor-element-76ffa28 elementor-widget elementor-widget-spacer\" data-id=\"76ffa28\" data-element_type=\"widget\" data-e-type=\"widget\" data-widget_type=\"spacer.default\">\n\t\t\t\t<div class=\"elementor-widget-container\">\n\t\t\t\t\t\t\t<div class=\"elementor-spacer\">\n\t\t\t<div class=\"elementor-spacer-inner\"><\/div>\n\t\t<\/div>\n\t\t\t\t\t\t<\/div>\n\t\t\t\t<\/div>\n\t\t\t\t<div class=\"elementor-element elementor-element-e474fbf elementor-widget elementor-widget-text-editor\" data-id=\"e474fbf\" data-element_type=\"widget\" data-e-type=\"widget\" data-widget_type=\"text-editor.default\">\n\t\t\t\t<div class=\"elementor-widget-container\">\n\t\t\t\t\t\t\t\t\t<p><img decoding=\"async\" class=\"emoji\" role=\"img\" draggable=\"false\" src=\"https:\/\/s.w.org\/images\/core\/emoji\/13.1.0\/svg\/27a1.svg\" alt=\"\u27a1\" \/> Venez d\u00e9couvrir les innovations du showroom de Medytec lors de nos <strong>\u00a0<span style=\"color: #00a8bc;\"><a style=\"color: #00a8bc;\" href=\"https:\/\/medytec.eu\/en\/events\/journees-libre-acces-showroom-medytec\/\" target=\"_blank\" rel=\"noopener\">portes ouvertes<\/a><\/span><\/strong>\u00a0!<\/p>\t\t\t\t\t\t\t\t<\/div>\n\t\t\t\t<\/div>\n\t\t\t\t\t<\/div>\n\t\t<\/div>\n\t\t\t\t\t<\/div>\n\t\t<\/section>\n\t\t\t\t<section class=\"elementor-section elementor-top-section elementor-element elementor-element-7da80ef elementor-section-boxed elementor-section-height-default elementor-section-height-default\" data-id=\"7da80ef\" data-element_type=\"section\" data-e-type=\"section\">\n\t\t\t\t\t\t<div class=\"elementor-container elementor-column-gap-default\">\n\t\t\t\t\t<div class=\"elementor-column elementor-col-100 elementor-top-column elementor-element elementor-element-5697dea\" data-id=\"5697dea\" data-element_type=\"column\" data-e-type=\"column\">\n\t\t\t<div class=\"elementor-widget-wrap elementor-element-populated\">\n\t\t\t\t\t\t<div class=\"elementor-element elementor-element-86355ea elementor-widget elementor-widget-text-editor\" data-id=\"86355ea\" data-element_type=\"widget\" data-e-type=\"widget\" data-widget_type=\"text-editor.default\">\n\t\t\t\t<div class=\"elementor-widget-container\">\n\t\t\t\t\t\t\t\t\t<ul><li style=\"font-size: 20px;\"><a style=\"font-size: 20px;\" href=\"https:\/\/medytec.eu\/en\/2023\/03\/14\/les-innovations-en-sante-du-territoire-etudes-defficacite-en-phase-preclinique-dedies-aux-pathologies-du-cerveau\/\"><span style=\"font-size: 20px; color: #00a8bc;\">Etudes pr\u00e9cliniques d\u00e9di\u00e9es aux pathologies du cerveau &#8211; SynapCell<\/span><\/a><\/li><li style=\"font-size: 20px;\"><a style=\"font-size: 20px;\" href=\"https:\/\/medytec.eu\/en\/2021\/10\/05\/les-innovations-en-sante-du-territoire-pi-box-innospark-calculs-renaux\/\"><span style=\"font-size: 20px; color: #00a8bc;\">Les Pi-Box\u00a9, collecte de calculs r\u00e9naux<\/span><\/a><\/li><li style=\"font-size: 20px;\"><a style=\"font-size: 20px; background-color: #ffffff; color: #00a8bc;\" href=\"https:\/\/medytec.eu\/en\/2021\/07\/08\/les-innovations-en-sante-du-territoire-le-labpad-d-avalun\/\" target=\"_blank\" rel=\"noopener\">Le Labpad<\/a><a style=\"font-size: 20px; background-color: #ffffff; color: #00a8bc;\" href=\"https:\/\/medytec.eu\/en\/2020\/12\/03\/les-innovations-en-sante-du-territoire-les-dispositifs-intuity-ject-mix\/\" target=\"_blank\" rel=\"noopener\">\u00ae<\/a><a style=\"font-size: 20px; background-color: #ffffff; color: #00a8bc;\" href=\"https:\/\/medytec.eu\/en\/2021\/07\/08\/les-innovations-en-sante-du-territoire-le-labpad-d-avalun\/\" target=\"_blank\" rel=\"noopener\"> de Avalun\u00a0<\/a><\/li><li style=\"font-size: 20px;\"><a style=\"font-size: 20px; color: #00a8bc;\" href=\"https:\/\/medytec.eu\/en\/2021\/04\/08\/les-innovations-en-sante-du-territoire-la-technologie-de-steute\/\" target=\"_blank\" rel=\"noopener\">Les p\u00e9dales de Steute<\/a><\/li><li style=\"font-size: 20px;\"><a style=\"font-size: 20px; background-color: #ffffff; color: #00a8bc;\" href=\"https:\/\/medytec.eu\/en\/2020\/12\/03\/les-innovations-en-sante-du-territoire-les-dispositifs-intuity-ject-mix\/\" target=\"_blank\" rel=\"noopener\">Les dispositifs Intuity\u00ae Ject &amp; Mix<\/a><\/li><li style=\"font-size: 20px;\"><span style=\"font-size: 20px; color: #00a8bc;\"><a style=\"font-size: 20px; color: #00a8bc;\" href=\"https:\/\/medytec.eu\/en\/2021\/01\/05\/les-innovations-en-sante-du-territoire-le-dispositif-de-neurostimulation-transcutanee-connecte-actitens\/\" target=\"_blank\" rel=\"noreferrer noopener\">Le dispositif de neurostimulation transcutan\u00e9e connect\u00e9 actiTENS<\/a><\/span><\/li><li style=\"font-size: 20px;\"><span style=\"font-size: 20px; color: #00a8bc;\"><a style=\"font-size: 20px; color: #00a8bc;\" href=\"https:\/\/medytec.eu\/en\/2020\/07\/10\/decouvrez-les-innovations-en-sante-du-territoire-le-dispositif-protool\/\">Le dispositif PROTOOL\u00ae<\/a><\/span><\/li><li style=\"font-size: 20px;\"><span style=\"font-size: 20px; color: #00a8bc;\"><a style=\"font-size: 20px; color: #00a8bc;\" href=\"https:\/\/medytec.eu\/en\/2020\/08\/17\/les-innovations-en-sante-du-territoire-la-micro-fabrication-2d-et-3d\/\">La micro fabrication 2D et 3D<\/a><\/span><\/li><li style=\"font-size: 20px;\"><span style=\"font-size: 20px; color: #00a8bc;\"><a style=\"font-size: 20px; color: #00a8bc;\" href=\"https:\/\/medytec.eu\/en\/2020\/09\/23\/les-innovations-en-sante-du-territoire-le-pansement-connecte\/\">Le pansement connect\u00e9 de Grapheal<\/a><\/span><\/li><li style=\"font-size: 20px;\"><span style=\"font-size: 20px; color: #00a8bc;\"><a style=\"font-size: 20px; color: #00a8bc;\" href=\"https:\/\/medytec.eu\/en\/2021\/03\/11\/les-innovations-en-sante-du-territoire-la-solution-remedee-labs\/\" target=\"_blank\" rel=\"noopener\">La solution Remedee Labs pour la prise en charge de la douleur<\/a><\/span><\/li><li style=\"font-size: 20px;\"><span style=\"font-size: 20px; color: #00a8bc;\"><a style=\"font-size: 20px; color: #00a8bc;\" href=\"https:\/\/medytec.eu\/en\/2021\/02\/11\/les-innovations-en-sante-du-territoire-la-plateforme-surgivisio-decential-robotics\/\" target=\"_blank\" rel=\"noreferrer noopener\">La plateforme Surgivisio d\u2019eCential Robotics<\/a><\/span><\/li><\/ul>\t\t\t\t\t\t\t\t<\/div>\n\t\t\t\t<\/div>\n\t\t\t\t\t<\/div>\n\t\t<\/div>\n\t\t\t\t\t<\/div>\n\t\t<\/section>\n\t\t\t\t<section class=\"elementor-section elementor-top-section elementor-element elementor-element-2bf8240 elementor-section-boxed elementor-section-height-default elementor-section-height-default\" data-id=\"2bf8240\" data-element_type=\"section\" data-e-type=\"section\">\n\t\t\t\t\t\t<div class=\"elementor-container elementor-column-gap-default\">\n\t\t\t\t\t<div class=\"elementor-column elementor-col-100 elementor-top-column elementor-element elementor-element-b0ff414\" data-id=\"b0ff414\" data-element_type=\"column\" data-e-type=\"column\">\n\t\t\t<div class=\"elementor-widget-wrap elementor-element-populated\">\n\t\t\t\t\t\t<div class=\"elementor-element elementor-element-e4a1dda elementor-widget elementor-widget-text-editor\" data-id=\"e4a1dda\" data-element_type=\"widget\" data-e-type=\"widget\" data-widget_type=\"text-editor.default\">\n\t\t\t\t<div class=\"elementor-widget-container\">\n\t\t\t\t\t\t\t\t\t<p style=\"text-align: right;\"><span style=\"font-family: Roboto, sans-serif; font-size: 20px; font-style: normal; font-variant-ligatures: normal; font-variant-caps: normal; font-weight: 400; text-align: right;\">L\u2019\u00e9quipe Medytec<\/span><\/p>\t\t\t\t\t\t\t\t<\/div>\n\t\t\t\t<\/div>\n\t\t\t\t\t<\/div>\n\t\t<\/div>\n\t\t\t\t\t<\/div>\n\t\t<\/section>\n\t\t\t\t<\/div>","protected":false},"excerpt":{"rendered":"<p>Dans le\u00a0showroom\u00a0de Medytec, nous exposons les solutions et les produits innovants d\u00e9velopp\u00e9s par les entreprises de notre\u00a0territoire. Des outils d\u2019aide \u00e0 la d\u00e9cision clinique pour la radiologie &nbsp; Spin-off de l\u2019Inria et de l\u2019Inserm fond\u00e9e en 2015, Pixyl est une startup bas\u00e9e \u00e0 Grenoble, au c\u0153ur des Alpes fran\u00e7aises, sp\u00e9cialis\u00e9e dans l\u2019analyse automatique des images [&hellip;]<\/p>\n","protected":false},"author":4,"featured_media":5527,"comment_status":"closed","ping_status":"closed","sticky":false,"template":"","format":"standard","meta":{"ocean_post_layout":"","ocean_both_sidebars_style":"","ocean_both_sidebars_content_width":0,"ocean_both_sidebars_sidebars_width":0,"ocean_sidebar":"0","ocean_second_sidebar":"0","ocean_disable_margins":"enable","ocean_add_body_class":"","ocean_shortcode_before_top_bar":"","ocean_shortcode_after_top_bar":"","ocean_shortcode_before_header":"","ocean_shortcode_after_header":"","ocean_has_shortcode":"","ocean_shortcode_after_title":"","ocean_shortcode_before_footer_widgets":"","ocean_shortcode_after_footer_widgets":"","ocean_shortcode_before_footer_bottom":"","ocean_shortcode_after_footer_bottom":"","ocean_display_top_bar":"default","ocean_display_header":"default","ocean_header_style":"","ocean_center_header_left_menu":"0","ocean_custom_header_template":"0","ocean_custom_logo":0,"ocean_custom_retina_logo":0,"ocean_custom_logo_max_width":0,"ocean_custom_logo_tablet_max_width":0,"ocean_custom_logo_mobile_max_width":0,"ocean_custom_logo_max_height":0,"ocean_custom_logo_tablet_max_height":0,"ocean_custom_logo_mobile_max_height":0,"ocean_header_custom_menu":"0","ocean_menu_typo_font_family":"0","ocean_menu_typo_font_subset":"","ocean_menu_typo_font_size":0,"ocean_menu_typo_font_size_tablet":0,"ocean_menu_typo_font_size_mobile":0,"ocean_menu_typo_font_size_unit":"px","ocean_menu_typo_font_weight":"","ocean_menu_typo_font_weight_tablet":"","ocean_menu_typo_font_weight_mobile":"","ocean_menu_typo_transform":"","ocean_menu_typo_transform_tablet":"","ocean_menu_typo_transform_mobile":"","ocean_menu_typo_line_height":0,"ocean_menu_typo_line_height_tablet":0,"ocean_menu_typo_line_height_mobile":0,"ocean_menu_typo_line_height_unit":"","ocean_menu_typo_spacing":0,"ocean_menu_typo_spacing_tablet":0,"ocean_menu_typo_spacing_mobile":0,"ocean_menu_typo_spacing_unit":"","ocean_menu_link_color":"","ocean_menu_link_color_hover":"","ocean_menu_link_color_active":"","ocean_menu_link_background":"","ocean_menu_link_hover_background":"","ocean_menu_link_active_background":"","ocean_menu_social_links_bg":"","ocean_menu_social_hover_links_bg":"","ocean_menu_social_links_color":"","ocean_menu_social_hover_links_color":"","ocean_disable_title":"default","ocean_disable_heading":"default","ocean_post_title":"","ocean_post_subheading":"","ocean_post_title_style":"","ocean_post_title_background_color":"","ocean_post_title_background":0,"ocean_post_title_bg_image_position":"","ocean_post_title_bg_image_attachment":"","ocean_post_title_bg_image_repeat":"","ocean_post_title_bg_image_size":"","ocean_post_title_height":0,"ocean_post_title_bg_overlay":0.5,"ocean_post_title_bg_overlay_color":"","ocean_disable_breadcrumbs":"default","ocean_breadcrumbs_color":"","ocean_breadcrumbs_separator_color":"","ocean_breadcrumbs_links_color":"","ocean_breadcrumbs_links_hover_color":"","ocean_display_footer_widgets":"default","ocean_display_footer_bottom":"default","ocean_custom_footer_template":"0","ocean_post_oembed":"","ocean_post_self_hosted_media":"","ocean_post_video_embed":"","ocean_link_format":"","ocean_link_format_target":"self","ocean_quote_format":"","ocean_quote_format_link":"post","ocean_gallery_link_images":"off","ocean_gallery_id":[],"footnotes":""},"categories":[55],"tags":[],"class_list":["post-5525","post","type-post","status-publish","format-standard","has-post-thumbnail","hentry","category-innovations-en-sante","entry","has-media"],"yoast_head":"<!-- This site is optimized with the Yoast SEO plugin v27.5 - https:\/\/yoast.com\/product\/yoast-seo-wordpress\/ -->\n<title>Les innovations en sant\u00e9 du territoire : quand l\u2019IA d\u00e9crypte les images du cerveau - Medytec<\/title>\n<meta name=\"description\" content=\"Pixyl est une startup bas\u00e9e \u00e0 Grenoble, au c\u0153ur des Alpes fran\u00e7aises, sp\u00e9cialis\u00e9e dans l\u2019analyse automatique des images m\u00e9dicales gr\u00e2ce \u00e0 l&#039;IA.\" \/>\n<meta name=\"robots\" content=\"index, follow, max-snippet:-1, max-image-preview:large, max-video-preview:-1\" \/>\n<link rel=\"canonical\" href=\"https:\/\/medytec.eu\/en\/2023\/03\/14\/les-innovations-en-sante-du-territoire-quand-lia-decrypte-les-images-du-cerveau\/\" \/>\n<meta property=\"og:locale\" content=\"en_US\" \/>\n<meta property=\"og:type\" content=\"article\" \/>\n<meta property=\"og:title\" content=\"Les innovations en sant\u00e9 du territoire : quand l\u2019IA d\u00e9crypte les images du cerveau - Medytec\" \/>\n<meta property=\"og:description\" content=\"Pixyl est une startup bas\u00e9e \u00e0 Grenoble, au c\u0153ur des Alpes fran\u00e7aises, sp\u00e9cialis\u00e9e dans l\u2019analyse automatique des images m\u00e9dicales gr\u00e2ce \u00e0 l&#039;IA.\" \/>\n<meta property=\"og:url\" content=\"https:\/\/medytec.eu\/en\/2023\/03\/14\/les-innovations-en-sante-du-territoire-quand-lia-decrypte-les-images-du-cerveau\/\" \/>\n<meta property=\"og:site_name\" content=\"Medytec\" \/>\n<meta property=\"article:published_time\" content=\"2023-03-14T11:12:05+00:00\" \/>\n<meta property=\"article:modified_time\" content=\"2023-03-14T14:53:45+00:00\" \/>\n<meta property=\"og:image\" content=\"https:\/\/medytec.eu\/wp-content\/uploads\/2023\/03\/Pixyl-Live-Reporting-in-Use.jpg\" \/>\n\t<meta property=\"og:image:width\" content=\"1920\" \/>\n\t<meta property=\"og:image:height\" content=\"1280\" \/>\n\t<meta property=\"og:image:type\" content=\"image\/jpeg\" \/>\n<meta name=\"author\" content=\"okparfait\" \/>\n<meta name=\"twitter:card\" content=\"summary_large_image\" \/>\n<meta name=\"twitter:label1\" content=\"Written by\" \/>\n\t<meta name=\"twitter:data1\" content=\"okparfait\" \/>\n\t<meta name=\"twitter:label2\" content=\"Est. reading time\" \/>\n\t<meta name=\"twitter:data2\" content=\"7 minutes\" \/>\n<script type=\"application\/ld+json\" class=\"yoast-schema-graph\">{\"@context\":\"https:\\\/\\\/schema.org\",\"@graph\":[{\"@type\":\"Article\",\"@id\":\"https:\\\/\\\/medytec.eu\\\/fr\\\/2023\\\/03\\\/14\\\/les-innovations-en-sante-du-territoire-quand-lia-decrypte-les-images-du-cerveau\\\/#article\",\"isPartOf\":{\"@id\":\"https:\\\/\\\/medytec.eu\\\/fr\\\/2023\\\/03\\\/14\\\/les-innovations-en-sante-du-territoire-quand-lia-decrypte-les-images-du-cerveau\\\/\"},\"author\":{\"name\":\"okparfait\",\"@id\":\"https:\\\/\\\/medytec.eu\\\/#\\\/schema\\\/person\\\/52643406ade6747ec29f0a5ca286f5fe\"},\"headline\":\"Les innovations en sant\u00e9 du territoire : quand l\u2019IA d\u00e9crypte les images du cerveau\",\"datePublished\":\"2023-03-14T11:12:05+00:00\",\"dateModified\":\"2023-03-14T14:53:45+00:00\",\"mainEntityOfPage\":{\"@id\":\"https:\\\/\\\/medytec.eu\\\/fr\\\/2023\\\/03\\\/14\\\/les-innovations-en-sante-du-territoire-quand-lia-decrypte-les-images-du-cerveau\\\/\"},\"wordCount\":1272,\"publisher\":{\"@id\":\"https:\\\/\\\/medytec.eu\\\/#organization\"},\"image\":{\"@id\":\"https:\\\/\\\/medytec.eu\\\/fr\\\/2023\\\/03\\\/14\\\/les-innovations-en-sante-du-territoire-quand-lia-decrypte-les-images-du-cerveau\\\/#primaryimage\"},\"thumbnailUrl\":\"https:\\\/\\\/medytec.eu\\\/wp-content\\\/uploads\\\/2023\\\/03\\\/Pixyl-Live-Reporting-in-Use.jpg\",\"articleSection\":[\"Innovations en sant\u00e9\"],\"inLanguage\":\"en-US\"},{\"@type\":\"WebPage\",\"@id\":\"https:\\\/\\\/medytec.eu\\\/fr\\\/2023\\\/03\\\/14\\\/les-innovations-en-sante-du-territoire-quand-lia-decrypte-les-images-du-cerveau\\\/\",\"url\":\"https:\\\/\\\/medytec.eu\\\/fr\\\/2023\\\/03\\\/14\\\/les-innovations-en-sante-du-territoire-quand-lia-decrypte-les-images-du-cerveau\\\/\",\"name\":\"Les innovations en sant\u00e9 du territoire : quand l\u2019IA d\u00e9crypte les images du cerveau - Medytec\",\"isPartOf\":{\"@id\":\"https:\\\/\\\/medytec.eu\\\/#website\"},\"primaryImageOfPage\":{\"@id\":\"https:\\\/\\\/medytec.eu\\\/fr\\\/2023\\\/03\\\/14\\\/les-innovations-en-sante-du-territoire-quand-lia-decrypte-les-images-du-cerveau\\\/#primaryimage\"},\"image\":{\"@id\":\"https:\\\/\\\/medytec.eu\\\/fr\\\/2023\\\/03\\\/14\\\/les-innovations-en-sante-du-territoire-quand-lia-decrypte-les-images-du-cerveau\\\/#primaryimage\"},\"thumbnailUrl\":\"https:\\\/\\\/medytec.eu\\\/wp-content\\\/uploads\\\/2023\\\/03\\\/Pixyl-Live-Reporting-in-Use.jpg\",\"datePublished\":\"2023-03-14T11:12:05+00:00\",\"dateModified\":\"2023-03-14T14:53:45+00:00\",\"description\":\"Pixyl est une startup bas\u00e9e \u00e0 Grenoble, au c\u0153ur des Alpes fran\u00e7aises, sp\u00e9cialis\u00e9e dans l\u2019analyse automatique des images m\u00e9dicales gr\u00e2ce \u00e0 l'IA.\",\"breadcrumb\":{\"@id\":\"https:\\\/\\\/medytec.eu\\\/fr\\\/2023\\\/03\\\/14\\\/les-innovations-en-sante-du-territoire-quand-lia-decrypte-les-images-du-cerveau\\\/#breadcrumb\"},\"inLanguage\":\"en-US\",\"potentialAction\":[{\"@type\":\"ReadAction\",\"target\":[\"https:\\\/\\\/medytec.eu\\\/fr\\\/2023\\\/03\\\/14\\\/les-innovations-en-sante-du-territoire-quand-lia-decrypte-les-images-du-cerveau\\\/\"]}]},{\"@type\":\"ImageObject\",\"inLanguage\":\"en-US\",\"@id\":\"https:\\\/\\\/medytec.eu\\\/fr\\\/2023\\\/03\\\/14\\\/les-innovations-en-sante-du-territoire-quand-lia-decrypte-les-images-du-cerveau\\\/#primaryimage\",\"url\":\"https:\\\/\\\/medytec.eu\\\/wp-content\\\/uploads\\\/2023\\\/03\\\/Pixyl-Live-Reporting-in-Use.jpg\",\"contentUrl\":\"https:\\\/\\\/medytec.eu\\\/wp-content\\\/uploads\\\/2023\\\/03\\\/Pixyl-Live-Reporting-in-Use.jpg\",\"width\":1920,\"height\":1280},{\"@type\":\"BreadcrumbList\",\"@id\":\"https:\\\/\\\/medytec.eu\\\/fr\\\/2023\\\/03\\\/14\\\/les-innovations-en-sante-du-territoire-quand-lia-decrypte-les-images-du-cerveau\\\/#breadcrumb\",\"itemListElement\":[{\"@type\":\"ListItem\",\"position\":1,\"name\":\"Accueil\",\"item\":\"https:\\\/\\\/medytec.eu\\\/\"},{\"@type\":\"ListItem\",\"position\":2,\"name\":\"Les innovations en sant\u00e9 du territoire : quand l\u2019IA d\u00e9crypte les images du cerveau\"}]},{\"@type\":\"WebSite\",\"@id\":\"https:\\\/\\\/medytec.eu\\\/#website\",\"url\":\"https:\\\/\\\/medytec.eu\\\/\",\"name\":\"Medytec\",\"description\":\"Le hub des technologies de la sant\u00e9 de grenoble-Alpes\",\"publisher\":{\"@id\":\"https:\\\/\\\/medytec.eu\\\/#organization\"},\"potentialAction\":[{\"@type\":\"SearchAction\",\"target\":{\"@type\":\"EntryPoint\",\"urlTemplate\":\"https:\\\/\\\/medytec.eu\\\/?s={search_term_string}\"},\"query-input\":{\"@type\":\"PropertyValueSpecification\",\"valueRequired\":true,\"valueName\":\"search_term_string\"}}],\"inLanguage\":\"en-US\"},{\"@type\":\"Organization\",\"@id\":\"https:\\\/\\\/medytec.eu\\\/#organization\",\"name\":\"MedYtec\",\"url\":\"https:\\\/\\\/medytec.eu\\\/\",\"logo\":{\"@type\":\"ImageObject\",\"inLanguage\":\"en-US\",\"@id\":\"https:\\\/\\\/medytec.eu\\\/#\\\/schema\\\/logo\\\/image\\\/\",\"url\":\"https:\\\/\\\/medytec.eu\\\/wp-content\\\/uploads\\\/2020\\\/02\\\/logo-medytec.png\",\"contentUrl\":\"https:\\\/\\\/medytec.eu\\\/wp-content\\\/uploads\\\/2020\\\/02\\\/logo-medytec.png\",\"width\":426,\"height\":147,\"caption\":\"MedYtec\"},\"image\":{\"@id\":\"https:\\\/\\\/medytec.eu\\\/#\\\/schema\\\/logo\\\/image\\\/\"}},{\"@type\":\"Person\",\"@id\":\"https:\\\/\\\/medytec.eu\\\/#\\\/schema\\\/person\\\/52643406ade6747ec29f0a5ca286f5fe\",\"name\":\"okparfait\",\"url\":\"https:\\\/\\\/medytec.eu\\\/en\\\/author\\\/e486db832ef7dcb5\\\/\"}]}<\/script>\n<!-- \/ Yoast SEO plugin. -->","yoast_head_json":{"title":"Les innovations en sant\u00e9 du territoire : quand l\u2019IA d\u00e9crypte les images du cerveau - Medytec","description":"Pixyl est une startup bas\u00e9e \u00e0 Grenoble, au c\u0153ur des Alpes fran\u00e7aises, sp\u00e9cialis\u00e9e dans l\u2019analyse automatique des images m\u00e9dicales gr\u00e2ce \u00e0 l'IA.","robots":{"index":"index","follow":"follow","max-snippet":"max-snippet:-1","max-image-preview":"max-image-preview:large","max-video-preview":"max-video-preview:-1"},"canonical":"https:\/\/medytec.eu\/en\/2023\/03\/14\/les-innovations-en-sante-du-territoire-quand-lia-decrypte-les-images-du-cerveau\/","og_locale":"en_US","og_type":"article","og_title":"Les innovations en sant\u00e9 du territoire : quand l\u2019IA d\u00e9crypte les images du cerveau - Medytec","og_description":"Pixyl est une startup bas\u00e9e \u00e0 Grenoble, au c\u0153ur des Alpes fran\u00e7aises, sp\u00e9cialis\u00e9e dans l\u2019analyse automatique des images m\u00e9dicales gr\u00e2ce \u00e0 l'IA.","og_url":"https:\/\/medytec.eu\/en\/2023\/03\/14\/les-innovations-en-sante-du-territoire-quand-lia-decrypte-les-images-du-cerveau\/","og_site_name":"Medytec","article_published_time":"2023-03-14T11:12:05+00:00","article_modified_time":"2023-03-14T14:53:45+00:00","og_image":[{"width":1920,"height":1280,"url":"https:\/\/medytec.eu\/wp-content\/uploads\/2023\/03\/Pixyl-Live-Reporting-in-Use.jpg","type":"image\/jpeg"}],"author":"okparfait","twitter_card":"summary_large_image","twitter_misc":{"Written by":"okparfait","Est. reading time":"7 minutes"},"schema":{"@context":"https:\/\/schema.org","@graph":[{"@type":"Article","@id":"https:\/\/medytec.eu\/fr\/2023\/03\/14\/les-innovations-en-sante-du-territoire-quand-lia-decrypte-les-images-du-cerveau\/#article","isPartOf":{"@id":"https:\/\/medytec.eu\/fr\/2023\/03\/14\/les-innovations-en-sante-du-territoire-quand-lia-decrypte-les-images-du-cerveau\/"},"author":{"name":"okparfait","@id":"https:\/\/medytec.eu\/#\/schema\/person\/52643406ade6747ec29f0a5ca286f5fe"},"headline":"Les innovations en sant\u00e9 du territoire : quand l\u2019IA d\u00e9crypte les images du cerveau","datePublished":"2023-03-14T11:12:05+00:00","dateModified":"2023-03-14T14:53:45+00:00","mainEntityOfPage":{"@id":"https:\/\/medytec.eu\/fr\/2023\/03\/14\/les-innovations-en-sante-du-territoire-quand-lia-decrypte-les-images-du-cerveau\/"},"wordCount":1272,"publisher":{"@id":"https:\/\/medytec.eu\/#organization"},"image":{"@id":"https:\/\/medytec.eu\/fr\/2023\/03\/14\/les-innovations-en-sante-du-territoire-quand-lia-decrypte-les-images-du-cerveau\/#primaryimage"},"thumbnailUrl":"https:\/\/medytec.eu\/wp-content\/uploads\/2023\/03\/Pixyl-Live-Reporting-in-Use.jpg","articleSection":["Innovations en sant\u00e9"],"inLanguage":"en-US"},{"@type":"WebPage","@id":"https:\/\/medytec.eu\/fr\/2023\/03\/14\/les-innovations-en-sante-du-territoire-quand-lia-decrypte-les-images-du-cerveau\/","url":"https:\/\/medytec.eu\/fr\/2023\/03\/14\/les-innovations-en-sante-du-territoire-quand-lia-decrypte-les-images-du-cerveau\/","name":"Les innovations en sant\u00e9 du territoire : quand l\u2019IA d\u00e9crypte les images du cerveau - Medytec","isPartOf":{"@id":"https:\/\/medytec.eu\/#website"},"primaryImageOfPage":{"@id":"https:\/\/medytec.eu\/fr\/2023\/03\/14\/les-innovations-en-sante-du-territoire-quand-lia-decrypte-les-images-du-cerveau\/#primaryimage"},"image":{"@id":"https:\/\/medytec.eu\/fr\/2023\/03\/14\/les-innovations-en-sante-du-territoire-quand-lia-decrypte-les-images-du-cerveau\/#primaryimage"},"thumbnailUrl":"https:\/\/medytec.eu\/wp-content\/uploads\/2023\/03\/Pixyl-Live-Reporting-in-Use.jpg","datePublished":"2023-03-14T11:12:05+00:00","dateModified":"2023-03-14T14:53:45+00:00","description":"Pixyl est une startup bas\u00e9e \u00e0 Grenoble, au c\u0153ur des Alpes fran\u00e7aises, sp\u00e9cialis\u00e9e dans l\u2019analyse automatique des images m\u00e9dicales gr\u00e2ce \u00e0 l'IA.","breadcrumb":{"@id":"https:\/\/medytec.eu\/fr\/2023\/03\/14\/les-innovations-en-sante-du-territoire-quand-lia-decrypte-les-images-du-cerveau\/#breadcrumb"},"inLanguage":"en-US","potentialAction":[{"@type":"ReadAction","target":["https:\/\/medytec.eu\/fr\/2023\/03\/14\/les-innovations-en-sante-du-territoire-quand-lia-decrypte-les-images-du-cerveau\/"]}]},{"@type":"ImageObject","inLanguage":"en-US","@id":"https:\/\/medytec.eu\/fr\/2023\/03\/14\/les-innovations-en-sante-du-territoire-quand-lia-decrypte-les-images-du-cerveau\/#primaryimage","url":"https:\/\/medytec.eu\/wp-content\/uploads\/2023\/03\/Pixyl-Live-Reporting-in-Use.jpg","contentUrl":"https:\/\/medytec.eu\/wp-content\/uploads\/2023\/03\/Pixyl-Live-Reporting-in-Use.jpg","width":1920,"height":1280},{"@type":"BreadcrumbList","@id":"https:\/\/medytec.eu\/fr\/2023\/03\/14\/les-innovations-en-sante-du-territoire-quand-lia-decrypte-les-images-du-cerveau\/#breadcrumb","itemListElement":[{"@type":"ListItem","position":1,"name":"Accueil","item":"https:\/\/medytec.eu\/"},{"@type":"ListItem","position":2,"name":"Les innovations en sant\u00e9 du territoire : quand l\u2019IA d\u00e9crypte les images du cerveau"}]},{"@type":"WebSite","@id":"https:\/\/medytec.eu\/#website","url":"https:\/\/medytec.eu\/","name":"Medytec","description":"Le hub des technologies de la sant\u00e9 de grenoble-Alpes","publisher":{"@id":"https:\/\/medytec.eu\/#organization"},"potentialAction":[{"@type":"SearchAction","target":{"@type":"EntryPoint","urlTemplate":"https:\/\/medytec.eu\/?s={search_term_string}"},"query-input":{"@type":"PropertyValueSpecification","valueRequired":true,"valueName":"search_term_string"}}],"inLanguage":"en-US"},{"@type":"Organization","@id":"https:\/\/medytec.eu\/#organization","name":"MedYtec","url":"https:\/\/medytec.eu\/","logo":{"@type":"ImageObject","inLanguage":"en-US","@id":"https:\/\/medytec.eu\/#\/schema\/logo\/image\/","url":"https:\/\/medytec.eu\/wp-content\/uploads\/2020\/02\/logo-medytec.png","contentUrl":"https:\/\/medytec.eu\/wp-content\/uploads\/2020\/02\/logo-medytec.png","width":426,"height":147,"caption":"MedYtec"},"image":{"@id":"https:\/\/medytec.eu\/#\/schema\/logo\/image\/"}},{"@type":"Person","@id":"https:\/\/medytec.eu\/#\/schema\/person\/52643406ade6747ec29f0a5ca286f5fe","name":"okparfait","url":"https:\/\/medytec.eu\/en\/author\/e486db832ef7dcb5\/"}]}},"_links":{"self":[{"href":"https:\/\/medytec.eu\/en\/wp-json\/wp\/v2\/posts\/5525","targetHints":{"allow":["GET"]}}],"collection":[{"href":"https:\/\/medytec.eu\/en\/wp-json\/wp\/v2\/posts"}],"about":[{"href":"https:\/\/medytec.eu\/en\/wp-json\/wp\/v2\/types\/post"}],"author":[{"embeddable":true,"href":"https:\/\/medytec.eu\/en\/wp-json\/wp\/v2\/users\/4"}],"replies":[{"embeddable":true,"href":"https:\/\/medytec.eu\/en\/wp-json\/wp\/v2\/comments?post=5525"}],"version-history":[{"count":0,"href":"https:\/\/medytec.eu\/en\/wp-json\/wp\/v2\/posts\/5525\/revisions"}],"wp:featuredmedia":[{"embeddable":true,"href":"https:\/\/medytec.eu\/en\/wp-json\/wp\/v2\/media\/5527"}],"wp:attachment":[{"href":"https:\/\/medytec.eu\/en\/wp-json\/wp\/v2\/media?parent=5525"}],"wp:term":[{"taxonomy":"category","embeddable":true,"href":"https:\/\/medytec.eu\/en\/wp-json\/wp\/v2\/categories?post=5525"},{"taxonomy":"post_tag","embeddable":true,"href":"https:\/\/medytec.eu\/en\/wp-json\/wp\/v2\/tags?post=5525"}],"curies":[{"name":"wp","href":"https:\/\/api.w.org\/{rel}","templated":true}]}}