{"id":4220,"date":"2022-05-11T11:48:44","date_gmt":"2022-05-11T09:48:44","guid":{"rendered":"https:\/\/medytec.eu\/?p=4220"},"modified":"2022-06-16T10:44:11","modified_gmt":"2022-06-16T08:44:11","slug":"les-services-daccompagnement-de-la-filiere-sante-de-grenoble-alpes","status":"publish","type":"post","link":"https:\/\/medytec.eu\/en\/2022\/05\/11\/les-services-daccompagnement-de-la-filiere-sante-de-grenoble-alpes\/","title":{"rendered":"Les services d&rsquo;accompagnement de la fili\u00e8re Sant\u00e9 de Grenoble Alpes"},"content":{"rendered":"<div data-elementor-type=\"wp-post\" data-elementor-id=\"4220\" class=\"elementor elementor-4220\" data-elementor-post-type=\"post\">\n\t\t\t\t\t\t<section class=\"elementor-section elementor-top-section elementor-element elementor-element-24bae15 elementor-section-boxed elementor-section-height-default elementor-section-height-default\" data-id=\"24bae15\" data-element_type=\"section\" data-e-type=\"section\">\n\t\t\t\t\t\t<div class=\"elementor-container elementor-column-gap-default\">\n\t\t\t\t\t<div class=\"elementor-column elementor-col-100 elementor-top-column elementor-element elementor-element-f976ea0\" data-id=\"f976ea0\" data-element_type=\"column\" data-e-type=\"column\">\n\t\t\t<div class=\"elementor-widget-wrap elementor-element-populated\">\n\t\t\t\t\t\t<div class=\"elementor-element elementor-element-d3ecd83 elementor-widget elementor-widget-heading\" data-id=\"d3ecd83\" data-element_type=\"widget\" data-e-type=\"widget\" data-widget_type=\"heading.default\">\n\t\t\t\t<div class=\"elementor-widget-container\">\n\t\t\t\t\t<h3 class=\"elementor-heading-title elementor-size-default\">LE SHOWROOM DE MEDYTEC<\/h3>\t\t\t\t<\/div>\n\t\t\t\t<\/div>\n\t\t\t\t\t<\/div>\n\t\t<\/div>\n\t\t\t\t\t<\/div>\n\t\t<\/section>\n\t\t\t\t<section class=\"elementor-section elementor-top-section elementor-element elementor-element-488ea39 elementor-section-boxed elementor-section-height-default elementor-section-height-default\" data-id=\"488ea39\" data-element_type=\"section\" data-e-type=\"section\">\n\t\t\t\t\t\t<div class=\"elementor-container elementor-column-gap-default\">\n\t\t\t\t\t<div class=\"elementor-column elementor-col-100 elementor-top-column elementor-element elementor-element-399d438\" data-id=\"399d438\" data-element_type=\"column\" data-e-type=\"column\">\n\t\t\t<div class=\"elementor-widget-wrap elementor-element-populated\">\n\t\t\t\t\t\t<div class=\"elementor-element elementor-element-0a45ae0 elementor-widget elementor-widget-text-editor\" data-id=\"0a45ae0\" data-element_type=\"widget\" data-e-type=\"widget\" data-widget_type=\"text-editor.default\">\n\t\t\t\t<div class=\"elementor-widget-container\">\n\t\t\t\t\t\t\t\t\t<p>Situ\u00e9 au c\u0153ur d\u2019un\u00a0<a href=\"https:\/\/medytec.eu\/en\/un-ecosysteme-d-excellence-en-sante\/les-acteurs-de-l-ecosysteme-sante\/\" target=\"_blank\" rel=\"noopener\">\u00e9cosyst\u00e8me innovant<\/a>, le showroom de Medytec met en lumi\u00e8re l\u2019excellence de l\u2019\u00e9cosyst\u00e8me sant\u00e9 de Grenoble Alpes.<\/p><p>Au travers des \u00e9crans tactiles et des vitrines produits pr\u00e9sents dans le\u00a0<a href=\"https:\/\/medytec.eu\/en\/vos-evenements\/espaces-medytec-pour-vos-evenements-personnalises\/\" target=\"_blank\" rel=\"noopener\">unique<\/a>, d\u00e9couvrez petit \u00e0 petit l&rsquo;histoire de la fili\u00e8re, les acteurs, les innovations et les services d&rsquo;accompagnement du territoire !<\/p>\t\t\t\t\t\t\t\t<\/div>\n\t\t\t\t<\/div>\n\t\t\t\t\t<\/div>\n\t\t<\/div>\n\t\t\t\t\t<\/div>\n\t\t<\/section>\n\t\t\t\t<section class=\"elementor-section elementor-top-section elementor-element elementor-element-f797006 elementor-section-boxed elementor-section-height-default elementor-section-height-default\" data-id=\"f797006\" data-element_type=\"section\" data-e-type=\"section\">\n\t\t\t\t\t\t<div class=\"elementor-container elementor-column-gap-default\">\n\t\t\t\t\t<div class=\"elementor-column elementor-col-100 elementor-top-column elementor-element elementor-element-3c1ea56\" data-id=\"3c1ea56\" data-element_type=\"column\" data-e-type=\"column\">\n\t\t\t<div class=\"elementor-widget-wrap elementor-element-populated\">\n\t\t\t\t\t\t<div class=\"elementor-element elementor-element-ce0c3cb elementor-widget elementor-widget-heading\" data-id=\"ce0c3cb\" data-element_type=\"widget\" data-e-type=\"widget\" data-widget_type=\"heading.default\">\n\t\t\t\t<div class=\"elementor-widget-container\">\n\t\t\t\t\t<h3 class=\"elementor-heading-title elementor-size-default\">LES SERVICES D'ACCOMPAGNEMENT DU TERRITOIRE<\/h3>\t\t\t\t<\/div>\n\t\t\t\t<\/div>\n\t\t\t\t\t<\/div>\n\t\t<\/div>\n\t\t\t\t\t<\/div>\n\t\t<\/section>\n\t\t\t\t<section class=\"elementor-section elementor-top-section elementor-element elementor-element-04b1782 elementor-section-boxed elementor-section-height-default elementor-section-height-default\" data-id=\"04b1782\" data-element_type=\"section\" data-e-type=\"section\">\n\t\t\t\t\t\t<div class=\"elementor-container elementor-column-gap-default\">\n\t\t\t\t\t<div class=\"elementor-column elementor-col-100 elementor-top-column elementor-element elementor-element-a406f57\" data-id=\"a406f57\" data-element_type=\"column\" data-e-type=\"column\">\n\t\t\t<div class=\"elementor-widget-wrap elementor-element-populated\">\n\t\t\t\t\t\t<div class=\"elementor-element elementor-element-457e467 elementor-widget elementor-widget-heading\" data-id=\"457e467\" data-element_type=\"widget\" data-e-type=\"widget\" data-widget_type=\"heading.default\">\n\t\t\t\t<div class=\"elementor-widget-container\">\n\t\t\t\t\t<h3 class=\"elementor-heading-title elementor-size-medium\">Vous souhaitez : trouver un lieu d'h\u00e9bergement ? collaborer avec la recherche ? faire une lev\u00e9e de fonds ? valider cliniquement votre solution? vous d\u00e9velopper \u00e0 l'international ? industrialiser votre solution ? transf\u00e9rer votre technologie ? vous conformer \u00e0 la r\u00e8glementation ?\u00a0...<\/h3>\t\t\t\t<\/div>\n\t\t\t\t<\/div>\n\t\t\t\t\t<\/div>\n\t\t<\/div>\n\t\t\t\t\t<\/div>\n\t\t<\/section>\n\t\t\t\t<section class=\"elementor-section elementor-top-section elementor-element elementor-element-8fb7979 elementor-section-boxed elementor-section-height-default elementor-section-height-default\" data-id=\"8fb7979\" data-element_type=\"section\" data-e-type=\"section\">\n\t\t\t\t\t\t<div class=\"elementor-container elementor-column-gap-default\">\n\t\t\t\t\t<div class=\"elementor-column elementor-col-100 elementor-top-column elementor-element elementor-element-43dd2a7\" data-id=\"43dd2a7\" data-element_type=\"column\" data-e-type=\"column\">\n\t\t\t<div class=\"elementor-widget-wrap elementor-element-populated\">\n\t\t\t\t\t\t<div class=\"elementor-element elementor-element-479cfce elementor-widget elementor-widget-text-editor\" data-id=\"479cfce\" data-element_type=\"widget\" data-e-type=\"widget\" data-widget_type=\"text-editor.default\">\n\t\t\t\t<div class=\"elementor-widget-container\">\n\t\t\t\t\t\t\t\t\t<p>Un \u00e9cran du showroom r\u00e9f\u00e9rence l&rsquo;ensemble des acteurs et des services pertinents pour les soci\u00e9t\u00e9s de la fili\u00e8re Sant\u00e9.&nbsp;<span style=\"font-size: 18px; color: var( --e-global-color-text );\">L&rsquo;objectif est de donner plus de visibilit\u00e9 aux services d&rsquo;accompagnement pr\u00e9sents sur le territoire afin d&rsquo;accompagner les soci\u00e9t\u00e9s dans leur d\u00e9veloppement.<\/span><\/p>\t\t\t\t\t\t\t\t<\/div>\n\t\t\t\t<\/div>\n\t\t\t\t\t<\/div>\n\t\t<\/div>\n\t\t\t\t\t<\/div>\n\t\t<\/section>\n\t\t\t\t<section class=\"elementor-section elementor-top-section elementor-element elementor-element-ed71d80 elementor-section-boxed elementor-section-height-default elementor-section-height-default\" data-id=\"ed71d80\" data-element_type=\"section\" data-e-type=\"section\">\n\t\t\t\t\t\t<div class=\"elementor-container elementor-column-gap-default\">\n\t\t\t\t\t<div class=\"elementor-column elementor-col-66 elementor-top-column elementor-element elementor-element-0047940\" data-id=\"0047940\" data-element_type=\"column\" data-e-type=\"column\">\n\t\t\t<div class=\"elementor-widget-wrap elementor-element-populated\">\n\t\t\t\t\t\t<div class=\"elementor-element elementor-element-1295279 elementor-widget elementor-widget-image\" data-id=\"1295279\" data-element_type=\"widget\" data-e-type=\"widget\" data-widget_type=\"image.default\">\n\t\t\t\t<div class=\"elementor-widget-container\">\n\t\t\t\t\t\t\t\t\t\t\t\t\t\t\t<img fetchpriority=\"high\" decoding=\"async\" width=\"1024\" height=\"576\" src=\"https:\/\/medytec.eu\/wp-content\/uploads\/2022\/05\/Medytec-ecran-des-services-1-1024x576.png\" class=\"attachment-large size-large wp-image-4230\" alt=\"\" srcset=\"https:\/\/medytec.eu\/wp-content\/uploads\/2022\/05\/Medytec-ecran-des-services-1-1024x576.png 1024w, https:\/\/medytec.eu\/wp-content\/uploads\/2022\/05\/Medytec-ecran-des-services-1-300x169.png 300w, https:\/\/medytec.eu\/wp-content\/uploads\/2022\/05\/Medytec-ecran-des-services-1-768x432.png 768w, https:\/\/medytec.eu\/wp-content\/uploads\/2022\/05\/Medytec-ecran-des-services-1-1536x864.png 1536w, https:\/\/medytec.eu\/wp-content\/uploads\/2022\/05\/Medytec-ecran-des-services-1-2048x1152.png 2048w, https:\/\/medytec.eu\/wp-content\/uploads\/2022\/05\/Medytec-ecran-des-services-1-18x10.png 18w, https:\/\/medytec.eu\/wp-content\/uploads\/2022\/05\/Medytec-ecran-des-services-1-800x450.png 800w\" sizes=\"(max-width: 1024px) 100vw, 1024px\" \/>\t\t\t\t\t\t\t\t\t\t\t\t\t\t\t<\/div>\n\t\t\t\t<\/div>\n\t\t\t\t\t<\/div>\n\t\t<\/div>\n\t\t\t\t<div class=\"elementor-column elementor-col-33 elementor-top-column elementor-element elementor-element-bd9da19\" data-id=\"bd9da19\" data-element_type=\"column\" data-e-type=\"column\">\n\t\t\t<div class=\"elementor-widget-wrap elementor-element-populated\">\n\t\t\t\t\t\t<div class=\"elementor-element elementor-element-e411270 elementor-widget elementor-widget-text-editor\" data-id=\"e411270\" data-element_type=\"widget\" data-e-type=\"widget\" data-widget_type=\"text-editor.default\">\n\t\t\t\t<div class=\"elementor-widget-container\">\n\t\t\t\t\t\t\t\t\t<p>Les services se divisent en 5 cat\u00e9gories :\u00a0<\/p><ul><li>cr\u00e9er son entreprise<\/li><li>d\u00e9velopper un projet de R&amp;D<\/li><li>se financer<\/li><li>d\u00e9velopper son entreprise<\/li><li>d\u00e9velopper son r\u00e9seau et communiquer<\/li><\/ul>\t\t\t\t\t\t\t\t<\/div>\n\t\t\t\t<\/div>\n\t\t\t\t\t<\/div>\n\t\t<\/div>\n\t\t\t\t\t<\/div>\n\t\t<\/section>\n\t\t\t\t<section class=\"elementor-section elementor-top-section elementor-element elementor-element-39cd8e4 elementor-section-boxed elementor-section-height-default elementor-section-height-default\" data-id=\"39cd8e4\" data-element_type=\"section\" data-e-type=\"section\">\n\t\t\t\t\t\t<div class=\"elementor-container elementor-column-gap-default\">\n\t\t\t\t\t<div class=\"elementor-column elementor-col-100 elementor-top-column elementor-element elementor-element-4c51561\" data-id=\"4c51561\" data-element_type=\"column\" data-e-type=\"column\">\n\t\t\t<div class=\"elementor-widget-wrap elementor-element-populated\">\n\t\t\t\t\t\t<div class=\"elementor-element elementor-element-5882048 elementor-widget elementor-widget-heading\" data-id=\"5882048\" data-element_type=\"widget\" data-e-type=\"widget\" data-widget_type=\"heading.default\">\n\t\t\t\t<div class=\"elementor-widget-container\">\n\t\t\t\t\t<h3 class=\"elementor-heading-title elementor-size-default\">PLUS DE 70 ACTEURS R\u00c9F\u00c9RENC\u00c9S<\/h3>\t\t\t\t<\/div>\n\t\t\t\t<\/div>\n\t\t\t\t\t<\/div>\n\t\t<\/div>\n\t\t\t\t\t<\/div>\n\t\t<\/section>\n\t\t\t\t<section class=\"elementor-section elementor-top-section elementor-element elementor-element-328abdf6 elementor-section-boxed elementor-section-height-default elementor-section-height-default\" data-id=\"328abdf6\" data-element_type=\"section\" data-e-type=\"section\">\n\t\t\t\t\t\t<div class=\"elementor-container elementor-column-gap-default\">\n\t\t\t\t\t<div class=\"elementor-column elementor-col-100 elementor-top-column elementor-element elementor-element-699e1583\" data-id=\"699e1583\" data-element_type=\"column\" data-e-type=\"column\">\n\t\t\t<div class=\"elementor-widget-wrap elementor-element-populated\">\n\t\t\t\t\t\t<div class=\"elementor-element elementor-element-5d2a5b0 elementor-widget elementor-widget-text-editor\" data-id=\"5d2a5b0\" data-element_type=\"widget\" data-e-type=\"widget\" data-widget_type=\"text-editor.default\">\n\t\t\t\t<div class=\"elementor-widget-container\">\n\t\t\t\t\t\t\t\t\t<p>P\u00f4les de comp\u00e9titivit\u00e9s, clusters, acc\u00e9l\u00e9rateurs, soci\u00e9t\u00e9s de conseils en financement, banques, centres de recherche, sous-traitants&#8230; A ce jour, <strong>plus de 70 acteurs sont r\u00e9f\u00e9renc\u00e9s dans le showroom<\/strong>.<\/p><hr \/><p>Lors de votre passage \u00e0 Medytec, vous pourrez parcourir l&rsquo;ensemble des services pr\u00e9sents sur cet \u00e9crans.\u00a0<\/p>\t\t\t\t\t\t\t\t<\/div>\n\t\t\t\t<\/div>\n\t\t\t\t\t<\/div>\n\t\t<\/div>\n\t\t\t\t\t<\/div>\n\t\t<\/section>\n\t\t\t\t<section class=\"elementor-section elementor-top-section elementor-element elementor-element-e261f36 elementor-section-boxed elementor-section-height-default elementor-section-height-default\" data-id=\"e261f36\" data-element_type=\"section\" data-e-type=\"section\">\n\t\t\t\t\t\t<div class=\"elementor-container elementor-column-gap-default\">\n\t\t\t\t\t<div class=\"elementor-column elementor-col-100 elementor-top-column elementor-element elementor-element-473c69f\" data-id=\"473c69f\" data-element_type=\"column\" data-e-type=\"column\">\n\t\t\t<div class=\"elementor-widget-wrap elementor-element-populated\">\n\t\t\t\t\t\t<div class=\"elementor-element elementor-element-99e656b elementor-widget elementor-widget-heading\" data-id=\"99e656b\" data-element_type=\"widget\" data-e-type=\"widget\" data-widget_type=\"heading.default\">\n\t\t\t\t<div class=\"elementor-widget-container\">\n\t\t\t\t\t<h3 class=\"elementor-heading-title elementor-size-large\">QUAND VENIR VISITER LE SHOWROOM ?<\/h3>\t\t\t\t<\/div>\n\t\t\t\t<\/div>\n\t\t\t\t\t<\/div>\n\t\t<\/div>\n\t\t\t\t\t<\/div>\n\t\t<\/section>\n\t\t\t\t<section class=\"elementor-section elementor-top-section elementor-element elementor-element-dc878ed elementor-section-boxed elementor-section-height-default elementor-section-height-default\" data-id=\"dc878ed\" data-element_type=\"section\" data-e-type=\"section\">\n\t\t\t\t\t\t<div class=\"elementor-container elementor-column-gap-default\">\n\t\t\t\t\t<div class=\"elementor-column elementor-col-100 elementor-top-column elementor-element elementor-element-0521a01\" data-id=\"0521a01\" data-element_type=\"column\" data-e-type=\"column\">\n\t\t\t<div class=\"elementor-widget-wrap elementor-element-populated\">\n\t\t\t\t\t\t<div class=\"elementor-element elementor-element-e2a7671 elementor-widget elementor-widget-text-editor\" data-id=\"e2a7671\" data-element_type=\"widget\" data-e-type=\"widget\" data-widget_type=\"text-editor.default\">\n\t\t\t\t<div class=\"elementor-widget-container\">\n\t\t\t\t\t\t\t\t\t<p>Nous vous invitons \u00e0 visiter le lieu lors de nos\u00a0<span style=\"color: #00a8bc;\"><a style=\"color: #00a8bc;\" href=\"https:\/\/medytec.eu\/en\/events\/journees-libre-acces\/\" target=\"_blank\" rel=\"noopener\">journ\u00e9es libre acc\u00e8s<\/a><\/span> ou \u00e0 nous contacter par mail pour prendre rendez-vous :<span style=\"color: #00a8bc;\">\u00a0<a style=\"color: #00a8bc;\" href=\"mailto:margaux.denantes@medytec.eu\" target=\"_blank\" rel=\"noopener\">margaux.denantes@medytec.eu<\/a><\/span><\/p><p style=\"text-align: right;\">L\u2019\u00e9quipe Medytec<\/p>\t\t\t\t\t\t\t\t<\/div>\n\t\t\t\t<\/div>\n\t\t\t\t\t<\/div>\n\t\t<\/div>\n\t\t\t\t\t<\/div>\n\t\t<\/section>\n\t\t\t\t<\/div>","protected":false},"excerpt":{"rendered":"<p>LE SHOWROOM DE MEDYTEC Situ\u00e9 au c\u0153ur d\u2019un&nbsp;\u00e9cosyst\u00e8me innovant, le showroom de Medytec met en lumi\u00e8re l\u2019excellence de l\u2019\u00e9cosyst\u00e8me sant\u00e9 de Grenoble Alpes. Au travers des \u00e9crans tactiles et des vitrines produits pr\u00e9sents dans le&nbsp;showroom, d\u00e9couvrez petit \u00e0 petit l&rsquo;histoire de la fili\u00e8re, les acteurs, les innovations et les services d&rsquo;accompagnement du territoire ! LES [&hellip;]<\/p>\n","protected":false},"author":4,"featured_media":4353,"comment_status":"closed","ping_status":"open","sticky":false,"template":"","format":"standard","meta":{"ocean_post_layout":"","ocean_both_sidebars_style":"","ocean_both_sidebars_content_width":0,"ocean_both_sidebars_sidebars_width":0,"ocean_sidebar":"0","ocean_second_sidebar":"0","ocean_disable_margins":"enable","ocean_add_body_class":"","ocean_shortcode_before_top_bar":"","ocean_shortcode_after_top_bar":"","ocean_shortcode_before_header":"","ocean_shortcode_after_header":"","ocean_has_shortcode":"","ocean_shortcode_after_title":"","ocean_shortcode_before_footer_widgets":"","ocean_shortcode_after_footer_widgets":"","ocean_shortcode_before_footer_bottom":"","ocean_shortcode_after_footer_bottom":"","ocean_display_top_bar":"off","ocean_display_header":"default","ocean_header_style":"","ocean_center_header_left_menu":"0","ocean_custom_header_template":"0","ocean_custom_logo":0,"ocean_custom_retina_logo":0,"ocean_custom_logo_max_width":0,"ocean_custom_logo_tablet_max_width":0,"ocean_custom_logo_mobile_max_width":0,"ocean_custom_logo_max_height":0,"ocean_custom_logo_tablet_max_height":0,"ocean_custom_logo_mobile_max_height":0,"ocean_header_custom_menu":"0","ocean_menu_typo_font_family":"0","ocean_menu_typo_font_subset":"","ocean_menu_typo_font_size":0,"ocean_menu_typo_font_size_tablet":0,"ocean_menu_typo_font_size_mobile":0,"ocean_menu_typo_font_size_unit":"px","ocean_menu_typo_font_weight":"","ocean_menu_typo_font_weight_tablet":"","ocean_menu_typo_font_weight_mobile":"","ocean_menu_typo_transform":"","ocean_menu_typo_transform_tablet":"","ocean_menu_typo_transform_mobile":"","ocean_menu_typo_line_height":0,"ocean_menu_typo_line_height_tablet":0,"ocean_menu_typo_line_height_mobile":0,"ocean_menu_typo_line_height_unit":"","ocean_menu_typo_spacing":0,"ocean_menu_typo_spacing_tablet":0,"ocean_menu_typo_spacing_mobile":0,"ocean_menu_typo_spacing_unit":"","ocean_menu_link_color":"","ocean_menu_link_color_hover":"","ocean_menu_link_color_active":"","ocean_menu_link_background":"","ocean_menu_link_hover_background":"","ocean_menu_link_active_background":"","ocean_menu_social_links_bg":"","ocean_menu_social_hover_links_bg":"","ocean_menu_social_links_color":"","ocean_menu_social_hover_links_color":"","ocean_disable_title":"default","ocean_disable_heading":"default","ocean_post_title":"","ocean_post_subheading":"","ocean_post_title_style":"","ocean_post_title_background_color":"","ocean_post_title_background":0,"ocean_post_title_bg_image_position":"","ocean_post_title_bg_image_attachment":"","ocean_post_title_bg_image_repeat":"","ocean_post_title_bg_image_size":"","ocean_post_title_height":0,"ocean_post_title_bg_overlay":0.5,"ocean_post_title_bg_overlay_color":"","ocean_disable_breadcrumbs":"default","ocean_breadcrumbs_color":"","ocean_breadcrumbs_separator_color":"","ocean_breadcrumbs_links_color":"","ocean_breadcrumbs_links_hover_color":"","ocean_display_footer_widgets":"default","ocean_display_footer_bottom":"default","ocean_custom_footer_template":"0","ocean_post_oembed":"","ocean_post_self_hosted_media":"","ocean_post_video_embed":"","ocean_link_format":"","ocean_link_format_target":"self","ocean_quote_format":"","ocean_quote_format_link":"post","ocean_gallery_link_images":"off","ocean_gallery_id":[],"footnotes":""},"categories":[55],"tags":[],"class_list":["post-4220","post","type-post","status-publish","format-standard","has-post-thumbnail","hentry","category-innovations-en-sante","entry","has-media"],"yoast_head":"<!-- This site is optimized with the Yoast SEO plugin v27.5 - https:\/\/yoast.com\/product\/yoast-seo-wordpress\/ -->\n<title>Les services d&#039;accompagnement de la fili\u00e8re Sant\u00e9 de Grenoble Alpes<\/title>\n<meta name=\"description\" content=\"R\u00e9f\u00e9rencement dans le showroom de Medytec des services d&#039;accompagnement du territoire pour les soci\u00e9t\u00e9s en sant\u00e9.\" \/>\n<meta name=\"robots\" content=\"index, follow, max-snippet:-1, max-image-preview:large, max-video-preview:-1\" \/>\n<link rel=\"canonical\" href=\"https:\/\/medytec.eu\/en\/2022\/05\/11\/les-services-daccompagnement-de-la-filiere-sante-de-grenoble-alpes\/\" \/>\n<meta property=\"og:locale\" content=\"en_US\" \/>\n<meta property=\"og:type\" content=\"article\" \/>\n<meta property=\"og:title\" content=\"Les services d&#039;accompagnement de la fili\u00e8re Sant\u00e9 de Grenoble Alpes\" \/>\n<meta property=\"og:description\" content=\"R\u00e9f\u00e9rencement dans le showroom de Medytec des services d&#039;accompagnement du territoire pour les soci\u00e9t\u00e9s en sant\u00e9.\" \/>\n<meta property=\"og:url\" content=\"https:\/\/medytec.eu\/en\/2022\/05\/11\/les-services-daccompagnement-de-la-filiere-sante-de-grenoble-alpes\/\" \/>\n<meta property=\"og:site_name\" content=\"Medytec\" \/>\n<meta property=\"article:published_time\" content=\"2022-05-11T09:48:44+00:00\" \/>\n<meta property=\"article:modified_time\" content=\"2022-06-16T08:44:11+00:00\" \/>\n<meta property=\"og:image\" content=\"https:\/\/medytec.eu\/wp-content\/uploads\/2022\/05\/Les-services-daccompagnement-de-la-filiere-Sante-de-Grenoble-Alpes.png\" \/>\n\t<meta property=\"og:image:width\" content=\"1280\" \/>\n\t<meta property=\"og:image:height\" content=\"720\" \/>\n\t<meta property=\"og:image:type\" content=\"image\/png\" \/>\n<meta name=\"author\" content=\"okparfait\" \/>\n<meta name=\"twitter:card\" content=\"summary_large_image\" \/>\n<meta name=\"twitter:label1\" content=\"Written by\" \/>\n\t<meta name=\"twitter:data1\" content=\"okparfait\" \/>\n\t<meta name=\"twitter:label2\" content=\"Est. reading time\" \/>\n\t<meta name=\"twitter:data2\" content=\"2 minutes\" \/>\n<script type=\"application\/ld+json\" class=\"yoast-schema-graph\">{\"@context\":\"https:\\\/\\\/schema.org\",\"@graph\":[{\"@type\":\"Article\",\"@id\":\"https:\\\/\\\/medytec.eu\\\/2022\\\/05\\\/11\\\/les-services-daccompagnement-de-la-filiere-sante-de-grenoble-alpes\\\/#article\",\"isPartOf\":{\"@id\":\"https:\\\/\\\/medytec.eu\\\/2022\\\/05\\\/11\\\/les-services-daccompagnement-de-la-filiere-sante-de-grenoble-alpes\\\/\"},\"author\":{\"name\":\"okparfait\",\"@id\":\"https:\\\/\\\/medytec.eu\\\/#\\\/schema\\\/person\\\/52643406ade6747ec29f0a5ca286f5fe\"},\"headline\":\"Les services d&rsquo;accompagnement de la fili\u00e8re Sant\u00e9 de Grenoble Alpes\",\"datePublished\":\"2022-05-11T09:48:44+00:00\",\"dateModified\":\"2022-06-16T08:44:11+00:00\",\"mainEntityOfPage\":{\"@id\":\"https:\\\/\\\/medytec.eu\\\/2022\\\/05\\\/11\\\/les-services-daccompagnement-de-la-filiere-sante-de-grenoble-alpes\\\/\"},\"wordCount\":310,\"publisher\":{\"@id\":\"https:\\\/\\\/medytec.eu\\\/#organization\"},\"image\":{\"@id\":\"https:\\\/\\\/medytec.eu\\\/2022\\\/05\\\/11\\\/les-services-daccompagnement-de-la-filiere-sante-de-grenoble-alpes\\\/#primaryimage\"},\"thumbnailUrl\":\"https:\\\/\\\/medytec.eu\\\/wp-content\\\/uploads\\\/2022\\\/05\\\/Les-services-daccompagnement-de-la-filiere-Sante-de-Grenoble-Alpes.png\",\"articleSection\":[\"Innovations en sant\u00e9\"],\"inLanguage\":\"en-US\"},{\"@type\":\"WebPage\",\"@id\":\"https:\\\/\\\/medytec.eu\\\/2022\\\/05\\\/11\\\/les-services-daccompagnement-de-la-filiere-sante-de-grenoble-alpes\\\/\",\"url\":\"https:\\\/\\\/medytec.eu\\\/2022\\\/05\\\/11\\\/les-services-daccompagnement-de-la-filiere-sante-de-grenoble-alpes\\\/\",\"name\":\"Les services d'accompagnement de la fili\u00e8re Sant\u00e9 de Grenoble Alpes\",\"isPartOf\":{\"@id\":\"https:\\\/\\\/medytec.eu\\\/#website\"},\"primaryImageOfPage\":{\"@id\":\"https:\\\/\\\/medytec.eu\\\/2022\\\/05\\\/11\\\/les-services-daccompagnement-de-la-filiere-sante-de-grenoble-alpes\\\/#primaryimage\"},\"image\":{\"@id\":\"https:\\\/\\\/medytec.eu\\\/2022\\\/05\\\/11\\\/les-services-daccompagnement-de-la-filiere-sante-de-grenoble-alpes\\\/#primaryimage\"},\"thumbnailUrl\":\"https:\\\/\\\/medytec.eu\\\/wp-content\\\/uploads\\\/2022\\\/05\\\/Les-services-daccompagnement-de-la-filiere-Sante-de-Grenoble-Alpes.png\",\"datePublished\":\"2022-05-11T09:48:44+00:00\",\"dateModified\":\"2022-06-16T08:44:11+00:00\",\"description\":\"R\u00e9f\u00e9rencement dans le showroom de Medytec des services d'accompagnement du territoire pour les soci\u00e9t\u00e9s en sant\u00e9.\",\"breadcrumb\":{\"@id\":\"https:\\\/\\\/medytec.eu\\\/2022\\\/05\\\/11\\\/les-services-daccompagnement-de-la-filiere-sante-de-grenoble-alpes\\\/#breadcrumb\"},\"inLanguage\":\"en-US\",\"potentialAction\":[{\"@type\":\"ReadAction\",\"target\":[\"https:\\\/\\\/medytec.eu\\\/2022\\\/05\\\/11\\\/les-services-daccompagnement-de-la-filiere-sante-de-grenoble-alpes\\\/\"]}]},{\"@type\":\"ImageObject\",\"inLanguage\":\"en-US\",\"@id\":\"https:\\\/\\\/medytec.eu\\\/2022\\\/05\\\/11\\\/les-services-daccompagnement-de-la-filiere-sante-de-grenoble-alpes\\\/#primaryimage\",\"url\":\"https:\\\/\\\/medytec.eu\\\/wp-content\\\/uploads\\\/2022\\\/05\\\/Les-services-daccompagnement-de-la-filiere-Sante-de-Grenoble-Alpes.png\",\"contentUrl\":\"https:\\\/\\\/medytec.eu\\\/wp-content\\\/uploads\\\/2022\\\/05\\\/Les-services-daccompagnement-de-la-filiere-Sante-de-Grenoble-Alpes.png\",\"width\":1280,\"height\":720},{\"@type\":\"BreadcrumbList\",\"@id\":\"https:\\\/\\\/medytec.eu\\\/2022\\\/05\\\/11\\\/les-services-daccompagnement-de-la-filiere-sante-de-grenoble-alpes\\\/#breadcrumb\",\"itemListElement\":[{\"@type\":\"ListItem\",\"position\":1,\"name\":\"Accueil\",\"item\":\"https:\\\/\\\/medytec.eu\\\/\"},{\"@type\":\"ListItem\",\"position\":2,\"name\":\"Les services d&rsquo;accompagnement de la fili\u00e8re Sant\u00e9 de Grenoble Alpes\"}]},{\"@type\":\"WebSite\",\"@id\":\"https:\\\/\\\/medytec.eu\\\/#website\",\"url\":\"https:\\\/\\\/medytec.eu\\\/\",\"name\":\"Medytec\",\"description\":\"Le hub des technologies de la sant\u00e9 de grenoble-Alpes\",\"publisher\":{\"@id\":\"https:\\\/\\\/medytec.eu\\\/#organization\"},\"potentialAction\":[{\"@type\":\"SearchAction\",\"target\":{\"@type\":\"EntryPoint\",\"urlTemplate\":\"https:\\\/\\\/medytec.eu\\\/?s={search_term_string}\"},\"query-input\":{\"@type\":\"PropertyValueSpecification\",\"valueRequired\":true,\"valueName\":\"search_term_string\"}}],\"inLanguage\":\"en-US\"},{\"@type\":\"Organization\",\"@id\":\"https:\\\/\\\/medytec.eu\\\/#organization\",\"name\":\"MedYtec\",\"url\":\"https:\\\/\\\/medytec.eu\\\/\",\"logo\":{\"@type\":\"ImageObject\",\"inLanguage\":\"en-US\",\"@id\":\"https:\\\/\\\/medytec.eu\\\/#\\\/schema\\\/logo\\\/image\\\/\",\"url\":\"https:\\\/\\\/medytec.eu\\\/wp-content\\\/uploads\\\/2020\\\/02\\\/logo-medytec.png\",\"contentUrl\":\"https:\\\/\\\/medytec.eu\\\/wp-content\\\/uploads\\\/2020\\\/02\\\/logo-medytec.png\",\"width\":426,\"height\":147,\"caption\":\"MedYtec\"},\"image\":{\"@id\":\"https:\\\/\\\/medytec.eu\\\/#\\\/schema\\\/logo\\\/image\\\/\"}},{\"@type\":\"Person\",\"@id\":\"https:\\\/\\\/medytec.eu\\\/#\\\/schema\\\/person\\\/52643406ade6747ec29f0a5ca286f5fe\",\"name\":\"okparfait\",\"url\":\"https:\\\/\\\/medytec.eu\\\/en\\\/author\\\/e486db832ef7dcb5\\\/\"}]}<\/script>\n<!-- \/ Yoast SEO plugin. -->","yoast_head_json":{"title":"Les services d'accompagnement de la fili\u00e8re Sant\u00e9 de Grenoble Alpes","description":"R\u00e9f\u00e9rencement dans le showroom de Medytec des services d'accompagnement du territoire pour les soci\u00e9t\u00e9s en sant\u00e9.","robots":{"index":"index","follow":"follow","max-snippet":"max-snippet:-1","max-image-preview":"max-image-preview:large","max-video-preview":"max-video-preview:-1"},"canonical":"https:\/\/medytec.eu\/en\/2022\/05\/11\/les-services-daccompagnement-de-la-filiere-sante-de-grenoble-alpes\/","og_locale":"en_US","og_type":"article","og_title":"Les services d'accompagnement de la fili\u00e8re Sant\u00e9 de Grenoble Alpes","og_description":"R\u00e9f\u00e9rencement dans le showroom de Medytec des services d'accompagnement du territoire pour les soci\u00e9t\u00e9s en sant\u00e9.","og_url":"https:\/\/medytec.eu\/en\/2022\/05\/11\/les-services-daccompagnement-de-la-filiere-sante-de-grenoble-alpes\/","og_site_name":"Medytec","article_published_time":"2022-05-11T09:48:44+00:00","article_modified_time":"2022-06-16T08:44:11+00:00","og_image":[{"width":1280,"height":720,"url":"https:\/\/medytec.eu\/wp-content\/uploads\/2022\/05\/Les-services-daccompagnement-de-la-filiere-Sante-de-Grenoble-Alpes.png","type":"image\/png"}],"author":"okparfait","twitter_card":"summary_large_image","twitter_misc":{"Written by":"okparfait","Est. reading time":"2 minutes"},"schema":{"@context":"https:\/\/schema.org","@graph":[{"@type":"Article","@id":"https:\/\/medytec.eu\/2022\/05\/11\/les-services-daccompagnement-de-la-filiere-sante-de-grenoble-alpes\/#article","isPartOf":{"@id":"https:\/\/medytec.eu\/2022\/05\/11\/les-services-daccompagnement-de-la-filiere-sante-de-grenoble-alpes\/"},"author":{"name":"okparfait","@id":"https:\/\/medytec.eu\/#\/schema\/person\/52643406ade6747ec29f0a5ca286f5fe"},"headline":"Les services d&rsquo;accompagnement de la fili\u00e8re Sant\u00e9 de Grenoble Alpes","datePublished":"2022-05-11T09:48:44+00:00","dateModified":"2022-06-16T08:44:11+00:00","mainEntityOfPage":{"@id":"https:\/\/medytec.eu\/2022\/05\/11\/les-services-daccompagnement-de-la-filiere-sante-de-grenoble-alpes\/"},"wordCount":310,"publisher":{"@id":"https:\/\/medytec.eu\/#organization"},"image":{"@id":"https:\/\/medytec.eu\/2022\/05\/11\/les-services-daccompagnement-de-la-filiere-sante-de-grenoble-alpes\/#primaryimage"},"thumbnailUrl":"https:\/\/medytec.eu\/wp-content\/uploads\/2022\/05\/Les-services-daccompagnement-de-la-filiere-Sante-de-Grenoble-Alpes.png","articleSection":["Innovations en sant\u00e9"],"inLanguage":"en-US"},{"@type":"WebPage","@id":"https:\/\/medytec.eu\/2022\/05\/11\/les-services-daccompagnement-de-la-filiere-sante-de-grenoble-alpes\/","url":"https:\/\/medytec.eu\/2022\/05\/11\/les-services-daccompagnement-de-la-filiere-sante-de-grenoble-alpes\/","name":"Les services d'accompagnement de la fili\u00e8re Sant\u00e9 de Grenoble Alpes","isPartOf":{"@id":"https:\/\/medytec.eu\/#website"},"primaryImageOfPage":{"@id":"https:\/\/medytec.eu\/2022\/05\/11\/les-services-daccompagnement-de-la-filiere-sante-de-grenoble-alpes\/#primaryimage"},"image":{"@id":"https:\/\/medytec.eu\/2022\/05\/11\/les-services-daccompagnement-de-la-filiere-sante-de-grenoble-alpes\/#primaryimage"},"thumbnailUrl":"https:\/\/medytec.eu\/wp-content\/uploads\/2022\/05\/Les-services-daccompagnement-de-la-filiere-Sante-de-Grenoble-Alpes.png","datePublished":"2022-05-11T09:48:44+00:00","dateModified":"2022-06-16T08:44:11+00:00","description":"R\u00e9f\u00e9rencement dans le showroom de Medytec des services d'accompagnement du territoire pour les soci\u00e9t\u00e9s en sant\u00e9.","breadcrumb":{"@id":"https:\/\/medytec.eu\/2022\/05\/11\/les-services-daccompagnement-de-la-filiere-sante-de-grenoble-alpes\/#breadcrumb"},"inLanguage":"en-US","potentialAction":[{"@type":"ReadAction","target":["https:\/\/medytec.eu\/2022\/05\/11\/les-services-daccompagnement-de-la-filiere-sante-de-grenoble-alpes\/"]}]},{"@type":"ImageObject","inLanguage":"en-US","@id":"https:\/\/medytec.eu\/2022\/05\/11\/les-services-daccompagnement-de-la-filiere-sante-de-grenoble-alpes\/#primaryimage","url":"https:\/\/medytec.eu\/wp-content\/uploads\/2022\/05\/Les-services-daccompagnement-de-la-filiere-Sante-de-Grenoble-Alpes.png","contentUrl":"https:\/\/medytec.eu\/wp-content\/uploads\/2022\/05\/Les-services-daccompagnement-de-la-filiere-Sante-de-Grenoble-Alpes.png","width":1280,"height":720},{"@type":"BreadcrumbList","@id":"https:\/\/medytec.eu\/2022\/05\/11\/les-services-daccompagnement-de-la-filiere-sante-de-grenoble-alpes\/#breadcrumb","itemListElement":[{"@type":"ListItem","position":1,"name":"Accueil","item":"https:\/\/medytec.eu\/"},{"@type":"ListItem","position":2,"name":"Les services d&rsquo;accompagnement de la fili\u00e8re Sant\u00e9 de Grenoble Alpes"}]},{"@type":"WebSite","@id":"https:\/\/medytec.eu\/#website","url":"https:\/\/medytec.eu\/","name":"Medytec","description":"Le hub des technologies de la sant\u00e9 de grenoble-Alpes","publisher":{"@id":"https:\/\/medytec.eu\/#organization"},"potentialAction":[{"@type":"SearchAction","target":{"@type":"EntryPoint","urlTemplate":"https:\/\/medytec.eu\/?s={search_term_string}"},"query-input":{"@type":"PropertyValueSpecification","valueRequired":true,"valueName":"search_term_string"}}],"inLanguage":"en-US"},{"@type":"Organization","@id":"https:\/\/medytec.eu\/#organization","name":"MedYtec","url":"https:\/\/medytec.eu\/","logo":{"@type":"ImageObject","inLanguage":"en-US","@id":"https:\/\/medytec.eu\/#\/schema\/logo\/image\/","url":"https:\/\/medytec.eu\/wp-content\/uploads\/2020\/02\/logo-medytec.png","contentUrl":"https:\/\/medytec.eu\/wp-content\/uploads\/2020\/02\/logo-medytec.png","width":426,"height":147,"caption":"MedYtec"},"image":{"@id":"https:\/\/medytec.eu\/#\/schema\/logo\/image\/"}},{"@type":"Person","@id":"https:\/\/medytec.eu\/#\/schema\/person\/52643406ade6747ec29f0a5ca286f5fe","name":"okparfait","url":"https:\/\/medytec.eu\/en\/author\/e486db832ef7dcb5\/"}]}},"_links":{"self":[{"href":"https:\/\/medytec.eu\/en\/wp-json\/wp\/v2\/posts\/4220","targetHints":{"allow":["GET"]}}],"collection":[{"href":"https:\/\/medytec.eu\/en\/wp-json\/wp\/v2\/posts"}],"about":[{"href":"https:\/\/medytec.eu\/en\/wp-json\/wp\/v2\/types\/post"}],"author":[{"embeddable":true,"href":"https:\/\/medytec.eu\/en\/wp-json\/wp\/v2\/users\/4"}],"replies":[{"embeddable":true,"href":"https:\/\/medytec.eu\/en\/wp-json\/wp\/v2\/comments?post=4220"}],"version-history":[{"count":0,"href":"https:\/\/medytec.eu\/en\/wp-json\/wp\/v2\/posts\/4220\/revisions"}],"wp:featuredmedia":[{"embeddable":true,"href":"https:\/\/medytec.eu\/en\/wp-json\/wp\/v2\/media\/4353"}],"wp:attachment":[{"href":"https:\/\/medytec.eu\/en\/wp-json\/wp\/v2\/media?parent=4220"}],"wp:term":[{"taxonomy":"category","embeddable":true,"href":"https:\/\/medytec.eu\/en\/wp-json\/wp\/v2\/categories?post=4220"},{"taxonomy":"post_tag","embeddable":true,"href":"https:\/\/medytec.eu\/en\/wp-json\/wp\/v2\/tags?post=4220"}],"curies":[{"name":"wp","href":"https:\/\/api.w.org\/{rel}","templated":true}]}}