{"id":223,"date":"2019-09-12T14:57:56","date_gmt":"2019-09-12T12:57:56","guid":{"rendered":"https:\/\/medytec.eu\/?p=223"},"modified":"2020-04-15T16:21:28","modified_gmt":"2020-04-15T14:21:28","slug":"genese-du-spot-international-de-la-filiere-sante-grenoble-alpes","status":"publish","type":"post","link":"https:\/\/medytec.eu\/en\/2019\/09\/12\/genese-du-spot-international-de-la-filiere-sante-grenoble-alpes\/","title":{"rendered":"G\u00e9n\u00e8se du spot international de la fili\u00e8re sant\u00e9 Grenoble Alpes"},"content":{"rendered":"<p>Le collectif des acteurs de\nla fili\u00e8re des technologies de la sant\u00e9 grenobloise, rassemblant les p\u00f4les de\ncomp\u00e9titivit\u00e9 Minalogic et Lyonbiop\u00f4le, le Canc\u00e9rop\u00f4le CLARA, le CEA, le CHU\nGrenoble Alpes, l\u2019Universit\u00e9 Grenoble Alpes, l\u2019association ECCAMI, le cluster\nMEDICALPS, la R\u00e9gion Auvergne-Rh\u00f4ne-Alpes et Grenoble-Alpes M\u00e9tropole, lance un\nprojet strat\u00e9gique pour mettre en lumi\u00e8re l\u2019excellence de l\u2019\u00e9cosyst\u00e8me des\ntechnologies de la sant\u00e9.<\/p>\n\n\n\n<p>Le premier projet issu des\ntravaux de ce Comit\u00e9 consiste en la cr\u00e9ation d\u2019un espace de visibilit\u00e9,\nd\u2019animation et de rencontre pour les acteurs du secteur.<\/p>\n\n\n\n<p>Ce lieu f\u00e9d\u00e9rateur de la\nfili\u00e8re ouvrira ses portes d\u00e8s mars 2020 au sein de la p\u00e9pini\u00e8re BIOPOLIS, sur\nla commune de La Tronche, au c\u0153ur de l\u2019\u00e9cosyst\u00e8me Sant\u00e9 du bassin grenoblois.<\/p>\n\n\n\n<div style=\"height:20px\" aria-hidden=\"true\" class=\"wp-block-spacer\"><\/div>\n\n\n\n<figure class=\"wp-block-gallery aligncenter columns-5 wp-block-gallery-1 is-layout-flex wp-block-gallery-is-layout-flex\"><ul class=\"blocks-gallery-grid\"><li class=\"blocks-gallery-item\"><figure><img decoding=\"async\" width=\"256\" height=\"100\" src=\"https:\/\/medytec.eu\/wp-content\/uploads\/2020\/03\/MINALOGIC-rvb.png\" alt=\"MINALOGIC\" data-id=\"433\" data-full-url=\"https:\/\/medytec.eu\/wp-content\/uploads\/2020\/03\/MINALOGIC-rvb.png\" data-link=\"https:\/\/medytec.eu\/minalogic-rvb\/\" class=\"wp-image-433\"\/><\/figure><\/li><li class=\"blocks-gallery-item\"><figure><img decoding=\"async\" width=\"256\" height=\"100\" src=\"https:\/\/medytec.eu\/wp-content\/uploads\/2020\/03\/MEDICALPS-rvb.png\" alt=\"MEDICALPS\" data-id=\"432\" data-full-url=\"https:\/\/medytec.eu\/wp-content\/uploads\/2020\/03\/MEDICALPS-rvb.png\" data-link=\"https:\/\/medytec.eu\/medicalps-rvb\/\" class=\"wp-image-432\"\/><\/figure><\/li><li class=\"blocks-gallery-item\"><figure><img decoding=\"async\" width=\"256\" height=\"100\" src=\"https:\/\/medytec.eu\/wp-content\/uploads\/2020\/03\/ECCAMI-rvb.png\" alt=\"ECCAMI\" data-id=\"431\" data-full-url=\"https:\/\/medytec.eu\/wp-content\/uploads\/2020\/03\/ECCAMI-rvb.png\" data-link=\"https:\/\/medytec.eu\/eccami-rvb\/\" class=\"wp-image-431\"\/><\/figure><\/li><li class=\"blocks-gallery-item\"><figure><img loading=\"lazy\" decoding=\"async\" width=\"256\" height=\"100\" src=\"https:\/\/medytec.eu\/wp-content\/uploads\/2020\/03\/CLARA-rvb.png\" alt=\"Canc\u00e9rop\u00f4le Lyon Auvergne Rh\u00f4ne-Alpes\" data-id=\"430\" data-full-url=\"https:\/\/medytec.eu\/wp-content\/uploads\/2020\/03\/CLARA-rvb.png\" data-link=\"https:\/\/medytec.eu\/clara-rvb\/\" class=\"wp-image-430\"\/><\/figure><\/li><li class=\"blocks-gallery-item\"><figure><img loading=\"lazy\" decoding=\"async\" width=\"256\" height=\"100\" src=\"https:\/\/medytec.eu\/wp-content\/uploads\/2020\/03\/CHU-rvb.png\" alt=\"CHU Grenoble Alpes\" data-id=\"429\" data-full-url=\"https:\/\/medytec.eu\/wp-content\/uploads\/2020\/03\/CHU-rvb.png\" data-link=\"https:\/\/medytec.eu\/chu-rvb\/\" class=\"wp-image-429\"\/><\/figure><\/li><li class=\"blocks-gallery-item\"><figure><img loading=\"lazy\" decoding=\"async\" width=\"256\" height=\"100\" src=\"https:\/\/medytec.eu\/wp-content\/uploads\/2020\/03\/CEA-rvb.png\" alt=\"CEA\" data-id=\"428\" data-full-url=\"https:\/\/medytec.eu\/wp-content\/uploads\/2020\/03\/CEA-rvb.png\" data-link=\"https:\/\/medytec.eu\/cea-rvb\/\" class=\"wp-image-428\"\/><\/figure><\/li><li class=\"blocks-gallery-item\"><figure><img loading=\"lazy\" decoding=\"async\" width=\"256\" height=\"100\" src=\"https:\/\/medytec.eu\/wp-content\/uploads\/2020\/03\/BIOPOLE-rvb.png\" alt=\"Lyon Biopole\" data-id=\"427\" data-full-url=\"https:\/\/medytec.eu\/wp-content\/uploads\/2020\/03\/BIOPOLE-rvb.png\" data-link=\"https:\/\/medytec.eu\/biopole-rvb\/\" class=\"wp-image-427\"\/><\/figure><\/li><li class=\"blocks-gallery-item\"><figure><img loading=\"lazy\" decoding=\"async\" width=\"256\" height=\"100\" src=\"https:\/\/medytec.eu\/wp-content\/uploads\/2020\/03\/UGA-1.png\" alt=\"Universit\u00e9 Grenoble Alpes\" data-id=\"289\" data-full-url=\"https:\/\/medytec.eu\/wp-content\/uploads\/2020\/03\/UGA-1.png\" data-link=\"https:\/\/medytec.eu\/accueil\/uga-2\/\" class=\"wp-image-289\"\/><\/figure><\/li><li class=\"blocks-gallery-item\"><figure><img loading=\"lazy\" decoding=\"async\" width=\"256\" height=\"100\" src=\"https:\/\/medytec.eu\/wp-content\/uploads\/2020\/03\/GAM-1.png\" alt=\"Grenoble Alpes M\u00e9tropole\" data-id=\"288\" data-full-url=\"https:\/\/medytec.eu\/wp-content\/uploads\/2020\/03\/GAM-1.png\" data-link=\"https:\/\/medytec.eu\/accueil\/gam-2\/\" class=\"wp-image-288\"\/><\/figure><\/li><li class=\"blocks-gallery-item\"><figure><img loading=\"lazy\" decoding=\"async\" width=\"256\" height=\"100\" src=\"https:\/\/medytec.eu\/wp-content\/uploads\/2020\/03\/AURA-1.png\" alt=\"R\u00e9gion Auvergne Rh\u00f4ne-Alpes\" data-id=\"287\" data-full-url=\"https:\/\/medytec.eu\/wp-content\/uploads\/2020\/03\/AURA-1.png\" data-link=\"https:\/\/medytec.eu\/accueil\/aura-2\/\" class=\"wp-image-287\"\/><\/figure><\/li><\/ul><\/figure>\n\n\n\n<div style=\"height:50px\" aria-hidden=\"true\" class=\"wp-block-spacer\"><\/div>\n\n\n\n<h3><font color=\"00a8bc\">Jeudi 12 septembre, le\ncollectif initie les travaux qui structureront l\u2019espace de visibilit\u00e9 de la\nfili\u00e8re Sant\u00e9 !<\/font><\/h3>\n\n\n\n<div style=\"height:30px\" aria-hidden=\"true\" class=\"wp-block-spacer\"><\/div>\n\n\n\n<p>Situ\u00e9 au Rez-de Chauss\u00e9e du b\u00e2timent BIOPOLIS, ce lieu de rayonnement national et international de la Fili\u00e8re s\u2019\u00e9tend sur 250 m\u00b2, incluant \u00e9galement les prochains locaux de MEDICALPS, gestionnaire du lieu. <\/p>\n\n\n\n<p>Aujourd\u2019hui, les premi\u00e8res\ncloisons tombent pour offrir un espace digne de l\u2019ambition de la fili\u00e8re Sant\u00e9\nGrenoble-Alpes !<\/p>","protected":false},"excerpt":{"rendered":"<p>Le collectif des acteurs de la fili\u00e8re des technologies de la sant\u00e9 grenobloise, rassemblant les p\u00f4les de comp\u00e9titivit\u00e9 Minalogic et Lyonbiop\u00f4le, le Canc\u00e9rop\u00f4le CLARA, le CEA, le CHU Grenoble Alpes, l\u2019Universit\u00e9 Grenoble Alpes, l\u2019association ECCAMI, le cluster MEDICALPS, la R\u00e9gion Auvergne-Rh\u00f4ne-Alpes et Grenoble-Alpes M\u00e9tropole, lance un projet strat\u00e9gique pour mettre en lumi\u00e8re l\u2019excellence de l\u2019\u00e9cosyst\u00e8me [&hellip;]<\/p>\n","protected":false},"author":4,"featured_media":424,"comment_status":"closed","ping_status":"open","sticky":false,"template":"","format":"standard","meta":{"ocean_post_layout":"","ocean_both_sidebars_style":"","ocean_both_sidebars_content_width":0,"ocean_both_sidebars_sidebars_width":0,"ocean_sidebar":"0","ocean_second_sidebar":"0","ocean_disable_margins":"enable","ocean_add_body_class":"","ocean_shortcode_before_top_bar":"","ocean_shortcode_after_top_bar":"","ocean_shortcode_before_header":"","ocean_shortcode_after_header":"","ocean_has_shortcode":"","ocean_shortcode_after_title":"","ocean_shortcode_before_footer_widgets":"","ocean_shortcode_after_footer_widgets":"","ocean_shortcode_before_footer_bottom":"","ocean_shortcode_after_footer_bottom":"","ocean_display_top_bar":"off","ocean_display_header":"off","ocean_header_style":"","ocean_center_header_left_menu":"0","ocean_custom_header_template":"0","ocean_custom_logo":0,"ocean_custom_retina_logo":0,"ocean_custom_logo_max_width":0,"ocean_custom_logo_tablet_max_width":0,"ocean_custom_logo_mobile_max_width":0,"ocean_custom_logo_max_height":0,"ocean_custom_logo_tablet_max_height":0,"ocean_custom_logo_mobile_max_height":0,"ocean_header_custom_menu":"0","ocean_menu_typo_font_family":"0","ocean_menu_typo_font_subset":"","ocean_menu_typo_font_size":0,"ocean_menu_typo_font_size_tablet":0,"ocean_menu_typo_font_size_mobile":0,"ocean_menu_typo_font_size_unit":"px","ocean_menu_typo_font_weight":"","ocean_menu_typo_font_weight_tablet":"","ocean_menu_typo_font_weight_mobile":"","ocean_menu_typo_transform":"","ocean_menu_typo_transform_tablet":"","ocean_menu_typo_transform_mobile":"","ocean_menu_typo_line_height":0,"ocean_menu_typo_line_height_tablet":0,"ocean_menu_typo_line_height_mobile":0,"ocean_menu_typo_line_height_unit":"","ocean_menu_typo_spacing":0,"ocean_menu_typo_spacing_tablet":0,"ocean_menu_typo_spacing_mobile":0,"ocean_menu_typo_spacing_unit":"","ocean_menu_link_color":"","ocean_menu_link_color_hover":"","ocean_menu_link_color_active":"","ocean_menu_link_background":"","ocean_menu_link_hover_background":"","ocean_menu_link_active_background":"","ocean_menu_social_links_bg":"","ocean_menu_social_hover_links_bg":"","ocean_menu_social_links_color":"","ocean_menu_social_hover_links_color":"","ocean_disable_title":"default","ocean_disable_heading":"default","ocean_post_title":"","ocean_post_subheading":"","ocean_post_title_style":"","ocean_post_title_background_color":"","ocean_post_title_background":0,"ocean_post_title_bg_image_position":"","ocean_post_title_bg_image_attachment":"","ocean_post_title_bg_image_repeat":"","ocean_post_title_bg_image_size":"","ocean_post_title_height":0,"ocean_post_title_bg_overlay":0.5,"ocean_post_title_bg_overlay_color":"","ocean_disable_breadcrumbs":"default","ocean_breadcrumbs_color":"","ocean_breadcrumbs_separator_color":"","ocean_breadcrumbs_links_color":"","ocean_breadcrumbs_links_hover_color":"","ocean_display_footer_widgets":"default","ocean_display_footer_bottom":"default","ocean_custom_footer_template":"0","ocean_post_oembed":"","ocean_post_self_hosted_media":"","ocean_post_video_embed":"","ocean_link_format":"","ocean_link_format_target":"self","ocean_quote_format":"","ocean_quote_format_link":"post","ocean_gallery_link_images":"off","ocean_gallery_id":[],"footnotes":""},"categories":[1],"tags":[],"class_list":["post-223","post","type-post","status-publish","format-standard","has-post-thumbnail","hentry","category-construction-du-lieu","entry","has-media"],"yoast_head":"<!-- This site is optimized with the Yoast SEO plugin v27.5 - https:\/\/yoast.com\/product\/yoast-seo-wordpress\/ -->\n<title>G\u00e9n\u00e8se du spot international de la fili\u00e8re sant\u00e9 Grenoble Alpes - Medytec<\/title>\n<meta name=\"robots\" content=\"index, follow, max-snippet:-1, max-image-preview:large, max-video-preview:-1\" \/>\n<link rel=\"canonical\" href=\"http:\/\/medytec.eu\/en\/2019\/09\/12\/genese-du-spot-international-de-la-filiere-sante-grenoble-alpes\/\" \/>\n<meta property=\"og:locale\" content=\"en_US\" \/>\n<meta property=\"og:type\" content=\"article\" \/>\n<meta property=\"og:title\" content=\"G\u00e9n\u00e8se du spot international de la fili\u00e8re sant\u00e9 Grenoble Alpes - Medytec\" \/>\n<meta property=\"og:description\" content=\"Le collectif des acteurs de la fili\u00e8re des technologies de la sant\u00e9 grenobloise, rassemblant les p\u00f4les de comp\u00e9titivit\u00e9 Minalogic et Lyonbiop\u00f4le, le Canc\u00e9rop\u00f4le CLARA, le CEA, le CHU Grenoble Alpes, l\u2019Universit\u00e9 Grenoble Alpes, l\u2019association ECCAMI, le cluster MEDICALPS, la R\u00e9gion Auvergne-Rh\u00f4ne-Alpes et Grenoble-Alpes M\u00e9tropole, lance un projet strat\u00e9gique pour mettre en lumi\u00e8re l\u2019excellence de l\u2019\u00e9cosyst\u00e8me [&hellip;]\" \/>\n<meta property=\"og:url\" content=\"http:\/\/medytec.eu\/en\/2019\/09\/12\/genese-du-spot-international-de-la-filiere-sante-grenoble-alpes\/\" \/>\n<meta property=\"og:site_name\" content=\"Medytec\" \/>\n<meta property=\"article:published_time\" content=\"2019-09-12T12:57:56+00:00\" \/>\n<meta property=\"article:modified_time\" content=\"2020-04-15T14:21:28+00:00\" \/>\n<meta property=\"og:image\" content=\"https:\/\/medytec.eu\/wp-content\/uploads\/2020\/03\/travaux-medytec.jpg\" \/>\n\t<meta property=\"og:image:width\" content=\"305\" \/>\n\t<meta property=\"og:image:height\" content=\"229\" \/>\n\t<meta property=\"og:image:type\" content=\"image\/jpeg\" \/>\n<meta name=\"author\" content=\"okparfait\" \/>\n<meta name=\"twitter:card\" content=\"summary_large_image\" \/>\n<meta name=\"twitter:label1\" content=\"Written by\" \/>\n\t<meta name=\"twitter:data1\" content=\"okparfait\" \/>\n\t<meta name=\"twitter:label2\" content=\"Est. reading time\" \/>\n\t<meta name=\"twitter:data2\" content=\"1 minute\" \/>\n<script type=\"application\/ld+json\" class=\"yoast-schema-graph\">{\"@context\":\"https:\\\/\\\/schema.org\",\"@graph\":[{\"@type\":\"Article\",\"@id\":\"http:\\\/\\\/medytec.eu\\\/fr\\\/2019\\\/09\\\/12\\\/genese-du-spot-international-de-la-filiere-sante-grenoble-alpes\\\/#article\",\"isPartOf\":{\"@id\":\"http:\\\/\\\/medytec.eu\\\/fr\\\/2019\\\/09\\\/12\\\/genese-du-spot-international-de-la-filiere-sante-grenoble-alpes\\\/\"},\"author\":{\"name\":\"okparfait\",\"@id\":\"https:\\\/\\\/medytec.eu\\\/#\\\/schema\\\/person\\\/52643406ade6747ec29f0a5ca286f5fe\"},\"headline\":\"G\u00e9n\u00e8se du spot international de la fili\u00e8re sant\u00e9 Grenoble Alpes\",\"datePublished\":\"2019-09-12T12:57:56+00:00\",\"dateModified\":\"2020-04-15T14:21:28+00:00\",\"mainEntityOfPage\":{\"@id\":\"http:\\\/\\\/medytec.eu\\\/fr\\\/2019\\\/09\\\/12\\\/genese-du-spot-international-de-la-filiere-sante-grenoble-alpes\\\/\"},\"wordCount\":231,\"publisher\":{\"@id\":\"https:\\\/\\\/medytec.eu\\\/#organization\"},\"image\":{\"@id\":\"http:\\\/\\\/medytec.eu\\\/fr\\\/2019\\\/09\\\/12\\\/genese-du-spot-international-de-la-filiere-sante-grenoble-alpes\\\/#primaryimage\"},\"thumbnailUrl\":\"https:\\\/\\\/medytec.eu\\\/wp-content\\\/uploads\\\/2020\\\/03\\\/travaux-medytec.jpg\",\"articleSection\":[\"Construction du lieu\"],\"inLanguage\":\"en-US\"},{\"@type\":\"WebPage\",\"@id\":\"http:\\\/\\\/medytec.eu\\\/fr\\\/2019\\\/09\\\/12\\\/genese-du-spot-international-de-la-filiere-sante-grenoble-alpes\\\/\",\"url\":\"http:\\\/\\\/medytec.eu\\\/fr\\\/2019\\\/09\\\/12\\\/genese-du-spot-international-de-la-filiere-sante-grenoble-alpes\\\/\",\"name\":\"G\u00e9n\u00e8se du spot international de la fili\u00e8re sant\u00e9 Grenoble Alpes - Medytec\",\"isPartOf\":{\"@id\":\"https:\\\/\\\/medytec.eu\\\/#website\"},\"primaryImageOfPage\":{\"@id\":\"http:\\\/\\\/medytec.eu\\\/fr\\\/2019\\\/09\\\/12\\\/genese-du-spot-international-de-la-filiere-sante-grenoble-alpes\\\/#primaryimage\"},\"image\":{\"@id\":\"http:\\\/\\\/medytec.eu\\\/fr\\\/2019\\\/09\\\/12\\\/genese-du-spot-international-de-la-filiere-sante-grenoble-alpes\\\/#primaryimage\"},\"thumbnailUrl\":\"https:\\\/\\\/medytec.eu\\\/wp-content\\\/uploads\\\/2020\\\/03\\\/travaux-medytec.jpg\",\"datePublished\":\"2019-09-12T12:57:56+00:00\",\"dateModified\":\"2020-04-15T14:21:28+00:00\",\"breadcrumb\":{\"@id\":\"http:\\\/\\\/medytec.eu\\\/fr\\\/2019\\\/09\\\/12\\\/genese-du-spot-international-de-la-filiere-sante-grenoble-alpes\\\/#breadcrumb\"},\"inLanguage\":\"en-US\",\"potentialAction\":[{\"@type\":\"ReadAction\",\"target\":[\"http:\\\/\\\/medytec.eu\\\/fr\\\/2019\\\/09\\\/12\\\/genese-du-spot-international-de-la-filiere-sante-grenoble-alpes\\\/\"]}]},{\"@type\":\"ImageObject\",\"inLanguage\":\"en-US\",\"@id\":\"http:\\\/\\\/medytec.eu\\\/fr\\\/2019\\\/09\\\/12\\\/genese-du-spot-international-de-la-filiere-sante-grenoble-alpes\\\/#primaryimage\",\"url\":\"https:\\\/\\\/medytec.eu\\\/wp-content\\\/uploads\\\/2020\\\/03\\\/travaux-medytec.jpg\",\"contentUrl\":\"https:\\\/\\\/medytec.eu\\\/wp-content\\\/uploads\\\/2020\\\/03\\\/travaux-medytec.jpg\",\"width\":305,\"height\":229,\"caption\":\"Travaux locaux Medytec\"},{\"@type\":\"BreadcrumbList\",\"@id\":\"http:\\\/\\\/medytec.eu\\\/fr\\\/2019\\\/09\\\/12\\\/genese-du-spot-international-de-la-filiere-sante-grenoble-alpes\\\/#breadcrumb\",\"itemListElement\":[{\"@type\":\"ListItem\",\"position\":1,\"name\":\"Accueil\",\"item\":\"https:\\\/\\\/medytec.eu\\\/\"},{\"@type\":\"ListItem\",\"position\":2,\"name\":\"G\u00e9n\u00e8se du spot international de la fili\u00e8re sant\u00e9 Grenoble Alpes\"}]},{\"@type\":\"WebSite\",\"@id\":\"https:\\\/\\\/medytec.eu\\\/#website\",\"url\":\"https:\\\/\\\/medytec.eu\\\/\",\"name\":\"Medytec\",\"description\":\"Le hub des technologies de la sant\u00e9 de grenoble-Alpes\",\"publisher\":{\"@id\":\"https:\\\/\\\/medytec.eu\\\/#organization\"},\"potentialAction\":[{\"@type\":\"SearchAction\",\"target\":{\"@type\":\"EntryPoint\",\"urlTemplate\":\"https:\\\/\\\/medytec.eu\\\/?s={search_term_string}\"},\"query-input\":{\"@type\":\"PropertyValueSpecification\",\"valueRequired\":true,\"valueName\":\"search_term_string\"}}],\"inLanguage\":\"en-US\"},{\"@type\":\"Organization\",\"@id\":\"https:\\\/\\\/medytec.eu\\\/#organization\",\"name\":\"MedYtec\",\"url\":\"https:\\\/\\\/medytec.eu\\\/\",\"logo\":{\"@type\":\"ImageObject\",\"inLanguage\":\"en-US\",\"@id\":\"https:\\\/\\\/medytec.eu\\\/#\\\/schema\\\/logo\\\/image\\\/\",\"url\":\"https:\\\/\\\/medytec.eu\\\/wp-content\\\/uploads\\\/2020\\\/02\\\/logo-medytec.png\",\"contentUrl\":\"https:\\\/\\\/medytec.eu\\\/wp-content\\\/uploads\\\/2020\\\/02\\\/logo-medytec.png\",\"width\":426,\"height\":147,\"caption\":\"MedYtec\"},\"image\":{\"@id\":\"https:\\\/\\\/medytec.eu\\\/#\\\/schema\\\/logo\\\/image\\\/\"}},{\"@type\":\"Person\",\"@id\":\"https:\\\/\\\/medytec.eu\\\/#\\\/schema\\\/person\\\/52643406ade6747ec29f0a5ca286f5fe\",\"name\":\"okparfait\",\"url\":\"https:\\\/\\\/medytec.eu\\\/en\\\/author\\\/e486db832ef7dcb5\\\/\"}]}<\/script>\n<!-- \/ Yoast SEO plugin. -->","yoast_head_json":{"title":"G\u00e9n\u00e8se du spot international de la fili\u00e8re sant\u00e9 Grenoble Alpes - Medytec","robots":{"index":"index","follow":"follow","max-snippet":"max-snippet:-1","max-image-preview":"max-image-preview:large","max-video-preview":"max-video-preview:-1"},"canonical":"http:\/\/medytec.eu\/en\/2019\/09\/12\/genese-du-spot-international-de-la-filiere-sante-grenoble-alpes\/","og_locale":"en_US","og_type":"article","og_title":"G\u00e9n\u00e8se du spot international de la fili\u00e8re sant\u00e9 Grenoble Alpes - Medytec","og_description":"Le collectif des acteurs de la fili\u00e8re des technologies de la sant\u00e9 grenobloise, rassemblant les p\u00f4les de comp\u00e9titivit\u00e9 Minalogic et Lyonbiop\u00f4le, le Canc\u00e9rop\u00f4le CLARA, le CEA, le CHU Grenoble Alpes, l\u2019Universit\u00e9 Grenoble Alpes, l\u2019association ECCAMI, le cluster MEDICALPS, la R\u00e9gion Auvergne-Rh\u00f4ne-Alpes et Grenoble-Alpes M\u00e9tropole, lance un projet strat\u00e9gique pour mettre en lumi\u00e8re l\u2019excellence de l\u2019\u00e9cosyst\u00e8me [&hellip;]","og_url":"http:\/\/medytec.eu\/en\/2019\/09\/12\/genese-du-spot-international-de-la-filiere-sante-grenoble-alpes\/","og_site_name":"Medytec","article_published_time":"2019-09-12T12:57:56+00:00","article_modified_time":"2020-04-15T14:21:28+00:00","og_image":[{"width":305,"height":229,"url":"https:\/\/medytec.eu\/wp-content\/uploads\/2020\/03\/travaux-medytec.jpg","type":"image\/jpeg"}],"author":"okparfait","twitter_card":"summary_large_image","twitter_misc":{"Written by":"okparfait","Est. reading time":"1 minute"},"schema":{"@context":"https:\/\/schema.org","@graph":[{"@type":"Article","@id":"http:\/\/medytec.eu\/fr\/2019\/09\/12\/genese-du-spot-international-de-la-filiere-sante-grenoble-alpes\/#article","isPartOf":{"@id":"http:\/\/medytec.eu\/fr\/2019\/09\/12\/genese-du-spot-international-de-la-filiere-sante-grenoble-alpes\/"},"author":{"name":"okparfait","@id":"https:\/\/medytec.eu\/#\/schema\/person\/52643406ade6747ec29f0a5ca286f5fe"},"headline":"G\u00e9n\u00e8se du spot international de la fili\u00e8re sant\u00e9 Grenoble Alpes","datePublished":"2019-09-12T12:57:56+00:00","dateModified":"2020-04-15T14:21:28+00:00","mainEntityOfPage":{"@id":"http:\/\/medytec.eu\/fr\/2019\/09\/12\/genese-du-spot-international-de-la-filiere-sante-grenoble-alpes\/"},"wordCount":231,"publisher":{"@id":"https:\/\/medytec.eu\/#organization"},"image":{"@id":"http:\/\/medytec.eu\/fr\/2019\/09\/12\/genese-du-spot-international-de-la-filiere-sante-grenoble-alpes\/#primaryimage"},"thumbnailUrl":"https:\/\/medytec.eu\/wp-content\/uploads\/2020\/03\/travaux-medytec.jpg","articleSection":["Construction du lieu"],"inLanguage":"en-US"},{"@type":"WebPage","@id":"http:\/\/medytec.eu\/fr\/2019\/09\/12\/genese-du-spot-international-de-la-filiere-sante-grenoble-alpes\/","url":"http:\/\/medytec.eu\/fr\/2019\/09\/12\/genese-du-spot-international-de-la-filiere-sante-grenoble-alpes\/","name":"G\u00e9n\u00e8se du spot international de la fili\u00e8re sant\u00e9 Grenoble Alpes - Medytec","isPartOf":{"@id":"https:\/\/medytec.eu\/#website"},"primaryImageOfPage":{"@id":"http:\/\/medytec.eu\/fr\/2019\/09\/12\/genese-du-spot-international-de-la-filiere-sante-grenoble-alpes\/#primaryimage"},"image":{"@id":"http:\/\/medytec.eu\/fr\/2019\/09\/12\/genese-du-spot-international-de-la-filiere-sante-grenoble-alpes\/#primaryimage"},"thumbnailUrl":"https:\/\/medytec.eu\/wp-content\/uploads\/2020\/03\/travaux-medytec.jpg","datePublished":"2019-09-12T12:57:56+00:00","dateModified":"2020-04-15T14:21:28+00:00","breadcrumb":{"@id":"http:\/\/medytec.eu\/fr\/2019\/09\/12\/genese-du-spot-international-de-la-filiere-sante-grenoble-alpes\/#breadcrumb"},"inLanguage":"en-US","potentialAction":[{"@type":"ReadAction","target":["http:\/\/medytec.eu\/fr\/2019\/09\/12\/genese-du-spot-international-de-la-filiere-sante-grenoble-alpes\/"]}]},{"@type":"ImageObject","inLanguage":"en-US","@id":"http:\/\/medytec.eu\/fr\/2019\/09\/12\/genese-du-spot-international-de-la-filiere-sante-grenoble-alpes\/#primaryimage","url":"https:\/\/medytec.eu\/wp-content\/uploads\/2020\/03\/travaux-medytec.jpg","contentUrl":"https:\/\/medytec.eu\/wp-content\/uploads\/2020\/03\/travaux-medytec.jpg","width":305,"height":229,"caption":"Travaux locaux Medytec"},{"@type":"BreadcrumbList","@id":"http:\/\/medytec.eu\/fr\/2019\/09\/12\/genese-du-spot-international-de-la-filiere-sante-grenoble-alpes\/#breadcrumb","itemListElement":[{"@type":"ListItem","position":1,"name":"Accueil","item":"https:\/\/medytec.eu\/"},{"@type":"ListItem","position":2,"name":"G\u00e9n\u00e8se du spot international de la fili\u00e8re sant\u00e9 Grenoble Alpes"}]},{"@type":"WebSite","@id":"https:\/\/medytec.eu\/#website","url":"https:\/\/medytec.eu\/","name":"Medytec","description":"Le hub des technologies de la sant\u00e9 de grenoble-Alpes","publisher":{"@id":"https:\/\/medytec.eu\/#organization"},"potentialAction":[{"@type":"SearchAction","target":{"@type":"EntryPoint","urlTemplate":"https:\/\/medytec.eu\/?s={search_term_string}"},"query-input":{"@type":"PropertyValueSpecification","valueRequired":true,"valueName":"search_term_string"}}],"inLanguage":"en-US"},{"@type":"Organization","@id":"https:\/\/medytec.eu\/#organization","name":"MedYtec","url":"https:\/\/medytec.eu\/","logo":{"@type":"ImageObject","inLanguage":"en-US","@id":"https:\/\/medytec.eu\/#\/schema\/logo\/image\/","url":"https:\/\/medytec.eu\/wp-content\/uploads\/2020\/02\/logo-medytec.png","contentUrl":"https:\/\/medytec.eu\/wp-content\/uploads\/2020\/02\/logo-medytec.png","width":426,"height":147,"caption":"MedYtec"},"image":{"@id":"https:\/\/medytec.eu\/#\/schema\/logo\/image\/"}},{"@type":"Person","@id":"https:\/\/medytec.eu\/#\/schema\/person\/52643406ade6747ec29f0a5ca286f5fe","name":"okparfait","url":"https:\/\/medytec.eu\/en\/author\/e486db832ef7dcb5\/"}]}},"_links":{"self":[{"href":"https:\/\/medytec.eu\/en\/wp-json\/wp\/v2\/posts\/223","targetHints":{"allow":["GET"]}}],"collection":[{"href":"https:\/\/medytec.eu\/en\/wp-json\/wp\/v2\/posts"}],"about":[{"href":"https:\/\/medytec.eu\/en\/wp-json\/wp\/v2\/types\/post"}],"author":[{"embeddable":true,"href":"https:\/\/medytec.eu\/en\/wp-json\/wp\/v2\/users\/4"}],"replies":[{"embeddable":true,"href":"https:\/\/medytec.eu\/en\/wp-json\/wp\/v2\/comments?post=223"}],"version-history":[{"count":0,"href":"https:\/\/medytec.eu\/en\/wp-json\/wp\/v2\/posts\/223\/revisions"}],"wp:featuredmedia":[{"embeddable":true,"href":"https:\/\/medytec.eu\/en\/wp-json\/wp\/v2\/media\/424"}],"wp:attachment":[{"href":"https:\/\/medytec.eu\/en\/wp-json\/wp\/v2\/media?parent=223"}],"wp:term":[{"taxonomy":"category","embeddable":true,"href":"https:\/\/medytec.eu\/en\/wp-json\/wp\/v2\/categories?post=223"},{"taxonomy":"post_tag","embeddable":true,"href":"https:\/\/medytec.eu\/en\/wp-json\/wp\/v2\/tags?post=223"}],"curies":[{"name":"wp","href":"https:\/\/api.w.org\/{rel}","templated":true}]}}