{"id":2121,"date":"2021-01-05T16:06:31","date_gmt":"2021-01-05T15:06:31","guid":{"rendered":"https:\/\/medytec.eu\/?p=2121"},"modified":"2021-10-08T14:17:46","modified_gmt":"2021-10-08T12:17:46","slug":"les-innovations-en-sante-du-territoire-le-dispositif-de-neurostimulation-transcutanee-connecte-actitens","status":"publish","type":"post","link":"https:\/\/medytec.eu\/en\/2021\/01\/05\/les-innovations-en-sante-du-territoire-le-dispositif-de-neurostimulation-transcutanee-connecte-actitens\/","title":{"rendered":"Les innovations en sant\u00e9 du territoire : le dispositif actiTENS"},"content":{"rendered":"<div data-elementor-type=\"wp-post\" data-elementor-id=\"2121\" class=\"elementor elementor-2121\" data-elementor-post-type=\"post\">\n\t\t\t\t\t\t<section class=\"elementor-section elementor-top-section elementor-element elementor-element-5ac1cfa6 elementor-section-boxed elementor-section-height-default elementor-section-height-default\" data-id=\"5ac1cfa6\" data-element_type=\"section\" data-e-type=\"section\">\n\t\t\t\t\t\t<div class=\"elementor-container elementor-column-gap-default\">\n\t\t\t\t\t<div class=\"elementor-column elementor-col-100 elementor-top-column elementor-element elementor-element-2451c447\" data-id=\"2451c447\" data-element_type=\"column\" data-e-type=\"column\">\n\t\t\t<div class=\"elementor-widget-wrap elementor-element-populated\">\n\t\t\t\t\t\t<div class=\"elementor-element elementor-element-7dd57b02 elementor-widget elementor-widget-text-editor\" data-id=\"7dd57b02\" data-element_type=\"widget\" data-e-type=\"widget\" data-widget_type=\"text-editor.default\">\n\t\t\t\t<div class=\"elementor-widget-container\">\n\t\t\t\t\t\t\t\t\t<p><\/p>\n<p>Dans le <a href=\"https:\/\/medytec.eu\/en\/vos-evenements\/espaces-medytec\/\" target=\"_blank\" rel=\"noopener\"><span style=\"color: #00a8bc;\">unique<\/span><\/a> de Medytec, nous exposons les produits innovants d\u00e9velopp\u00e9s par les entreprises de notre<span style=\"color: #00a8bc;\"> <a style=\"color: #00a8bc;\" href=\"https:\/\/medytec.eu\/en\/un-ecosysteme-d-excellence-en-sante\/grenoble-alpes-territoire-pionnier\/\" target=\"_blank\" rel=\"noopener\">territoire<\/a><\/span>.<\/p>\n<p>Dans ce 6e article, nous vous pr\u00e9sentons la soci\u00e9t\u00e9 innovante<span style=\"color: #00a8bc;\"> <a style=\"color: #00a8bc;\" href=\"https:\/\/subli-med.fr\/\" target=\"_blank\" rel=\"noopener\">Sublimed<\/a><\/span>, cr\u00e9\u00e9e en 2015.<\/p>\n<p><\/p>\n<div>\n<figure><img decoding=\"async\" src=\"https:\/\/medytec.eu\/wp-content\/uploads\/2020\/12\/1-Industrie-sublimedm-300x82.jpg\" alt=\"le dispositif actiTENS\" width=\"300\" height=\"82\" \/><\/figure>\n<\/div>\n<p><\/p>\n<h3 class=\"wp-block-heading\">A propos<\/h3>\n<p>1 fran\u00e7ais sur 5, soit plus de 10 millions de personnes, sont affect\u00e9s par les douleurs chroniques. Handicapantes parfois invalidantes, leur impact sur le quotidien est consid\u00e9rable.\u00a0 Les r\u00e9percussions psycho-sociales peuvent aller jusqu\u2019\u00e0 entra\u00eener\u00a0une inaptitude partielle ou totale au travail et conduire \u00e0 des d\u00e9pressions.<\/p>\n<p>C\u2019est face \u00e0 ce constat et dans une volont\u00e9 d\u2019am\u00e9liorer le quotidien de ces personnes que la start-up grenobloise Sublimed a \u00e9t\u00e9 fond\u00e9e en 2015.<\/p>\n<p>La soci\u00e9t\u00e9 est sp\u00e9cialis\u00e9e dans le d\u00e9veloppement de dispositifs m\u00e9dicaux de Neurostimulation Transcutan\u00e9e (TENS) pour la prise en charge des patients douloureux chroniques.\u00a0 Sublimed est \u00e9galement laur\u00e9ate de nombreux concours d\u2019innovation dont le prestigieux concours iLab organis\u00e9 par le Minist\u00e8re de la recherche et de l\u2019enseignement sup\u00e9rieur en 2016.<\/p>\n<h3>Le dispositif actiTENS<\/h3>\n<p>Son succ\u00e8s, elle le doit \u00e0 son dispositif de neurostimulation transcutan\u00e9e connect\u00e9 actiTENS. Petit, l\u00e9ger, port\u00e9 directement sur le patient\u00a0; actiTENS redonne de la mobilit\u00e9 aux patients en leur permettant un retour \u00e0 la vie active.<\/p>\n<p><img fetchpriority=\"high\" decoding=\"async\" src=\"https:\/\/medytec.eu\/wp-content\/uploads\/2021\/03\/actiTENS-coude-300x170.png\" alt=\"\" width=\"300\" height=\"170\" \/><\/p>\n<p>\u00a0<\/p>\n<p><img decoding=\"async\" src=\"https:\/\/medytec.eu\/wp-content\/uploads\/2021\/03\/couv-3D-tuto-e1615549027259-300x241.jpg\" alt=\"actiTENS\" width=\"172\" height=\"138\" \/><\/p>\n<p>\u00a0<\/p>\n<p>L\u2019application actiTENS, num\u00e9ro 1 de la TENS connect\u00e9e en France ; est disponible en t\u00e9l\u00e9chargement gratuit sur l\u2019App Store (4.5 \u2605) &amp; Google Play Store (4.5 \u2605).<\/p>\n<p>\u00a0<\/p>\n<p>actiTENS est fabriqu\u00e9 en France avec des acteurs locaux de la r\u00e9gion Auvergne-Rh\u00f4ne-Alpes qui contribuent \u00e0 la r\u00e9ussite de cette aventure qui ne fait que commencer.<\/p>\n<p><p class=\"responsive-video-wrap clr\"><iframe title=\"Mise en place actiTENS sur \u00e9paule\" width=\"1200\" height=\"675\" src=\"https:\/\/www.youtube.com\/embed\/-oqNeXyK6mE?feature=oembed\" frameborder=\"0\" allow=\"accelerometer; autoplay; clipboard-write; encrypted-media; gyroscope; picture-in-picture; web-share\" referrerpolicy=\"strict-origin-when-cross-origin\" allowfullscreen><\/iframe><\/p><\/p>\n<h4>Contact de l&rsquo;entreprise :<\/h4>\n<p>Sublimed : 137, Rue Mayoussard 38430 Moirans<\/p>\n<p>+33 (0)4 76 37 17 58<\/p>\n<p><span style=\"color: #00a8bc;\"><a style=\"color: #00a8bc;\" href=\"mailto:contact@subli-med.com\" target=\"_blank\" rel=\"noopener\">contact@subli-med.com<\/a><\/span><\/p>\n<hr \/>\n<p><strong>Nous vous invitons \u00e0 venir d\u00e9couvrir le produit en vitrine lors de nos <span style=\"color: #00a8bc;\"><a style=\"color: #00a8bc;\" href=\"https:\/\/medytec.eu\/en\/events\/journees-libre-acces-showroom-medytec\/\" target=\"_blank\" rel=\"noopener\">journ\u00e9es libre acc\u00e8s<\/a><\/span> !<\/strong><\/p>\n<h4>D\u00e9couvrez \u00e9galement :<\/h4>\n<ul>\n<li style=\"list-style-type: none;\">\n<ul>\n<li style=\"font-size: 20px;\"><a style=\"font-size: 20px;\" href=\"https:\/\/medytec.eu\/en\/2021\/10\/05\/les-innovations-en-sante-du-territoire-pi-box-innospark-calculs-renaux\/\"><span style=\"font-size: 20px; color: #00a8bc;\">Les Pi-Box\u00a9, collecte de calculs r\u00e9naux<\/span><\/a><\/li>\n<li style=\"font-size: 20px;\"><a style=\"font-size: 20px; background-color: #ffffff; color: #00a8bc;\" href=\"https:\/\/medytec.eu\/en\/2021\/07\/08\/les-innovations-en-sante-du-territoire-le-labpad-d-avalun\/\" target=\"_blank\" rel=\"noopener\">Le Labpad<\/a><a style=\"font-size: 20px; background-color: #ffffff; color: #00a8bc;\" href=\"https:\/\/medytec.eu\/en\/2020\/12\/03\/les-innovations-en-sante-du-territoire-les-dispositifs-intuity-ject-mix\/\" target=\"_blank\" rel=\"noopener\">\u00ae<\/a><a style=\"font-size: 20px; background-color: #ffffff; color: #00a8bc;\" href=\"https:\/\/medytec.eu\/en\/2021\/07\/08\/les-innovations-en-sante-du-territoire-le-labpad-d-avalun\/\" target=\"_blank\" rel=\"noopener\">\u00a0de Avalun\u00a0<\/a><\/li>\n<li style=\"font-size: 20px;\"><a style=\"font-size: 20px; color: #00a8bc;\" href=\"https:\/\/medytec.eu\/en\/2021\/04\/08\/les-innovations-en-sante-du-territoire-la-technologie-de-steute\/\" target=\"_blank\" rel=\"noopener\">Les p\u00e9dales de Steute<\/a><\/li>\n<li style=\"font-size: 20px;\"><a style=\"font-size: 20px; background-color: #ffffff; color: #00a8bc;\" href=\"https:\/\/medytec.eu\/en\/2020\/12\/03\/les-innovations-en-sante-du-territoire-les-dispositifs-intuity-ject-mix\/\" target=\"_blank\" rel=\"noopener\">Les dispositifs Intuity\u00ae Ject &amp; Mix<\/a><\/li>\n<li style=\"font-size: 20px;\"><span style=\"font-size: 20px; color: #00a8bc;\"><a style=\"font-size: 20px; color: #00a8bc;\" href=\"https:\/\/medytec.eu\/en\/2020\/07\/09\/decouvrez-les-innovations-en-sante-du-territoire-le-gant-wens\/\">Le gant Wens<\/a><\/span><\/li>\n<li style=\"font-size: 20px;\"><span style=\"font-size: 20px; color: #00a8bc;\"><a style=\"font-size: 20px; color: #00a8bc;\" href=\"https:\/\/medytec.eu\/en\/2020\/07\/10\/decouvrez-les-innovations-en-sante-du-territoire-le-dispositif-protool\/\">Le dispositif PROTOOL\u00ae<\/a><\/span><\/li>\n<li style=\"font-size: 20px;\"><span style=\"font-size: 20px; color: #00a8bc;\"><a style=\"font-size: 20px; color: #00a8bc;\" href=\"https:\/\/medytec.eu\/en\/2020\/08\/17\/les-innovations-en-sante-du-territoire-la-micro-fabrication-2d-et-3d\/\">La micro fabrication 2D et 3D<\/a><\/span><\/li>\n<li style=\"font-size: 20px;\"><span style=\"font-size: 20px; color: #00a8bc;\"><a style=\"font-size: 20px; color: #00a8bc;\" href=\"https:\/\/medytec.eu\/en\/2020\/09\/23\/les-innovations-en-sante-du-territoire-le-pansement-connecte\/\">Le pansement connect\u00e9 de Grapheal<\/a><\/span><\/li>\n<li style=\"font-size: 20px;\"><span style=\"font-size: 20px; color: #00a8bc;\"><a style=\"font-size: 20px; color: #00a8bc;\" href=\"https:\/\/medytec.eu\/en\/2021\/03\/11\/les-innovations-en-sante-du-territoire-la-solution-remedee-labs\/\" target=\"_blank\" rel=\"noopener\">La solution Remedee Labs pour la prise en charge de la douleur<\/a><\/span><\/li>\n<li style=\"font-size: 20px;\"><span style=\"font-size: 20px; color: #00a8bc;\"><a style=\"font-size: 20px; color: #00a8bc;\" href=\"https:\/\/medytec.eu\/en\/2021\/02\/11\/les-innovations-en-sante-du-territoire-la-plateforme-surgivisio-decential-robotics\/\" target=\"_blank\" rel=\"noreferrer noopener\">La plateforme Surgivisio d\u2019eCential Robotics<\/a><\/span><\/li>\n<\/ul>\n<\/li>\n<\/ul>\n<p style=\"font-variant-ligatures: normal; font-variant-caps: normal; font-family: CeraPro, sans-serif; font-size: 20px; font-style: normal; font-weight: 400;\">\u00a0<\/p>\n<p style=\"text-align: right;\">L&rsquo;\u00e9quipe Medytec<\/p>\n<p><\/p>\t\t\t\t\t\t\t\t<\/div>\n\t\t\t\t<\/div>\n\t\t\t\t\t<\/div>\n\t\t<\/div>\n\t\t\t\t\t<\/div>\n\t\t<\/section>\n\t\t\t\t<\/div>","protected":false},"excerpt":{"rendered":"<p>Dans le showroom de Medytec, nous exposons les produits innovants d\u00e9velopp\u00e9s par les entreprises de notre territoire. Dans ce 6e article, nous vous pr\u00e9sentons la soci\u00e9t\u00e9 innovante Sublimed, cr\u00e9\u00e9e en 2015. A propos 1 fran\u00e7ais sur 5, soit plus de 10 millions de personnes, sont affect\u00e9s par les douleurs chroniques. Handicapantes parfois invalidantes, leur impact [&hellip;]<\/p>\n","protected":false},"author":4,"featured_media":2131,"comment_status":"closed","ping_status":"open","sticky":false,"template":"","format":"standard","meta":{"ocean_post_layout":"","ocean_both_sidebars_style":"","ocean_both_sidebars_content_width":0,"ocean_both_sidebars_sidebars_width":0,"ocean_sidebar":"0","ocean_second_sidebar":"0","ocean_disable_margins":"enable","ocean_add_body_class":"","ocean_shortcode_before_top_bar":"","ocean_shortcode_after_top_bar":"","ocean_shortcode_before_header":"","ocean_shortcode_after_header":"","ocean_has_shortcode":"","ocean_shortcode_after_title":"","ocean_shortcode_before_footer_widgets":"","ocean_shortcode_after_footer_widgets":"","ocean_shortcode_before_footer_bottom":"","ocean_shortcode_after_footer_bottom":"","ocean_display_top_bar":"off","ocean_display_header":"default","ocean_header_style":"","ocean_center_header_left_menu":"0","ocean_custom_header_template":"0","ocean_custom_logo":0,"ocean_custom_retina_logo":0,"ocean_custom_logo_max_width":0,"ocean_custom_logo_tablet_max_width":0,"ocean_custom_logo_mobile_max_width":0,"ocean_custom_logo_max_height":0,"ocean_custom_logo_tablet_max_height":0,"ocean_custom_logo_mobile_max_height":0,"ocean_header_custom_menu":"0","ocean_menu_typo_font_family":"0","ocean_menu_typo_font_subset":"","ocean_menu_typo_font_size":0,"ocean_menu_typo_font_size_tablet":0,"ocean_menu_typo_font_size_mobile":0,"ocean_menu_typo_font_size_unit":"px","ocean_menu_typo_font_weight":"","ocean_menu_typo_font_weight_tablet":"","ocean_menu_typo_font_weight_mobile":"","ocean_menu_typo_transform":"","ocean_menu_typo_transform_tablet":"","ocean_menu_typo_transform_mobile":"","ocean_menu_typo_line_height":0,"ocean_menu_typo_line_height_tablet":0,"ocean_menu_typo_line_height_mobile":0,"ocean_menu_typo_line_height_unit":"","ocean_menu_typo_spacing":0,"ocean_menu_typo_spacing_tablet":0,"ocean_menu_typo_spacing_mobile":0,"ocean_menu_typo_spacing_unit":"","ocean_menu_link_color":"","ocean_menu_link_color_hover":"","ocean_menu_link_color_active":"","ocean_menu_link_background":"","ocean_menu_link_hover_background":"","ocean_menu_link_active_background":"","ocean_menu_social_links_bg":"","ocean_menu_social_hover_links_bg":"","ocean_menu_social_links_color":"","ocean_menu_social_hover_links_color":"","ocean_disable_title":"default","ocean_disable_heading":"default","ocean_post_title":"","ocean_post_subheading":"","ocean_post_title_style":"","ocean_post_title_background_color":"","ocean_post_title_background":0,"ocean_post_title_bg_image_position":"","ocean_post_title_bg_image_attachment":"","ocean_post_title_bg_image_repeat":"","ocean_post_title_bg_image_size":"","ocean_post_title_height":0,"ocean_post_title_bg_overlay":0.5,"ocean_post_title_bg_overlay_color":"","ocean_disable_breadcrumbs":"default","ocean_breadcrumbs_color":"","ocean_breadcrumbs_separator_color":"","ocean_breadcrumbs_links_color":"","ocean_breadcrumbs_links_hover_color":"","ocean_display_footer_widgets":"default","ocean_display_footer_bottom":"default","ocean_custom_footer_template":"0","ocean_post_oembed":"","ocean_post_self_hosted_media":"","ocean_post_video_embed":"","ocean_link_format":"","ocean_link_format_target":"self","ocean_quote_format":"","ocean_quote_format_link":"post","ocean_gallery_link_images":"off","ocean_gallery_id":[],"footnotes":""},"categories":[55],"tags":[],"class_list":["post-2121","post","type-post","status-publish","format-standard","has-post-thumbnail","hentry","category-innovations-en-sante","entry","has-media"],"yoast_head":"<!-- This site is optimized with the Yoast SEO plugin v27.5 - https:\/\/yoast.com\/product\/yoast-seo-wordpress\/ -->\n<title>Les innovations en sant\u00e9 du territoire : le dispositif actiTENS<\/title>\n<meta name=\"description\" content=\"actiTENS, petit, l\u00e9ger, port\u00e9 directement sur le patient, redonne de la mobilit\u00e9 aux patients en leur permettant un retour \u00e0 la vie active.\" \/>\n<meta name=\"robots\" content=\"index, follow, max-snippet:-1, max-image-preview:large, max-video-preview:-1\" \/>\n<link rel=\"canonical\" href=\"https:\/\/medytec.eu\/en\/2021\/01\/05\/les-innovations-en-sante-du-territoire-le-dispositif-de-neurostimulation-transcutanee-connecte-actitens\/\" \/>\n<meta property=\"og:locale\" content=\"en_US\" \/>\n<meta property=\"og:type\" content=\"article\" \/>\n<meta property=\"og:title\" content=\"Les innovations en sant\u00e9 du territoire : le dispositif actiTENS\" \/>\n<meta property=\"og:description\" content=\"actiTENS, petit, l\u00e9ger, port\u00e9 directement sur le patient, redonne de la mobilit\u00e9 aux patients en leur permettant un retour \u00e0 la vie active.\" \/>\n<meta property=\"og:url\" content=\"https:\/\/medytec.eu\/en\/2021\/01\/05\/les-innovations-en-sante-du-territoire-le-dispositif-de-neurostimulation-transcutanee-connecte-actitens\/\" \/>\n<meta property=\"og:site_name\" content=\"Medytec\" \/>\n<meta property=\"article:published_time\" content=\"2021-01-05T15:06:31+00:00\" \/>\n<meta property=\"article:modified_time\" content=\"2021-10-08T12:17:46+00:00\" \/>\n<meta property=\"og:image\" content=\"https:\/\/medytec.eu\/wp-content\/uploads\/2021\/01\/SUBLIMED-3.jpeg\" \/>\n\t<meta property=\"og:image:width\" content=\"1600\" \/>\n\t<meta property=\"og:image:height\" content=\"1200\" \/>\n\t<meta property=\"og:image:type\" content=\"image\/jpeg\" \/>\n<meta name=\"author\" content=\"okparfait\" \/>\n<meta name=\"twitter:card\" content=\"summary_large_image\" \/>\n<meta name=\"twitter:label1\" content=\"Written by\" \/>\n\t<meta name=\"twitter:data1\" content=\"okparfait\" \/>\n\t<meta name=\"twitter:label2\" content=\"Est. reading time\" \/>\n\t<meta name=\"twitter:data2\" content=\"3 minutes\" \/>\n<script type=\"application\/ld+json\" class=\"yoast-schema-graph\">{\"@context\":\"https:\\\/\\\/schema.org\",\"@graph\":[{\"@type\":\"Article\",\"@id\":\"https:\\\/\\\/medytec.eu\\\/fr\\\/2021\\\/01\\\/05\\\/les-innovations-en-sante-du-territoire-le-dispositif-de-neurostimulation-transcutanee-connecte-actitens\\\/#article\",\"isPartOf\":{\"@id\":\"https:\\\/\\\/medytec.eu\\\/fr\\\/2021\\\/01\\\/05\\\/les-innovations-en-sante-du-territoire-le-dispositif-de-neurostimulation-transcutanee-connecte-actitens\\\/\"},\"author\":{\"name\":\"okparfait\",\"@id\":\"https:\\\/\\\/medytec.eu\\\/#\\\/schema\\\/person\\\/52643406ade6747ec29f0a5ca286f5fe\"},\"headline\":\"Les innovations en sant\u00e9 du territoire : le dispositif actiTENS\",\"datePublished\":\"2021-01-05T15:06:31+00:00\",\"dateModified\":\"2021-10-08T12:17:46+00:00\",\"mainEntityOfPage\":{\"@id\":\"https:\\\/\\\/medytec.eu\\\/fr\\\/2021\\\/01\\\/05\\\/les-innovations-en-sante-du-territoire-le-dispositif-de-neurostimulation-transcutanee-connecte-actitens\\\/\"},\"wordCount\":370,\"publisher\":{\"@id\":\"https:\\\/\\\/medytec.eu\\\/#organization\"},\"image\":{\"@id\":\"https:\\\/\\\/medytec.eu\\\/fr\\\/2021\\\/01\\\/05\\\/les-innovations-en-sante-du-territoire-le-dispositif-de-neurostimulation-transcutanee-connecte-actitens\\\/#primaryimage\"},\"thumbnailUrl\":\"https:\\\/\\\/medytec.eu\\\/wp-content\\\/uploads\\\/2021\\\/01\\\/SUBLIMED-3.jpeg\",\"articleSection\":[\"Innovations en sant\u00e9\"],\"inLanguage\":\"en-US\"},{\"@type\":\"WebPage\",\"@id\":\"https:\\\/\\\/medytec.eu\\\/fr\\\/2021\\\/01\\\/05\\\/les-innovations-en-sante-du-territoire-le-dispositif-de-neurostimulation-transcutanee-connecte-actitens\\\/\",\"url\":\"https:\\\/\\\/medytec.eu\\\/fr\\\/2021\\\/01\\\/05\\\/les-innovations-en-sante-du-territoire-le-dispositif-de-neurostimulation-transcutanee-connecte-actitens\\\/\",\"name\":\"Les innovations en sant\u00e9 du territoire : le dispositif actiTENS\",\"isPartOf\":{\"@id\":\"https:\\\/\\\/medytec.eu\\\/#website\"},\"primaryImageOfPage\":{\"@id\":\"https:\\\/\\\/medytec.eu\\\/fr\\\/2021\\\/01\\\/05\\\/les-innovations-en-sante-du-territoire-le-dispositif-de-neurostimulation-transcutanee-connecte-actitens\\\/#primaryimage\"},\"image\":{\"@id\":\"https:\\\/\\\/medytec.eu\\\/fr\\\/2021\\\/01\\\/05\\\/les-innovations-en-sante-du-territoire-le-dispositif-de-neurostimulation-transcutanee-connecte-actitens\\\/#primaryimage\"},\"thumbnailUrl\":\"https:\\\/\\\/medytec.eu\\\/wp-content\\\/uploads\\\/2021\\\/01\\\/SUBLIMED-3.jpeg\",\"datePublished\":\"2021-01-05T15:06:31+00:00\",\"dateModified\":\"2021-10-08T12:17:46+00:00\",\"description\":\"actiTENS, petit, l\u00e9ger, port\u00e9 directement sur le patient, redonne de la mobilit\u00e9 aux patients en leur permettant un retour \u00e0 la vie active.\",\"breadcrumb\":{\"@id\":\"https:\\\/\\\/medytec.eu\\\/fr\\\/2021\\\/01\\\/05\\\/les-innovations-en-sante-du-territoire-le-dispositif-de-neurostimulation-transcutanee-connecte-actitens\\\/#breadcrumb\"},\"inLanguage\":\"en-US\",\"potentialAction\":[{\"@type\":\"ReadAction\",\"target\":[\"https:\\\/\\\/medytec.eu\\\/fr\\\/2021\\\/01\\\/05\\\/les-innovations-en-sante-du-territoire-le-dispositif-de-neurostimulation-transcutanee-connecte-actitens\\\/\"]}]},{\"@type\":\"ImageObject\",\"inLanguage\":\"en-US\",\"@id\":\"https:\\\/\\\/medytec.eu\\\/fr\\\/2021\\\/01\\\/05\\\/les-innovations-en-sante-du-territoire-le-dispositif-de-neurostimulation-transcutanee-connecte-actitens\\\/#primaryimage\",\"url\":\"https:\\\/\\\/medytec.eu\\\/wp-content\\\/uploads\\\/2021\\\/01\\\/SUBLIMED-3.jpeg\",\"contentUrl\":\"https:\\\/\\\/medytec.eu\\\/wp-content\\\/uploads\\\/2021\\\/01\\\/SUBLIMED-3.jpeg\",\"width\":1600,\"height\":1200,\"caption\":\"le dispositif actiTENS\"},{\"@type\":\"BreadcrumbList\",\"@id\":\"https:\\\/\\\/medytec.eu\\\/fr\\\/2021\\\/01\\\/05\\\/les-innovations-en-sante-du-territoire-le-dispositif-de-neurostimulation-transcutanee-connecte-actitens\\\/#breadcrumb\",\"itemListElement\":[{\"@type\":\"ListItem\",\"position\":1,\"name\":\"Accueil\",\"item\":\"https:\\\/\\\/medytec.eu\\\/\"},{\"@type\":\"ListItem\",\"position\":2,\"name\":\"Les innovations en sant\u00e9 du territoire : le dispositif actiTENS\"}]},{\"@type\":\"WebSite\",\"@id\":\"https:\\\/\\\/medytec.eu\\\/#website\",\"url\":\"https:\\\/\\\/medytec.eu\\\/\",\"name\":\"Medytec\",\"description\":\"Le hub des technologies de la sant\u00e9 de grenoble-Alpes\",\"publisher\":{\"@id\":\"https:\\\/\\\/medytec.eu\\\/#organization\"},\"potentialAction\":[{\"@type\":\"SearchAction\",\"target\":{\"@type\":\"EntryPoint\",\"urlTemplate\":\"https:\\\/\\\/medytec.eu\\\/?s={search_term_string}\"},\"query-input\":{\"@type\":\"PropertyValueSpecification\",\"valueRequired\":true,\"valueName\":\"search_term_string\"}}],\"inLanguage\":\"en-US\"},{\"@type\":\"Organization\",\"@id\":\"https:\\\/\\\/medytec.eu\\\/#organization\",\"name\":\"MedYtec\",\"url\":\"https:\\\/\\\/medytec.eu\\\/\",\"logo\":{\"@type\":\"ImageObject\",\"inLanguage\":\"en-US\",\"@id\":\"https:\\\/\\\/medytec.eu\\\/#\\\/schema\\\/logo\\\/image\\\/\",\"url\":\"https:\\\/\\\/medytec.eu\\\/wp-content\\\/uploads\\\/2020\\\/02\\\/logo-medytec.png\",\"contentUrl\":\"https:\\\/\\\/medytec.eu\\\/wp-content\\\/uploads\\\/2020\\\/02\\\/logo-medytec.png\",\"width\":426,\"height\":147,\"caption\":\"MedYtec\"},\"image\":{\"@id\":\"https:\\\/\\\/medytec.eu\\\/#\\\/schema\\\/logo\\\/image\\\/\"}},{\"@type\":\"Person\",\"@id\":\"https:\\\/\\\/medytec.eu\\\/#\\\/schema\\\/person\\\/52643406ade6747ec29f0a5ca286f5fe\",\"name\":\"okparfait\",\"url\":\"https:\\\/\\\/medytec.eu\\\/en\\\/author\\\/e486db832ef7dcb5\\\/\"}]}<\/script>\n<!-- \/ Yoast SEO plugin. -->","yoast_head_json":{"title":"Les innovations en sant\u00e9 du territoire : le dispositif actiTENS","description":"actiTENS, petit, l\u00e9ger, port\u00e9 directement sur le patient, redonne de la mobilit\u00e9 aux patients en leur permettant un retour \u00e0 la vie active.","robots":{"index":"index","follow":"follow","max-snippet":"max-snippet:-1","max-image-preview":"max-image-preview:large","max-video-preview":"max-video-preview:-1"},"canonical":"https:\/\/medytec.eu\/en\/2021\/01\/05\/les-innovations-en-sante-du-territoire-le-dispositif-de-neurostimulation-transcutanee-connecte-actitens\/","og_locale":"en_US","og_type":"article","og_title":"Les innovations en sant\u00e9 du territoire : le dispositif actiTENS","og_description":"actiTENS, petit, l\u00e9ger, port\u00e9 directement sur le patient, redonne de la mobilit\u00e9 aux patients en leur permettant un retour \u00e0 la vie active.","og_url":"https:\/\/medytec.eu\/en\/2021\/01\/05\/les-innovations-en-sante-du-territoire-le-dispositif-de-neurostimulation-transcutanee-connecte-actitens\/","og_site_name":"Medytec","article_published_time":"2021-01-05T15:06:31+00:00","article_modified_time":"2021-10-08T12:17:46+00:00","og_image":[{"width":1600,"height":1200,"url":"https:\/\/medytec.eu\/wp-content\/uploads\/2021\/01\/SUBLIMED-3.jpeg","type":"image\/jpeg"}],"author":"okparfait","twitter_card":"summary_large_image","twitter_misc":{"Written by":"okparfait","Est. reading time":"3 minutes"},"schema":{"@context":"https:\/\/schema.org","@graph":[{"@type":"Article","@id":"https:\/\/medytec.eu\/fr\/2021\/01\/05\/les-innovations-en-sante-du-territoire-le-dispositif-de-neurostimulation-transcutanee-connecte-actitens\/#article","isPartOf":{"@id":"https:\/\/medytec.eu\/fr\/2021\/01\/05\/les-innovations-en-sante-du-territoire-le-dispositif-de-neurostimulation-transcutanee-connecte-actitens\/"},"author":{"name":"okparfait","@id":"https:\/\/medytec.eu\/#\/schema\/person\/52643406ade6747ec29f0a5ca286f5fe"},"headline":"Les innovations en sant\u00e9 du territoire : le dispositif actiTENS","datePublished":"2021-01-05T15:06:31+00:00","dateModified":"2021-10-08T12:17:46+00:00","mainEntityOfPage":{"@id":"https:\/\/medytec.eu\/fr\/2021\/01\/05\/les-innovations-en-sante-du-territoire-le-dispositif-de-neurostimulation-transcutanee-connecte-actitens\/"},"wordCount":370,"publisher":{"@id":"https:\/\/medytec.eu\/#organization"},"image":{"@id":"https:\/\/medytec.eu\/fr\/2021\/01\/05\/les-innovations-en-sante-du-territoire-le-dispositif-de-neurostimulation-transcutanee-connecte-actitens\/#primaryimage"},"thumbnailUrl":"https:\/\/medytec.eu\/wp-content\/uploads\/2021\/01\/SUBLIMED-3.jpeg","articleSection":["Innovations en sant\u00e9"],"inLanguage":"en-US"},{"@type":"WebPage","@id":"https:\/\/medytec.eu\/fr\/2021\/01\/05\/les-innovations-en-sante-du-territoire-le-dispositif-de-neurostimulation-transcutanee-connecte-actitens\/","url":"https:\/\/medytec.eu\/fr\/2021\/01\/05\/les-innovations-en-sante-du-territoire-le-dispositif-de-neurostimulation-transcutanee-connecte-actitens\/","name":"Les innovations en sant\u00e9 du territoire : le dispositif actiTENS","isPartOf":{"@id":"https:\/\/medytec.eu\/#website"},"primaryImageOfPage":{"@id":"https:\/\/medytec.eu\/fr\/2021\/01\/05\/les-innovations-en-sante-du-territoire-le-dispositif-de-neurostimulation-transcutanee-connecte-actitens\/#primaryimage"},"image":{"@id":"https:\/\/medytec.eu\/fr\/2021\/01\/05\/les-innovations-en-sante-du-territoire-le-dispositif-de-neurostimulation-transcutanee-connecte-actitens\/#primaryimage"},"thumbnailUrl":"https:\/\/medytec.eu\/wp-content\/uploads\/2021\/01\/SUBLIMED-3.jpeg","datePublished":"2021-01-05T15:06:31+00:00","dateModified":"2021-10-08T12:17:46+00:00","description":"actiTENS, petit, l\u00e9ger, port\u00e9 directement sur le patient, redonne de la mobilit\u00e9 aux patients en leur permettant un retour \u00e0 la vie active.","breadcrumb":{"@id":"https:\/\/medytec.eu\/fr\/2021\/01\/05\/les-innovations-en-sante-du-territoire-le-dispositif-de-neurostimulation-transcutanee-connecte-actitens\/#breadcrumb"},"inLanguage":"en-US","potentialAction":[{"@type":"ReadAction","target":["https:\/\/medytec.eu\/fr\/2021\/01\/05\/les-innovations-en-sante-du-territoire-le-dispositif-de-neurostimulation-transcutanee-connecte-actitens\/"]}]},{"@type":"ImageObject","inLanguage":"en-US","@id":"https:\/\/medytec.eu\/fr\/2021\/01\/05\/les-innovations-en-sante-du-territoire-le-dispositif-de-neurostimulation-transcutanee-connecte-actitens\/#primaryimage","url":"https:\/\/medytec.eu\/wp-content\/uploads\/2021\/01\/SUBLIMED-3.jpeg","contentUrl":"https:\/\/medytec.eu\/wp-content\/uploads\/2021\/01\/SUBLIMED-3.jpeg","width":1600,"height":1200,"caption":"le dispositif actiTENS"},{"@type":"BreadcrumbList","@id":"https:\/\/medytec.eu\/fr\/2021\/01\/05\/les-innovations-en-sante-du-territoire-le-dispositif-de-neurostimulation-transcutanee-connecte-actitens\/#breadcrumb","itemListElement":[{"@type":"ListItem","position":1,"name":"Accueil","item":"https:\/\/medytec.eu\/"},{"@type":"ListItem","position":2,"name":"Les innovations en sant\u00e9 du territoire : le dispositif actiTENS"}]},{"@type":"WebSite","@id":"https:\/\/medytec.eu\/#website","url":"https:\/\/medytec.eu\/","name":"Medytec","description":"Le hub des technologies de la sant\u00e9 de grenoble-Alpes","publisher":{"@id":"https:\/\/medytec.eu\/#organization"},"potentialAction":[{"@type":"SearchAction","target":{"@type":"EntryPoint","urlTemplate":"https:\/\/medytec.eu\/?s={search_term_string}"},"query-input":{"@type":"PropertyValueSpecification","valueRequired":true,"valueName":"search_term_string"}}],"inLanguage":"en-US"},{"@type":"Organization","@id":"https:\/\/medytec.eu\/#organization","name":"MedYtec","url":"https:\/\/medytec.eu\/","logo":{"@type":"ImageObject","inLanguage":"en-US","@id":"https:\/\/medytec.eu\/#\/schema\/logo\/image\/","url":"https:\/\/medytec.eu\/wp-content\/uploads\/2020\/02\/logo-medytec.png","contentUrl":"https:\/\/medytec.eu\/wp-content\/uploads\/2020\/02\/logo-medytec.png","width":426,"height":147,"caption":"MedYtec"},"image":{"@id":"https:\/\/medytec.eu\/#\/schema\/logo\/image\/"}},{"@type":"Person","@id":"https:\/\/medytec.eu\/#\/schema\/person\/52643406ade6747ec29f0a5ca286f5fe","name":"okparfait","url":"https:\/\/medytec.eu\/en\/author\/e486db832ef7dcb5\/"}]}},"_links":{"self":[{"href":"https:\/\/medytec.eu\/en\/wp-json\/wp\/v2\/posts\/2121","targetHints":{"allow":["GET"]}}],"collection":[{"href":"https:\/\/medytec.eu\/en\/wp-json\/wp\/v2\/posts"}],"about":[{"href":"https:\/\/medytec.eu\/en\/wp-json\/wp\/v2\/types\/post"}],"author":[{"embeddable":true,"href":"https:\/\/medytec.eu\/en\/wp-json\/wp\/v2\/users\/4"}],"replies":[{"embeddable":true,"href":"https:\/\/medytec.eu\/en\/wp-json\/wp\/v2\/comments?post=2121"}],"version-history":[{"count":0,"href":"https:\/\/medytec.eu\/en\/wp-json\/wp\/v2\/posts\/2121\/revisions"}],"wp:featuredmedia":[{"embeddable":true,"href":"https:\/\/medytec.eu\/en\/wp-json\/wp\/v2\/media\/2131"}],"wp:attachment":[{"href":"https:\/\/medytec.eu\/en\/wp-json\/wp\/v2\/media?parent=2121"}],"wp:term":[{"taxonomy":"category","embeddable":true,"href":"https:\/\/medytec.eu\/en\/wp-json\/wp\/v2\/categories?post=2121"},{"taxonomy":"post_tag","embeddable":true,"href":"https:\/\/medytec.eu\/en\/wp-json\/wp\/v2\/tags?post=2121"}],"curies":[{"name":"wp","href":"https:\/\/api.w.org\/{rel}","templated":true}]}}