{"id":1686,"date":"2020-09-10T14:07:30","date_gmt":"2020-09-10T12:07:30","guid":{"rendered":"https:\/\/medytec.eu\/?p=1686"},"modified":"2022-10-19T11:00:15","modified_gmt":"2022-10-19T09:00:15","slug":"presentation-de-l-ecosysteme-sante-de-grenoble-alpes","status":"publish","type":"post","link":"https:\/\/medytec.eu\/en\/2020\/09\/10\/presentation-de-l-ecosysteme-sante-de-grenoble-alpes\/","title":{"rendered":"L&rsquo;\u00e9cosyst\u00e8me Sant\u00e9 de Grenoble Alpes"},"content":{"rendered":"<div data-elementor-type=\"wp-post\" data-elementor-id=\"1686\" class=\"elementor elementor-1686\" data-elementor-post-type=\"post\">\n\t\t\t\t\t\t<section class=\"elementor-section elementor-top-section elementor-element elementor-element-328abdf6 elementor-section-boxed elementor-section-height-default elementor-section-height-default\" data-id=\"328abdf6\" data-element_type=\"section\" data-e-type=\"section\">\n\t\t\t\t\t\t<div class=\"elementor-container elementor-column-gap-default\">\n\t\t\t\t\t<div class=\"elementor-column elementor-col-100 elementor-top-column elementor-element elementor-element-699e1583\" data-id=\"699e1583\" data-element_type=\"column\" data-e-type=\"column\">\n\t\t\t<div class=\"elementor-widget-wrap elementor-element-populated\">\n\t\t\t\t\t\t<div class=\"elementor-element elementor-element-5d2a5b0 elementor-widget elementor-widget-text-editor\" data-id=\"5d2a5b0\" data-element_type=\"widget\" data-e-type=\"widget\" data-widget_type=\"text-editor.default\">\n\t\t\t\t<div class=\"elementor-widget-container\">\n\t\t\t\t\t\t\t\t\t<p>Situ\u00e9 au c\u0153ur d&rsquo;un <span style=\"color: #00a8bc;\"><a style=\"color: #00a8bc;\" href=\"https:\/\/medytec.eu\/en\/un-ecosysteme-d-excellence-en-sante\/les-acteurs-de-l-ecosysteme-sante\/\" target=\"_blank\" rel=\"noopener\">\u00e9cosyst\u00e8me innovant<\/a><\/span>, Medytec a pour mission de mettre en lumi\u00e8re l&rsquo;excellence de l&rsquo;\u00e9cosyst\u00e8me sant\u00e9 de Grenoble Alpes.<\/p><p>Au travers des \u00e9crans tactiles et des vitrines produits pr\u00e9sents dans le<span style=\"color: #00a8bc;\"> <a style=\"color: #00a8bc;\" href=\"https:\/\/medytec.eu\/en\/vos-evenements\/espaces-medytec-pour-vos-evenements-personnalises\/\" target=\"_blank\" rel=\"noopener\">unique<\/a><\/span>, d\u00e9couvrez petit \u00e0 petit la fili\u00e8re, les acteurs, les innovations et bien plus encore !<\/p><p>Dans cet article, nous vous pr\u00e9sentons un des \u00e9crans du showroom qui r\u00e9f\u00e9rence tous les acteurs de la fili\u00e8re. Il repr\u00e9sente la fertilisation crois\u00e9e tr\u00e8s pr\u00e9sente sur notre territoire du meilleur de l\u2019Industrie, de la Formation et de la Recherche au service de la m\u00e9decine de demain.<\/p><p>Consultez sur cet \u00e9cran tactile votre fiche acteur, celle de vos clients, vos potentiels clients, vos partenaires\u2026 A ce jour,\u00a0<strong>180 acteurs sont r\u00e9f\u00e9renc\u00e9s<\/strong>, un contenu riche et unique sur le territoire.<\/p><hr \/><p>Pour en savoir plus sur cet \u00e9cran, consulter la vid\u00e9o ci-dessous :<\/p>\t\t\t\t\t\t\t\t<\/div>\n\t\t\t\t<\/div>\n\t\t\t\t\t<\/div>\n\t\t<\/div>\n\t\t\t\t\t<\/div>\n\t\t<\/section>\n\t\t\t\t<section class=\"elementor-section elementor-top-section elementor-element elementor-element-2fa9efb elementor-section-boxed elementor-section-height-default elementor-section-height-default\" data-id=\"2fa9efb\" data-element_type=\"section\" data-e-type=\"section\">\n\t\t\t\t\t\t<div class=\"elementor-container elementor-column-gap-default\">\n\t\t\t\t\t<div class=\"elementor-column elementor-col-100 elementor-top-column elementor-element elementor-element-0c50e99\" data-id=\"0c50e99\" data-element_type=\"column\" data-e-type=\"column\">\n\t\t\t<div class=\"elementor-widget-wrap elementor-element-populated\">\n\t\t\t\t\t\t<div class=\"elementor-element elementor-element-38ee103 elementor-widget elementor-widget-video\" data-id=\"38ee103\" data-element_type=\"widget\" data-e-type=\"widget\" data-settings=\"{&quot;video_type&quot;:&quot;hosted&quot;,&quot;autoplay&quot;:&quot;yes&quot;,&quot;controls&quot;:&quot;yes&quot;}\" data-widget_type=\"video.default\">\n\t\t\t\t<div class=\"elementor-widget-container\">\n\t\t\t\t\t\t\t<div class=\"e-hosted-video elementor-wrapper elementor-open-inline\">\n\t\t\t\t\t<video class=\"elementor-video\" src=\"https:\/\/medytec.eu\/wp-content\/uploads\/2020\/09\/Film-\u00e9cran-\u00e9cosyst\u00e8me.mp4\" autoplay=\"\" controls=\"\" controlslist=\"nodownload\"><\/video>\n\t\t\t\t<\/div>\n\t\t\t\t\t\t<\/div>\n\t\t\t\t<\/div>\n\t\t\t\t\t<\/div>\n\t\t<\/div>\n\t\t\t\t\t<\/div>\n\t\t<\/section>\n\t\t\t\t<section class=\"elementor-section elementor-top-section elementor-element elementor-element-dc878ed elementor-section-boxed elementor-section-height-default elementor-section-height-default\" data-id=\"dc878ed\" data-element_type=\"section\" data-e-type=\"section\">\n\t\t\t\t\t\t<div class=\"elementor-container elementor-column-gap-default\">\n\t\t\t\t\t<div class=\"elementor-column elementor-col-100 elementor-top-column elementor-element elementor-element-0521a01\" data-id=\"0521a01\" data-element_type=\"column\" data-e-type=\"column\">\n\t\t\t<div class=\"elementor-widget-wrap elementor-element-populated\">\n\t\t\t\t\t\t<div class=\"elementor-element elementor-element-e2a7671 elementor-widget elementor-widget-text-editor\" data-id=\"e2a7671\" data-element_type=\"widget\" data-e-type=\"widget\" data-widget_type=\"text-editor.default\">\n\t\t\t\t<div class=\"elementor-widget-container\">\n\t\t\t\t\t\t\t\t\t<h4>\u00a0<\/h4><h4><strong>Quand venir \u00e0 Medytec\u00a0?<\/strong><\/h4><p>Nous vous invitons \u00e0 visiter le lieu lors de nos\u00a0<span style=\"color: #00a8bc;\"><a style=\"color: #00a8bc;\" href=\"https:\/\/medytec.eu\/en\/events\/journees-libre-acces\/\" target=\"_blank\" rel=\"noopener\">journ\u00e9es portes ouvertes<\/a><\/span>\u00a0ou \u00e0 nous contacter par mail pour prendre rendez-vous : <span style=\"color: #00a8bc;\"><a style=\"color: #00a8bc;\" href=\"mailto:rim.argney@medytec.eu\" target=\"_blank\" rel=\"noopener\">margaux.denantes@medytec.eu<\/a><\/span><\/p><p style=\"text-align: right;\">L\u2019\u00e9quipe Medytec<\/p>\t\t\t\t\t\t\t\t<\/div>\n\t\t\t\t<\/div>\n\t\t\t\t\t<\/div>\n\t\t<\/div>\n\t\t\t\t\t<\/div>\n\t\t<\/section>\n\t\t\t\t<\/div>","protected":false},"excerpt":{"rendered":"<p>Situ\u00e9 au c\u0153ur d&rsquo;un \u00e9cosyst\u00e8me innovant, Medytec a pour mission de mettre en lumi\u00e8re l&rsquo;excellence de l&rsquo;\u00e9cosyst\u00e8me sant\u00e9 de Grenoble Alpes. Au travers des \u00e9crans tactiles et des vitrines produits pr\u00e9sents dans le showroom, d\u00e9couvrez petit \u00e0 petit la fili\u00e8re, les acteurs, les innovations et bien plus encore ! Dans cet article, nous vous pr\u00e9sentons [&hellip;]<\/p>\n","protected":false},"author":4,"featured_media":1693,"comment_status":"closed","ping_status":"open","sticky":false,"template":"","format":"standard","meta":{"ocean_post_layout":"","ocean_both_sidebars_style":"","ocean_both_sidebars_content_width":0,"ocean_both_sidebars_sidebars_width":0,"ocean_sidebar":"0","ocean_second_sidebar":"0","ocean_disable_margins":"enable","ocean_add_body_class":"","ocean_shortcode_before_top_bar":"","ocean_shortcode_after_top_bar":"","ocean_shortcode_before_header":"","ocean_shortcode_after_header":"","ocean_has_shortcode":"","ocean_shortcode_after_title":"","ocean_shortcode_before_footer_widgets":"","ocean_shortcode_after_footer_widgets":"","ocean_shortcode_before_footer_bottom":"","ocean_shortcode_after_footer_bottom":"","ocean_display_top_bar":"off","ocean_display_header":"default","ocean_header_style":"","ocean_center_header_left_menu":"0","ocean_custom_header_template":"0","ocean_custom_logo":0,"ocean_custom_retina_logo":0,"ocean_custom_logo_max_width":0,"ocean_custom_logo_tablet_max_width":0,"ocean_custom_logo_mobile_max_width":0,"ocean_custom_logo_max_height":0,"ocean_custom_logo_tablet_max_height":0,"ocean_custom_logo_mobile_max_height":0,"ocean_header_custom_menu":"0","ocean_menu_typo_font_family":"0","ocean_menu_typo_font_subset":"","ocean_menu_typo_font_size":0,"ocean_menu_typo_font_size_tablet":0,"ocean_menu_typo_font_size_mobile":0,"ocean_menu_typo_font_size_unit":"px","ocean_menu_typo_font_weight":"","ocean_menu_typo_font_weight_tablet":"","ocean_menu_typo_font_weight_mobile":"","ocean_menu_typo_transform":"","ocean_menu_typo_transform_tablet":"","ocean_menu_typo_transform_mobile":"","ocean_menu_typo_line_height":0,"ocean_menu_typo_line_height_tablet":0,"ocean_menu_typo_line_height_mobile":0,"ocean_menu_typo_line_height_unit":"","ocean_menu_typo_spacing":0,"ocean_menu_typo_spacing_tablet":0,"ocean_menu_typo_spacing_mobile":0,"ocean_menu_typo_spacing_unit":"","ocean_menu_link_color":"","ocean_menu_link_color_hover":"","ocean_menu_link_color_active":"","ocean_menu_link_background":"","ocean_menu_link_hover_background":"","ocean_menu_link_active_background":"","ocean_menu_social_links_bg":"","ocean_menu_social_hover_links_bg":"","ocean_menu_social_links_color":"","ocean_menu_social_hover_links_color":"","ocean_disable_title":"default","ocean_disable_heading":"default","ocean_post_title":"","ocean_post_subheading":"","ocean_post_title_style":"","ocean_post_title_background_color":"","ocean_post_title_background":0,"ocean_post_title_bg_image_position":"","ocean_post_title_bg_image_attachment":"","ocean_post_title_bg_image_repeat":"","ocean_post_title_bg_image_size":"","ocean_post_title_height":0,"ocean_post_title_bg_overlay":0.5,"ocean_post_title_bg_overlay_color":"","ocean_disable_breadcrumbs":"default","ocean_breadcrumbs_color":"","ocean_breadcrumbs_separator_color":"","ocean_breadcrumbs_links_color":"","ocean_breadcrumbs_links_hover_color":"","ocean_display_footer_widgets":"default","ocean_display_footer_bottom":"default","ocean_custom_footer_template":"0","ocean_post_oembed":"","ocean_post_self_hosted_media":"","ocean_post_video_embed":"","ocean_link_format":"","ocean_link_format_target":"self","ocean_quote_format":"","ocean_quote_format_link":"post","ocean_gallery_link_images":"off","ocean_gallery_id":[],"footnotes":""},"categories":[70,55],"tags":[],"class_list":["post-1686","post","type-post","status-publish","format-standard","has-post-thumbnail","hentry","category-evenements","category-innovations-en-sante","entry","has-media"],"yoast_head":"<!-- This site is optimized with the Yoast SEO plugin v27.5 - https:\/\/yoast.com\/product\/yoast-seo-wordpress\/ -->\n<title>L&#039;\u00e9cosyst\u00e8me Sant\u00e9 de Grenoble Alpes<\/title>\n<meta name=\"description\" content=\"Situ\u00e9 au c\u0153ur d\u2019un \u00e9cosyst\u00e8me innovant, Medytec a pour mission de mettre en lumi\u00e8re l\u2019excellence de l\u2019\u00e9cosyst\u00e8me sant\u00e9 de Grenoble Alpes.\" \/>\n<meta name=\"robots\" content=\"index, follow, max-snippet:-1, max-image-preview:large, max-video-preview:-1\" \/>\n<link rel=\"canonical\" href=\"https:\/\/medytec.eu\/en\/2020\/09\/10\/presentation-de-l-ecosysteme-sante-de-grenoble-alpes\/\" \/>\n<meta property=\"og:locale\" content=\"en_US\" \/>\n<meta property=\"og:type\" content=\"article\" \/>\n<meta property=\"og:title\" content=\"L&#039;\u00e9cosyst\u00e8me Sant\u00e9 de Grenoble Alpes\" \/>\n<meta property=\"og:description\" content=\"Situ\u00e9 au c\u0153ur d\u2019un \u00e9cosyst\u00e8me innovant, Medytec a pour mission de mettre en lumi\u00e8re l\u2019excellence de l\u2019\u00e9cosyst\u00e8me sant\u00e9 de Grenoble Alpes.\" \/>\n<meta property=\"og:url\" content=\"https:\/\/medytec.eu\/en\/2020\/09\/10\/presentation-de-l-ecosysteme-sante-de-grenoble-alpes\/\" \/>\n<meta property=\"og:site_name\" content=\"Medytec\" \/>\n<meta property=\"article:published_time\" content=\"2020-09-10T12:07:30+00:00\" \/>\n<meta property=\"article:modified_time\" content=\"2022-10-19T09:00:15+00:00\" \/>\n<meta property=\"og:image\" content=\"https:\/\/medytec.eu\/wp-content\/uploads\/2020\/09\/Ecran-4-.png\" \/>\n\t<meta property=\"og:image:width\" content=\"1024\" \/>\n\t<meta property=\"og:image:height\" content=\"577\" \/>\n\t<meta property=\"og:image:type\" content=\"image\/png\" \/>\n<meta name=\"author\" content=\"okparfait\" \/>\n<meta name=\"twitter:card\" content=\"summary_large_image\" \/>\n<meta name=\"twitter:label1\" content=\"Written by\" \/>\n\t<meta name=\"twitter:data1\" content=\"okparfait\" \/>\n\t<meta name=\"twitter:label2\" content=\"Est. reading time\" \/>\n\t<meta name=\"twitter:data2\" content=\"1 minute\" \/>\n<script type=\"application\/ld+json\" class=\"yoast-schema-graph\">{\"@context\":\"https:\\\/\\\/schema.org\",\"@graph\":[{\"@type\":\"Article\",\"@id\":\"https:\\\/\\\/medytec.eu\\\/fr\\\/2020\\\/09\\\/10\\\/presentation-de-l-ecosysteme-sante-de-grenoble-alpes\\\/#article\",\"isPartOf\":{\"@id\":\"https:\\\/\\\/medytec.eu\\\/fr\\\/2020\\\/09\\\/10\\\/presentation-de-l-ecosysteme-sante-de-grenoble-alpes\\\/\"},\"author\":{\"name\":\"okparfait\",\"@id\":\"https:\\\/\\\/medytec.eu\\\/#\\\/schema\\\/person\\\/52643406ade6747ec29f0a5ca286f5fe\"},\"headline\":\"L&rsquo;\u00e9cosyst\u00e8me Sant\u00e9 de Grenoble Alpes\",\"datePublished\":\"2020-09-10T12:07:30+00:00\",\"dateModified\":\"2022-10-19T09:00:15+00:00\",\"mainEntityOfPage\":{\"@id\":\"https:\\\/\\\/medytec.eu\\\/fr\\\/2020\\\/09\\\/10\\\/presentation-de-l-ecosysteme-sante-de-grenoble-alpes\\\/\"},\"wordCount\":208,\"publisher\":{\"@id\":\"https:\\\/\\\/medytec.eu\\\/#organization\"},\"image\":{\"@id\":\"https:\\\/\\\/medytec.eu\\\/fr\\\/2020\\\/09\\\/10\\\/presentation-de-l-ecosysteme-sante-de-grenoble-alpes\\\/#primaryimage\"},\"thumbnailUrl\":\"https:\\\/\\\/medytec.eu\\\/wp-content\\\/uploads\\\/2020\\\/09\\\/Ecran-4-.png\",\"articleSection\":[\"\u00c9v\u00e8nements\",\"Innovations en sant\u00e9\"],\"inLanguage\":\"en-US\"},{\"@type\":\"WebPage\",\"@id\":\"https:\\\/\\\/medytec.eu\\\/fr\\\/2020\\\/09\\\/10\\\/presentation-de-l-ecosysteme-sante-de-grenoble-alpes\\\/\",\"url\":\"https:\\\/\\\/medytec.eu\\\/fr\\\/2020\\\/09\\\/10\\\/presentation-de-l-ecosysteme-sante-de-grenoble-alpes\\\/\",\"name\":\"L'\u00e9cosyst\u00e8me Sant\u00e9 de Grenoble Alpes\",\"isPartOf\":{\"@id\":\"https:\\\/\\\/medytec.eu\\\/#website\"},\"primaryImageOfPage\":{\"@id\":\"https:\\\/\\\/medytec.eu\\\/fr\\\/2020\\\/09\\\/10\\\/presentation-de-l-ecosysteme-sante-de-grenoble-alpes\\\/#primaryimage\"},\"image\":{\"@id\":\"https:\\\/\\\/medytec.eu\\\/fr\\\/2020\\\/09\\\/10\\\/presentation-de-l-ecosysteme-sante-de-grenoble-alpes\\\/#primaryimage\"},\"thumbnailUrl\":\"https:\\\/\\\/medytec.eu\\\/wp-content\\\/uploads\\\/2020\\\/09\\\/Ecran-4-.png\",\"datePublished\":\"2020-09-10T12:07:30+00:00\",\"dateModified\":\"2022-10-19T09:00:15+00:00\",\"description\":\"Situ\u00e9 au c\u0153ur d\u2019un \u00e9cosyst\u00e8me innovant, Medytec a pour mission de mettre en lumi\u00e8re l\u2019excellence de l\u2019\u00e9cosyst\u00e8me sant\u00e9 de Grenoble Alpes.\",\"breadcrumb\":{\"@id\":\"https:\\\/\\\/medytec.eu\\\/fr\\\/2020\\\/09\\\/10\\\/presentation-de-l-ecosysteme-sante-de-grenoble-alpes\\\/#breadcrumb\"},\"inLanguage\":\"en-US\",\"potentialAction\":[{\"@type\":\"ReadAction\",\"target\":[\"https:\\\/\\\/medytec.eu\\\/fr\\\/2020\\\/09\\\/10\\\/presentation-de-l-ecosysteme-sante-de-grenoble-alpes\\\/\"]}]},{\"@type\":\"ImageObject\",\"inLanguage\":\"en-US\",\"@id\":\"https:\\\/\\\/medytec.eu\\\/fr\\\/2020\\\/09\\\/10\\\/presentation-de-l-ecosysteme-sante-de-grenoble-alpes\\\/#primaryimage\",\"url\":\"https:\\\/\\\/medytec.eu\\\/wp-content\\\/uploads\\\/2020\\\/09\\\/Ecran-4-.png\",\"contentUrl\":\"https:\\\/\\\/medytec.eu\\\/wp-content\\\/uploads\\\/2020\\\/09\\\/Ecran-4-.png\",\"width\":16000,\"height\":9017,\"caption\":\"\u00e9cosyst\u00e8me sant\u00e9\"},{\"@type\":\"BreadcrumbList\",\"@id\":\"https:\\\/\\\/medytec.eu\\\/fr\\\/2020\\\/09\\\/10\\\/presentation-de-l-ecosysteme-sante-de-grenoble-alpes\\\/#breadcrumb\",\"itemListElement\":[{\"@type\":\"ListItem\",\"position\":1,\"name\":\"Accueil\",\"item\":\"https:\\\/\\\/medytec.eu\\\/\"},{\"@type\":\"ListItem\",\"position\":2,\"name\":\"L&rsquo;\u00e9cosyst\u00e8me Sant\u00e9 de Grenoble Alpes\"}]},{\"@type\":\"WebSite\",\"@id\":\"https:\\\/\\\/medytec.eu\\\/#website\",\"url\":\"https:\\\/\\\/medytec.eu\\\/\",\"name\":\"Medytec\",\"description\":\"Le hub des technologies de la sant\u00e9 de grenoble-Alpes\",\"publisher\":{\"@id\":\"https:\\\/\\\/medytec.eu\\\/#organization\"},\"potentialAction\":[{\"@type\":\"SearchAction\",\"target\":{\"@type\":\"EntryPoint\",\"urlTemplate\":\"https:\\\/\\\/medytec.eu\\\/?s={search_term_string}\"},\"query-input\":{\"@type\":\"PropertyValueSpecification\",\"valueRequired\":true,\"valueName\":\"search_term_string\"}}],\"inLanguage\":\"en-US\"},{\"@type\":\"Organization\",\"@id\":\"https:\\\/\\\/medytec.eu\\\/#organization\",\"name\":\"MedYtec\",\"url\":\"https:\\\/\\\/medytec.eu\\\/\",\"logo\":{\"@type\":\"ImageObject\",\"inLanguage\":\"en-US\",\"@id\":\"https:\\\/\\\/medytec.eu\\\/#\\\/schema\\\/logo\\\/image\\\/\",\"url\":\"https:\\\/\\\/medytec.eu\\\/wp-content\\\/uploads\\\/2020\\\/02\\\/logo-medytec.png\",\"contentUrl\":\"https:\\\/\\\/medytec.eu\\\/wp-content\\\/uploads\\\/2020\\\/02\\\/logo-medytec.png\",\"width\":426,\"height\":147,\"caption\":\"MedYtec\"},\"image\":{\"@id\":\"https:\\\/\\\/medytec.eu\\\/#\\\/schema\\\/logo\\\/image\\\/\"}},{\"@type\":\"Person\",\"@id\":\"https:\\\/\\\/medytec.eu\\\/#\\\/schema\\\/person\\\/52643406ade6747ec29f0a5ca286f5fe\",\"name\":\"okparfait\",\"url\":\"https:\\\/\\\/medytec.eu\\\/en\\\/author\\\/e486db832ef7dcb5\\\/\"}]}<\/script>\n<!-- \/ Yoast SEO plugin. -->","yoast_head_json":{"title":"L'\u00e9cosyst\u00e8me Sant\u00e9 de Grenoble Alpes","description":"Situ\u00e9 au c\u0153ur d\u2019un \u00e9cosyst\u00e8me innovant, Medytec a pour mission de mettre en lumi\u00e8re l\u2019excellence de l\u2019\u00e9cosyst\u00e8me sant\u00e9 de Grenoble Alpes.","robots":{"index":"index","follow":"follow","max-snippet":"max-snippet:-1","max-image-preview":"max-image-preview:large","max-video-preview":"max-video-preview:-1"},"canonical":"https:\/\/medytec.eu\/en\/2020\/09\/10\/presentation-de-l-ecosysteme-sante-de-grenoble-alpes\/","og_locale":"en_US","og_type":"article","og_title":"L'\u00e9cosyst\u00e8me Sant\u00e9 de Grenoble Alpes","og_description":"Situ\u00e9 au c\u0153ur d\u2019un \u00e9cosyst\u00e8me innovant, Medytec a pour mission de mettre en lumi\u00e8re l\u2019excellence de l\u2019\u00e9cosyst\u00e8me sant\u00e9 de Grenoble Alpes.","og_url":"https:\/\/medytec.eu\/en\/2020\/09\/10\/presentation-de-l-ecosysteme-sante-de-grenoble-alpes\/","og_site_name":"Medytec","article_published_time":"2020-09-10T12:07:30+00:00","article_modified_time":"2022-10-19T09:00:15+00:00","og_image":[{"url":"https:\/\/medytec.eu\/wp-content\/uploads\/2020\/09\/Ecran-4-.png","width":1024,"height":577,"type":"image\/png"}],"author":"okparfait","twitter_card":"summary_large_image","twitter_misc":{"Written by":"okparfait","Est. reading time":"1 minute"},"schema":{"@context":"https:\/\/schema.org","@graph":[{"@type":"Article","@id":"https:\/\/medytec.eu\/fr\/2020\/09\/10\/presentation-de-l-ecosysteme-sante-de-grenoble-alpes\/#article","isPartOf":{"@id":"https:\/\/medytec.eu\/fr\/2020\/09\/10\/presentation-de-l-ecosysteme-sante-de-grenoble-alpes\/"},"author":{"name":"okparfait","@id":"https:\/\/medytec.eu\/#\/schema\/person\/52643406ade6747ec29f0a5ca286f5fe"},"headline":"L&rsquo;\u00e9cosyst\u00e8me Sant\u00e9 de Grenoble Alpes","datePublished":"2020-09-10T12:07:30+00:00","dateModified":"2022-10-19T09:00:15+00:00","mainEntityOfPage":{"@id":"https:\/\/medytec.eu\/fr\/2020\/09\/10\/presentation-de-l-ecosysteme-sante-de-grenoble-alpes\/"},"wordCount":208,"publisher":{"@id":"https:\/\/medytec.eu\/#organization"},"image":{"@id":"https:\/\/medytec.eu\/fr\/2020\/09\/10\/presentation-de-l-ecosysteme-sante-de-grenoble-alpes\/#primaryimage"},"thumbnailUrl":"https:\/\/medytec.eu\/wp-content\/uploads\/2020\/09\/Ecran-4-.png","articleSection":["\u00c9v\u00e8nements","Innovations en sant\u00e9"],"inLanguage":"en-US"},{"@type":"WebPage","@id":"https:\/\/medytec.eu\/fr\/2020\/09\/10\/presentation-de-l-ecosysteme-sante-de-grenoble-alpes\/","url":"https:\/\/medytec.eu\/fr\/2020\/09\/10\/presentation-de-l-ecosysteme-sante-de-grenoble-alpes\/","name":"L'\u00e9cosyst\u00e8me Sant\u00e9 de Grenoble Alpes","isPartOf":{"@id":"https:\/\/medytec.eu\/#website"},"primaryImageOfPage":{"@id":"https:\/\/medytec.eu\/fr\/2020\/09\/10\/presentation-de-l-ecosysteme-sante-de-grenoble-alpes\/#primaryimage"},"image":{"@id":"https:\/\/medytec.eu\/fr\/2020\/09\/10\/presentation-de-l-ecosysteme-sante-de-grenoble-alpes\/#primaryimage"},"thumbnailUrl":"https:\/\/medytec.eu\/wp-content\/uploads\/2020\/09\/Ecran-4-.png","datePublished":"2020-09-10T12:07:30+00:00","dateModified":"2022-10-19T09:00:15+00:00","description":"Situ\u00e9 au c\u0153ur d\u2019un \u00e9cosyst\u00e8me innovant, Medytec a pour mission de mettre en lumi\u00e8re l\u2019excellence de l\u2019\u00e9cosyst\u00e8me sant\u00e9 de Grenoble Alpes.","breadcrumb":{"@id":"https:\/\/medytec.eu\/fr\/2020\/09\/10\/presentation-de-l-ecosysteme-sante-de-grenoble-alpes\/#breadcrumb"},"inLanguage":"en-US","potentialAction":[{"@type":"ReadAction","target":["https:\/\/medytec.eu\/fr\/2020\/09\/10\/presentation-de-l-ecosysteme-sante-de-grenoble-alpes\/"]}]},{"@type":"ImageObject","inLanguage":"en-US","@id":"https:\/\/medytec.eu\/fr\/2020\/09\/10\/presentation-de-l-ecosysteme-sante-de-grenoble-alpes\/#primaryimage","url":"https:\/\/medytec.eu\/wp-content\/uploads\/2020\/09\/Ecran-4-.png","contentUrl":"https:\/\/medytec.eu\/wp-content\/uploads\/2020\/09\/Ecran-4-.png","width":16000,"height":9017,"caption":"\u00e9cosyst\u00e8me sant\u00e9"},{"@type":"BreadcrumbList","@id":"https:\/\/medytec.eu\/fr\/2020\/09\/10\/presentation-de-l-ecosysteme-sante-de-grenoble-alpes\/#breadcrumb","itemListElement":[{"@type":"ListItem","position":1,"name":"Accueil","item":"https:\/\/medytec.eu\/"},{"@type":"ListItem","position":2,"name":"L&rsquo;\u00e9cosyst\u00e8me Sant\u00e9 de Grenoble Alpes"}]},{"@type":"WebSite","@id":"https:\/\/medytec.eu\/#website","url":"https:\/\/medytec.eu\/","name":"Medytec","description":"Le hub des technologies de la sant\u00e9 de grenoble-Alpes","publisher":{"@id":"https:\/\/medytec.eu\/#organization"},"potentialAction":[{"@type":"SearchAction","target":{"@type":"EntryPoint","urlTemplate":"https:\/\/medytec.eu\/?s={search_term_string}"},"query-input":{"@type":"PropertyValueSpecification","valueRequired":true,"valueName":"search_term_string"}}],"inLanguage":"en-US"},{"@type":"Organization","@id":"https:\/\/medytec.eu\/#organization","name":"MedYtec","url":"https:\/\/medytec.eu\/","logo":{"@type":"ImageObject","inLanguage":"en-US","@id":"https:\/\/medytec.eu\/#\/schema\/logo\/image\/","url":"https:\/\/medytec.eu\/wp-content\/uploads\/2020\/02\/logo-medytec.png","contentUrl":"https:\/\/medytec.eu\/wp-content\/uploads\/2020\/02\/logo-medytec.png","width":426,"height":147,"caption":"MedYtec"},"image":{"@id":"https:\/\/medytec.eu\/#\/schema\/logo\/image\/"}},{"@type":"Person","@id":"https:\/\/medytec.eu\/#\/schema\/person\/52643406ade6747ec29f0a5ca286f5fe","name":"okparfait","url":"https:\/\/medytec.eu\/en\/author\/e486db832ef7dcb5\/"}]}},"_links":{"self":[{"href":"https:\/\/medytec.eu\/en\/wp-json\/wp\/v2\/posts\/1686","targetHints":{"allow":["GET"]}}],"collection":[{"href":"https:\/\/medytec.eu\/en\/wp-json\/wp\/v2\/posts"}],"about":[{"href":"https:\/\/medytec.eu\/en\/wp-json\/wp\/v2\/types\/post"}],"author":[{"embeddable":true,"href":"https:\/\/medytec.eu\/en\/wp-json\/wp\/v2\/users\/4"}],"replies":[{"embeddable":true,"href":"https:\/\/medytec.eu\/en\/wp-json\/wp\/v2\/comments?post=1686"}],"version-history":[{"count":0,"href":"https:\/\/medytec.eu\/en\/wp-json\/wp\/v2\/posts\/1686\/revisions"}],"wp:featuredmedia":[{"embeddable":true,"href":"https:\/\/medytec.eu\/en\/wp-json\/wp\/v2\/media\/1693"}],"wp:attachment":[{"href":"https:\/\/medytec.eu\/en\/wp-json\/wp\/v2\/media?parent=1686"}],"wp:term":[{"taxonomy":"category","embeddable":true,"href":"https:\/\/medytec.eu\/en\/wp-json\/wp\/v2\/categories?post=1686"},{"taxonomy":"post_tag","embeddable":true,"href":"https:\/\/medytec.eu\/en\/wp-json\/wp\/v2\/tags?post=1686"}],"curies":[{"name":"wp","href":"https:\/\/api.w.org\/{rel}","templated":true}]}}