{"id":1568,"date":"2020-08-17T12:12:35","date_gmt":"2020-08-17T10:12:35","guid":{"rendered":"https:\/\/medytec.eu\/?p=1568"},"modified":"2021-10-05T09:08:33","modified_gmt":"2021-10-05T07:08:33","slug":"les-innovations-en-sante-du-territoire-la-micro-fabrication-2d-et-3d-microlight3d","status":"publish","type":"post","link":"https:\/\/medytec.eu\/en\/2020\/08\/17\/les-innovations-en-sante-du-territoire-la-micro-fabrication-2d-et-3d-microlight3d\/","title":{"rendered":"Les innovations en sant\u00e9 du territoire : la micro-fabrication 2D et 3D"},"content":{"rendered":"<div data-elementor-type=\"wp-post\" data-elementor-id=\"1568\" class=\"elementor elementor-1568\" data-elementor-post-type=\"post\">\n\t\t\t\t\t\t<section class=\"elementor-section elementor-top-section elementor-element elementor-element-6b0ad281 elementor-section-boxed elementor-section-height-default elementor-section-height-default\" data-id=\"6b0ad281\" data-element_type=\"section\" data-e-type=\"section\">\n\t\t\t\t\t\t<div class=\"elementor-container elementor-column-gap-default\">\n\t\t\t\t\t<div class=\"elementor-column elementor-col-100 elementor-top-column elementor-element elementor-element-31ee8d35\" data-id=\"31ee8d35\" data-element_type=\"column\" data-e-type=\"column\">\n\t\t\t<div class=\"elementor-widget-wrap elementor-element-populated\">\n\t\t\t\t\t\t<div class=\"elementor-element elementor-element-457eb806 elementor-widget elementor-widget-text-editor\" data-id=\"457eb806\" data-element_type=\"widget\" data-e-type=\"widget\" data-widget_type=\"text-editor.default\">\n\t\t\t\t<div class=\"elementor-widget-container\">\n\t\t\t\t\t\t\t\t\t<p><\/p>\n<p>Dans le <a href=\"https:\/\/medytec.eu\/en\/vos-evenements\/espaces-medytec\/\" target=\"_blank\" rel=\"noopener\">unique<\/a> de Medytec, nous exposons les produits innovants d\u00e9velopp\u00e9s par les entreprises de notre <a href=\"https:\/\/medytec.eu\/en\/un-ecosysteme-d-excellence-en-sante\/grenoble-alpes-territoire-pionnier\/\" target=\"_blank\" rel=\"noopener\">territoire<\/a>.<\/p>\n<p>Dans ce 3e article, nous vous pr\u00e9sentons la soci\u00e9t\u00e9 innovante Microlight3D.<\/p>\n<h3><img decoding=\"async\" width=\"293\" height=\"76\" class=\"wp-image-1552 aligncenter\" src=\"https:\/\/medytec.eu\/wp-content\/uploads\/2020\/07\/microlight_-e1596115073308.png\" alt=\"Microlight3D\" \/><strong>A propos<\/strong><\/h3>\n<p>Microlight3D d\u00e9veloppe et commercialise des syst\u00e8mes de micro-fabrication 2D et 3D pour des applications dans les domaines de la microfluidique, de la microrobotique, de la micro-m\u00e9canique, des microcapteurs et de l\u2019ing\u00e9nierie tissulaire.<\/p>\n<p>Depuis sa cr\u00e9ation en 2016 au terme de 15 ann\u00e9es de recherche, Microlight3D a re\u00e7u de nombreux prix en reconnaissance de ses d\u00e9veloppements et de sa technologie\u00a0: le prix de l\u2019innovation Med\u2019Inov 2017 et le grand prix du concours I-LAB 2018. La soci\u00e9t\u00e9 a \u00e9galement \u00e9t\u00e9 s\u00e9lectionn\u00e9e en 2017 pour le projet 3D-Oncochip, un programme financ\u00e9 par le Fonds Unique Interminist\u00e9riel (FUI) visant \u00e0 d\u00e9velopper des traitements personnalis\u00e9s contre le cancer.<\/p>\n<p>Enfin, durant le Forum Labo Paris 2019, <a href=\"https:\/\/www.medicalps.eu\/2019\/04\/03\/microlight3d-recoit-le-trophee-de-la-start-up-francaise-pour-altraspin-une-nouvelle-imprimante-3d-pour-micro-pieces-haute-resolution\/\" target=\"_blank\" rel=\"noopener\"><span class=\"has-inline-color has-vivid-cyan-blue-color\"><strong>Microlight3D re\u00e7oit le Troph\u00e9e de la start-up fran\u00e7aise pour Altraspin\u2122, une nouvelle imprimante 3D pour micro-pi\u00e8ces haute r\u00e9solution<\/strong><\/span><\/a><\/p>\n<h3><strong>Exemple d&rsquo;impression 3D : le Micro-Stent<\/strong><\/h3>\n<p>A l&rsquo;occasion du showroom de Medytec, Microlight3D a r\u00e9alis\u00e9 un Micro-Stent de diam\u00e8tre 0,6mm et de longueur 2,5mm. Ce Micro-Stent a \u00e9t\u00e9 imprim\u00e9 en 3D dans un polym\u00e8re bio-compatible.<\/p>\n<p>Vous pourrez l&rsquo;observer au microscope lors de votre visite \u00e0 Medytec !<\/p>\n<hr \/>\n<p>Pour en savoir plus, consulter le <strong><a href=\"http:\/\/www.microlight.fr\/\"><span class=\"has-inline-color has-vivid-cyan-blue-color\">site internet<\/span><\/a>\u00a0<\/strong>ou la vid\u00e9o ci-dessous :<\/p>\t\t\t\t\t\t\t\t<\/div>\n\t\t\t\t<\/div>\n\t\t\t\t<div class=\"elementor-element elementor-element-f3b9f24 elementor-widget elementor-widget-video\" data-id=\"f3b9f24\" data-element_type=\"widget\" data-e-type=\"widget\" data-settings=\"{&quot;youtube_url&quot;:&quot;https:\\\/\\\/www.youtube.com\\\/embed\\\/BHZONdOohw0&quot;,&quot;video_type&quot;:&quot;youtube&quot;,&quot;controls&quot;:&quot;yes&quot;}\" data-widget_type=\"video.default\">\n\t\t\t\t<div class=\"elementor-widget-container\">\n\t\t\t\t\t\t\t<div class=\"elementor-wrapper elementor-open-inline\">\n\t\t\t<div class=\"elementor-video\"><\/div>\t\t<\/div>\n\t\t\t\t\t\t<\/div>\n\t\t\t\t<\/div>\n\t\t\t\t\t<\/div>\n\t\t<\/div>\n\t\t\t\t\t<\/div>\n\t\t<\/section>\n\t\t\t\t<section class=\"elementor-section elementor-top-section elementor-element elementor-element-0191617 elementor-section-boxed elementor-section-height-default elementor-section-height-default\" data-id=\"0191617\" data-element_type=\"section\" data-e-type=\"section\">\n\t\t\t\t\t\t<div class=\"elementor-container elementor-column-gap-default\">\n\t\t\t\t\t<div class=\"elementor-column elementor-col-100 elementor-top-column elementor-element elementor-element-698a4e9\" data-id=\"698a4e9\" data-element_type=\"column\" data-e-type=\"column\">\n\t\t\t<div class=\"elementor-widget-wrap elementor-element-populated\">\n\t\t\t\t\t\t<div class=\"elementor-element elementor-element-8f9741c elementor-widget elementor-widget-text-editor\" data-id=\"8f9741c\" data-element_type=\"widget\" data-e-type=\"widget\" data-widget_type=\"text-editor.default\">\n\t\t\t\t<div class=\"elementor-widget-container\">\n\t\t\t\t\t\t\t\t\t<hr>\n<p><strong>Nous vous invitons \u00e0 venir d\u00e9couvrir le produit en vitrine lors de nos journ\u00e9es libre acc\u00e8s !<\/strong><\/p>\n<p>D\u00e9couvrez \u00e9galement :<\/p>\n<ul style=\"font-variant-ligatures: normal; font-variant-caps: normal; font-family: Roboto, sans-serif; font-size: 20px; font-style: normal; font-weight: 400;\">\n<li style=\"font-size: 20px;\"><a href=\"https:\/\/medytec.eu\/en\/2021\/10\/05\/les-innovations-en-sante-du-territoire-pi-box-innospark-calculs-renaux\/\" style=\"font-size: 20px;\"><span style=\"font-size: 20px; color: rgb(0, 168, 188);\">Les Pi-Box\u00a9, collecte de calculs r\u00e9naux<\/span><\/a><\/li><li style=\"font-size: 20px;\"><a href=\"https:\/\/medytec.eu\/en\/2021\/07\/08\/les-innovations-en-sante-du-territoire-le-labpad-d-avalun\/\" target=\"_blank\" rel=\"noopener\" style=\"font-size: 20px; background-color: rgb(255, 255, 255); color: rgb(0, 168, 188);\">Le Labpad<\/a><a href=\"https:\/\/medytec.eu\/en\/2020\/12\/03\/les-innovations-en-sante-du-territoire-les-dispositifs-intuity-ject-mix\/\" target=\"_blank\" rel=\"noopener\" style=\"font-size: 20px; background-color: rgb(255, 255, 255); color: rgb(0, 168, 188);\">\u00ae<\/a><a href=\"https:\/\/medytec.eu\/en\/2021\/07\/08\/les-innovations-en-sante-du-territoire-le-labpad-d-avalun\/\" target=\"_blank\" rel=\"noopener\" style=\"font-size: 20px; background-color: rgb(255, 255, 255); color: rgb(0, 168, 188);\">&nbsp;de Avalun&nbsp;<\/a><br><\/li><li style=\"font-size: 20px;\"><a href=\"https:\/\/medytec.eu\/en\/2021\/04\/08\/les-innovations-en-sante-du-territoire-la-technologie-de-steute\/\" target=\"_blank\" rel=\"noopener\" style=\"font-size: 20px; color: rgb(0, 168, 188);\">Les p\u00e9dales de Steute<\/a><\/li><li style=\"font-size: 20px;\"><a href=\"https:\/\/medytec.eu\/en\/2020\/12\/03\/les-innovations-en-sante-du-territoire-les-dispositifs-intuity-ject-mix\/\" target=\"_blank\" rel=\"noopener\" style=\"font-size: 20px; background-color: rgb(255, 255, 255); color: rgb(0, 168, 188);\">Les dispositifs Intuity\u00ae Ject &amp; Mix<\/a><\/li><li style=\"font-size: 20px;\"><span style=\"font-size: 20px; color: rgb(0, 168, 188);\"><a href=\"https:\/\/medytec.eu\/en\/2021\/01\/05\/les-innovations-en-sante-du-territoire-le-dispositif-de-neurostimulation-transcutanee-connecte-actitens\/\" target=\"_blank\" rel=\"noreferrer noopener\" style=\"font-size: 20px; color: rgb(0, 168, 188);\">Le dispositif de neurostimulation transcutan\u00e9e connect\u00e9 actiTENS<\/a><\/span><\/li><li style=\"font-size: 20px;\"><span style=\"font-size: 20px; color: rgb(0, 168, 188);\"><a href=\"https:\/\/medytec.eu\/en\/2020\/07\/09\/decouvrez-les-innovations-en-sante-du-territoire-le-gant-wens\/\" style=\"font-size: 20px; color: rgb(0, 168, 188);\">Le gant Wens<\/a><\/span><\/li><li style=\"font-size: 20px;\"><span style=\"font-size: 20px; color: rgb(0, 168, 188);\"><a href=\"https:\/\/medytec.eu\/en\/2020\/07\/10\/decouvrez-les-innovations-en-sante-du-territoire-le-dispositif-protool\/\" style=\"font-size: 20px; color: rgb(0, 168, 188);\">Le dispositif PROTOOL\u00ae<\/a><\/span><\/li><li style=\"font-size: 20px;\"><span style=\"font-size: 20px; color: rgb(0, 168, 188);\"><a href=\"https:\/\/medytec.eu\/en\/2020\/09\/23\/les-innovations-en-sante-du-territoire-le-pansement-connecte\/\" style=\"font-size: 20px; color: rgb(0, 168, 188);\">Le pansement connect\u00e9 de Grapheal<\/a><\/span><\/li><li style=\"font-size: 20px;\"><span style=\"font-size: 20px; color: rgb(0, 168, 188);\"><a href=\"https:\/\/medytec.eu\/en\/2021\/03\/11\/les-innovations-en-sante-du-territoire-la-solution-remedee-labs\/\" target=\"_blank\" rel=\"noopener\" style=\"font-size: 20px; color: rgb(0, 168, 188);\">La solution Remedee Labs pour la prise en charge de la douleur<\/a><\/span><\/li><li style=\"font-size: 20px;\"><span style=\"font-size: 20px; color: rgb(0, 168, 188);\"><a href=\"https:\/\/medytec.eu\/en\/2021\/02\/11\/les-innovations-en-sante-du-territoire-la-plateforme-surgivisio-decential-robotics\/\" target=\"_blank\" rel=\"noreferrer noopener\" style=\"font-size: 20px; color: rgb(0, 168, 188);\">La plateforme Surgivisio d\u2019eCential Robotics<\/a><\/span><\/li><p style=\"font-variant-ligatures: normal; font-variant-caps: normal; font-family: CeraPro, sans-serif; font-size: 20px; font-style: normal; font-weight: 400; text-align: justify;\"><\/p>\n<\/ul>\n<p style=\"text-align: right;\">L&rsquo;\u00e9quipe Medytec<\/p>\t\t\t\t\t\t\t\t<\/div>\n\t\t\t\t<\/div>\n\t\t\t\t\t<\/div>\n\t\t<\/div>\n\t\t\t\t\t<\/div>\n\t\t<\/section>\n\t\t\t\t<\/div>","protected":false},"excerpt":{"rendered":"<p>Dans le showroom de Medytec, nous exposons les produits innovants d\u00e9velopp\u00e9s par les entreprises de notre territoire. Dans ce 3e article, nous vous pr\u00e9sentons la soci\u00e9t\u00e9 innovante Microlight3D. A propos Microlight3D d\u00e9veloppe et commercialise des syst\u00e8mes de micro-fabrication 2D et 3D pour des applications dans les domaines de la microfluidique, de la microrobotique, de la [&hellip;]<\/p>\n","protected":false},"author":4,"featured_media":1560,"comment_status":"closed","ping_status":"open","sticky":false,"template":"","format":"standard","meta":{"ocean_post_layout":"","ocean_both_sidebars_style":"","ocean_both_sidebars_content_width":0,"ocean_both_sidebars_sidebars_width":0,"ocean_sidebar":"0","ocean_second_sidebar":"0","ocean_disable_margins":"enable","ocean_add_body_class":"","ocean_shortcode_before_top_bar":"","ocean_shortcode_after_top_bar":"","ocean_shortcode_before_header":"","ocean_shortcode_after_header":"","ocean_has_shortcode":"","ocean_shortcode_after_title":"","ocean_shortcode_before_footer_widgets":"","ocean_shortcode_after_footer_widgets":"","ocean_shortcode_before_footer_bottom":"","ocean_shortcode_after_footer_bottom":"","ocean_display_top_bar":"off","ocean_display_header":"default","ocean_header_style":"","ocean_center_header_left_menu":"0","ocean_custom_header_template":"0","ocean_custom_logo":0,"ocean_custom_retina_logo":0,"ocean_custom_logo_max_width":0,"ocean_custom_logo_tablet_max_width":0,"ocean_custom_logo_mobile_max_width":0,"ocean_custom_logo_max_height":0,"ocean_custom_logo_tablet_max_height":0,"ocean_custom_logo_mobile_max_height":0,"ocean_header_custom_menu":"0","ocean_menu_typo_font_family":"0","ocean_menu_typo_font_subset":"","ocean_menu_typo_font_size":0,"ocean_menu_typo_font_size_tablet":0,"ocean_menu_typo_font_size_mobile":0,"ocean_menu_typo_font_size_unit":"px","ocean_menu_typo_font_weight":"","ocean_menu_typo_font_weight_tablet":"","ocean_menu_typo_font_weight_mobile":"","ocean_menu_typo_transform":"","ocean_menu_typo_transform_tablet":"","ocean_menu_typo_transform_mobile":"","ocean_menu_typo_line_height":0,"ocean_menu_typo_line_height_tablet":0,"ocean_menu_typo_line_height_mobile":0,"ocean_menu_typo_line_height_unit":"","ocean_menu_typo_spacing":0,"ocean_menu_typo_spacing_tablet":0,"ocean_menu_typo_spacing_mobile":0,"ocean_menu_typo_spacing_unit":"","ocean_menu_link_color":"","ocean_menu_link_color_hover":"","ocean_menu_link_color_active":"","ocean_menu_link_background":"","ocean_menu_link_hover_background":"","ocean_menu_link_active_background":"","ocean_menu_social_links_bg":"","ocean_menu_social_hover_links_bg":"","ocean_menu_social_links_color":"","ocean_menu_social_hover_links_color":"","ocean_disable_title":"default","ocean_disable_heading":"default","ocean_post_title":"","ocean_post_subheading":"","ocean_post_title_style":"","ocean_post_title_background_color":"","ocean_post_title_background":0,"ocean_post_title_bg_image_position":"","ocean_post_title_bg_image_attachment":"","ocean_post_title_bg_image_repeat":"","ocean_post_title_bg_image_size":"","ocean_post_title_height":0,"ocean_post_title_bg_overlay":0.5,"ocean_post_title_bg_overlay_color":"","ocean_disable_breadcrumbs":"default","ocean_breadcrumbs_color":"","ocean_breadcrumbs_separator_color":"","ocean_breadcrumbs_links_color":"","ocean_breadcrumbs_links_hover_color":"","ocean_display_footer_widgets":"default","ocean_display_footer_bottom":"default","ocean_custom_footer_template":"0","ocean_post_oembed":"","ocean_post_self_hosted_media":"","ocean_post_video_embed":"","ocean_link_format":"","ocean_link_format_target":"self","ocean_quote_format":"","ocean_quote_format_link":"post","ocean_gallery_link_images":"off","ocean_gallery_id":[],"footnotes":""},"categories":[55],"tags":[],"class_list":["post-1568","post","type-post","status-publish","format-standard","has-post-thumbnail","hentry","category-innovations-en-sante","entry","has-media"],"yoast_head":"<!-- This site is optimized with the Yoast SEO plugin v27.5 - https:\/\/yoast.com\/product\/yoast-seo-wordpress\/ -->\n<title>Les innovations en sant\u00e9 du territoire : la micro-fabrication 2D et 3D<\/title>\n<meta name=\"description\" content=\"Microlight3D a r\u00e9alis\u00e9 un Micro-Stent, imprim\u00e9 en 3D dans un polym\u00e8re bio-compatible, de diam\u00e8tre 0,6mm et de longueur 2,5mm.\" \/>\n<meta name=\"robots\" content=\"index, follow, max-snippet:-1, max-image-preview:large, max-video-preview:-1\" \/>\n<link rel=\"canonical\" href=\"https:\/\/medytec.eu\/en\/2020\/08\/17\/les-innovations-en-sante-du-territoire-la-micro-fabrication-2d-et-3d-microlight3d\/\" \/>\n<meta property=\"og:locale\" content=\"en_US\" \/>\n<meta property=\"og:type\" content=\"article\" \/>\n<meta property=\"og:title\" content=\"Les innovations en sant\u00e9 du territoire : la micro-fabrication 2D et 3D\" \/>\n<meta property=\"og:description\" content=\"Microlight3D a r\u00e9alis\u00e9 un Micro-Stent, imprim\u00e9 en 3D dans un polym\u00e8re bio-compatible, de diam\u00e8tre 0,6mm et de longueur 2,5mm.\" \/>\n<meta property=\"og:url\" content=\"https:\/\/medytec.eu\/en\/2020\/08\/17\/les-innovations-en-sante-du-territoire-la-micro-fabrication-2d-et-3d-microlight3d\/\" \/>\n<meta property=\"og:site_name\" content=\"Medytec\" \/>\n<meta property=\"article:published_time\" content=\"2020-08-17T10:12:35+00:00\" \/>\n<meta property=\"article:modified_time\" content=\"2021-10-05T07:08:33+00:00\" \/>\n<meta property=\"og:image\" content=\"https:\/\/medytec.eu\/wp-content\/uploads\/2020\/07\/microlight-2.jpeg\" \/>\n\t<meta property=\"og:image:width\" content=\"1600\" \/>\n\t<meta property=\"og:image:height\" content=\"1200\" \/>\n\t<meta property=\"og:image:type\" content=\"image\/jpeg\" \/>\n<meta name=\"author\" content=\"okparfait\" \/>\n<meta name=\"twitter:card\" content=\"summary_large_image\" \/>\n<meta name=\"twitter:label1\" content=\"Written by\" \/>\n\t<meta name=\"twitter:data1\" content=\"okparfait\" \/>\n\t<meta name=\"twitter:label2\" content=\"Est. reading time\" \/>\n\t<meta name=\"twitter:data2\" content=\"2 minutes\" \/>\n<script type=\"application\/ld+json\" class=\"yoast-schema-graph\">{\"@context\":\"https:\\\/\\\/schema.org\",\"@graph\":[{\"@type\":\"Article\",\"@id\":\"https:\\\/\\\/medytec.eu\\\/fr\\\/2020\\\/08\\\/17\\\/les-innovations-en-sante-du-territoire-la-micro-fabrication-2d-et-3d-microlight3d\\\/#article\",\"isPartOf\":{\"@id\":\"https:\\\/\\\/medytec.eu\\\/fr\\\/2020\\\/08\\\/17\\\/les-innovations-en-sante-du-territoire-la-micro-fabrication-2d-et-3d-microlight3d\\\/\"},\"author\":{\"name\":\"okparfait\",\"@id\":\"https:\\\/\\\/medytec.eu\\\/#\\\/schema\\\/person\\\/52643406ade6747ec29f0a5ca286f5fe\"},\"headline\":\"Les innovations en sant\u00e9 du territoire : la micro-fabrication 2D et 3D\",\"datePublished\":\"2020-08-17T10:12:35+00:00\",\"dateModified\":\"2021-10-05T07:08:33+00:00\",\"mainEntityOfPage\":{\"@id\":\"https:\\\/\\\/medytec.eu\\\/fr\\\/2020\\\/08\\\/17\\\/les-innovations-en-sante-du-territoire-la-micro-fabrication-2d-et-3d-microlight3d\\\/\"},\"wordCount\":347,\"publisher\":{\"@id\":\"https:\\\/\\\/medytec.eu\\\/#organization\"},\"image\":{\"@id\":\"https:\\\/\\\/medytec.eu\\\/fr\\\/2020\\\/08\\\/17\\\/les-innovations-en-sante-du-territoire-la-micro-fabrication-2d-et-3d-microlight3d\\\/#primaryimage\"},\"thumbnailUrl\":\"https:\\\/\\\/medytec.eu\\\/wp-content\\\/uploads\\\/2020\\\/07\\\/microlight-2.jpeg\",\"articleSection\":[\"Innovations en sant\u00e9\"],\"inLanguage\":\"en-US\"},{\"@type\":\"WebPage\",\"@id\":\"https:\\\/\\\/medytec.eu\\\/fr\\\/2020\\\/08\\\/17\\\/les-innovations-en-sante-du-territoire-la-micro-fabrication-2d-et-3d-microlight3d\\\/\",\"url\":\"https:\\\/\\\/medytec.eu\\\/fr\\\/2020\\\/08\\\/17\\\/les-innovations-en-sante-du-territoire-la-micro-fabrication-2d-et-3d-microlight3d\\\/\",\"name\":\"Les innovations en sant\u00e9 du territoire : la micro-fabrication 2D et 3D\",\"isPartOf\":{\"@id\":\"https:\\\/\\\/medytec.eu\\\/#website\"},\"primaryImageOfPage\":{\"@id\":\"https:\\\/\\\/medytec.eu\\\/fr\\\/2020\\\/08\\\/17\\\/les-innovations-en-sante-du-territoire-la-micro-fabrication-2d-et-3d-microlight3d\\\/#primaryimage\"},\"image\":{\"@id\":\"https:\\\/\\\/medytec.eu\\\/fr\\\/2020\\\/08\\\/17\\\/les-innovations-en-sante-du-territoire-la-micro-fabrication-2d-et-3d-microlight3d\\\/#primaryimage\"},\"thumbnailUrl\":\"https:\\\/\\\/medytec.eu\\\/wp-content\\\/uploads\\\/2020\\\/07\\\/microlight-2.jpeg\",\"datePublished\":\"2020-08-17T10:12:35+00:00\",\"dateModified\":\"2021-10-05T07:08:33+00:00\",\"description\":\"Microlight3D a r\u00e9alis\u00e9 un Micro-Stent, imprim\u00e9 en 3D dans un polym\u00e8re bio-compatible, de diam\u00e8tre 0,6mm et de longueur 2,5mm.\",\"breadcrumb\":{\"@id\":\"https:\\\/\\\/medytec.eu\\\/fr\\\/2020\\\/08\\\/17\\\/les-innovations-en-sante-du-territoire-la-micro-fabrication-2d-et-3d-microlight3d\\\/#breadcrumb\"},\"inLanguage\":\"en-US\",\"potentialAction\":[{\"@type\":\"ReadAction\",\"target\":[\"https:\\\/\\\/medytec.eu\\\/fr\\\/2020\\\/08\\\/17\\\/les-innovations-en-sante-du-territoire-la-micro-fabrication-2d-et-3d-microlight3d\\\/\"]}]},{\"@type\":\"ImageObject\",\"inLanguage\":\"en-US\",\"@id\":\"https:\\\/\\\/medytec.eu\\\/fr\\\/2020\\\/08\\\/17\\\/les-innovations-en-sante-du-territoire-la-micro-fabrication-2d-et-3d-microlight3d\\\/#primaryimage\",\"url\":\"https:\\\/\\\/medytec.eu\\\/wp-content\\\/uploads\\\/2020\\\/07\\\/microlight-2.jpeg\",\"contentUrl\":\"https:\\\/\\\/medytec.eu\\\/wp-content\\\/uploads\\\/2020\\\/07\\\/microlight-2.jpeg\",\"width\":1600,\"height\":1200,\"caption\":\"Microlight3D\"},{\"@type\":\"BreadcrumbList\",\"@id\":\"https:\\\/\\\/medytec.eu\\\/fr\\\/2020\\\/08\\\/17\\\/les-innovations-en-sante-du-territoire-la-micro-fabrication-2d-et-3d-microlight3d\\\/#breadcrumb\",\"itemListElement\":[{\"@type\":\"ListItem\",\"position\":1,\"name\":\"Accueil\",\"item\":\"https:\\\/\\\/medytec.eu\\\/\"},{\"@type\":\"ListItem\",\"position\":2,\"name\":\"Les innovations en sant\u00e9 du territoire : la micro-fabrication 2D et 3D\"}]},{\"@type\":\"WebSite\",\"@id\":\"https:\\\/\\\/medytec.eu\\\/#website\",\"url\":\"https:\\\/\\\/medytec.eu\\\/\",\"name\":\"Medytec\",\"description\":\"Le hub des technologies de la sant\u00e9 de grenoble-Alpes\",\"publisher\":{\"@id\":\"https:\\\/\\\/medytec.eu\\\/#organization\"},\"potentialAction\":[{\"@type\":\"SearchAction\",\"target\":{\"@type\":\"EntryPoint\",\"urlTemplate\":\"https:\\\/\\\/medytec.eu\\\/?s={search_term_string}\"},\"query-input\":{\"@type\":\"PropertyValueSpecification\",\"valueRequired\":true,\"valueName\":\"search_term_string\"}}],\"inLanguage\":\"en-US\"},{\"@type\":\"Organization\",\"@id\":\"https:\\\/\\\/medytec.eu\\\/#organization\",\"name\":\"MedYtec\",\"url\":\"https:\\\/\\\/medytec.eu\\\/\",\"logo\":{\"@type\":\"ImageObject\",\"inLanguage\":\"en-US\",\"@id\":\"https:\\\/\\\/medytec.eu\\\/#\\\/schema\\\/logo\\\/image\\\/\",\"url\":\"https:\\\/\\\/medytec.eu\\\/wp-content\\\/uploads\\\/2020\\\/02\\\/logo-medytec.png\",\"contentUrl\":\"https:\\\/\\\/medytec.eu\\\/wp-content\\\/uploads\\\/2020\\\/02\\\/logo-medytec.png\",\"width\":426,\"height\":147,\"caption\":\"MedYtec\"},\"image\":{\"@id\":\"https:\\\/\\\/medytec.eu\\\/#\\\/schema\\\/logo\\\/image\\\/\"}},{\"@type\":\"Person\",\"@id\":\"https:\\\/\\\/medytec.eu\\\/#\\\/schema\\\/person\\\/52643406ade6747ec29f0a5ca286f5fe\",\"name\":\"okparfait\",\"url\":\"https:\\\/\\\/medytec.eu\\\/en\\\/author\\\/e486db832ef7dcb5\\\/\"}]}<\/script>\n<!-- \/ Yoast SEO plugin. -->","yoast_head_json":{"title":"Les innovations en sant\u00e9 du territoire : la micro-fabrication 2D et 3D","description":"Microlight3D a r\u00e9alis\u00e9 un Micro-Stent, imprim\u00e9 en 3D dans un polym\u00e8re bio-compatible, de diam\u00e8tre 0,6mm et de longueur 2,5mm.","robots":{"index":"index","follow":"follow","max-snippet":"max-snippet:-1","max-image-preview":"max-image-preview:large","max-video-preview":"max-video-preview:-1"},"canonical":"https:\/\/medytec.eu\/en\/2020\/08\/17\/les-innovations-en-sante-du-territoire-la-micro-fabrication-2d-et-3d-microlight3d\/","og_locale":"en_US","og_type":"article","og_title":"Les innovations en sant\u00e9 du territoire : la micro-fabrication 2D et 3D","og_description":"Microlight3D a r\u00e9alis\u00e9 un Micro-Stent, imprim\u00e9 en 3D dans un polym\u00e8re bio-compatible, de diam\u00e8tre 0,6mm et de longueur 2,5mm.","og_url":"https:\/\/medytec.eu\/en\/2020\/08\/17\/les-innovations-en-sante-du-territoire-la-micro-fabrication-2d-et-3d-microlight3d\/","og_site_name":"Medytec","article_published_time":"2020-08-17T10:12:35+00:00","article_modified_time":"2021-10-05T07:08:33+00:00","og_image":[{"width":1600,"height":1200,"url":"https:\/\/medytec.eu\/wp-content\/uploads\/2020\/07\/microlight-2.jpeg","type":"image\/jpeg"}],"author":"okparfait","twitter_card":"summary_large_image","twitter_misc":{"Written by":"okparfait","Est. reading time":"2 minutes"},"schema":{"@context":"https:\/\/schema.org","@graph":[{"@type":"Article","@id":"https:\/\/medytec.eu\/fr\/2020\/08\/17\/les-innovations-en-sante-du-territoire-la-micro-fabrication-2d-et-3d-microlight3d\/#article","isPartOf":{"@id":"https:\/\/medytec.eu\/fr\/2020\/08\/17\/les-innovations-en-sante-du-territoire-la-micro-fabrication-2d-et-3d-microlight3d\/"},"author":{"name":"okparfait","@id":"https:\/\/medytec.eu\/#\/schema\/person\/52643406ade6747ec29f0a5ca286f5fe"},"headline":"Les innovations en sant\u00e9 du territoire : la micro-fabrication 2D et 3D","datePublished":"2020-08-17T10:12:35+00:00","dateModified":"2021-10-05T07:08:33+00:00","mainEntityOfPage":{"@id":"https:\/\/medytec.eu\/fr\/2020\/08\/17\/les-innovations-en-sante-du-territoire-la-micro-fabrication-2d-et-3d-microlight3d\/"},"wordCount":347,"publisher":{"@id":"https:\/\/medytec.eu\/#organization"},"image":{"@id":"https:\/\/medytec.eu\/fr\/2020\/08\/17\/les-innovations-en-sante-du-territoire-la-micro-fabrication-2d-et-3d-microlight3d\/#primaryimage"},"thumbnailUrl":"https:\/\/medytec.eu\/wp-content\/uploads\/2020\/07\/microlight-2.jpeg","articleSection":["Innovations en sant\u00e9"],"inLanguage":"en-US"},{"@type":"WebPage","@id":"https:\/\/medytec.eu\/fr\/2020\/08\/17\/les-innovations-en-sante-du-territoire-la-micro-fabrication-2d-et-3d-microlight3d\/","url":"https:\/\/medytec.eu\/fr\/2020\/08\/17\/les-innovations-en-sante-du-territoire-la-micro-fabrication-2d-et-3d-microlight3d\/","name":"Les innovations en sant\u00e9 du territoire : la micro-fabrication 2D et 3D","isPartOf":{"@id":"https:\/\/medytec.eu\/#website"},"primaryImageOfPage":{"@id":"https:\/\/medytec.eu\/fr\/2020\/08\/17\/les-innovations-en-sante-du-territoire-la-micro-fabrication-2d-et-3d-microlight3d\/#primaryimage"},"image":{"@id":"https:\/\/medytec.eu\/fr\/2020\/08\/17\/les-innovations-en-sante-du-territoire-la-micro-fabrication-2d-et-3d-microlight3d\/#primaryimage"},"thumbnailUrl":"https:\/\/medytec.eu\/wp-content\/uploads\/2020\/07\/microlight-2.jpeg","datePublished":"2020-08-17T10:12:35+00:00","dateModified":"2021-10-05T07:08:33+00:00","description":"Microlight3D a r\u00e9alis\u00e9 un Micro-Stent, imprim\u00e9 en 3D dans un polym\u00e8re bio-compatible, de diam\u00e8tre 0,6mm et de longueur 2,5mm.","breadcrumb":{"@id":"https:\/\/medytec.eu\/fr\/2020\/08\/17\/les-innovations-en-sante-du-territoire-la-micro-fabrication-2d-et-3d-microlight3d\/#breadcrumb"},"inLanguage":"en-US","potentialAction":[{"@type":"ReadAction","target":["https:\/\/medytec.eu\/fr\/2020\/08\/17\/les-innovations-en-sante-du-territoire-la-micro-fabrication-2d-et-3d-microlight3d\/"]}]},{"@type":"ImageObject","inLanguage":"en-US","@id":"https:\/\/medytec.eu\/fr\/2020\/08\/17\/les-innovations-en-sante-du-territoire-la-micro-fabrication-2d-et-3d-microlight3d\/#primaryimage","url":"https:\/\/medytec.eu\/wp-content\/uploads\/2020\/07\/microlight-2.jpeg","contentUrl":"https:\/\/medytec.eu\/wp-content\/uploads\/2020\/07\/microlight-2.jpeg","width":1600,"height":1200,"caption":"Microlight3D"},{"@type":"BreadcrumbList","@id":"https:\/\/medytec.eu\/fr\/2020\/08\/17\/les-innovations-en-sante-du-territoire-la-micro-fabrication-2d-et-3d-microlight3d\/#breadcrumb","itemListElement":[{"@type":"ListItem","position":1,"name":"Accueil","item":"https:\/\/medytec.eu\/"},{"@type":"ListItem","position":2,"name":"Les innovations en sant\u00e9 du territoire : la micro-fabrication 2D et 3D"}]},{"@type":"WebSite","@id":"https:\/\/medytec.eu\/#website","url":"https:\/\/medytec.eu\/","name":"Medytec","description":"Le hub des technologies de la sant\u00e9 de grenoble-Alpes","publisher":{"@id":"https:\/\/medytec.eu\/#organization"},"potentialAction":[{"@type":"SearchAction","target":{"@type":"EntryPoint","urlTemplate":"https:\/\/medytec.eu\/?s={search_term_string}"},"query-input":{"@type":"PropertyValueSpecification","valueRequired":true,"valueName":"search_term_string"}}],"inLanguage":"en-US"},{"@type":"Organization","@id":"https:\/\/medytec.eu\/#organization","name":"MedYtec","url":"https:\/\/medytec.eu\/","logo":{"@type":"ImageObject","inLanguage":"en-US","@id":"https:\/\/medytec.eu\/#\/schema\/logo\/image\/","url":"https:\/\/medytec.eu\/wp-content\/uploads\/2020\/02\/logo-medytec.png","contentUrl":"https:\/\/medytec.eu\/wp-content\/uploads\/2020\/02\/logo-medytec.png","width":426,"height":147,"caption":"MedYtec"},"image":{"@id":"https:\/\/medytec.eu\/#\/schema\/logo\/image\/"}},{"@type":"Person","@id":"https:\/\/medytec.eu\/#\/schema\/person\/52643406ade6747ec29f0a5ca286f5fe","name":"okparfait","url":"https:\/\/medytec.eu\/en\/author\/e486db832ef7dcb5\/"}]}},"_links":{"self":[{"href":"https:\/\/medytec.eu\/en\/wp-json\/wp\/v2\/posts\/1568","targetHints":{"allow":["GET"]}}],"collection":[{"href":"https:\/\/medytec.eu\/en\/wp-json\/wp\/v2\/posts"}],"about":[{"href":"https:\/\/medytec.eu\/en\/wp-json\/wp\/v2\/types\/post"}],"author":[{"embeddable":true,"href":"https:\/\/medytec.eu\/en\/wp-json\/wp\/v2\/users\/4"}],"replies":[{"embeddable":true,"href":"https:\/\/medytec.eu\/en\/wp-json\/wp\/v2\/comments?post=1568"}],"version-history":[{"count":0,"href":"https:\/\/medytec.eu\/en\/wp-json\/wp\/v2\/posts\/1568\/revisions"}],"wp:featuredmedia":[{"embeddable":true,"href":"https:\/\/medytec.eu\/en\/wp-json\/wp\/v2\/media\/1560"}],"wp:attachment":[{"href":"https:\/\/medytec.eu\/en\/wp-json\/wp\/v2\/media?parent=1568"}],"wp:term":[{"taxonomy":"category","embeddable":true,"href":"https:\/\/medytec.eu\/en\/wp-json\/wp\/v2\/categories?post=1568"},{"taxonomy":"post_tag","embeddable":true,"href":"https:\/\/medytec.eu\/en\/wp-json\/wp\/v2\/tags?post=1568"}],"curies":[{"name":"wp","href":"https:\/\/api.w.org\/{rel}","templated":true}]}}