{"id":1453,"date":"2020-07-10T14:27:42","date_gmt":"2020-07-10T12:27:42","guid":{"rendered":"https:\/\/medytec.eu\/?p=1453"},"modified":"2021-10-05T09:09:03","modified_gmt":"2021-10-05T07:09:03","slug":"les-innovations-en-sante-du-territoire-le-dispositif-protool-medimprint","status":"publish","type":"post","link":"https:\/\/medytec.eu\/en\/2020\/07\/10\/les-innovations-en-sante-du-territoire-le-dispositif-protool-medimprint\/","title":{"rendered":"Les innovations en sant\u00e9 du territoire : le dispositif PROTOOL\u00ae"},"content":{"rendered":"<div data-elementor-type=\"wp-post\" data-elementor-id=\"1453\" class=\"elementor elementor-1453\" data-elementor-post-type=\"post\">\n\t\t\t\t\t\t<section class=\"elementor-section elementor-top-section elementor-element elementor-element-336129a5 elementor-section-boxed elementor-section-height-default elementor-section-height-default\" data-id=\"336129a5\" data-element_type=\"section\" data-e-type=\"section\">\n\t\t\t\t\t\t<div class=\"elementor-container elementor-column-gap-default\">\n\t\t\t\t\t<div class=\"elementor-column elementor-col-100 elementor-top-column elementor-element elementor-element-a4e4ab5\" data-id=\"a4e4ab5\" data-element_type=\"column\" data-e-type=\"column\">\n\t\t\t<div class=\"elementor-widget-wrap elementor-element-populated\">\n\t\t\t\t\t\t<div class=\"elementor-element elementor-element-596e9af8 elementor-widget elementor-widget-text-editor\" data-id=\"596e9af8\" data-element_type=\"widget\" data-e-type=\"widget\" data-widget_type=\"text-editor.default\">\n\t\t\t\t<div class=\"elementor-widget-container\">\n\t\t\t\t\t\t\t\t\t<p><\/p>\n<p>Dans le <span style=\"color: #00a8bc;\"><a style=\"color: #00a8bc;\" href=\"https:\/\/medytec.eu\/en\/vos-evenements\/espaces-medytec-pour-vos-evenements-personnalises\/\" target=\"_blank\" rel=\"noopener\">unique<\/a> <\/span>de Medytec, nous exposons les produits innovants des entreprises de notre territoire.<\/p>\n<p>Dans ce second article, nous vous pr\u00e9sentons la soci\u00e9t\u00e9 dynamique et innovante Medimprint.<\/p>\n<h3><img decoding=\"async\" class=\"aligncenter wp-image-1455 size-medium\" src=\"https:\/\/medytec.eu\/wp-content\/uploads\/2020\/07\/1-Industrie-Medimprintlogo-300x78.png\" alt=\"Medimprint\" width=\"300\" height=\"78\" \/><\/h3>\n<h3><strong>\u00c0 propos\u00a0<\/strong><\/h3>\n<p><strong><strong><strong><strong>Medimprint<\/strong><\/strong><\/strong><\/strong>, cr\u00e9\u00e9e en 2016, d\u00e9veloppe des dispositifs m\u00e9dicaux innovants permettant l\u2019analyse de r\u00e9gions du cerveau jusqu\u2019\u00e0 pr\u00e9sent inaccessibles.<\/p>\n<p>Rapidement, elle a obtenu des prix et certifications :<br \/>\u2022 Grand Prix Sant\u00e9 iLab 2015<br \/>\u2022 Concours Mondial de l\u2019Innovation 2016<br \/>\u2022 Concours Innovation 2019<br \/>\u2022 Certification ISO13485<\/p>\n<p>R\u00e9cemment, Medimprint a cl\u00f4tur\u00e9 une importante lev\u00e9e de fond. Celle-ci soutient 3 objectifs : se d\u00e9velopper \u00e0 l&rsquo;international, obtenir le marquage CE et \u00e9tendre l&rsquo;utilisation \u00e0 d\u2019autres pathologies et organes.<\/p>\n<h3><strong><strong>Qu&rsquo;est ce que PROTOOL\u00ae ?<\/strong><\/strong><\/h3>\n<h3><img fetchpriority=\"high\" decoding=\"async\" class=\"aligncenter\" src=\"https:\/\/medytec.eu\/wp-content\/uploads\/2020\/07\/1582792076178-medimprint-summernote-image-8ea87c97-1.png\" alt=\"PROTOOL\u00ae de Medimprint\" width=\"750\" height=\"584\" data-id=\"1461\" data-full-url=\"https:\/\/medytec.eu\/wp-content\/uploads\/2020\/07\/1582792076178-medimprint-summernote-image-8ea87c97-1.png\" data-link=\"https:\/\/medytec.eu\/?attachment_id=1461\" \/><\/h3>\n<h3><strong style=\"font-size: 20px; color: var( --e-global-color-text );\"><strong><strong>PROTOOL\u00ae, la<\/strong><\/strong><\/strong><span style=\"font-family: Roboto, sans-serif; font-size: 20px; font-style: normal; font-variant-ligatures: normal; font-variant-caps: normal; color: var( --e-global-color-text );\"><b> 1\u00e8re solution d\u00e9velopp\u00e9e par Medimprint,<\/b><\/span><span style=\"font-family: Roboto, sans-serif; font-size: 20px; font-style: normal; font-variant-ligatures: normal; font-variant-caps: normal; font-weight: 400; color: var( --e-global-color-text );\">\u00a0<\/span><strong style=\"font-size: 20px; color: var( --e-global-color-text );\"><strong><strong>\u00a0est un dispositif d\u2019empreinte tissulaire c\u00e9r\u00e9brale, non l\u00e9sionnel !<\/strong><\/strong><\/strong><\/h3>\n<p>\u00a0<\/p>\n<p><img decoding=\"async\" class=\"aligncenter\" src=\"https:\/\/medytec.eu\/wp-content\/uploads\/2020\/07\/3-Industrie-Medimprint-1024x280.png\" alt=\"PROTOOL\u00ae de Medimprint\" width=\"430\" height=\"117\" data-id=\"1456\" data-link=\"https:\/\/medytec.eu\/?attachment_id=1456\" \/><\/p>\n<p>\u00a0<\/p>\n<p>Cette technologie innovante, permet d&rsquo;atteindre les r\u00e9gions inaccessibles du cerveau pour mieux comprendre la pathologie et orienter le traitement pour chaque patient.<\/p>\n<figure>\n<figure><\/figure>\n<figure>Pour en savoir plus, consulter le <span style=\"color: #00a8bc;\"><a style=\"color: #00a8bc;\" href=\"https:\/\/www.medimprint.com\/\" target=\"_blank\" rel=\"noopener\">site internet <\/a><span style=\"color: #004e64;\">e<\/span><\/span><span style=\"color: #004e64;\">t<\/span> ou la vid\u00e9o ci-dessous :<\/figure>\n<\/figure>\n<p><p class=\"responsive-video-wrap clr\"><iframe title=\"Medimprint en 1 minute chrono\" width=\"1200\" height=\"675\" src=\"https:\/\/www.youtube.com\/embed\/zRHnSoSWF7A?feature=oembed\" frameborder=\"0\" allow=\"accelerometer; autoplay; clipboard-write; encrypted-media; gyroscope; picture-in-picture; web-share\" referrerpolicy=\"strict-origin-when-cross-origin\" allowfullscreen><\/iframe><\/p><\/p>\n<p><\/p>\n<p><\/p>\t\t\t\t\t\t\t\t<\/div>\n\t\t\t\t<\/div>\n\t\t\t\t\t<\/div>\n\t\t<\/div>\n\t\t\t\t\t<\/div>\n\t\t<\/section>\n\t\t\t\t<section class=\"elementor-section elementor-top-section elementor-element elementor-element-fa9c755 elementor-section-boxed elementor-section-height-default elementor-section-height-default\" data-id=\"fa9c755\" data-element_type=\"section\" data-e-type=\"section\">\n\t\t\t\t\t\t<div class=\"elementor-container elementor-column-gap-default\">\n\t\t\t\t\t<div class=\"elementor-column elementor-col-100 elementor-top-column elementor-element elementor-element-92c070e\" data-id=\"92c070e\" data-element_type=\"column\" data-e-type=\"column\">\n\t\t\t<div class=\"elementor-widget-wrap elementor-element-populated\">\n\t\t\t\t\t\t<div class=\"elementor-element elementor-element-e92e510 elementor-widget elementor-widget-text-editor\" data-id=\"e92e510\" data-element_type=\"widget\" data-e-type=\"widget\" data-widget_type=\"text-editor.default\">\n\t\t\t\t<div class=\"elementor-widget-container\">\n\t\t\t\t\t\t\t\t\t<hr>\n<p><strong>Nous vous invitons \u00e0 venir d\u00e9couvrir le produit en vitrine lors de nos <span style=\"color: #00a8bc;\"><a style=\"color: #00a8bc;\" href=\"https:\/\/medytec.eu\/en\/events\/journees-libre-acces-showroom-medytec\/\" target=\"_blank\" rel=\"noopener\">journ\u00e9es libre acc\u00e8s<\/a><\/span> !<\/strong><\/p>\n<p>D\u00e9couvrez \u00e9galement :<\/p>\n<ul style=\"font-variant-ligatures: normal; font-variant-caps: normal; font-family: Roboto, sans-serif; font-size: 20px; font-style: normal; font-weight: 400;\">\n<li style=\"font-size: 20px;\"><a href=\"https:\/\/medytec.eu\/en\/2021\/10\/05\/les-innovations-en-sante-du-territoire-pi-box-innospark-calculs-renaux\/\" style=\"font-size: 20px;\"><span style=\"font-size: 20px; color: rgb(0, 168, 188);\">Les Pi-Box\u00a9, collecte de calculs r\u00e9naux<\/span><\/a><\/li><li style=\"font-size: 20px;\"><a href=\"https:\/\/medytec.eu\/en\/2021\/07\/08\/les-innovations-en-sante-du-territoire-le-labpad-d-avalun\/\" target=\"_blank\" rel=\"noopener\" style=\"font-size: 20px; background-color: rgb(255, 255, 255); color: rgb(0, 168, 188);\">Le Labpad<\/a><a href=\"https:\/\/medytec.eu\/en\/2020\/12\/03\/les-innovations-en-sante-du-territoire-les-dispositifs-intuity-ject-mix\/\" target=\"_blank\" rel=\"noopener\" style=\"font-size: 20px; background-color: rgb(255, 255, 255); color: rgb(0, 168, 188);\">\u00ae<\/a><a href=\"https:\/\/medytec.eu\/en\/2021\/07\/08\/les-innovations-en-sante-du-territoire-le-labpad-d-avalun\/\" target=\"_blank\" rel=\"noopener\" style=\"font-size: 20px; background-color: rgb(255, 255, 255); color: rgb(0, 168, 188);\">&nbsp;de Avalun&nbsp;<\/a><br><\/li><li style=\"font-size: 20px;\"><a href=\"https:\/\/medytec.eu\/en\/2021\/04\/08\/les-innovations-en-sante-du-territoire-la-technologie-de-steute\/\" target=\"_blank\" rel=\"noopener\" style=\"font-size: 20px; color: rgb(0, 168, 188);\">Les p\u00e9dales de Steute<\/a><\/li><li style=\"font-size: 20px;\"><a href=\"https:\/\/medytec.eu\/en\/2020\/12\/03\/les-innovations-en-sante-du-territoire-les-dispositifs-intuity-ject-mix\/\" target=\"_blank\" rel=\"noopener\" style=\"font-size: 20px; background-color: rgb(255, 255, 255); color: rgb(0, 168, 188);\">Les dispositifs Intuity\u00ae Ject &amp; Mix<\/a><\/li><li style=\"font-size: 20px;\"><span style=\"font-size: 20px; color: rgb(0, 168, 188);\"><a href=\"https:\/\/medytec.eu\/en\/2021\/01\/05\/les-innovations-en-sante-du-territoire-le-dispositif-de-neurostimulation-transcutanee-connecte-actitens\/\" target=\"_blank\" rel=\"noreferrer noopener\" style=\"font-size: 20px; color: rgb(0, 168, 188);\">Le dispositif de neurostimulation transcutan\u00e9e connect\u00e9 actiTENS<\/a><\/span><\/li><li style=\"font-size: 20px;\"><span style=\"font-size: 20px; color: rgb(0, 168, 188);\"><a href=\"https:\/\/medytec.eu\/en\/2020\/07\/09\/decouvrez-les-innovations-en-sante-du-territoire-le-gant-wens\/\" style=\"font-size: 20px; color: rgb(0, 168, 188);\">Le gant Wens<\/a><\/span><\/li><li style=\"font-size: 20px;\"><span style=\"font-size: 20px; color: rgb(0, 168, 188);\"><a href=\"https:\/\/medytec.eu\/en\/2020\/08\/17\/les-innovations-en-sante-du-territoire-la-micro-fabrication-2d-et-3d\/\" style=\"font-size: 20px; color: rgb(0, 168, 188);\">La micro fabrication 2D et 3D<\/a><\/span><\/li><li style=\"font-size: 20px;\"><span style=\"font-size: 20px; color: rgb(0, 168, 188);\"><a href=\"https:\/\/medytec.eu\/en\/2020\/09\/23\/les-innovations-en-sante-du-territoire-le-pansement-connecte\/\" style=\"font-size: 20px; color: rgb(0, 168, 188);\">Le pansement connect\u00e9 de Grapheal<\/a><\/span><\/li><li style=\"font-size: 20px;\"><span style=\"font-size: 20px; color: rgb(0, 168, 188);\"><a href=\"https:\/\/medytec.eu\/en\/2021\/03\/11\/les-innovations-en-sante-du-territoire-la-solution-remedee-labs\/\" target=\"_blank\" rel=\"noopener\" style=\"font-size: 20px; color: rgb(0, 168, 188);\">La solution Remedee Labs pour la prise en charge de la douleur<\/a><\/span><\/li><li style=\"font-size: 20px;\"><span style=\"font-size: 20px; color: rgb(0, 168, 188);\"><a href=\"https:\/\/medytec.eu\/en\/2021\/02\/11\/les-innovations-en-sante-du-territoire-la-plateforme-surgivisio-decential-robotics\/\" target=\"_blank\" rel=\"noreferrer noopener\" style=\"font-size: 20px; color: rgb(0, 168, 188);\">La plateforme Surgivisio d\u2019eCential Robotics<\/a><\/span><\/li><p style=\"font-variant-ligatures: normal; font-variant-caps: normal; font-family: CeraPro, sans-serif; font-size: 20px; font-style: normal; font-weight: 400;\"><\/p>\n<\/ul>\n<p style=\"text-align: right;\">L\u2019\u00e9quipe Medytec<\/p>\t\t\t\t\t\t\t\t<\/div>\n\t\t\t\t<\/div>\n\t\t\t\t\t<\/div>\n\t\t<\/div>\n\t\t\t\t\t<\/div>\n\t\t<\/section>\n\t\t\t\t<section class=\"elementor-section elementor-top-section elementor-element elementor-element-a2600db elementor-section-boxed elementor-section-height-default elementor-section-height-default\" data-id=\"a2600db\" data-element_type=\"section\" data-e-type=\"section\">\n\t\t\t\t\t\t<div class=\"elementor-container elementor-column-gap-default\">\n\t\t\t\t\t<div class=\"elementor-column elementor-col-100 elementor-top-column elementor-element elementor-element-5728063\" data-id=\"5728063\" data-element_type=\"column\" data-e-type=\"column\">\n\t\t\t<div class=\"elementor-widget-wrap\">\n\t\t\t\t\t\t\t<\/div>\n\t\t<\/div>\n\t\t\t\t\t<\/div>\n\t\t<\/section>\n\t\t\t\t<\/div>","protected":false},"excerpt":{"rendered":"<p>Dans le showroom de Medytec, nous exposons les produits innovants des entreprises de notre territoire. Dans ce second article, nous vous pr\u00e9sentons la soci\u00e9t\u00e9 dynamique et innovante Medimprint. \u00c0 propos\u00a0 Medimprint, cr\u00e9\u00e9e en 2016, d\u00e9veloppe des dispositifs m\u00e9dicaux innovants permettant l\u2019analyse de r\u00e9gions du cerveau jusqu\u2019\u00e0 pr\u00e9sent inaccessibles. Rapidement, elle a obtenu des prix et [&hellip;]<\/p>\n","protected":false},"author":4,"featured_media":1469,"comment_status":"closed","ping_status":"open","sticky":false,"template":"","format":"standard","meta":{"ocean_post_layout":"","ocean_both_sidebars_style":"","ocean_both_sidebars_content_width":0,"ocean_both_sidebars_sidebars_width":0,"ocean_sidebar":"0","ocean_second_sidebar":"0","ocean_disable_margins":"enable","ocean_add_body_class":"","ocean_shortcode_before_top_bar":"","ocean_shortcode_after_top_bar":"","ocean_shortcode_before_header":"","ocean_shortcode_after_header":"","ocean_has_shortcode":"","ocean_shortcode_after_title":"","ocean_shortcode_before_footer_widgets":"","ocean_shortcode_after_footer_widgets":"","ocean_shortcode_before_footer_bottom":"","ocean_shortcode_after_footer_bottom":"","ocean_display_top_bar":"off","ocean_display_header":"default","ocean_header_style":"","ocean_center_header_left_menu":"0","ocean_custom_header_template":"0","ocean_custom_logo":0,"ocean_custom_retina_logo":0,"ocean_custom_logo_max_width":0,"ocean_custom_logo_tablet_max_width":0,"ocean_custom_logo_mobile_max_width":0,"ocean_custom_logo_max_height":0,"ocean_custom_logo_tablet_max_height":0,"ocean_custom_logo_mobile_max_height":0,"ocean_header_custom_menu":"0","ocean_menu_typo_font_family":"0","ocean_menu_typo_font_subset":"","ocean_menu_typo_font_size":0,"ocean_menu_typo_font_size_tablet":0,"ocean_menu_typo_font_size_mobile":0,"ocean_menu_typo_font_size_unit":"px","ocean_menu_typo_font_weight":"","ocean_menu_typo_font_weight_tablet":"","ocean_menu_typo_font_weight_mobile":"","ocean_menu_typo_transform":"","ocean_menu_typo_transform_tablet":"","ocean_menu_typo_transform_mobile":"","ocean_menu_typo_line_height":0,"ocean_menu_typo_line_height_tablet":0,"ocean_menu_typo_line_height_mobile":0,"ocean_menu_typo_line_height_unit":"","ocean_menu_typo_spacing":0,"ocean_menu_typo_spacing_tablet":0,"ocean_menu_typo_spacing_mobile":0,"ocean_menu_typo_spacing_unit":"","ocean_menu_link_color":"","ocean_menu_link_color_hover":"","ocean_menu_link_color_active":"","ocean_menu_link_background":"","ocean_menu_link_hover_background":"","ocean_menu_link_active_background":"","ocean_menu_social_links_bg":"","ocean_menu_social_hover_links_bg":"","ocean_menu_social_links_color":"","ocean_menu_social_hover_links_color":"","ocean_disable_title":"default","ocean_disable_heading":"default","ocean_post_title":"","ocean_post_subheading":"","ocean_post_title_style":"","ocean_post_title_background_color":"","ocean_post_title_background":0,"ocean_post_title_bg_image_position":"","ocean_post_title_bg_image_attachment":"","ocean_post_title_bg_image_repeat":"","ocean_post_title_bg_image_size":"","ocean_post_title_height":0,"ocean_post_title_bg_overlay":0.5,"ocean_post_title_bg_overlay_color":"","ocean_disable_breadcrumbs":"default","ocean_breadcrumbs_color":"","ocean_breadcrumbs_separator_color":"","ocean_breadcrumbs_links_color":"","ocean_breadcrumbs_links_hover_color":"","ocean_display_footer_widgets":"default","ocean_display_footer_bottom":"default","ocean_custom_footer_template":"0","ocean_post_oembed":"","ocean_post_self_hosted_media":"","ocean_post_video_embed":"","ocean_link_format":"","ocean_link_format_target":"self","ocean_quote_format":"","ocean_quote_format_link":"post","ocean_gallery_link_images":"off","ocean_gallery_id":[],"footnotes":""},"categories":[55],"tags":[],"class_list":["post-1453","post","type-post","status-publish","format-standard","has-post-thumbnail","hentry","category-innovations-en-sante","entry","has-media"],"yoast_head":"<!-- This site is optimized with the Yoast SEO plugin v27.5 - https:\/\/yoast.com\/product\/yoast-seo-wordpress\/ -->\n<title>Les innovations en sant\u00e9 du territoire : le dispositif PROTOOL\u00ae - Medytec<\/title>\n<meta name=\"description\" content=\"PROTOOL, Le 1er dispositif d\u00e9velopp\u00e9 par Medimprint, est technologie innovante d\u2019empreinte tissulaire c\u00e9r\u00e9brale, non l\u00e9sionnel !\" \/>\n<meta name=\"robots\" content=\"index, follow, max-snippet:-1, max-image-preview:large, max-video-preview:-1\" \/>\n<link rel=\"canonical\" href=\"https:\/\/medytec.eu\/en\/2020\/07\/10\/les-innovations-en-sante-du-territoire-le-dispositif-protool-medimprint\/\" \/>\n<meta property=\"og:locale\" content=\"en_US\" \/>\n<meta property=\"og:type\" content=\"article\" \/>\n<meta property=\"og:title\" content=\"Les innovations en sant\u00e9 du territoire : le dispositif PROTOOL\u00ae - Medytec\" \/>\n<meta property=\"og:description\" content=\"PROTOOL, Le 1er dispositif d\u00e9velopp\u00e9 par Medimprint, est technologie innovante d\u2019empreinte tissulaire c\u00e9r\u00e9brale, non l\u00e9sionnel !\" \/>\n<meta property=\"og:url\" content=\"https:\/\/medytec.eu\/en\/2020\/07\/10\/les-innovations-en-sante-du-territoire-le-dispositif-protool-medimprint\/\" \/>\n<meta property=\"og:site_name\" content=\"Medytec\" \/>\n<meta property=\"article:published_time\" content=\"2020-07-10T12:27:42+00:00\" \/>\n<meta property=\"article:modified_time\" content=\"2021-10-05T07:09:03+00:00\" \/>\n<meta property=\"og:image\" content=\"https:\/\/medytec.eu\/wp-content\/uploads\/2020\/07\/medimprint-1-e1594799578902.jpeg\" \/>\n\t<meta property=\"og:image:width\" content=\"1600\" \/>\n\t<meta property=\"og:image:height\" content=\"1116\" \/>\n\t<meta property=\"og:image:type\" content=\"image\/jpeg\" \/>\n<meta name=\"author\" content=\"okparfait\" \/>\n<meta name=\"twitter:card\" content=\"summary_large_image\" \/>\n<meta name=\"twitter:label1\" content=\"Written by\" \/>\n\t<meta name=\"twitter:data1\" content=\"okparfait\" \/>\n\t<meta name=\"twitter:label2\" content=\"Est. reading time\" \/>\n\t<meta name=\"twitter:data2\" content=\"2 minutes\" \/>\n<script type=\"application\/ld+json\" class=\"yoast-schema-graph\">{\"@context\":\"https:\\\/\\\/schema.org\",\"@graph\":[{\"@type\":\"Article\",\"@id\":\"https:\\\/\\\/medytec.eu\\\/fr\\\/2020\\\/07\\\/10\\\/les-innovations-en-sante-du-territoire-le-dispositif-protool-medimprint\\\/#article\",\"isPartOf\":{\"@id\":\"https:\\\/\\\/medytec.eu\\\/fr\\\/2020\\\/07\\\/10\\\/les-innovations-en-sante-du-territoire-le-dispositif-protool-medimprint\\\/\"},\"author\":{\"name\":\"okparfait\",\"@id\":\"https:\\\/\\\/medytec.eu\\\/#\\\/schema\\\/person\\\/52643406ade6747ec29f0a5ca286f5fe\"},\"headline\":\"Les innovations en sant\u00e9 du territoire : le dispositif PROTOOL\u00ae\",\"datePublished\":\"2020-07-10T12:27:42+00:00\",\"dateModified\":\"2021-10-05T07:09:03+00:00\",\"mainEntityOfPage\":{\"@id\":\"https:\\\/\\\/medytec.eu\\\/fr\\\/2020\\\/07\\\/10\\\/les-innovations-en-sante-du-territoire-le-dispositif-protool-medimprint\\\/\"},\"wordCount\":276,\"publisher\":{\"@id\":\"https:\\\/\\\/medytec.eu\\\/#organization\"},\"image\":{\"@id\":\"https:\\\/\\\/medytec.eu\\\/fr\\\/2020\\\/07\\\/10\\\/les-innovations-en-sante-du-territoire-le-dispositif-protool-medimprint\\\/#primaryimage\"},\"thumbnailUrl\":\"https:\\\/\\\/medytec.eu\\\/wp-content\\\/uploads\\\/2020\\\/07\\\/medimprint-1-e1594799578902.jpeg\",\"articleSection\":[\"Innovations en sant\u00e9\"],\"inLanguage\":\"en-US\"},{\"@type\":\"WebPage\",\"@id\":\"https:\\\/\\\/medytec.eu\\\/fr\\\/2020\\\/07\\\/10\\\/les-innovations-en-sante-du-territoire-le-dispositif-protool-medimprint\\\/\",\"url\":\"https:\\\/\\\/medytec.eu\\\/fr\\\/2020\\\/07\\\/10\\\/les-innovations-en-sante-du-territoire-le-dispositif-protool-medimprint\\\/\",\"name\":\"Les innovations en sant\u00e9 du territoire : le dispositif PROTOOL\u00ae - Medytec\",\"isPartOf\":{\"@id\":\"https:\\\/\\\/medytec.eu\\\/#website\"},\"primaryImageOfPage\":{\"@id\":\"https:\\\/\\\/medytec.eu\\\/fr\\\/2020\\\/07\\\/10\\\/les-innovations-en-sante-du-territoire-le-dispositif-protool-medimprint\\\/#primaryimage\"},\"image\":{\"@id\":\"https:\\\/\\\/medytec.eu\\\/fr\\\/2020\\\/07\\\/10\\\/les-innovations-en-sante-du-territoire-le-dispositif-protool-medimprint\\\/#primaryimage\"},\"thumbnailUrl\":\"https:\\\/\\\/medytec.eu\\\/wp-content\\\/uploads\\\/2020\\\/07\\\/medimprint-1-e1594799578902.jpeg\",\"datePublished\":\"2020-07-10T12:27:42+00:00\",\"dateModified\":\"2021-10-05T07:09:03+00:00\",\"description\":\"PROTOOL, Le 1er dispositif d\u00e9velopp\u00e9 par Medimprint, est technologie innovante d\u2019empreinte tissulaire c\u00e9r\u00e9brale, non l\u00e9sionnel !\",\"breadcrumb\":{\"@id\":\"https:\\\/\\\/medytec.eu\\\/fr\\\/2020\\\/07\\\/10\\\/les-innovations-en-sante-du-territoire-le-dispositif-protool-medimprint\\\/#breadcrumb\"},\"inLanguage\":\"en-US\",\"potentialAction\":[{\"@type\":\"ReadAction\",\"target\":[\"https:\\\/\\\/medytec.eu\\\/fr\\\/2020\\\/07\\\/10\\\/les-innovations-en-sante-du-territoire-le-dispositif-protool-medimprint\\\/\"]}]},{\"@type\":\"ImageObject\",\"inLanguage\":\"en-US\",\"@id\":\"https:\\\/\\\/medytec.eu\\\/fr\\\/2020\\\/07\\\/10\\\/les-innovations-en-sante-du-territoire-le-dispositif-protool-medimprint\\\/#primaryimage\",\"url\":\"https:\\\/\\\/medytec.eu\\\/wp-content\\\/uploads\\\/2020\\\/07\\\/medimprint-1-e1594799578902.jpeg\",\"contentUrl\":\"https:\\\/\\\/medytec.eu\\\/wp-content\\\/uploads\\\/2020\\\/07\\\/medimprint-1-e1594799578902.jpeg\",\"width\":1600,\"height\":1116,\"caption\":\"PROTOOL\u00ae\"},{\"@type\":\"BreadcrumbList\",\"@id\":\"https:\\\/\\\/medytec.eu\\\/fr\\\/2020\\\/07\\\/10\\\/les-innovations-en-sante-du-territoire-le-dispositif-protool-medimprint\\\/#breadcrumb\",\"itemListElement\":[{\"@type\":\"ListItem\",\"position\":1,\"name\":\"Accueil\",\"item\":\"https:\\\/\\\/medytec.eu\\\/\"},{\"@type\":\"ListItem\",\"position\":2,\"name\":\"Les innovations en sant\u00e9 du territoire : le dispositif PROTOOL\u00ae\"}]},{\"@type\":\"WebSite\",\"@id\":\"https:\\\/\\\/medytec.eu\\\/#website\",\"url\":\"https:\\\/\\\/medytec.eu\\\/\",\"name\":\"Medytec\",\"description\":\"Le hub des technologies de la sant\u00e9 de grenoble-Alpes\",\"publisher\":{\"@id\":\"https:\\\/\\\/medytec.eu\\\/#organization\"},\"potentialAction\":[{\"@type\":\"SearchAction\",\"target\":{\"@type\":\"EntryPoint\",\"urlTemplate\":\"https:\\\/\\\/medytec.eu\\\/?s={search_term_string}\"},\"query-input\":{\"@type\":\"PropertyValueSpecification\",\"valueRequired\":true,\"valueName\":\"search_term_string\"}}],\"inLanguage\":\"en-US\"},{\"@type\":\"Organization\",\"@id\":\"https:\\\/\\\/medytec.eu\\\/#organization\",\"name\":\"MedYtec\",\"url\":\"https:\\\/\\\/medytec.eu\\\/\",\"logo\":{\"@type\":\"ImageObject\",\"inLanguage\":\"en-US\",\"@id\":\"https:\\\/\\\/medytec.eu\\\/#\\\/schema\\\/logo\\\/image\\\/\",\"url\":\"https:\\\/\\\/medytec.eu\\\/wp-content\\\/uploads\\\/2020\\\/02\\\/logo-medytec.png\",\"contentUrl\":\"https:\\\/\\\/medytec.eu\\\/wp-content\\\/uploads\\\/2020\\\/02\\\/logo-medytec.png\",\"width\":426,\"height\":147,\"caption\":\"MedYtec\"},\"image\":{\"@id\":\"https:\\\/\\\/medytec.eu\\\/#\\\/schema\\\/logo\\\/image\\\/\"}},{\"@type\":\"Person\",\"@id\":\"https:\\\/\\\/medytec.eu\\\/#\\\/schema\\\/person\\\/52643406ade6747ec29f0a5ca286f5fe\",\"name\":\"okparfait\",\"url\":\"https:\\\/\\\/medytec.eu\\\/en\\\/author\\\/e486db832ef7dcb5\\\/\"}]}<\/script>\n<!-- \/ Yoast SEO plugin. -->","yoast_head_json":{"title":"Les innovations en sant\u00e9 du territoire : le dispositif PROTOOL\u00ae - Medytec","description":"PROTOOL, Le 1er dispositif d\u00e9velopp\u00e9 par Medimprint, est technologie innovante d\u2019empreinte tissulaire c\u00e9r\u00e9brale, non l\u00e9sionnel !","robots":{"index":"index","follow":"follow","max-snippet":"max-snippet:-1","max-image-preview":"max-image-preview:large","max-video-preview":"max-video-preview:-1"},"canonical":"https:\/\/medytec.eu\/en\/2020\/07\/10\/les-innovations-en-sante-du-territoire-le-dispositif-protool-medimprint\/","og_locale":"en_US","og_type":"article","og_title":"Les innovations en sant\u00e9 du territoire : le dispositif PROTOOL\u00ae - Medytec","og_description":"PROTOOL, Le 1er dispositif d\u00e9velopp\u00e9 par Medimprint, est technologie innovante d\u2019empreinte tissulaire c\u00e9r\u00e9brale, non l\u00e9sionnel !","og_url":"https:\/\/medytec.eu\/en\/2020\/07\/10\/les-innovations-en-sante-du-territoire-le-dispositif-protool-medimprint\/","og_site_name":"Medytec","article_published_time":"2020-07-10T12:27:42+00:00","article_modified_time":"2021-10-05T07:09:03+00:00","og_image":[{"width":1600,"height":1116,"url":"https:\/\/medytec.eu\/wp-content\/uploads\/2020\/07\/medimprint-1-e1594799578902.jpeg","type":"image\/jpeg"}],"author":"okparfait","twitter_card":"summary_large_image","twitter_misc":{"Written by":"okparfait","Est. reading time":"2 minutes"},"schema":{"@context":"https:\/\/schema.org","@graph":[{"@type":"Article","@id":"https:\/\/medytec.eu\/fr\/2020\/07\/10\/les-innovations-en-sante-du-territoire-le-dispositif-protool-medimprint\/#article","isPartOf":{"@id":"https:\/\/medytec.eu\/fr\/2020\/07\/10\/les-innovations-en-sante-du-territoire-le-dispositif-protool-medimprint\/"},"author":{"name":"okparfait","@id":"https:\/\/medytec.eu\/#\/schema\/person\/52643406ade6747ec29f0a5ca286f5fe"},"headline":"Les innovations en sant\u00e9 du territoire : le dispositif PROTOOL\u00ae","datePublished":"2020-07-10T12:27:42+00:00","dateModified":"2021-10-05T07:09:03+00:00","mainEntityOfPage":{"@id":"https:\/\/medytec.eu\/fr\/2020\/07\/10\/les-innovations-en-sante-du-territoire-le-dispositif-protool-medimprint\/"},"wordCount":276,"publisher":{"@id":"https:\/\/medytec.eu\/#organization"},"image":{"@id":"https:\/\/medytec.eu\/fr\/2020\/07\/10\/les-innovations-en-sante-du-territoire-le-dispositif-protool-medimprint\/#primaryimage"},"thumbnailUrl":"https:\/\/medytec.eu\/wp-content\/uploads\/2020\/07\/medimprint-1-e1594799578902.jpeg","articleSection":["Innovations en sant\u00e9"],"inLanguage":"en-US"},{"@type":"WebPage","@id":"https:\/\/medytec.eu\/fr\/2020\/07\/10\/les-innovations-en-sante-du-territoire-le-dispositif-protool-medimprint\/","url":"https:\/\/medytec.eu\/fr\/2020\/07\/10\/les-innovations-en-sante-du-territoire-le-dispositif-protool-medimprint\/","name":"Les innovations en sant\u00e9 du territoire : le dispositif PROTOOL\u00ae - Medytec","isPartOf":{"@id":"https:\/\/medytec.eu\/#website"},"primaryImageOfPage":{"@id":"https:\/\/medytec.eu\/fr\/2020\/07\/10\/les-innovations-en-sante-du-territoire-le-dispositif-protool-medimprint\/#primaryimage"},"image":{"@id":"https:\/\/medytec.eu\/fr\/2020\/07\/10\/les-innovations-en-sante-du-territoire-le-dispositif-protool-medimprint\/#primaryimage"},"thumbnailUrl":"https:\/\/medytec.eu\/wp-content\/uploads\/2020\/07\/medimprint-1-e1594799578902.jpeg","datePublished":"2020-07-10T12:27:42+00:00","dateModified":"2021-10-05T07:09:03+00:00","description":"PROTOOL, Le 1er dispositif d\u00e9velopp\u00e9 par Medimprint, est technologie innovante d\u2019empreinte tissulaire c\u00e9r\u00e9brale, non l\u00e9sionnel !","breadcrumb":{"@id":"https:\/\/medytec.eu\/fr\/2020\/07\/10\/les-innovations-en-sante-du-territoire-le-dispositif-protool-medimprint\/#breadcrumb"},"inLanguage":"en-US","potentialAction":[{"@type":"ReadAction","target":["https:\/\/medytec.eu\/fr\/2020\/07\/10\/les-innovations-en-sante-du-territoire-le-dispositif-protool-medimprint\/"]}]},{"@type":"ImageObject","inLanguage":"en-US","@id":"https:\/\/medytec.eu\/fr\/2020\/07\/10\/les-innovations-en-sante-du-territoire-le-dispositif-protool-medimprint\/#primaryimage","url":"https:\/\/medytec.eu\/wp-content\/uploads\/2020\/07\/medimprint-1-e1594799578902.jpeg","contentUrl":"https:\/\/medytec.eu\/wp-content\/uploads\/2020\/07\/medimprint-1-e1594799578902.jpeg","width":1600,"height":1116,"caption":"PROTOOL\u00ae"},{"@type":"BreadcrumbList","@id":"https:\/\/medytec.eu\/fr\/2020\/07\/10\/les-innovations-en-sante-du-territoire-le-dispositif-protool-medimprint\/#breadcrumb","itemListElement":[{"@type":"ListItem","position":1,"name":"Accueil","item":"https:\/\/medytec.eu\/"},{"@type":"ListItem","position":2,"name":"Les innovations en sant\u00e9 du territoire : le dispositif PROTOOL\u00ae"}]},{"@type":"WebSite","@id":"https:\/\/medytec.eu\/#website","url":"https:\/\/medytec.eu\/","name":"Medytec","description":"Le hub des technologies de la sant\u00e9 de grenoble-Alpes","publisher":{"@id":"https:\/\/medytec.eu\/#organization"},"potentialAction":[{"@type":"SearchAction","target":{"@type":"EntryPoint","urlTemplate":"https:\/\/medytec.eu\/?s={search_term_string}"},"query-input":{"@type":"PropertyValueSpecification","valueRequired":true,"valueName":"search_term_string"}}],"inLanguage":"en-US"},{"@type":"Organization","@id":"https:\/\/medytec.eu\/#organization","name":"MedYtec","url":"https:\/\/medytec.eu\/","logo":{"@type":"ImageObject","inLanguage":"en-US","@id":"https:\/\/medytec.eu\/#\/schema\/logo\/image\/","url":"https:\/\/medytec.eu\/wp-content\/uploads\/2020\/02\/logo-medytec.png","contentUrl":"https:\/\/medytec.eu\/wp-content\/uploads\/2020\/02\/logo-medytec.png","width":426,"height":147,"caption":"MedYtec"},"image":{"@id":"https:\/\/medytec.eu\/#\/schema\/logo\/image\/"}},{"@type":"Person","@id":"https:\/\/medytec.eu\/#\/schema\/person\/52643406ade6747ec29f0a5ca286f5fe","name":"okparfait","url":"https:\/\/medytec.eu\/en\/author\/e486db832ef7dcb5\/"}]}},"_links":{"self":[{"href":"https:\/\/medytec.eu\/en\/wp-json\/wp\/v2\/posts\/1453","targetHints":{"allow":["GET"]}}],"collection":[{"href":"https:\/\/medytec.eu\/en\/wp-json\/wp\/v2\/posts"}],"about":[{"href":"https:\/\/medytec.eu\/en\/wp-json\/wp\/v2\/types\/post"}],"author":[{"embeddable":true,"href":"https:\/\/medytec.eu\/en\/wp-json\/wp\/v2\/users\/4"}],"replies":[{"embeddable":true,"href":"https:\/\/medytec.eu\/en\/wp-json\/wp\/v2\/comments?post=1453"}],"version-history":[{"count":0,"href":"https:\/\/medytec.eu\/en\/wp-json\/wp\/v2\/posts\/1453\/revisions"}],"wp:featuredmedia":[{"embeddable":true,"href":"https:\/\/medytec.eu\/en\/wp-json\/wp\/v2\/media\/1469"}],"wp:attachment":[{"href":"https:\/\/medytec.eu\/en\/wp-json\/wp\/v2\/media?parent=1453"}],"wp:term":[{"taxonomy":"category","embeddable":true,"href":"https:\/\/medytec.eu\/en\/wp-json\/wp\/v2\/categories?post=1453"},{"taxonomy":"post_tag","embeddable":true,"href":"https:\/\/medytec.eu\/en\/wp-json\/wp\/v2\/tags?post=1453"}],"curies":[{"name":"wp","href":"https:\/\/api.w.org\/{rel}","templated":true}]}}