{"id":1435,"date":"2020-07-09T09:51:51","date_gmt":"2020-07-09T07:51:51","guid":{"rendered":"https:\/\/medytec.eu\/?p=1435"},"modified":"2021-10-05T09:09:25","modified_gmt":"2021-10-05T07:09:25","slug":"les-innovations-en-sante-du-territoire-le-gant-innovant-de-wens","status":"publish","type":"post","link":"https:\/\/medytec.eu\/en\/2020\/07\/09\/les-innovations-en-sante-du-territoire-le-gant-innovant-de-wens\/","title":{"rendered":"Les innovations en sant\u00e9 du territoire : le gant innovant de Wens"},"content":{"rendered":"<div data-elementor-type=\"wp-post\" data-elementor-id=\"1435\" class=\"elementor elementor-1435\" data-elementor-post-type=\"post\">\n\t\t\t\t\t\t<section class=\"elementor-section elementor-top-section elementor-element elementor-element-1453cae elementor-section-boxed elementor-section-height-default elementor-section-height-default\" data-id=\"1453cae\" data-element_type=\"section\" data-e-type=\"section\">\n\t\t\t\t\t\t<div class=\"elementor-container elementor-column-gap-default\">\n\t\t\t\t\t<div class=\"elementor-column elementor-col-100 elementor-top-column elementor-element elementor-element-639c8b3f\" data-id=\"639c8b3f\" data-element_type=\"column\" data-e-type=\"column\">\n\t\t\t<div class=\"elementor-widget-wrap elementor-element-populated\">\n\t\t\t\t\t\t<div class=\"elementor-element elementor-element-775a144c elementor-widget elementor-widget-text-editor\" data-id=\"775a144c\" data-element_type=\"widget\" data-e-type=\"widget\" data-widget_type=\"text-editor.default\">\n\t\t\t\t<div class=\"elementor-widget-container\">\n\t\t\t\t\t\t\t\t\t<p><\/p>\n<p>Dans le showroom de Medytec, les produits innovants des entreprises de notre territoire sont expos\u00e9s dans des vitrines.<\/p>\n<p>Voici un premier article dans lequel nous vous pr\u00e9sentons la soci\u00e9t\u00e9 Wens.<\/p>\n<p><img decoding=\"async\" class=\"aligncenter wp-image-2642\" src=\"https:\/\/medytec.eu\/wp-content\/uploads\/2021\/04\/LOGO-WENS-300x300.png\" alt=\"Wens\" width=\"179\" height=\"179\" data-id=\"1436\" srcset=\"https:\/\/medytec.eu\/wp-content\/uploads\/2021\/04\/LOGO-WENS-300x300.png 300w, https:\/\/medytec.eu\/wp-content\/uploads\/2021\/04\/LOGO-WENS-150x150.png 150w, https:\/\/medytec.eu\/wp-content\/uploads\/2021\/04\/LOGO-WENS-768x768.png 768w, https:\/\/medytec.eu\/wp-content\/uploads\/2021\/04\/LOGO-WENS-12x12.png 12w, https:\/\/medytec.eu\/wp-content\/uploads\/2021\/04\/LOGO-WENS.png 1000w\" sizes=\"(max-width: 179px) 100vw, 179px\" \/>Wens a d\u00e9velopp\u00e9 un gant innovant permettant un entrainement du sens tactile \u00e0 destination de la r\u00e9\u00e9ducation, du bien-vieillir et des sportifs de haut niveau.<\/p>\n<h4><span style=\"color: 00a8bc;\"><strong>Le gant de Wens, nomm\u00e9 Haptiko, est la solution pour la r\u00e9cup\u00e9ration de la sensibilit\u00e9 de la main !<\/strong><\/span><\/h4>\n<p>Un fonctionnement simple et pratique. Les petits reliefs dispos\u00e9s \u00e0 l\u2019int\u00e9rieur du gant et la cr\u00e9ation de mouvements dans l&rsquo;eau, stimulent la sensibilit\u00e9 tactile de la main.<\/p>\n<p>Le produit s&rsquo;adresse aux :<\/p>\n<ul>\n<li>Patients\u00a0: patients qui ont une perte de la sensibilit\u00e9 de la main. Cas d\u2019hypoesth\u00e9sies, de paresth\u00e9sies et autres troubles sensitifs relatifs \u00e0 la perception tactile.<\/li>\n<li>Professionnels de r\u00e9\u00e9ducation : Pour am\u00e9liorer la prise en charge des patients souffrant de pertes de sensibilit\u00e9 tactile au niveau de la main.<\/li>\n<li>Sportifs de haut niveau : Pour am\u00e9liorer la sensibilit\u00e9 de la main<\/li>\n<\/ul>\n<p><\/p>\n<p><\/p>\n<figure class=\"wp-block-gallery alignfull columns-3 is-cropped wp-block-gallery-2 is-layout-flex wp-block-gallery-is-layout-flex\">\n<ul class=\"blocks-gallery-grid\">\n<li class=\"blocks-gallery-item\">\n<figure><img fetchpriority=\"high\" decoding=\"async\" class=\"alignleft wp-image-1437\" src=\"https:\/\/medytec.eu\/wp-content\/uploads\/2020\/07\/3-Industrie-Wens-_06-1024x684.jpg\" alt=\"Wens\" width=\"1024\" height=\"684\" data-id=\"1437\" data-link=\"https:\/\/medytec.eu\/?attachment_id=1437\" srcset=\"https:\/\/medytec.eu\/wp-content\/uploads\/2020\/07\/3-Industrie-Wens-_06-1024x684.jpg 1024w, https:\/\/medytec.eu\/wp-content\/uploads\/2020\/07\/3-Industrie-Wens-_06-300x200.jpg 300w, https:\/\/medytec.eu\/wp-content\/uploads\/2020\/07\/3-Industrie-Wens-_06-768x513.jpg 768w, https:\/\/medytec.eu\/wp-content\/uploads\/2020\/07\/3-Industrie-Wens-_06-391x260.jpg 391w, https:\/\/medytec.eu\/wp-content\/uploads\/2020\/07\/3-Industrie-Wens-_06-1536x1026.jpg 1536w, https:\/\/medytec.eu\/wp-content\/uploads\/2020\/07\/3-Industrie-Wens-_06.jpg 1920w\" sizes=\"(max-width: 1024px) 100vw, 1024px\" \/><\/figure>\n<\/li>\n<li class=\"blocks-gallery-item\">\n<figure><img decoding=\"async\" class=\"alignnone wp-image-1438\" src=\"https:\/\/medytec.eu\/wp-content\/uploads\/2020\/07\/3-Industrie-Wens-_08-1024x684.jpg\" alt=\"Wens\" width=\"1024\" height=\"684\" data-id=\"1438\" data-link=\"https:\/\/medytec.eu\/?attachment_id=1438\" srcset=\"https:\/\/medytec.eu\/wp-content\/uploads\/2020\/07\/3-Industrie-Wens-_08-1024x684.jpg 1024w, https:\/\/medytec.eu\/wp-content\/uploads\/2020\/07\/3-Industrie-Wens-_08-300x200.jpg 300w, https:\/\/medytec.eu\/wp-content\/uploads\/2020\/07\/3-Industrie-Wens-_08-768x513.jpg 768w, https:\/\/medytec.eu\/wp-content\/uploads\/2020\/07\/3-Industrie-Wens-_08-391x260.jpg 391w, https:\/\/medytec.eu\/wp-content\/uploads\/2020\/07\/3-Industrie-Wens-_08-1536x1026.jpg 1536w, https:\/\/medytec.eu\/wp-content\/uploads\/2020\/07\/3-Industrie-Wens-_08.jpg 1920w\" sizes=\"(max-width: 1024px) 100vw, 1024px\" \/><\/figure>\n<\/li>\n<\/ul>\n<figure><img loading=\"lazy\" decoding=\"async\" class=\"alignnone wp-image-1439\" src=\"https:\/\/medytec.eu\/wp-content\/uploads\/2020\/07\/3-Industrie-Wens-_03-1024x684.jpg\" alt=\" Wens\" width=\"1024\" height=\"684\" data-id=\"1439\" data-full-url=\"https:\/\/medytec.eu\/wp-content\/uploads\/2020\/07\/3-Industrie-Wens-_03.jpg\" data-link=\"https:\/\/medytec.eu\/?attachment_id=1439\" srcset=\"https:\/\/medytec.eu\/wp-content\/uploads\/2020\/07\/3-Industrie-Wens-_03-1024x684.jpg 1024w, https:\/\/medytec.eu\/wp-content\/uploads\/2020\/07\/3-Industrie-Wens-_03-300x200.jpg 300w, https:\/\/medytec.eu\/wp-content\/uploads\/2020\/07\/3-Industrie-Wens-_03-768x513.jpg 768w, https:\/\/medytec.eu\/wp-content\/uploads\/2020\/07\/3-Industrie-Wens-_03-391x260.jpg 391w, https:\/\/medytec.eu\/wp-content\/uploads\/2020\/07\/3-Industrie-Wens-_03-1536x1026.jpg 1536w, https:\/\/medytec.eu\/wp-content\/uploads\/2020\/07\/3-Industrie-Wens-_03.jpg 1920w\" sizes=\"(max-width: 1024px) 100vw, 1024px\" \/><span style=\"font-size: 20px; font-style: normal; font-variant-ligatures: normal; font-variant-caps: normal; font-weight: 400; color: var( --e-global-color-text ); font-family: Roboto, sans-serif;\">\u00a0 \u00a0 \u00a0 \u00a0 \u00a0 \u00a0 \u00a0Pour en savoir plus, consulter le<span style=\"color: #00a8bc;\">\u00a0<\/span><\/span><span style=\"color: #00a8bc;\"><a style=\"font-size: 20px; font-style: normal; font-variant-ligatures: normal; font-variant-caps: normal; font-weight: 400; font-family: Roboto, sans-serif; background-color: #ffffff; color: #00a8bc;\" href=\"https:\/\/www.wens-innov.com\/\" target=\"_blank\" rel=\"noopener\">site internet<\/a><\/span><span style=\"font-size: 20px; font-style: normal; font-variant-ligatures: normal; font-variant-caps: normal; font-weight: 400; color: var( --e-global-color-text ); font-family: Roboto, sans-serif;\">\u00a0ou la vid\u00e9o ci-dessous :\u00a0<\/span><\/figure>\n<\/figure>\t\t\t\t\t\t\t\t<\/div>\n\t\t\t\t<\/div>\n\t\t\t\t<div class=\"elementor-element elementor-element-674dbc0 elementor-widget elementor-widget-video\" data-id=\"674dbc0\" data-element_type=\"widget\" data-e-type=\"widget\" data-settings=\"{&quot;youtube_url&quot;:&quot;https:\\\/\\\/www.youtube.com\\\/embed\\\/NhEpA_WKd2E&quot;,&quot;video_type&quot;:&quot;youtube&quot;,&quot;controls&quot;:&quot;yes&quot;}\" data-widget_type=\"video.default\">\n\t\t\t\t<div class=\"elementor-widget-container\">\n\t\t\t\t\t\t\t<div class=\"elementor-wrapper elementor-open-inline\">\n\t\t\t<div class=\"elementor-video\"><\/div>\t\t<\/div>\n\t\t\t\t\t\t<\/div>\n\t\t\t\t<\/div>\n\t\t\t\t\t<\/div>\n\t\t<\/div>\n\t\t\t\t\t<\/div>\n\t\t<\/section>\n\t\t\t\t<section class=\"elementor-section elementor-top-section elementor-element elementor-element-b94ebd4 elementor-section-boxed elementor-section-height-default elementor-section-height-default\" data-id=\"b94ebd4\" data-element_type=\"section\" data-e-type=\"section\">\n\t\t\t\t\t\t<div class=\"elementor-container elementor-column-gap-default\">\n\t\t\t\t\t<div class=\"elementor-column elementor-col-100 elementor-top-column elementor-element elementor-element-2110f77\" data-id=\"2110f77\" data-element_type=\"column\" data-e-type=\"column\">\n\t\t\t<div class=\"elementor-widget-wrap elementor-element-populated\">\n\t\t\t\t\t\t<div class=\"elementor-element elementor-element-e43dd0f elementor-widget elementor-widget-text-editor\" data-id=\"e43dd0f\" data-element_type=\"widget\" data-e-type=\"widget\" data-widget_type=\"text-editor.default\">\n\t\t\t\t<div class=\"elementor-widget-container\">\n\t\t\t\t\t\t\t\t\t<hr>\n<p>Nous vous invitons \u00e0 venir d\u00e9couvrir le produit en vitrine lors de nos journ\u00e9es libre acc\u00e8s !<\/p>\n<p><span style=\"font-family: Roboto, sans-serif; font-size: 20px; font-style: normal; font-variant-ligatures: normal; font-variant-caps: normal; font-weight: 400;\">D\u00e9couvrez \u00e9galement :<\/span><\/p>\n<ul style=\"font-variant-ligatures: normal; font-variant-caps: normal; font-family: Roboto, sans-serif; font-size: 20px; font-style: normal; font-weight: 400;\">\n<li style=\"list-style-type: none;\">\n<ul style=\"font-variant-ligatures: normal; font-variant-caps: normal; font-family: Roboto, sans-serif; font-size: 20px; font-style: normal; font-weight: 400;\">\n<li style=\"font-size: 20px;\"><a style=\"font-size: 20px;\" href=\"https:\/\/medytec.eu\/en\/2021\/10\/05\/les-innovations-en-sante-du-territoire-pi-box-innospark-calculs-renaux\/\"><span style=\"font-size: 20px; color: #00a8bc;\">Les Pi-Box\u00a9, collecte de calculs r\u00e9naux<\/span><\/a><\/li>\n<li style=\"font-size: 20px;\"><a style=\"font-size: 20px; background-color: #ffffff; color: #00a8bc;\" href=\"https:\/\/medytec.eu\/en\/2021\/07\/08\/les-innovations-en-sante-du-territoire-le-labpad-d-avalun\/\" target=\"_blank\" rel=\"noopener\">Le Labpad<\/a><a style=\"font-size: 20px; background-color: #ffffff; color: #00a8bc;\" href=\"https:\/\/medytec.eu\/en\/2020\/12\/03\/les-innovations-en-sante-du-territoire-les-dispositifs-intuity-ject-mix\/\" target=\"_blank\" rel=\"noopener\">\u00ae<\/a><a style=\"font-size: 20px; background-color: #ffffff; color: #00a8bc;\" href=\"https:\/\/medytec.eu\/en\/2021\/07\/08\/les-innovations-en-sante-du-territoire-le-labpad-d-avalun\/\" target=\"_blank\" rel=\"noopener\">&nbsp;de Avalun&nbsp;<\/a><\/li>\n<li style=\"font-size: 20px;\"><a style=\"font-size: 20px; color: #00a8bc;\" href=\"https:\/\/medytec.eu\/en\/2021\/04\/08\/les-innovations-en-sante-du-territoire-la-technologie-de-steute\/\" target=\"_blank\" rel=\"noopener\">Les p\u00e9dales de Steute<\/a><\/li>\n<li style=\"font-size: 20px;\"><a style=\"font-size: 20px; background-color: #ffffff; color: #00a8bc;\" href=\"https:\/\/medytec.eu\/en\/2020\/12\/03\/les-innovations-en-sante-du-territoire-les-dispositifs-intuity-ject-mix\/\" target=\"_blank\" rel=\"noopener\">Les dispositifs Intuity\u00ae Ject &amp; Mix<\/a><\/li>\n<li style=\"font-size: 20px;\"><span style=\"font-size: 20px; color: #00a8bc;\"><a style=\"font-size: 20px; color: #00a8bc;\" href=\"https:\/\/medytec.eu\/en\/2021\/01\/05\/les-innovations-en-sante-du-territoire-le-dispositif-de-neurostimulation-transcutanee-connecte-actitens\/\" target=\"_blank\" rel=\"noreferrer noopener\">Le dispositif de neurostimulation transcutan\u00e9e connect\u00e9 actiTENS<\/a><\/span><\/li>\n<li style=\"font-size: 20px;\"><a href=\"https:\/\/medytec.eu\/en\/2020\/07\/10\/decouvrez-les-innovations-en-sante-du-territoire-le-dispositif-protool\/\" style=\"font-size: 20px; background-color: rgb(255, 255, 255); color: rgb(0, 168, 188);\">Le dispositif PROTOOL\u00ae<\/a><br><\/li>\n<li style=\"font-size: 20px;\"><span style=\"font-size: 20px; color: #00a8bc;\"><a style=\"font-size: 20px; color: #00a8bc;\" href=\"https:\/\/medytec.eu\/en\/2020\/08\/17\/les-innovations-en-sante-du-territoire-la-micro-fabrication-2d-et-3d\/\">La micro fabrication 2D et 3D<\/a><\/span><\/li>\n<li style=\"font-size: 20px;\"><span style=\"font-size: 20px; color: #00a8bc;\"><a style=\"font-size: 20px; color: #00a8bc;\" href=\"https:\/\/medytec.eu\/en\/2020\/09\/23\/les-innovations-en-sante-du-territoire-le-pansement-connecte\/\">Le pansement connect\u00e9 de Grapheal<\/a><\/span><\/li>\n<li style=\"font-size: 20px;\"><span style=\"font-size: 20px; color: #00a8bc;\"><a style=\"font-size: 20px; color: #00a8bc;\" href=\"https:\/\/medytec.eu\/en\/2021\/03\/11\/les-innovations-en-sante-du-territoire-la-solution-remedee-labs\/\" target=\"_blank\" rel=\"noopener\">La solution Remedee Labs pour la prise en charge de la douleur<\/a><\/span><\/li>\n<li style=\"font-size: 20px;\"><span style=\"font-size: 20px; color: #00a8bc;\"><a style=\"font-size: 20px; color: #00a8bc;\" href=\"https:\/\/medytec.eu\/en\/2021\/02\/11\/les-innovations-en-sante-du-territoire-la-plateforme-surgivisio-decential-robotics\/\" target=\"_blank\" rel=\"noreferrer noopener\">La plateforme Surgivisio d\u2019eCential Robotics<\/a><\/span><\/li>\n<\/ul>\n<\/li>\n<\/ul>\n<p style=\"font-variant-ligatures: normal; font-variant-caps: normal; font-family: CeraPro, sans-serif; font-size: 20px; font-style: normal; font-weight: 400; text-align: justify;\">\n<\/p>\t\t\t\t\t\t\t\t<\/div>\n\t\t\t\t<\/div>\n\t\t\t\t\t<\/div>\n\t\t<\/div>\n\t\t\t\t\t<\/div>\n\t\t<\/section>\n\t\t\t\t<section class=\"elementor-section elementor-top-section elementor-element elementor-element-35a59fe elementor-section-boxed elementor-section-height-default elementor-section-height-default\" data-id=\"35a59fe\" data-element_type=\"section\" data-e-type=\"section\">\n\t\t\t\t\t\t<div class=\"elementor-container elementor-column-gap-default\">\n\t\t\t\t\t<div class=\"elementor-column elementor-col-100 elementor-top-column elementor-element elementor-element-c695ee2\" data-id=\"c695ee2\" data-element_type=\"column\" data-e-type=\"column\">\n\t\t\t<div class=\"elementor-widget-wrap\">\n\t\t\t\t\t\t\t<\/div>\n\t\t<\/div>\n\t\t\t\t\t<\/div>\n\t\t<\/section>\n\t\t\t\t<\/div>","protected":false},"excerpt":{"rendered":"<p>Dans le showroom de Medytec, les produits innovants des entreprises de notre territoire sont expos\u00e9s dans des vitrines. Voici un premier article dans lequel nous vous pr\u00e9sentons la soci\u00e9t\u00e9 Wens. Wens a d\u00e9velopp\u00e9 un gant innovant permettant un entrainement du sens tactile \u00e0 destination de la r\u00e9\u00e9ducation, du bien-vieillir et des sportifs de haut niveau. [&hellip;]<\/p>\n","protected":false},"author":4,"featured_media":1440,"comment_status":"closed","ping_status":"open","sticky":false,"template":"","format":"standard","meta":{"ocean_post_layout":"","ocean_both_sidebars_style":"","ocean_both_sidebars_content_width":0,"ocean_both_sidebars_sidebars_width":0,"ocean_sidebar":"0","ocean_second_sidebar":"0","ocean_disable_margins":"enable","ocean_add_body_class":"","ocean_shortcode_before_top_bar":"","ocean_shortcode_after_top_bar":"","ocean_shortcode_before_header":"","ocean_shortcode_after_header":"","ocean_has_shortcode":"","ocean_shortcode_after_title":"","ocean_shortcode_before_footer_widgets":"","ocean_shortcode_after_footer_widgets":"","ocean_shortcode_before_footer_bottom":"","ocean_shortcode_after_footer_bottom":"","ocean_display_top_bar":"off","ocean_display_header":"default","ocean_header_style":"","ocean_center_header_left_menu":"0","ocean_custom_header_template":"0","ocean_custom_logo":0,"ocean_custom_retina_logo":0,"ocean_custom_logo_max_width":0,"ocean_custom_logo_tablet_max_width":0,"ocean_custom_logo_mobile_max_width":0,"ocean_custom_logo_max_height":0,"ocean_custom_logo_tablet_max_height":0,"ocean_custom_logo_mobile_max_height":0,"ocean_header_custom_menu":"0","ocean_menu_typo_font_family":"0","ocean_menu_typo_font_subset":"","ocean_menu_typo_font_size":0,"ocean_menu_typo_font_size_tablet":0,"ocean_menu_typo_font_size_mobile":0,"ocean_menu_typo_font_size_unit":"px","ocean_menu_typo_font_weight":"","ocean_menu_typo_font_weight_tablet":"","ocean_menu_typo_font_weight_mobile":"","ocean_menu_typo_transform":"","ocean_menu_typo_transform_tablet":"","ocean_menu_typo_transform_mobile":"","ocean_menu_typo_line_height":0,"ocean_menu_typo_line_height_tablet":0,"ocean_menu_typo_line_height_mobile":0,"ocean_menu_typo_line_height_unit":"","ocean_menu_typo_spacing":0,"ocean_menu_typo_spacing_tablet":0,"ocean_menu_typo_spacing_mobile":0,"ocean_menu_typo_spacing_unit":"","ocean_menu_link_color":"","ocean_menu_link_color_hover":"","ocean_menu_link_color_active":"","ocean_menu_link_background":"","ocean_menu_link_hover_background":"","ocean_menu_link_active_background":"","ocean_menu_social_links_bg":"","ocean_menu_social_hover_links_bg":"","ocean_menu_social_links_color":"","ocean_menu_social_hover_links_color":"","ocean_disable_title":"default","ocean_disable_heading":"default","ocean_post_title":"","ocean_post_subheading":"","ocean_post_title_style":"","ocean_post_title_background_color":"","ocean_post_title_background":0,"ocean_post_title_bg_image_position":"","ocean_post_title_bg_image_attachment":"","ocean_post_title_bg_image_repeat":"","ocean_post_title_bg_image_size":"","ocean_post_title_height":0,"ocean_post_title_bg_overlay":0.5,"ocean_post_title_bg_overlay_color":"","ocean_disable_breadcrumbs":"default","ocean_breadcrumbs_color":"","ocean_breadcrumbs_separator_color":"","ocean_breadcrumbs_links_color":"","ocean_breadcrumbs_links_hover_color":"","ocean_display_footer_widgets":"default","ocean_display_footer_bottom":"default","ocean_custom_footer_template":"0","ocean_post_oembed":"","ocean_post_self_hosted_media":"","ocean_post_video_embed":"","ocean_link_format":"","ocean_link_format_target":"self","ocean_quote_format":"","ocean_quote_format_link":"post","ocean_gallery_link_images":"off","ocean_gallery_id":[],"footnotes":""},"categories":[55],"tags":[],"class_list":["post-1435","post","type-post","status-publish","format-standard","has-post-thumbnail","hentry","category-innovations-en-sante","entry","has-media"],"yoast_head":"<!-- This site is optimized with the Yoast SEO plugin v27.5 - https:\/\/yoast.com\/product\/yoast-seo-wordpress\/ -->\n<title>Les innovations en sant\u00e9 du territoire : le gant innovant de Wens - Medytec<\/title>\n<meta name=\"description\" content=\"Wens a d\u00e9velopp\u00e9 un gant innovant, Haptiko, \u00e0 destination des patients pr\u00e9sentant des troubles de la sensibilit\u00e9 tactile de la main.\" \/>\n<meta name=\"robots\" content=\"index, follow, max-snippet:-1, max-image-preview:large, max-video-preview:-1\" \/>\n<link rel=\"canonical\" href=\"https:\/\/medytec.eu\/en\/2020\/07\/09\/les-innovations-en-sante-du-territoire-le-gant-innovant-de-wens\/\" \/>\n<meta property=\"og:locale\" content=\"en_US\" \/>\n<meta property=\"og:type\" content=\"article\" \/>\n<meta property=\"og:title\" content=\"Les innovations en sant\u00e9 du territoire : le gant innovant de Wens - Medytec\" \/>\n<meta property=\"og:description\" content=\"Wens a d\u00e9velopp\u00e9 un gant innovant, Haptiko, \u00e0 destination des patients pr\u00e9sentant des troubles de la sensibilit\u00e9 tactile de la main.\" \/>\n<meta property=\"og:url\" content=\"https:\/\/medytec.eu\/en\/2020\/07\/09\/les-innovations-en-sante-du-territoire-le-gant-innovant-de-wens\/\" \/>\n<meta property=\"og:site_name\" content=\"Medytec\" \/>\n<meta property=\"article:published_time\" content=\"2020-07-09T07:51:51+00:00\" \/>\n<meta property=\"article:modified_time\" content=\"2021-10-05T07:09:25+00:00\" \/>\n<meta property=\"og:image\" content=\"https:\/\/medytec.eu\/wp-content\/uploads\/2020\/07\/9-e1594280065118.jpeg\" \/>\n\t<meta property=\"og:image:width\" content=\"1191\" \/>\n\t<meta property=\"og:image:height\" content=\"753\" \/>\n\t<meta property=\"og:image:type\" content=\"image\/jpeg\" \/>\n<meta name=\"author\" content=\"okparfait\" \/>\n<meta name=\"twitter:card\" content=\"summary_large_image\" \/>\n<meta name=\"twitter:label1\" content=\"Written by\" \/>\n\t<meta name=\"twitter:data1\" content=\"okparfait\" \/>\n\t<meta name=\"twitter:label2\" content=\"Est. reading time\" \/>\n\t<meta name=\"twitter:data2\" content=\"2 minutes\" \/>\n<script type=\"application\/ld+json\" class=\"yoast-schema-graph\">{\"@context\":\"https:\\\/\\\/schema.org\",\"@graph\":[{\"@type\":\"Article\",\"@id\":\"https:\\\/\\\/medytec.eu\\\/fr\\\/2020\\\/07\\\/09\\\/les-innovations-en-sante-du-territoire-le-gant-innovant-de-wens\\\/#article\",\"isPartOf\":{\"@id\":\"https:\\\/\\\/medytec.eu\\\/fr\\\/2020\\\/07\\\/09\\\/les-innovations-en-sante-du-territoire-le-gant-innovant-de-wens\\\/\"},\"author\":{\"name\":\"okparfait\",\"@id\":\"https:\\\/\\\/medytec.eu\\\/#\\\/schema\\\/person\\\/52643406ade6747ec29f0a5ca286f5fe\"},\"headline\":\"Les innovations en sant\u00e9 du territoire : le gant innovant de Wens\",\"datePublished\":\"2020-07-09T07:51:51+00:00\",\"dateModified\":\"2021-10-05T07:09:25+00:00\",\"mainEntityOfPage\":{\"@id\":\"https:\\\/\\\/medytec.eu\\\/fr\\\/2020\\\/07\\\/09\\\/les-innovations-en-sante-du-territoire-le-gant-innovant-de-wens\\\/\"},\"wordCount\":295,\"publisher\":{\"@id\":\"https:\\\/\\\/medytec.eu\\\/#organization\"},\"image\":{\"@id\":\"https:\\\/\\\/medytec.eu\\\/fr\\\/2020\\\/07\\\/09\\\/les-innovations-en-sante-du-territoire-le-gant-innovant-de-wens\\\/#primaryimage\"},\"thumbnailUrl\":\"https:\\\/\\\/medytec.eu\\\/wp-content\\\/uploads\\\/2020\\\/07\\\/9-e1594280065118.jpeg\",\"articleSection\":[\"Innovations en sant\u00e9\"],\"inLanguage\":\"en-US\"},{\"@type\":\"WebPage\",\"@id\":\"https:\\\/\\\/medytec.eu\\\/fr\\\/2020\\\/07\\\/09\\\/les-innovations-en-sante-du-territoire-le-gant-innovant-de-wens\\\/\",\"url\":\"https:\\\/\\\/medytec.eu\\\/fr\\\/2020\\\/07\\\/09\\\/les-innovations-en-sante-du-territoire-le-gant-innovant-de-wens\\\/\",\"name\":\"Les innovations en sant\u00e9 du territoire : le gant innovant de Wens - Medytec\",\"isPartOf\":{\"@id\":\"https:\\\/\\\/medytec.eu\\\/#website\"},\"primaryImageOfPage\":{\"@id\":\"https:\\\/\\\/medytec.eu\\\/fr\\\/2020\\\/07\\\/09\\\/les-innovations-en-sante-du-territoire-le-gant-innovant-de-wens\\\/#primaryimage\"},\"image\":{\"@id\":\"https:\\\/\\\/medytec.eu\\\/fr\\\/2020\\\/07\\\/09\\\/les-innovations-en-sante-du-territoire-le-gant-innovant-de-wens\\\/#primaryimage\"},\"thumbnailUrl\":\"https:\\\/\\\/medytec.eu\\\/wp-content\\\/uploads\\\/2020\\\/07\\\/9-e1594280065118.jpeg\",\"datePublished\":\"2020-07-09T07:51:51+00:00\",\"dateModified\":\"2021-10-05T07:09:25+00:00\",\"description\":\"Wens a d\u00e9velopp\u00e9 un gant innovant, Haptiko, \u00e0 destination des patients pr\u00e9sentant des troubles de la sensibilit\u00e9 tactile de la main.\",\"breadcrumb\":{\"@id\":\"https:\\\/\\\/medytec.eu\\\/fr\\\/2020\\\/07\\\/09\\\/les-innovations-en-sante-du-territoire-le-gant-innovant-de-wens\\\/#breadcrumb\"},\"inLanguage\":\"en-US\",\"potentialAction\":[{\"@type\":\"ReadAction\",\"target\":[\"https:\\\/\\\/medytec.eu\\\/fr\\\/2020\\\/07\\\/09\\\/les-innovations-en-sante-du-territoire-le-gant-innovant-de-wens\\\/\"]}]},{\"@type\":\"ImageObject\",\"inLanguage\":\"en-US\",\"@id\":\"https:\\\/\\\/medytec.eu\\\/fr\\\/2020\\\/07\\\/09\\\/les-innovations-en-sante-du-territoire-le-gant-innovant-de-wens\\\/#primaryimage\",\"url\":\"https:\\\/\\\/medytec.eu\\\/wp-content\\\/uploads\\\/2020\\\/07\\\/9-e1594280065118.jpeg\",\"contentUrl\":\"https:\\\/\\\/medytec.eu\\\/wp-content\\\/uploads\\\/2020\\\/07\\\/9-e1594280065118.jpeg\",\"width\":1191,\"height\":753,\"caption\":\"gant innovant\"},{\"@type\":\"BreadcrumbList\",\"@id\":\"https:\\\/\\\/medytec.eu\\\/fr\\\/2020\\\/07\\\/09\\\/les-innovations-en-sante-du-territoire-le-gant-innovant-de-wens\\\/#breadcrumb\",\"itemListElement\":[{\"@type\":\"ListItem\",\"position\":1,\"name\":\"Accueil\",\"item\":\"https:\\\/\\\/medytec.eu\\\/\"},{\"@type\":\"ListItem\",\"position\":2,\"name\":\"Les innovations en sant\u00e9 du territoire : le gant innovant de Wens\"}]},{\"@type\":\"WebSite\",\"@id\":\"https:\\\/\\\/medytec.eu\\\/#website\",\"url\":\"https:\\\/\\\/medytec.eu\\\/\",\"name\":\"Medytec\",\"description\":\"Le hub des technologies de la sant\u00e9 de grenoble-Alpes\",\"publisher\":{\"@id\":\"https:\\\/\\\/medytec.eu\\\/#organization\"},\"potentialAction\":[{\"@type\":\"SearchAction\",\"target\":{\"@type\":\"EntryPoint\",\"urlTemplate\":\"https:\\\/\\\/medytec.eu\\\/?s={search_term_string}\"},\"query-input\":{\"@type\":\"PropertyValueSpecification\",\"valueRequired\":true,\"valueName\":\"search_term_string\"}}],\"inLanguage\":\"en-US\"},{\"@type\":\"Organization\",\"@id\":\"https:\\\/\\\/medytec.eu\\\/#organization\",\"name\":\"MedYtec\",\"url\":\"https:\\\/\\\/medytec.eu\\\/\",\"logo\":{\"@type\":\"ImageObject\",\"inLanguage\":\"en-US\",\"@id\":\"https:\\\/\\\/medytec.eu\\\/#\\\/schema\\\/logo\\\/image\\\/\",\"url\":\"https:\\\/\\\/medytec.eu\\\/wp-content\\\/uploads\\\/2020\\\/02\\\/logo-medytec.png\",\"contentUrl\":\"https:\\\/\\\/medytec.eu\\\/wp-content\\\/uploads\\\/2020\\\/02\\\/logo-medytec.png\",\"width\":426,\"height\":147,\"caption\":\"MedYtec\"},\"image\":{\"@id\":\"https:\\\/\\\/medytec.eu\\\/#\\\/schema\\\/logo\\\/image\\\/\"}},{\"@type\":\"Person\",\"@id\":\"https:\\\/\\\/medytec.eu\\\/#\\\/schema\\\/person\\\/52643406ade6747ec29f0a5ca286f5fe\",\"name\":\"okparfait\",\"url\":\"https:\\\/\\\/medytec.eu\\\/en\\\/author\\\/e486db832ef7dcb5\\\/\"}]}<\/script>\n<!-- \/ Yoast SEO plugin. -->","yoast_head_json":{"title":"Les innovations en sant\u00e9 du territoire : le gant innovant de Wens - Medytec","description":"Wens a d\u00e9velopp\u00e9 un gant innovant, Haptiko, \u00e0 destination des patients pr\u00e9sentant des troubles de la sensibilit\u00e9 tactile de la main.","robots":{"index":"index","follow":"follow","max-snippet":"max-snippet:-1","max-image-preview":"max-image-preview:large","max-video-preview":"max-video-preview:-1"},"canonical":"https:\/\/medytec.eu\/en\/2020\/07\/09\/les-innovations-en-sante-du-territoire-le-gant-innovant-de-wens\/","og_locale":"en_US","og_type":"article","og_title":"Les innovations en sant\u00e9 du territoire : le gant innovant de Wens - Medytec","og_description":"Wens a d\u00e9velopp\u00e9 un gant innovant, Haptiko, \u00e0 destination des patients pr\u00e9sentant des troubles de la sensibilit\u00e9 tactile de la main.","og_url":"https:\/\/medytec.eu\/en\/2020\/07\/09\/les-innovations-en-sante-du-territoire-le-gant-innovant-de-wens\/","og_site_name":"Medytec","article_published_time":"2020-07-09T07:51:51+00:00","article_modified_time":"2021-10-05T07:09:25+00:00","og_image":[{"width":1191,"height":753,"url":"https:\/\/medytec.eu\/wp-content\/uploads\/2020\/07\/9-e1594280065118.jpeg","type":"image\/jpeg"}],"author":"okparfait","twitter_card":"summary_large_image","twitter_misc":{"Written by":"okparfait","Est. reading time":"2 minutes"},"schema":{"@context":"https:\/\/schema.org","@graph":[{"@type":"Article","@id":"https:\/\/medytec.eu\/fr\/2020\/07\/09\/les-innovations-en-sante-du-territoire-le-gant-innovant-de-wens\/#article","isPartOf":{"@id":"https:\/\/medytec.eu\/fr\/2020\/07\/09\/les-innovations-en-sante-du-territoire-le-gant-innovant-de-wens\/"},"author":{"name":"okparfait","@id":"https:\/\/medytec.eu\/#\/schema\/person\/52643406ade6747ec29f0a5ca286f5fe"},"headline":"Les innovations en sant\u00e9 du territoire : le gant innovant de Wens","datePublished":"2020-07-09T07:51:51+00:00","dateModified":"2021-10-05T07:09:25+00:00","mainEntityOfPage":{"@id":"https:\/\/medytec.eu\/fr\/2020\/07\/09\/les-innovations-en-sante-du-territoire-le-gant-innovant-de-wens\/"},"wordCount":295,"publisher":{"@id":"https:\/\/medytec.eu\/#organization"},"image":{"@id":"https:\/\/medytec.eu\/fr\/2020\/07\/09\/les-innovations-en-sante-du-territoire-le-gant-innovant-de-wens\/#primaryimage"},"thumbnailUrl":"https:\/\/medytec.eu\/wp-content\/uploads\/2020\/07\/9-e1594280065118.jpeg","articleSection":["Innovations en sant\u00e9"],"inLanguage":"en-US"},{"@type":"WebPage","@id":"https:\/\/medytec.eu\/fr\/2020\/07\/09\/les-innovations-en-sante-du-territoire-le-gant-innovant-de-wens\/","url":"https:\/\/medytec.eu\/fr\/2020\/07\/09\/les-innovations-en-sante-du-territoire-le-gant-innovant-de-wens\/","name":"Les innovations en sant\u00e9 du territoire : le gant innovant de Wens - Medytec","isPartOf":{"@id":"https:\/\/medytec.eu\/#website"},"primaryImageOfPage":{"@id":"https:\/\/medytec.eu\/fr\/2020\/07\/09\/les-innovations-en-sante-du-territoire-le-gant-innovant-de-wens\/#primaryimage"},"image":{"@id":"https:\/\/medytec.eu\/fr\/2020\/07\/09\/les-innovations-en-sante-du-territoire-le-gant-innovant-de-wens\/#primaryimage"},"thumbnailUrl":"https:\/\/medytec.eu\/wp-content\/uploads\/2020\/07\/9-e1594280065118.jpeg","datePublished":"2020-07-09T07:51:51+00:00","dateModified":"2021-10-05T07:09:25+00:00","description":"Wens a d\u00e9velopp\u00e9 un gant innovant, Haptiko, \u00e0 destination des patients pr\u00e9sentant des troubles de la sensibilit\u00e9 tactile de la main.","breadcrumb":{"@id":"https:\/\/medytec.eu\/fr\/2020\/07\/09\/les-innovations-en-sante-du-territoire-le-gant-innovant-de-wens\/#breadcrumb"},"inLanguage":"en-US","potentialAction":[{"@type":"ReadAction","target":["https:\/\/medytec.eu\/fr\/2020\/07\/09\/les-innovations-en-sante-du-territoire-le-gant-innovant-de-wens\/"]}]},{"@type":"ImageObject","inLanguage":"en-US","@id":"https:\/\/medytec.eu\/fr\/2020\/07\/09\/les-innovations-en-sante-du-territoire-le-gant-innovant-de-wens\/#primaryimage","url":"https:\/\/medytec.eu\/wp-content\/uploads\/2020\/07\/9-e1594280065118.jpeg","contentUrl":"https:\/\/medytec.eu\/wp-content\/uploads\/2020\/07\/9-e1594280065118.jpeg","width":1191,"height":753,"caption":"gant innovant"},{"@type":"BreadcrumbList","@id":"https:\/\/medytec.eu\/fr\/2020\/07\/09\/les-innovations-en-sante-du-territoire-le-gant-innovant-de-wens\/#breadcrumb","itemListElement":[{"@type":"ListItem","position":1,"name":"Accueil","item":"https:\/\/medytec.eu\/"},{"@type":"ListItem","position":2,"name":"Les innovations en sant\u00e9 du territoire : le gant innovant de Wens"}]},{"@type":"WebSite","@id":"https:\/\/medytec.eu\/#website","url":"https:\/\/medytec.eu\/","name":"Medytec","description":"Le hub des technologies de la sant\u00e9 de grenoble-Alpes","publisher":{"@id":"https:\/\/medytec.eu\/#organization"},"potentialAction":[{"@type":"SearchAction","target":{"@type":"EntryPoint","urlTemplate":"https:\/\/medytec.eu\/?s={search_term_string}"},"query-input":{"@type":"PropertyValueSpecification","valueRequired":true,"valueName":"search_term_string"}}],"inLanguage":"en-US"},{"@type":"Organization","@id":"https:\/\/medytec.eu\/#organization","name":"MedYtec","url":"https:\/\/medytec.eu\/","logo":{"@type":"ImageObject","inLanguage":"en-US","@id":"https:\/\/medytec.eu\/#\/schema\/logo\/image\/","url":"https:\/\/medytec.eu\/wp-content\/uploads\/2020\/02\/logo-medytec.png","contentUrl":"https:\/\/medytec.eu\/wp-content\/uploads\/2020\/02\/logo-medytec.png","width":426,"height":147,"caption":"MedYtec"},"image":{"@id":"https:\/\/medytec.eu\/#\/schema\/logo\/image\/"}},{"@type":"Person","@id":"https:\/\/medytec.eu\/#\/schema\/person\/52643406ade6747ec29f0a5ca286f5fe","name":"okparfait","url":"https:\/\/medytec.eu\/en\/author\/e486db832ef7dcb5\/"}]}},"_links":{"self":[{"href":"https:\/\/medytec.eu\/en\/wp-json\/wp\/v2\/posts\/1435","targetHints":{"allow":["GET"]}}],"collection":[{"href":"https:\/\/medytec.eu\/en\/wp-json\/wp\/v2\/posts"}],"about":[{"href":"https:\/\/medytec.eu\/en\/wp-json\/wp\/v2\/types\/post"}],"author":[{"embeddable":true,"href":"https:\/\/medytec.eu\/en\/wp-json\/wp\/v2\/users\/4"}],"replies":[{"embeddable":true,"href":"https:\/\/medytec.eu\/en\/wp-json\/wp\/v2\/comments?post=1435"}],"version-history":[{"count":0,"href":"https:\/\/medytec.eu\/en\/wp-json\/wp\/v2\/posts\/1435\/revisions"}],"wp:featuredmedia":[{"embeddable":true,"href":"https:\/\/medytec.eu\/en\/wp-json\/wp\/v2\/media\/1440"}],"wp:attachment":[{"href":"https:\/\/medytec.eu\/en\/wp-json\/wp\/v2\/media?parent=1435"}],"wp:term":[{"taxonomy":"category","embeddable":true,"href":"https:\/\/medytec.eu\/en\/wp-json\/wp\/v2\/categories?post=1435"},{"taxonomy":"post_tag","embeddable":true,"href":"https:\/\/medytec.eu\/en\/wp-json\/wp\/v2\/tags?post=1435"}],"curies":[{"name":"wp","href":"https:\/\/api.w.org\/{rel}","templated":true}]}}